{"id":384451,"date":"2026-02-24T00:00:18","date_gmt":"2026-02-24T03:00:18","guid":{"rendered":"https:\/\/www.notibras.com\/site\/?p=384451"},"modified":"2026-02-24T07:34:10","modified_gmt":"2026-02-24T10:34:10","slug":"decisao-do-tj-mineiro-abre-precedente-perigoso","status":"publish","type":"post","link":"https:\/\/www.notibras.com\/site\/decisao-do-tj-mineiro-abre-precedente-perigoso\/","title":{"rendered":"Decis\u00e3o do TJ mineiro abre &#8220;precedente perigoso&#8221;"},"content":{"rendered":"<p>A absolvi\u00e7\u00e3o de um homem de 35 anos acusado de estuprar uma menina de 12 anos, em Minas Gerais, demonstra uma resist\u00eancia de parte do Poder Judici\u00e1rio em aplicar a legisla\u00e7\u00e3o federal. A opini\u00e3o \u00e9 do ex-secret\u00e1rio nacional dos Direitos da Crian\u00e7a e do Adolescente, o advogado Ariel de Castro Alves.<\/p>\n<p>\u201cImportante lembrar que esta n\u00e3o \u00e9 a primeira decis\u00e3o [judicial] desse tipo, no pa\u00eds\u201d, disse Alves ao ser entrevistado, nesta segunda-feira (23), no programa Revista Brasil, transmitido pela R\u00e1dio Nacional.<\/p>\n<p>Com d\u00e9cadas de atua\u00e7\u00e3o na promo\u00e7\u00e3o dos direitos humanos e membro da Comiss\u00e3o de Defesa dos Direitos da Crian\u00e7a e do Adolescente do Conselho Federal da Ordem dos Advogados do Brasil (OAB), Alves diz conhecer quase uma dezena de senten\u00e7as, inclusive do Supremo Tribunal Federal (STF) e do Superior Tribunal de Justi\u00e7a (STJ), que acabaram por absolver acusados de estupro de vulner\u00e1vel com a justificativa de que o ato praticado com crian\u00e7as menores de 14 anos de idade teria sido &#8220;consensual&#8221;.<\/p>\n<p>No Brasil, o C\u00f3digo Penal estabelece que a conjun\u00e7\u00e3o carnal ou a pr\u00e1tica de atos libidinosos com menores de 14 anos configura estupro de vulner\u00e1vel.<\/p>\n<p>O pr\u00f3prio STJ editou, em 2017, a S\u00famula 593 que estabelece ser irrelevante, nestas circunst\u00e2ncias, o \u201ceventual consentimento da v\u00edtima\u201d ou mesmo o fato dela ter algum tipo de relacionamento amoroso com o estuprador ou experi\u00eancia sexual anterior.<\/p>\n<p>\u201cMas h\u00e1 sim uma jurisprud\u00eancia [decis\u00f5es] que faz essa distin\u00e7\u00e3o, o que faz com que ju\u00edzes, de acordo com as peculiaridades do caso, do processo que est\u00e3o julgando, acabem n\u00e3o cumprindo a legisla\u00e7\u00e3o\u201d, disse Alves.<\/p>\n<p>O ex-secret\u00e1rio acrescenta que h\u00e1 casos em que os ju\u00edzes alegaram levar em conta o fato de que, al\u00e9m de um suposto envolvimento amoroso, o acusado tinha filhos com a jovem, e que, portanto, conden\u00e1-lo \u00e0 pris\u00e3o por um crime considerado hediondo seria punir tamb\u00e9m a crian\u00e7a.<\/p>\n<p>\u201c[Esses magistrados] entenderam por aplicar essa distin\u00e7\u00e3o, [considerando] serem casos peculiares, reconhecendo o [eventual] envolvimento amoroso, sexual, entre os acusados e as v\u00edtimas; levando em conta se houve a anu\u00eancia da fam\u00edlia e a forma\u00e7\u00e3o de um n\u00facleo familiar, pois, ent\u00e3o [para esses ju\u00edzes], n\u00e3o seria o caso de aplicar nenhuma puni\u00e7\u00e3o, exatamente para n\u00e3o prejudicar a crian\u00e7a.\u201d<\/p>\n<p>Segundo Alves, na maioria das vezes, estes casos envolvem jovens adultos e menores de idade, cuja diferen\u00e7a et\u00e1ria n\u00e3o \u00e9 t\u00e3o grande.<\/p>\n<p>\u201cMas claro que essas decis\u00f5es acabam gerando precedentes perigosos, pois acabam legitimando a pedofilia e gerando uma esp\u00e9cie de licen\u00e7a ou carta branca para o estupro de vulner\u00e1vel, para a viol\u00eancia sexual contra crian\u00e7as e adolescentes, que \u00e9 um dos problemas mais graves do Brasil\u201d, alertou Castro.<\/p>\n<p>O advogado citou dados do Instituto Brasileiro de Geografia e Estat\u00edstica (IBGE), segundo os quais h\u00e1 cerca de 34 mil crian\u00e7as e adolescentes entre dez e 14 anos de idade casados no Brasil, mesmo que tal pr\u00e1tica seja proibida para menores de 18 anos \u2013 salvo se emancipado, a partir dos 16 anos.<\/p>\n<p>\u201cMuitas casam para fugir da pobreza, com o est\u00edmulo dos pr\u00f3prios pais e respons\u00e1veis. E sabemos que isso vai perpetuar o ciclo de pobreza, o trabalho infantil, a viol\u00eancia dom\u00e9stica [&#8230;] Para n\u00e3o dizer que, a cada seis minutos, uma pessoa \u00e9 estuprada no Brasil e que 77% dessas v\u00edtimas s\u00e3o crian\u00e7as e adolescentes com menos de 14 anos de idade.\u201d<\/p>\n<p>Para o ex-secret\u00e1rio nacional, uma forma de combater essa pr\u00e1tica seria a realiza\u00e7\u00e3o de campanhas de conscientiza\u00e7\u00e3o e o debate do tema nas escolas, \u201cpara que crian\u00e7as e adolescentes que estejam sofrendo um abuso, uma viol\u00eancia, uma explora\u00e7\u00e3o\u201d compreendam a situa\u00e7\u00e3o e saibam como denunci\u00e1-la.<\/p>\n<p><strong>Entenda o caso<\/strong><br \/>\nEm novembro de 2025, a 1\u00aa Vara Criminal e da Inf\u00e2ncia e da Juventude da Comarca de Araguari condenou um homem de 35 anos de idade a nove anos e quatro meses de pris\u00e3o por viver maritalmente e ter rela\u00e7\u00f5es sexuais com uma menina que, na \u00e9poca do in\u00edcio do processo (2024) tinha 12 anos.<\/p>\n<p>Tr\u00eas meses ap\u00f3s a condena\u00e7\u00e3o, em fevereiro deste anos, a 9\u00aa C\u00e2mara Criminal do Tribunal de Justi\u00e7a de Minas Gerais (TJ-MG) o inocentou por entender que o r\u00e9u e a menina tinham v\u00ednculo afetivo consensual.<\/p>\n<p>A 9\u00aa C\u00e2mara tamb\u00e9m inocentou a m\u00e3e da menina, a quem a 1\u00aa Vara Criminal tinha condenado por coniv\u00eancia com o crime de estupro de vulner\u00e1vel, com base na den\u00fancia que o Minist\u00e9rio P\u00fablico de Minas Gerais apresentou em abril de 2024.<\/p>\n<p>De acordo com a decis\u00e3o do TJMG, o r\u00e9u e a menina viviam juntos, como um casal, na cidade de Indian\u00f3polis, no Tri\u00e2ngulo Mineiro, com a autoriza\u00e7\u00e3o da m\u00e3e da garota, que n\u00e3o se op\u00f4s a que ela abandonasse os estudos.<\/p>\n<p>O fato do homem ter passagens pela pol\u00edcia pelos crimes de homic\u00eddio e tr\u00e1fico de drogas tamb\u00e9m n\u00e3o pesou contra ele.<\/p>\n<p><strong>Consenso<\/strong><br \/>\nAo absolver os acusados, o desembargador relator Magid Nauef L\u00e1uar avaliou que &#8220;o relacionamento entre o acusado e a menor n\u00e3o decorreu de ato de viol\u00eancia, coa\u00e7\u00e3o, fraude ou constrangimento, mas sim de um v\u00ednculo afetivo consensual, com pr\u00e9via aquiesc\u00eancia dos genitores da v\u00edtima e vivenciado aos olhos de todos&#8221;.<\/p>\n<p>Ao se tornar p\u00fablica, nos \u00faltimos dias, a decis\u00e3o causou fortes rea\u00e7\u00f5es, mobilizando a opini\u00e3o p\u00fablica.<\/p>\n<p>Em nota, os minist\u00e9rios dos Direitos Humanos e da Cidadania e das Mulheres criticaram a senten\u00e7a da 9\u00aa C\u00e2mara Criminal, destacando que cabe ao Estado e \u00e0 sociedade zelar pelos direitos das crian\u00e7as, \u201cn\u00e3o sendo admiss\u00edvel que a anu\u00eancia familiar ou a autodeclara\u00e7\u00e3o de v\u00ednculo conjugal sejam usadas para relativizar viola\u00e7\u00f5es\u201d.<\/p>\n<p>No s\u00e1bado (21), o corregedor nacional de Justi\u00e7a, ministro Mauro Campbell, instaurou, por iniciativa pr\u00f3pria, um pedido de provid\u00eancias, determinando que o TJMG e o desembargador Magid Nauef L\u00e1uar prestem informa\u00e7\u00f5es sobre o caso no prazo de cinco dias.<\/p>\n<p>Por envolver uma menor de idade, o processo tramitar\u00e1 em segredo de justi\u00e7a.<\/p>\n","protected":false},"excerpt":{"rendered":"<p>A absolvi\u00e7\u00e3o de um homem de 35 anos acusado de estuprar uma menina de 12 anos, em Minas Gerais, demonstra uma resist\u00eancia de parte do Poder Judici\u00e1rio em aplicar a legisla\u00e7\u00e3o federal. A opini\u00e3o \u00e9 do ex-secret\u00e1rio nacional dos Direitos da Crian\u00e7a e do Adolescente, o advogado Ariel de Castro Alves. \u201cImportante lembrar que esta [&hellip;]<\/p>\n","protected":false},"author":2,"featured_media":384452,"comment_status":"closed","ping_status":"closed","sticky":false,"template":"","format":"standard","meta":{"_acf_changed":false,"footnotes":""},"categories":[16],"tags":[],"class_list":["post-384451","post","type-post","status-publish","format-standard","has-post-thumbnail","hentry","category-brasil"],"acf":[],"yoast_head":"<!-- This site is optimized with the Yoast SEO plugin v27.2 - https:\/\/yoast.com\/product\/yoast-seo-wordpress\/ -->\n<title>Decis\u00e3o do TJ mineiro abre &quot;precedente perigoso&quot; - Notibras<\/title>\n<meta name=\"robots\" content=\"index, follow, max-snippet:-1, max-image-preview:large, max-video-preview:-1\" \/>\n<link rel=\"canonical\" href=\"https:\/\/www.notibras.com\/site\/decisao-do-tj-mineiro-abre-precedente-perigoso\/\" \/>\n<meta property=\"og:locale\" content=\"pt_BR\" \/>\n<meta property=\"og:type\" content=\"article\" \/>\n<meta property=\"og:title\" content=\"Decis\u00e3o do TJ mineiro abre &quot;precedente perigoso&quot; - Notibras\" \/>\n<meta property=\"og:description\" content=\"A absolvi\u00e7\u00e3o de um homem de 35 anos acusado de estuprar uma menina de 12 anos, em Minas Gerais, demonstra uma resist\u00eancia de parte do Poder Judici\u00e1rio em aplicar a legisla\u00e7\u00e3o federal. A opini\u00e3o \u00e9 do ex-secret\u00e1rio nacional dos Direitos da Crian\u00e7a e do Adolescente, o advogado Ariel de Castro Alves. \u201cImportante lembrar que esta [&hellip;]\" \/>\n<meta property=\"og:url\" content=\"https:\/\/www.notibras.com\/site\/decisao-do-tj-mineiro-abre-precedente-perigoso\/\" \/>\n<meta property=\"og:site_name\" content=\"Notibras\" \/>\n<meta property=\"article:publisher\" content=\"https:\/\/www.facebook.com\/notibras\/\" \/>\n<meta property=\"article:published_time\" content=\"2026-02-24T03:00:18+00:00\" \/>\n<meta property=\"article:modified_time\" content=\"2026-02-24T10:34:10+00:00\" \/>\n<meta property=\"og:image\" content=\"https:\/\/www.notibras.com\/site\/wp-content\/uploads\/2026\/02\/rvrsaeditabr_200618113.webp\" \/>\n\t<meta property=\"og:image:width\" content=\"1170\" \/>\n\t<meta property=\"og:image:height\" content=\"700\" \/>\n\t<meta property=\"og:image:type\" content=\"image\/webp\" \/>\n<meta name=\"author\" content=\"Reda\u00e7\u00e3o\" \/>\n<meta name=\"twitter:card\" content=\"summary_large_image\" \/>\n<meta name=\"twitter:creator\" content=\"@Notibras\" \/>\n<meta name=\"twitter:site\" content=\"@Notibras\" \/>\n<meta name=\"twitter:label1\" content=\"Escrito por\" \/>\n\t<meta name=\"twitter:data1\" content=\"Reda\u00e7\u00e3o\" \/>\n\t<meta name=\"twitter:label2\" content=\"Est. tempo de leitura\" \/>\n\t<meta name=\"twitter:data2\" content=\"6 minutos\" \/>\n<script type=\"application\/ld+json\" class=\"yoast-schema-graph\">{\"@context\":\"https:\/\/schema.org\",\"@graph\":[{\"@type\":\"Article\",\"@id\":\"https:\/\/www.notibras.com\/site\/decisao-do-tj-mineiro-abre-precedente-perigoso\/#article\",\"isPartOf\":{\"@id\":\"https:\/\/www.notibras.com\/site\/decisao-do-tj-mineiro-abre-precedente-perigoso\/\"},\"author\":{\"name\":\"Reda\u00e7\u00e3o\",\"@id\":\"https:\/\/www.notibras.com\/site\/#\/schema\/person\/36ab0979449956132d3e5b517ea76ac8\"},\"headline\":\"Decis\u00e3o do TJ mineiro abre &#8220;precedente perigoso&#8221;\",\"datePublished\":\"2026-02-24T03:00:18+00:00\",\"dateModified\":\"2026-02-24T10:34:10+00:00\",\"mainEntityOfPage\":{\"@id\":\"https:\/\/www.notibras.com\/site\/decisao-do-tj-mineiro-abre-precedente-perigoso\/\"},\"wordCount\":1083,\"publisher\":{\"@id\":\"https:\/\/www.notibras.com\/site\/#organization\"},\"image\":{\"@id\":\"https:\/\/www.notibras.com\/site\/decisao-do-tj-mineiro-abre-precedente-perigoso\/#primaryimage\"},\"thumbnailUrl\":\"https:\/\/www.notibras.com\/site\/wp-content\/uploads\/2026\/02\/rvrsaeditabr_200618113.webp\",\"articleSection\":[\"Brasil\"],\"inLanguage\":\"pt-BR\"},{\"@type\":\"WebPage\",\"@id\":\"https:\/\/www.notibras.com\/site\/decisao-do-tj-mineiro-abre-precedente-perigoso\/\",\"url\":\"https:\/\/www.notibras.com\/site\/decisao-do-tj-mineiro-abre-precedente-perigoso\/\",\"name\":\"Decis\u00e3o do TJ mineiro abre \\\"precedente perigoso\\\" - Notibras\",\"isPartOf\":{\"@id\":\"https:\/\/www.notibras.com\/site\/#website\"},\"primaryImageOfPage\":{\"@id\":\"https:\/\/www.notibras.com\/site\/decisao-do-tj-mineiro-abre-precedente-perigoso\/#primaryimage\"},\"image\":{\"@id\":\"https:\/\/www.notibras.com\/site\/decisao-do-tj-mineiro-abre-precedente-perigoso\/#primaryimage\"},\"thumbnailUrl\":\"https:\/\/www.notibras.com\/site\/wp-content\/uploads\/2026\/02\/rvrsaeditabr_200618113.webp\",\"datePublished\":\"2026-02-24T03:00:18+00:00\",\"dateModified\":\"2026-02-24T10:34:10+00:00\",\"breadcrumb\":{\"@id\":\"https:\/\/www.notibras.com\/site\/decisao-do-tj-mineiro-abre-precedente-perigoso\/#breadcrumb\"},\"inLanguage\":\"pt-BR\",\"potentialAction\":[{\"@type\":\"ReadAction\",\"target\":[\"https:\/\/www.notibras.com\/site\/decisao-do-tj-mineiro-abre-precedente-perigoso\/\"]}]},{\"@type\":\"ImageObject\",\"inLanguage\":\"pt-BR\",\"@id\":\"https:\/\/www.notibras.com\/site\/decisao-do-tj-mineiro-abre-precedente-perigoso\/#primaryimage\",\"url\":\"https:\/\/www.notibras.com\/site\/wp-content\/uploads\/2026\/02\/rvrsaeditabr_200618113.webp\",\"contentUrl\":\"https:\/\/www.notibras.com\/site\/wp-content\/uploads\/2026\/02\/rvrsaeditabr_200618113.webp\",\"width\":1170,\"height\":700},{\"@type\":\"BreadcrumbList\",\"@id\":\"https:\/\/www.notibras.com\/site\/decisao-do-tj-mineiro-abre-precedente-perigoso\/#breadcrumb\",\"itemListElement\":[{\"@type\":\"ListItem\",\"position\":1,\"name\":\"In\u00edcio\",\"item\":\"https:\/\/www.notibras.com\/site\/\"},{\"@type\":\"ListItem\",\"position\":2,\"name\":\"Decis\u00e3o do TJ mineiro abre &#8220;precedente perigoso&#8221;\"}]},{\"@type\":\"WebSite\",\"@id\":\"https:\/\/www.notibras.com\/site\/#website\",\"url\":\"https:\/\/www.notibras.com\/site\/\",\"name\":\"Notibras\",\"description\":\"Not\u00edcias de Bras\u00edlia, do Brasil e do Mundo\",\"publisher\":{\"@id\":\"https:\/\/www.notibras.com\/site\/#organization\"},\"potentialAction\":[{\"@type\":\"SearchAction\",\"target\":{\"@type\":\"EntryPoint\",\"urlTemplate\":\"https:\/\/www.notibras.com\/site\/?s={search_term_string}\"},\"query-input\":{\"@type\":\"PropertyValueSpecification\",\"valueRequired\":true,\"valueName\":\"search_term_string\"}}],\"inLanguage\":\"pt-BR\"},{\"@type\":\"Organization\",\"@id\":\"https:\/\/www.notibras.com\/site\/#organization\",\"name\":\"Grupo Notibras de Comunica\u00e7\u00e3o\",\"url\":\"https:\/\/www.notibras.com\/site\/\",\"logo\":{\"@type\":\"ImageObject\",\"inLanguage\":\"pt-BR\",\"@id\":\"https:\/\/www.notibras.com\/site\/#\/schema\/logo\/image\/\",\"url\":\"https:\/\/www.notibras.com\/site\/wp-content\/uploads\/2023\/01\/notibras23.png\",\"contentUrl\":\"https:\/\/www.notibras.com\/site\/wp-content\/uploads\/2023\/01\/notibras23.png\",\"width\":350,\"height\":87,\"caption\":\"Grupo Notibras de Comunica\u00e7\u00e3o\"},\"image\":{\"@id\":\"https:\/\/www.notibras.com\/site\/#\/schema\/logo\/image\/\"},\"sameAs\":[\"https:\/\/www.facebook.com\/notibras\/\",\"https:\/\/x.com\/Notibras\",\"https:\/\/www.instagram.com\/notibras\/\"]},{\"@type\":\"Person\",\"@id\":\"https:\/\/www.notibras.com\/site\/#\/schema\/person\/36ab0979449956132d3e5b517ea76ac8\",\"name\":\"Reda\u00e7\u00e3o\",\"image\":{\"@type\":\"ImageObject\",\"inLanguage\":\"pt-BR\",\"@id\":\"https:\/\/secure.gravatar.com\/avatar\/e0a867bdedb85fd243eadf09663511f96fc81e0720a4a42581f334ad4303aa6b?s=96&d=mm&r=g\",\"url\":\"https:\/\/secure.gravatar.com\/avatar\/e0a867bdedb85fd243eadf09663511f96fc81e0720a4a42581f334ad4303aa6b?s=96&d=mm&r=g\",\"contentUrl\":\"https:\/\/secure.gravatar.com\/avatar\/e0a867bdedb85fd243eadf09663511f96fc81e0720a4a42581f334ad4303aa6b?s=96&d=mm&r=g\",\"caption\":\"Reda\u00e7\u00e3o\"}}]}<\/script>\n<!-- \/ Yoast SEO plugin. -->","yoast_head_json":{"title":"Decis\u00e3o do TJ mineiro abre \"precedente perigoso\" - Notibras","robots":{"index":"index","follow":"follow","max-snippet":"max-snippet:-1","max-image-preview":"max-image-preview:large","max-video-preview":"max-video-preview:-1"},"canonical":"https:\/\/www.notibras.com\/site\/decisao-do-tj-mineiro-abre-precedente-perigoso\/","og_locale":"pt_BR","og_type":"article","og_title":"Decis\u00e3o do TJ mineiro abre \"precedente perigoso\" - Notibras","og_description":"A absolvi\u00e7\u00e3o de um homem de 35 anos acusado de estuprar uma menina de 12 anos, em Minas Gerais, demonstra uma resist\u00eancia de parte do Poder Judici\u00e1rio em aplicar a legisla\u00e7\u00e3o federal. A opini\u00e3o \u00e9 do ex-secret\u00e1rio nacional dos Direitos da Crian\u00e7a e do Adolescente, o advogado Ariel de Castro Alves. \u201cImportante lembrar que esta [&hellip;]","og_url":"https:\/\/www.notibras.com\/site\/decisao-do-tj-mineiro-abre-precedente-perigoso\/","og_site_name":"Notibras","article_publisher":"https:\/\/www.facebook.com\/notibras\/","article_published_time":"2026-02-24T03:00:18+00:00","article_modified_time":"2026-02-24T10:34:10+00:00","og_image":[{"width":1170,"height":700,"url":"https:\/\/www.notibras.com\/site\/wp-content\/uploads\/2026\/02\/rvrsaeditabr_200618113.webp","type":"image\/webp"}],"author":"Reda\u00e7\u00e3o","twitter_card":"summary_large_image","twitter_creator":"@Notibras","twitter_site":"@Notibras","twitter_misc":{"Escrito por":"Reda\u00e7\u00e3o","Est. tempo de leitura":"6 minutos"},"schema":{"@context":"https:\/\/schema.org","@graph":[{"@type":"Article","@id":"https:\/\/www.notibras.com\/site\/decisao-do-tj-mineiro-abre-precedente-perigoso\/#article","isPartOf":{"@id":"https:\/\/www.notibras.com\/site\/decisao-do-tj-mineiro-abre-precedente-perigoso\/"},"author":{"name":"Reda\u00e7\u00e3o","@id":"https:\/\/www.notibras.com\/site\/#\/schema\/person\/36ab0979449956132d3e5b517ea76ac8"},"headline":"Decis\u00e3o do TJ mineiro abre &#8220;precedente perigoso&#8221;","datePublished":"2026-02-24T03:00:18+00:00","dateModified":"2026-02-24T10:34:10+00:00","mainEntityOfPage":{"@id":"https:\/\/www.notibras.com\/site\/decisao-do-tj-mineiro-abre-precedente-perigoso\/"},"wordCount":1083,"publisher":{"@id":"https:\/\/www.notibras.com\/site\/#organization"},"image":{"@id":"https:\/\/www.notibras.com\/site\/decisao-do-tj-mineiro-abre-precedente-perigoso\/#primaryimage"},"thumbnailUrl":"https:\/\/www.notibras.com\/site\/wp-content\/uploads\/2026\/02\/rvrsaeditabr_200618113.webp","articleSection":["Brasil"],"inLanguage":"pt-BR"},{"@type":"WebPage","@id":"https:\/\/www.notibras.com\/site\/decisao-do-tj-mineiro-abre-precedente-perigoso\/","url":"https:\/\/www.notibras.com\/site\/decisao-do-tj-mineiro-abre-precedente-perigoso\/","name":"Decis\u00e3o do TJ mineiro abre \"precedente perigoso\" - Notibras","isPartOf":{"@id":"https:\/\/www.notibras.com\/site\/#website"},"primaryImageOfPage":{"@id":"https:\/\/www.notibras.com\/site\/decisao-do-tj-mineiro-abre-precedente-perigoso\/#primaryimage"},"image":{"@id":"https:\/\/www.notibras.com\/site\/decisao-do-tj-mineiro-abre-precedente-perigoso\/#primaryimage"},"thumbnailUrl":"https:\/\/www.notibras.com\/site\/wp-content\/uploads\/2026\/02\/rvrsaeditabr_200618113.webp","datePublished":"2026-02-24T03:00:18+00:00","dateModified":"2026-02-24T10:34:10+00:00","breadcrumb":{"@id":"https:\/\/www.notibras.com\/site\/decisao-do-tj-mineiro-abre-precedente-perigoso\/#breadcrumb"},"inLanguage":"pt-BR","potentialAction":[{"@type":"ReadAction","target":["https:\/\/www.notibras.com\/site\/decisao-do-tj-mineiro-abre-precedente-perigoso\/"]}]},{"@type":"ImageObject","inLanguage":"pt-BR","@id":"https:\/\/www.notibras.com\/site\/decisao-do-tj-mineiro-abre-precedente-perigoso\/#primaryimage","url":"https:\/\/www.notibras.com\/site\/wp-content\/uploads\/2026\/02\/rvrsaeditabr_200618113.webp","contentUrl":"https:\/\/www.notibras.com\/site\/wp-content\/uploads\/2026\/02\/rvrsaeditabr_200618113.webp","width":1170,"height":700},{"@type":"BreadcrumbList","@id":"https:\/\/www.notibras.com\/site\/decisao-do-tj-mineiro-abre-precedente-perigoso\/#breadcrumb","itemListElement":[{"@type":"ListItem","position":1,"name":"In\u00edcio","item":"https:\/\/www.notibras.com\/site\/"},{"@type":"ListItem","position":2,"name":"Decis\u00e3o do TJ mineiro abre &#8220;precedente perigoso&#8221;"}]},{"@type":"WebSite","@id":"https:\/\/www.notibras.com\/site\/#website","url":"https:\/\/www.notibras.com\/site\/","name":"Notibras","description":"Not\u00edcias de Bras\u00edlia, do Brasil e do Mundo","publisher":{"@id":"https:\/\/www.notibras.com\/site\/#organization"},"potentialAction":[{"@type":"SearchAction","target":{"@type":"EntryPoint","urlTemplate":"https:\/\/www.notibras.com\/site\/?s={search_term_string}"},"query-input":{"@type":"PropertyValueSpecification","valueRequired":true,"valueName":"search_term_string"}}],"inLanguage":"pt-BR"},{"@type":"Organization","@id":"https:\/\/www.notibras.com\/site\/#organization","name":"Grupo Notibras de Comunica\u00e7\u00e3o","url":"https:\/\/www.notibras.com\/site\/","logo":{"@type":"ImageObject","inLanguage":"pt-BR","@id":"https:\/\/www.notibras.com\/site\/#\/schema\/logo\/image\/","url":"https:\/\/www.notibras.com\/site\/wp-content\/uploads\/2023\/01\/notibras23.png","contentUrl":"https:\/\/www.notibras.com\/site\/wp-content\/uploads\/2023\/01\/notibras23.png","width":350,"height":87,"caption":"Grupo Notibras de Comunica\u00e7\u00e3o"},"image":{"@id":"https:\/\/www.notibras.com\/site\/#\/schema\/logo\/image\/"},"sameAs":["https:\/\/www.facebook.com\/notibras\/","https:\/\/x.com\/Notibras","https:\/\/www.instagram.com\/notibras\/"]},{"@type":"Person","@id":"https:\/\/www.notibras.com\/site\/#\/schema\/person\/36ab0979449956132d3e5b517ea76ac8","name":"Reda\u00e7\u00e3o","image":{"@type":"ImageObject","inLanguage":"pt-BR","@id":"https:\/\/secure.gravatar.com\/avatar\/e0a867bdedb85fd243eadf09663511f96fc81e0720a4a42581f334ad4303aa6b?s=96&d=mm&r=g","url":"https:\/\/secure.gravatar.com\/avatar\/e0a867bdedb85fd243eadf09663511f96fc81e0720a4a42581f334ad4303aa6b?s=96&d=mm&r=g","contentUrl":"https:\/\/secure.gravatar.com\/avatar\/e0a867bdedb85fd243eadf09663511f96fc81e0720a4a42581f334ad4303aa6b?s=96&d=mm&r=g","caption":"Reda\u00e7\u00e3o"}}]}},"amp_enabled":true,"_links":{"self":[{"href":"https:\/\/www.notibras.com\/site\/wp-json\/wp\/v2\/posts\/384451","targetHints":{"allow":["GET"]}}],"collection":[{"href":"https:\/\/www.notibras.com\/site\/wp-json\/wp\/v2\/posts"}],"about":[{"href":"https:\/\/www.notibras.com\/site\/wp-json\/wp\/v2\/types\/post"}],"author":[{"embeddable":true,"href":"https:\/\/www.notibras.com\/site\/wp-json\/wp\/v2\/users\/2"}],"replies":[{"embeddable":true,"href":"https:\/\/www.notibras.com\/site\/wp-json\/wp\/v2\/comments?post=384451"}],"version-history":[{"count":1,"href":"https:\/\/www.notibras.com\/site\/wp-json\/wp\/v2\/posts\/384451\/revisions"}],"predecessor-version":[{"id":384453,"href":"https:\/\/www.notibras.com\/site\/wp-json\/wp\/v2\/posts\/384451\/revisions\/384453"}],"wp:featuredmedia":[{"embeddable":true,"href":"https:\/\/www.notibras.com\/site\/wp-json\/wp\/v2\/media\/384452"}],"wp:attachment":[{"href":"https:\/\/www.notibras.com\/site\/wp-json\/wp\/v2\/media?parent=384451"}],"wp:term":[{"taxonomy":"category","embeddable":true,"href":"https:\/\/www.notibras.com\/site\/wp-json\/wp\/v2\/categories?post=384451"},{"taxonomy":"post_tag","embeddable":true,"href":"https:\/\/www.notibras.com\/site\/wp-json\/wp\/v2\/tags?post=384451"}],"curies":[{"name":"wp","href":"https:\/\/api.w.org\/{rel}","templated":true}]}}