{"id":384564,"date":"2026-03-03T02:00:41","date_gmt":"2026-03-03T05:00:41","guid":{"rendered":"https:\/\/www.notibras.com\/site\/?p=384564"},"modified":"2026-02-25T00:49:56","modified_gmt":"2026-02-25T03:49:56","slug":"reflexao","status":"publish","type":"post","link":"https:\/\/www.notibras.com\/site\/reflexao\/","title":{"rendered":"Reflex\u00e3o"},"content":{"rendered":"<p>Muitas vezes a gente se pega a pensar em nada e, de repente, um turbilh\u00e3o de coisas come\u00e7a a desfilar por nossa mente. As vezes o que serve de gatilho para isso \u00e9 o som de uma buzina, o latido de um cachorro, o miado de um gato&#8230; ou mesmo uma pessoa cantarolando uma melodia. A nossa rea\u00e7\u00e3o aos sons a nossa volta \u00e9 imprevis\u00edvel&#8230; podemos ter uma sensa\u00e7\u00e3o de prazer em alguns casos e de f\u00faria em outros. Podemos passar do estado de calma e tranquilidade de um momento para o estado de nervosismo em outro. E as vezes o que causa isso \u00e9 uma simples brincadeira. Ningu\u00e9m vai brincar com outra pessoa se n\u00e3o tiver um m\u00ednimo de intimidade com esta. Mas, \u00e0s vezes, por motivos v\u00e1rios que nos foge da compreens\u00e3o, nossa brincadeira n\u00e3o \u00e9 bem aceita pela pessoa que nos \u00e9 querida. Se conseguimos identificar no momento tal situa\u00e7\u00e3o, paramos no ato, nos desculpamos e tudo volta a sua normalidade. O problema \u00e9 quando n\u00e3o percebemos o mal-estar que estamos causando, e ent\u00e3o a situa\u00e7\u00e3o pode se tornar irrevers\u00edvel, ao menos por algum tempo.<\/p>\n<p>Todos n\u00f3s temos nossos altos e baixos. Todos passamos por situa\u00e7\u00f5es em que gostar\u00edamos de simplesmente fechar os olhos e s\u00f3 reabri-los quando tudo tivesse sido resolvido a contento. Mas a vida n\u00e3o \u00e9 assim. Os problemas da vida existem, e cada um tem sua hist\u00f3ria e suas lutas para resolver. Os meus problemas sempre ser\u00e3o mais graves que os do meu semelhante, ao menos para mim. Pois eu os estou vivenciando. Por\u00e9m, muitas vezes, o problema da pessoa ao meu lado \u00e9 realmente mais grave que o meu, mas eu simplesmente n\u00e3o consigo perceber tal situa\u00e7\u00e3o, pois estou de tal forma envolvida com a minha situa\u00e7\u00e3o que n\u00e3o consigo ver nem sentir o desespero da pessoa ao meu lado. \u00c9, somos seletivos at\u00e9 mesmo na dor que carregamos ou percebemos.<\/p>\n<p>N\u00e3o \u00e9 que sejamos ego\u00edstas&#8230; quando paramos para pensar friamente nos acontecimentos do dia a dia, percebemos que deixamos de ser solid\u00e1rios com os nossos, mas algumas vezes esse sentimento nos chega muito tarde. Se for poss\u00edvel corrigir a nossa falha, que bom&#8230; mas nem sempre isso \u00e9 uma possibilidade. \u00c9 claro que, se tivermos um grau maior de amizade com a pessoa em quest\u00e3o, ela at\u00e9 pode nos perdoar&#8230; mas n\u00e3o devemos abusar, pois o Amor \u00e9 algo que deve ser cultivado com carinho e afei\u00e7\u00e3o&#8230; e se deixarmos de cultivar esse sentimento, uma hora a pessoa vai se cansar&#8230; n\u00e3o \u00e9 que ela v\u00e1 deixar de gostar de voc\u00ea, mas mesmo o Amor se cansa de perdoar, j\u00e1 dizia o poeta&#8230;<\/p>\n<p>Como eu disse, todos temos nossos problemas. Mas devemos sempre procurar ter o discernimento para pedirmos perd\u00e3o quando machucamos um ente querido. Temos sempre que estar atentos para n\u00e3o falharmos com aquelas pessoas que gostam de n\u00f3s&#8230;pois essas pessoas que nos abrem seu cora\u00e7\u00e3o e nos recebem sem reservas&#8230; bem, s\u00e3o raras as pessoas que se doam sem reservas em nossa vida&#8230;<\/p>\n","protected":false},"excerpt":{"rendered":"<p>Muitas vezes a gente se pega a pensar em nada e, de repente, um turbilh\u00e3o de coisas come\u00e7a a desfilar por nossa mente. As vezes o que serve de gatilho para isso \u00e9 o som de uma buzina, o latido de um cachorro, o miado de um gato&#8230; ou mesmo uma pessoa cantarolando uma melodia. [&hellip;]<\/p>\n","protected":false},"author":21,"featured_media":384565,"comment_status":"closed","ping_status":"closed","sticky":false,"template":"","format":"standard","meta":{"_acf_changed":false,"footnotes":""},"categories":[236],"tags":[],"class_list":["post-384564","post","type-post","status-publish","format-standard","has-post-thumbnail","hentry","category-ponto-de-vista"],"acf":[],"yoast_head":"<!-- This site is optimized with the Yoast SEO plugin v27.2 - https:\/\/yoast.com\/product\/yoast-seo-wordpress\/ -->\n<title>Reflex\u00e3o - Notibras<\/title>\n<meta name=\"robots\" content=\"index, follow, max-snippet:-1, max-image-preview:large, max-video-preview:-1\" \/>\n<link rel=\"canonical\" href=\"https:\/\/www.notibras.com\/site\/reflexao\/\" \/>\n<meta property=\"og:locale\" content=\"pt_BR\" \/>\n<meta property=\"og:type\" content=\"article\" \/>\n<meta property=\"og:title\" content=\"Reflex\u00e3o - Notibras\" \/>\n<meta property=\"og:description\" content=\"Muitas vezes a gente se pega a pensar em nada e, de repente, um turbilh\u00e3o de coisas come\u00e7a a desfilar por nossa mente. As vezes o que serve de gatilho para isso \u00e9 o som de uma buzina, o latido de um cachorro, o miado de um gato&#8230; ou mesmo uma pessoa cantarolando uma melodia. [&hellip;]\" \/>\n<meta property=\"og:url\" content=\"https:\/\/www.notibras.com\/site\/reflexao\/\" \/>\n<meta property=\"og:site_name\" content=\"Notibras\" \/>\n<meta property=\"article:publisher\" content=\"https:\/\/www.facebook.com\/notibras\/\" \/>\n<meta property=\"article:published_time\" content=\"2026-03-03T05:00:41+00:00\" \/>\n<meta property=\"og:image\" content=\"https:\/\/www.notibras.com\/site\/wp-content\/uploads\/2026\/02\/WhatsApp-Image-2026-02-25-at-00.35.02.jpeg\" \/>\n\t<meta property=\"og:image:width\" content=\"810\" \/>\n\t<meta property=\"og:image:height\" content=\"1440\" \/>\n\t<meta property=\"og:image:type\" content=\"image\/jpeg\" \/>\n<meta name=\"author\" content=\"Eduardo Mart\u00ednez\" \/>\n<meta name=\"twitter:card\" content=\"summary_large_image\" \/>\n<meta name=\"twitter:creator\" content=\"@Notibras\" \/>\n<meta name=\"twitter:site\" content=\"@Notibras\" \/>\n<meta name=\"twitter:label1\" content=\"Escrito por\" \/>\n\t<meta name=\"twitter:data1\" content=\"Eduardo Mart\u00ednez\" \/>\n\t<meta name=\"twitter:label2\" content=\"Est. tempo de leitura\" \/>\n\t<meta name=\"twitter:data2\" content=\"4 minutos\" \/>\n<script type=\"application\/ld+json\" class=\"yoast-schema-graph\">{\"@context\":\"https:\/\/schema.org\",\"@graph\":[{\"@type\":\"Article\",\"@id\":\"https:\/\/www.notibras.com\/site\/reflexao\/#article\",\"isPartOf\":{\"@id\":\"https:\/\/www.notibras.com\/site\/reflexao\/\"},\"author\":{\"name\":\"Eduardo Mart\u00ednez\",\"@id\":\"https:\/\/www.notibras.com\/site\/#\/schema\/person\/5b7fabf2aedc3ada2105f03b22b4d3dd\"},\"headline\":\"Reflex\u00e3o\",\"datePublished\":\"2026-03-03T05:00:41+00:00\",\"mainEntityOfPage\":{\"@id\":\"https:\/\/www.notibras.com\/site\/reflexao\/\"},\"wordCount\":534,\"publisher\":{\"@id\":\"https:\/\/www.notibras.com\/site\/#organization\"},\"image\":{\"@id\":\"https:\/\/www.notibras.com\/site\/reflexao\/#primaryimage\"},\"thumbnailUrl\":\"https:\/\/www.notibras.com\/site\/wp-content\/uploads\/2026\/02\/WhatsApp-Image-2026-02-25-at-00.35.02.jpeg\",\"articleSection\":[\"Ponto de Vista\"],\"inLanguage\":\"pt-BR\"},{\"@type\":\"WebPage\",\"@id\":\"https:\/\/www.notibras.com\/site\/reflexao\/\",\"url\":\"https:\/\/www.notibras.com\/site\/reflexao\/\",\"name\":\"Reflex\u00e3o - Notibras\",\"isPartOf\":{\"@id\":\"https:\/\/www.notibras.com\/site\/#website\"},\"primaryImageOfPage\":{\"@id\":\"https:\/\/www.notibras.com\/site\/reflexao\/#primaryimage\"},\"image\":{\"@id\":\"https:\/\/www.notibras.com\/site\/reflexao\/#primaryimage\"},\"thumbnailUrl\":\"https:\/\/www.notibras.com\/site\/wp-content\/uploads\/2026\/02\/WhatsApp-Image-2026-02-25-at-00.35.02.jpeg\",\"datePublished\":\"2026-03-03T05:00:41+00:00\",\"breadcrumb\":{\"@id\":\"https:\/\/www.notibras.com\/site\/reflexao\/#breadcrumb\"},\"inLanguage\":\"pt-BR\",\"potentialAction\":[{\"@type\":\"ReadAction\",\"target\":[\"https:\/\/www.notibras.com\/site\/reflexao\/\"]}]},{\"@type\":\"ImageObject\",\"inLanguage\":\"pt-BR\",\"@id\":\"https:\/\/www.notibras.com\/site\/reflexao\/#primaryimage\",\"url\":\"https:\/\/www.notibras.com\/site\/wp-content\/uploads\/2026\/02\/WhatsApp-Image-2026-02-25-at-00.35.02.jpeg\",\"contentUrl\":\"https:\/\/www.notibras.com\/site\/wp-content\/uploads\/2026\/02\/WhatsApp-Image-2026-02-25-at-00.35.02.jpeg\",\"width\":810,\"height\":1440},{\"@type\":\"BreadcrumbList\",\"@id\":\"https:\/\/www.notibras.com\/site\/reflexao\/#breadcrumb\",\"itemListElement\":[{\"@type\":\"ListItem\",\"position\":1,\"name\":\"In\u00edcio\",\"item\":\"https:\/\/www.notibras.com\/site\/\"},{\"@type\":\"ListItem\",\"position\":2,\"name\":\"Reflex\u00e3o\"}]},{\"@type\":\"WebSite\",\"@id\":\"https:\/\/www.notibras.com\/site\/#website\",\"url\":\"https:\/\/www.notibras.com\/site\/\",\"name\":\"Notibras\",\"description\":\"Not\u00edcias de Bras\u00edlia, do Brasil e do Mundo\",\"publisher\":{\"@id\":\"https:\/\/www.notibras.com\/site\/#organization\"},\"potentialAction\":[{\"@type\":\"SearchAction\",\"target\":{\"@type\":\"EntryPoint\",\"urlTemplate\":\"https:\/\/www.notibras.com\/site\/?s={search_term_string}\"},\"query-input\":{\"@type\":\"PropertyValueSpecification\",\"valueRequired\":true,\"valueName\":\"search_term_string\"}}],\"inLanguage\":\"pt-BR\"},{\"@type\":\"Organization\",\"@id\":\"https:\/\/www.notibras.com\/site\/#organization\",\"name\":\"Grupo Notibras de Comunica\u00e7\u00e3o\",\"url\":\"https:\/\/www.notibras.com\/site\/\",\"logo\":{\"@type\":\"ImageObject\",\"inLanguage\":\"pt-BR\",\"@id\":\"https:\/\/www.notibras.com\/site\/#\/schema\/logo\/image\/\",\"url\":\"https:\/\/www.notibras.com\/site\/wp-content\/uploads\/2023\/01\/notibras23.png\",\"contentUrl\":\"https:\/\/www.notibras.com\/site\/wp-content\/uploads\/2023\/01\/notibras23.png\",\"width\":350,\"height\":87,\"caption\":\"Grupo Notibras de Comunica\u00e7\u00e3o\"},\"image\":{\"@id\":\"https:\/\/www.notibras.com\/site\/#\/schema\/logo\/image\/\"},\"sameAs\":[\"https:\/\/www.facebook.com\/notibras\/\",\"https:\/\/x.com\/Notibras\",\"https:\/\/www.instagram.com\/notibras\/\"]},{\"@type\":\"Person\",\"@id\":\"https:\/\/www.notibras.com\/site\/#\/schema\/person\/5b7fabf2aedc3ada2105f03b22b4d3dd\",\"name\":\"Eduardo Mart\u00ednez\",\"image\":{\"@type\":\"ImageObject\",\"inLanguage\":\"pt-BR\",\"@id\":\"https:\/\/secure.gravatar.com\/avatar\/7902f906289926289cbcda644b5197c796b893c6ffd7b9a536a42d290f7704a0?s=96&d=mm&r=g\",\"url\":\"https:\/\/secure.gravatar.com\/avatar\/7902f906289926289cbcda644b5197c796b893c6ffd7b9a536a42d290f7704a0?s=96&d=mm&r=g\",\"contentUrl\":\"https:\/\/secure.gravatar.com\/avatar\/7902f906289926289cbcda644b5197c796b893c6ffd7b9a536a42d290f7704a0?s=96&d=mm&r=g\",\"caption\":\"Eduardo Mart\u00ednez\"}}]}<\/script>\n<!-- \/ Yoast SEO plugin. -->","yoast_head_json":{"title":"Reflex\u00e3o - Notibras","robots":{"index":"index","follow":"follow","max-snippet":"max-snippet:-1","max-image-preview":"max-image-preview:large","max-video-preview":"max-video-preview:-1"},"canonical":"https:\/\/www.notibras.com\/site\/reflexao\/","og_locale":"pt_BR","og_type":"article","og_title":"Reflex\u00e3o - Notibras","og_description":"Muitas vezes a gente se pega a pensar em nada e, de repente, um turbilh\u00e3o de coisas come\u00e7a a desfilar por nossa mente. As vezes o que serve de gatilho para isso \u00e9 o som de uma buzina, o latido de um cachorro, o miado de um gato&#8230; ou mesmo uma pessoa cantarolando uma melodia. [&hellip;]","og_url":"https:\/\/www.notibras.com\/site\/reflexao\/","og_site_name":"Notibras","article_publisher":"https:\/\/www.facebook.com\/notibras\/","article_published_time":"2026-03-03T05:00:41+00:00","og_image":[{"width":810,"height":1440,"url":"https:\/\/www.notibras.com\/site\/wp-content\/uploads\/2026\/02\/WhatsApp-Image-2026-02-25-at-00.35.02.jpeg","type":"image\/jpeg"}],"author":"Eduardo Mart\u00ednez","twitter_card":"summary_large_image","twitter_creator":"@Notibras","twitter_site":"@Notibras","twitter_misc":{"Escrito por":"Eduardo Mart\u00ednez","Est. tempo de leitura":"4 minutos"},"schema":{"@context":"https:\/\/schema.org","@graph":[{"@type":"Article","@id":"https:\/\/www.notibras.com\/site\/reflexao\/#article","isPartOf":{"@id":"https:\/\/www.notibras.com\/site\/reflexao\/"},"author":{"name":"Eduardo Mart\u00ednez","@id":"https:\/\/www.notibras.com\/site\/#\/schema\/person\/5b7fabf2aedc3ada2105f03b22b4d3dd"},"headline":"Reflex\u00e3o","datePublished":"2026-03-03T05:00:41+00:00","mainEntityOfPage":{"@id":"https:\/\/www.notibras.com\/site\/reflexao\/"},"wordCount":534,"publisher":{"@id":"https:\/\/www.notibras.com\/site\/#organization"},"image":{"@id":"https:\/\/www.notibras.com\/site\/reflexao\/#primaryimage"},"thumbnailUrl":"https:\/\/www.notibras.com\/site\/wp-content\/uploads\/2026\/02\/WhatsApp-Image-2026-02-25-at-00.35.02.jpeg","articleSection":["Ponto de Vista"],"inLanguage":"pt-BR"},{"@type":"WebPage","@id":"https:\/\/www.notibras.com\/site\/reflexao\/","url":"https:\/\/www.notibras.com\/site\/reflexao\/","name":"Reflex\u00e3o - Notibras","isPartOf":{"@id":"https:\/\/www.notibras.com\/site\/#website"},"primaryImageOfPage":{"@id":"https:\/\/www.notibras.com\/site\/reflexao\/#primaryimage"},"image":{"@id":"https:\/\/www.notibras.com\/site\/reflexao\/#primaryimage"},"thumbnailUrl":"https:\/\/www.notibras.com\/site\/wp-content\/uploads\/2026\/02\/WhatsApp-Image-2026-02-25-at-00.35.02.jpeg","datePublished":"2026-03-03T05:00:41+00:00","breadcrumb":{"@id":"https:\/\/www.notibras.com\/site\/reflexao\/#breadcrumb"},"inLanguage":"pt-BR","potentialAction":[{"@type":"ReadAction","target":["https:\/\/www.notibras.com\/site\/reflexao\/"]}]},{"@type":"ImageObject","inLanguage":"pt-BR","@id":"https:\/\/www.notibras.com\/site\/reflexao\/#primaryimage","url":"https:\/\/www.notibras.com\/site\/wp-content\/uploads\/2026\/02\/WhatsApp-Image-2026-02-25-at-00.35.02.jpeg","contentUrl":"https:\/\/www.notibras.com\/site\/wp-content\/uploads\/2026\/02\/WhatsApp-Image-2026-02-25-at-00.35.02.jpeg","width":810,"height":1440},{"@type":"BreadcrumbList","@id":"https:\/\/www.notibras.com\/site\/reflexao\/#breadcrumb","itemListElement":[{"@type":"ListItem","position":1,"name":"In\u00edcio","item":"https:\/\/www.notibras.com\/site\/"},{"@type":"ListItem","position":2,"name":"Reflex\u00e3o"}]},{"@type":"WebSite","@id":"https:\/\/www.notibras.com\/site\/#website","url":"https:\/\/www.notibras.com\/site\/","name":"Notibras","description":"Not\u00edcias de Bras\u00edlia, do Brasil e do Mundo","publisher":{"@id":"https:\/\/www.notibras.com\/site\/#organization"},"potentialAction":[{"@type":"SearchAction","target":{"@type":"EntryPoint","urlTemplate":"https:\/\/www.notibras.com\/site\/?s={search_term_string}"},"query-input":{"@type":"PropertyValueSpecification","valueRequired":true,"valueName":"search_term_string"}}],"inLanguage":"pt-BR"},{"@type":"Organization","@id":"https:\/\/www.notibras.com\/site\/#organization","name":"Grupo Notibras de Comunica\u00e7\u00e3o","url":"https:\/\/www.notibras.com\/site\/","logo":{"@type":"ImageObject","inLanguage":"pt-BR","@id":"https:\/\/www.notibras.com\/site\/#\/schema\/logo\/image\/","url":"https:\/\/www.notibras.com\/site\/wp-content\/uploads\/2023\/01\/notibras23.png","contentUrl":"https:\/\/www.notibras.com\/site\/wp-content\/uploads\/2023\/01\/notibras23.png","width":350,"height":87,"caption":"Grupo Notibras de Comunica\u00e7\u00e3o"},"image":{"@id":"https:\/\/www.notibras.com\/site\/#\/schema\/logo\/image\/"},"sameAs":["https:\/\/www.facebook.com\/notibras\/","https:\/\/x.com\/Notibras","https:\/\/www.instagram.com\/notibras\/"]},{"@type":"Person","@id":"https:\/\/www.notibras.com\/site\/#\/schema\/person\/5b7fabf2aedc3ada2105f03b22b4d3dd","name":"Eduardo Mart\u00ednez","image":{"@type":"ImageObject","inLanguage":"pt-BR","@id":"https:\/\/secure.gravatar.com\/avatar\/7902f906289926289cbcda644b5197c796b893c6ffd7b9a536a42d290f7704a0?s=96&d=mm&r=g","url":"https:\/\/secure.gravatar.com\/avatar\/7902f906289926289cbcda644b5197c796b893c6ffd7b9a536a42d290f7704a0?s=96&d=mm&r=g","contentUrl":"https:\/\/secure.gravatar.com\/avatar\/7902f906289926289cbcda644b5197c796b893c6ffd7b9a536a42d290f7704a0?s=96&d=mm&r=g","caption":"Eduardo Mart\u00ednez"}}]}},"amp_enabled":true,"_links":{"self":[{"href":"https:\/\/www.notibras.com\/site\/wp-json\/wp\/v2\/posts\/384564","targetHints":{"allow":["GET"]}}],"collection":[{"href":"https:\/\/www.notibras.com\/site\/wp-json\/wp\/v2\/posts"}],"about":[{"href":"https:\/\/www.notibras.com\/site\/wp-json\/wp\/v2\/types\/post"}],"author":[{"embeddable":true,"href":"https:\/\/www.notibras.com\/site\/wp-json\/wp\/v2\/users\/21"}],"replies":[{"embeddable":true,"href":"https:\/\/www.notibras.com\/site\/wp-json\/wp\/v2\/comments?post=384564"}],"version-history":[{"count":2,"href":"https:\/\/www.notibras.com\/site\/wp-json\/wp\/v2\/posts\/384564\/revisions"}],"predecessor-version":[{"id":384567,"href":"https:\/\/www.notibras.com\/site\/wp-json\/wp\/v2\/posts\/384564\/revisions\/384567"}],"wp:featuredmedia":[{"embeddable":true,"href":"https:\/\/www.notibras.com\/site\/wp-json\/wp\/v2\/media\/384565"}],"wp:attachment":[{"href":"https:\/\/www.notibras.com\/site\/wp-json\/wp\/v2\/media?parent=384564"}],"wp:term":[{"taxonomy":"category","embeddable":true,"href":"https:\/\/www.notibras.com\/site\/wp-json\/wp\/v2\/categories?post=384564"},{"taxonomy":"post_tag","embeddable":true,"href":"https:\/\/www.notibras.com\/site\/wp-json\/wp\/v2\/tags?post=384564"}],"curies":[{"name":"wp","href":"https:\/\/api.w.org\/{rel}","templated":true}]}}