{"id":384590,"date":"2026-02-25T00:00:03","date_gmt":"2026-02-25T03:00:03","guid":{"rendered":"https:\/\/www.notibras.com\/site\/?p=384590"},"modified":"2026-02-25T07:45:10","modified_gmt":"2026-02-25T10:45:10","slug":"numero-de-mortes-provocadas-pelas-chuvas-chega-a-30","status":"publish","type":"post","link":"https:\/\/www.notibras.com\/site\/numero-de-mortes-provocadas-pelas-chuvas-chega-a-30\/","title":{"rendered":"N\u00famero de mortes provocadas pelas chuvas chega a 30"},"content":{"rendered":"<p>O Corpo de Bombeiros de Minas Gerais informou na noite desta ter\u00e7a-feira (24) que o n\u00famero de mortos nas enchentes e nos deslizamentos causados pelas chuvas em Juiz de Fora e em Ub\u00e1, em Minas Gerais, subiu para 30.<\/p>\n<p>Segundo a corpora\u00e7\u00e3o, 39 pessoas est\u00e3o desaparecidas e foram resgatadas 208 com vida.<\/p>\n<p>Ao todo, 134 militares trabalham nos resgates nos munic\u00edpios.<\/p>\n<p>De acordo com dados do Instituto Nacional de Meteorologia (Inmet), a partir de quarta-feira (25), o avan\u00e7o de uma nova frente fria poder\u00e1 provocar mais chuvas intensas, inicialmente na Zona da Mata e Sul\/Sudoeste de Minas.<\/p>\n<p>Diante do solo j\u00e1 encharcado, a recomenda\u00e7\u00e3o do instituto \u00e9 aten\u00e7\u00e3o redobrada para risco de alagamentos, enxurradas e deslizamentos, especialmente em \u00e1reas vulner\u00e1veis.<\/p>\n","protected":false},"excerpt":{"rendered":"<p>O Corpo de Bombeiros de Minas Gerais informou na noite desta ter\u00e7a-feira (24) que o n\u00famero de mortos nas enchentes e nos deslizamentos causados pelas chuvas em Juiz de Fora e em Ub\u00e1, em Minas Gerais, subiu para 30. Segundo a corpora\u00e7\u00e3o, 39 pessoas est\u00e3o desaparecidas e foram resgatadas 208 com vida. Ao todo, 134 [&hellip;]<\/p>\n","protected":false},"author":2,"featured_media":384591,"comment_status":"closed","ping_status":"closed","sticky":false,"template":"","format":"standard","meta":{"_acf_changed":false,"footnotes":""},"categories":[16],"tags":[],"class_list":["post-384590","post","type-post","status-publish","format-standard","has-post-thumbnail","hentry","category-brasil"],"acf":[],"yoast_head":"<!-- This site is optimized with the Yoast SEO plugin v27.2 - https:\/\/yoast.com\/product\/yoast-seo-wordpress\/ -->\n<title>N\u00famero de mortes provocadas pelas chuvas chega a 30 - Notibras<\/title>\n<meta name=\"robots\" content=\"index, follow, max-snippet:-1, max-image-preview:large, max-video-preview:-1\" \/>\n<link rel=\"canonical\" href=\"https:\/\/www.notibras.com\/site\/numero-de-mortes-provocadas-pelas-chuvas-chega-a-30\/\" \/>\n<meta property=\"og:locale\" content=\"pt_BR\" \/>\n<meta property=\"og:type\" content=\"article\" \/>\n<meta property=\"og:title\" content=\"N\u00famero de mortes provocadas pelas chuvas chega a 30 - Notibras\" \/>\n<meta property=\"og:description\" content=\"O Corpo de Bombeiros de Minas Gerais informou na noite desta ter\u00e7a-feira (24) que o n\u00famero de mortos nas enchentes e nos deslizamentos causados pelas chuvas em Juiz de Fora e em Ub\u00e1, em Minas Gerais, subiu para 30. Segundo a corpora\u00e7\u00e3o, 39 pessoas est\u00e3o desaparecidas e foram resgatadas 208 com vida. Ao todo, 134 [&hellip;]\" \/>\n<meta property=\"og:url\" content=\"https:\/\/www.notibras.com\/site\/numero-de-mortes-provocadas-pelas-chuvas-chega-a-30\/\" \/>\n<meta property=\"og:site_name\" content=\"Notibras\" \/>\n<meta property=\"article:publisher\" content=\"https:\/\/www.facebook.com\/notibras\/\" \/>\n<meta property=\"article:published_time\" content=\"2026-02-25T03:00:03+00:00\" \/>\n<meta property=\"article:modified_time\" content=\"2026-02-25T10:45:10+00:00\" \/>\n<meta property=\"og:image\" content=\"https:\/\/www.notibras.com\/site\/wp-content\/uploads\/2026\/02\/rbr0946.jpg_0.webp\" \/>\n\t<meta property=\"og:image:width\" content=\"1170\" \/>\n\t<meta property=\"og:image:height\" content=\"700\" \/>\n\t<meta property=\"og:image:type\" content=\"image\/webp\" \/>\n<meta name=\"author\" content=\"Reda\u00e7\u00e3o\" \/>\n<meta name=\"twitter:card\" content=\"summary_large_image\" \/>\n<meta name=\"twitter:creator\" content=\"@Notibras\" \/>\n<meta name=\"twitter:site\" content=\"@Notibras\" \/>\n<meta name=\"twitter:label1\" content=\"Escrito por\" \/>\n\t<meta name=\"twitter:data1\" content=\"Reda\u00e7\u00e3o\" \/>\n\t<meta name=\"twitter:label2\" content=\"Est. tempo de leitura\" \/>\n\t<meta name=\"twitter:data2\" content=\"1 minuto\" \/>\n<script type=\"application\/ld+json\" class=\"yoast-schema-graph\">{\"@context\":\"https:\/\/schema.org\",\"@graph\":[{\"@type\":\"Article\",\"@id\":\"https:\/\/www.notibras.com\/site\/numero-de-mortes-provocadas-pelas-chuvas-chega-a-30\/#article\",\"isPartOf\":{\"@id\":\"https:\/\/www.notibras.com\/site\/numero-de-mortes-provocadas-pelas-chuvas-chega-a-30\/\"},\"author\":{\"name\":\"Reda\u00e7\u00e3o\",\"@id\":\"https:\/\/www.notibras.com\/site\/#\/schema\/person\/36ab0979449956132d3e5b517ea76ac8\"},\"headline\":\"N\u00famero de mortes provocadas pelas chuvas chega a 30\",\"datePublished\":\"2026-02-25T03:00:03+00:00\",\"dateModified\":\"2026-02-25T10:45:10+00:00\",\"mainEntityOfPage\":{\"@id\":\"https:\/\/www.notibras.com\/site\/numero-de-mortes-provocadas-pelas-chuvas-chega-a-30\/\"},\"wordCount\":132,\"publisher\":{\"@id\":\"https:\/\/www.notibras.com\/site\/#organization\"},\"image\":{\"@id\":\"https:\/\/www.notibras.com\/site\/numero-de-mortes-provocadas-pelas-chuvas-chega-a-30\/#primaryimage\"},\"thumbnailUrl\":\"https:\/\/www.notibras.com\/site\/wp-content\/uploads\/2026\/02\/rbr0946.jpg_0.webp\",\"articleSection\":[\"Brasil\"],\"inLanguage\":\"pt-BR\"},{\"@type\":\"WebPage\",\"@id\":\"https:\/\/www.notibras.com\/site\/numero-de-mortes-provocadas-pelas-chuvas-chega-a-30\/\",\"url\":\"https:\/\/www.notibras.com\/site\/numero-de-mortes-provocadas-pelas-chuvas-chega-a-30\/\",\"name\":\"N\u00famero de mortes provocadas pelas chuvas chega a 30 - Notibras\",\"isPartOf\":{\"@id\":\"https:\/\/www.notibras.com\/site\/#website\"},\"primaryImageOfPage\":{\"@id\":\"https:\/\/www.notibras.com\/site\/numero-de-mortes-provocadas-pelas-chuvas-chega-a-30\/#primaryimage\"},\"image\":{\"@id\":\"https:\/\/www.notibras.com\/site\/numero-de-mortes-provocadas-pelas-chuvas-chega-a-30\/#primaryimage\"},\"thumbnailUrl\":\"https:\/\/www.notibras.com\/site\/wp-content\/uploads\/2026\/02\/rbr0946.jpg_0.webp\",\"datePublished\":\"2026-02-25T03:00:03+00:00\",\"dateModified\":\"2026-02-25T10:45:10+00:00\",\"breadcrumb\":{\"@id\":\"https:\/\/www.notibras.com\/site\/numero-de-mortes-provocadas-pelas-chuvas-chega-a-30\/#breadcrumb\"},\"inLanguage\":\"pt-BR\",\"potentialAction\":[{\"@type\":\"ReadAction\",\"target\":[\"https:\/\/www.notibras.com\/site\/numero-de-mortes-provocadas-pelas-chuvas-chega-a-30\/\"]}]},{\"@type\":\"ImageObject\",\"inLanguage\":\"pt-BR\",\"@id\":\"https:\/\/www.notibras.com\/site\/numero-de-mortes-provocadas-pelas-chuvas-chega-a-30\/#primaryimage\",\"url\":\"https:\/\/www.notibras.com\/site\/wp-content\/uploads\/2026\/02\/rbr0946.jpg_0.webp\",\"contentUrl\":\"https:\/\/www.notibras.com\/site\/wp-content\/uploads\/2026\/02\/rbr0946.jpg_0.webp\",\"width\":1170,\"height\":700},{\"@type\":\"BreadcrumbList\",\"@id\":\"https:\/\/www.notibras.com\/site\/numero-de-mortes-provocadas-pelas-chuvas-chega-a-30\/#breadcrumb\",\"itemListElement\":[{\"@type\":\"ListItem\",\"position\":1,\"name\":\"In\u00edcio\",\"item\":\"https:\/\/www.notibras.com\/site\/\"},{\"@type\":\"ListItem\",\"position\":2,\"name\":\"N\u00famero de mortes provocadas pelas chuvas chega a 30\"}]},{\"@type\":\"WebSite\",\"@id\":\"https:\/\/www.notibras.com\/site\/#website\",\"url\":\"https:\/\/www.notibras.com\/site\/\",\"name\":\"Notibras\",\"description\":\"Not\u00edcias de Bras\u00edlia, do Brasil e do Mundo\",\"publisher\":{\"@id\":\"https:\/\/www.notibras.com\/site\/#organization\"},\"potentialAction\":[{\"@type\":\"SearchAction\",\"target\":{\"@type\":\"EntryPoint\",\"urlTemplate\":\"https:\/\/www.notibras.com\/site\/?s={search_term_string}\"},\"query-input\":{\"@type\":\"PropertyValueSpecification\",\"valueRequired\":true,\"valueName\":\"search_term_string\"}}],\"inLanguage\":\"pt-BR\"},{\"@type\":\"Organization\",\"@id\":\"https:\/\/www.notibras.com\/site\/#organization\",\"name\":\"Grupo Notibras de Comunica\u00e7\u00e3o\",\"url\":\"https:\/\/www.notibras.com\/site\/\",\"logo\":{\"@type\":\"ImageObject\",\"inLanguage\":\"pt-BR\",\"@id\":\"https:\/\/www.notibras.com\/site\/#\/schema\/logo\/image\/\",\"url\":\"https:\/\/www.notibras.com\/site\/wp-content\/uploads\/2023\/01\/notibras23.png\",\"contentUrl\":\"https:\/\/www.notibras.com\/site\/wp-content\/uploads\/2023\/01\/notibras23.png\",\"width\":350,\"height\":87,\"caption\":\"Grupo Notibras de Comunica\u00e7\u00e3o\"},\"image\":{\"@id\":\"https:\/\/www.notibras.com\/site\/#\/schema\/logo\/image\/\"},\"sameAs\":[\"https:\/\/www.facebook.com\/notibras\/\",\"https:\/\/x.com\/Notibras\",\"https:\/\/www.instagram.com\/notibras\/\"]},{\"@type\":\"Person\",\"@id\":\"https:\/\/www.notibras.com\/site\/#\/schema\/person\/36ab0979449956132d3e5b517ea76ac8\",\"name\":\"Reda\u00e7\u00e3o\",\"image\":{\"@type\":\"ImageObject\",\"inLanguage\":\"pt-BR\",\"@id\":\"https:\/\/secure.gravatar.com\/avatar\/e0a867bdedb85fd243eadf09663511f96fc81e0720a4a42581f334ad4303aa6b?s=96&d=mm&r=g\",\"url\":\"https:\/\/secure.gravatar.com\/avatar\/e0a867bdedb85fd243eadf09663511f96fc81e0720a4a42581f334ad4303aa6b?s=96&d=mm&r=g\",\"contentUrl\":\"https:\/\/secure.gravatar.com\/avatar\/e0a867bdedb85fd243eadf09663511f96fc81e0720a4a42581f334ad4303aa6b?s=96&d=mm&r=g\",\"caption\":\"Reda\u00e7\u00e3o\"}}]}<\/script>\n<!-- \/ Yoast SEO plugin. -->","yoast_head_json":{"title":"N\u00famero de mortes provocadas pelas chuvas chega a 30 - Notibras","robots":{"index":"index","follow":"follow","max-snippet":"max-snippet:-1","max-image-preview":"max-image-preview:large","max-video-preview":"max-video-preview:-1"},"canonical":"https:\/\/www.notibras.com\/site\/numero-de-mortes-provocadas-pelas-chuvas-chega-a-30\/","og_locale":"pt_BR","og_type":"article","og_title":"N\u00famero de mortes provocadas pelas chuvas chega a 30 - Notibras","og_description":"O Corpo de Bombeiros de Minas Gerais informou na noite desta ter\u00e7a-feira (24) que o n\u00famero de mortos nas enchentes e nos deslizamentos causados pelas chuvas em Juiz de Fora e em Ub\u00e1, em Minas Gerais, subiu para 30. Segundo a corpora\u00e7\u00e3o, 39 pessoas est\u00e3o desaparecidas e foram resgatadas 208 com vida. Ao todo, 134 [&hellip;]","og_url":"https:\/\/www.notibras.com\/site\/numero-de-mortes-provocadas-pelas-chuvas-chega-a-30\/","og_site_name":"Notibras","article_publisher":"https:\/\/www.facebook.com\/notibras\/","article_published_time":"2026-02-25T03:00:03+00:00","article_modified_time":"2026-02-25T10:45:10+00:00","og_image":[{"width":1170,"height":700,"url":"https:\/\/www.notibras.com\/site\/wp-content\/uploads\/2026\/02\/rbr0946.jpg_0.webp","type":"image\/webp"}],"author":"Reda\u00e7\u00e3o","twitter_card":"summary_large_image","twitter_creator":"@Notibras","twitter_site":"@Notibras","twitter_misc":{"Escrito por":"Reda\u00e7\u00e3o","Est. tempo de leitura":"1 minuto"},"schema":{"@context":"https:\/\/schema.org","@graph":[{"@type":"Article","@id":"https:\/\/www.notibras.com\/site\/numero-de-mortes-provocadas-pelas-chuvas-chega-a-30\/#article","isPartOf":{"@id":"https:\/\/www.notibras.com\/site\/numero-de-mortes-provocadas-pelas-chuvas-chega-a-30\/"},"author":{"name":"Reda\u00e7\u00e3o","@id":"https:\/\/www.notibras.com\/site\/#\/schema\/person\/36ab0979449956132d3e5b517ea76ac8"},"headline":"N\u00famero de mortes provocadas pelas chuvas chega a 30","datePublished":"2026-02-25T03:00:03+00:00","dateModified":"2026-02-25T10:45:10+00:00","mainEntityOfPage":{"@id":"https:\/\/www.notibras.com\/site\/numero-de-mortes-provocadas-pelas-chuvas-chega-a-30\/"},"wordCount":132,"publisher":{"@id":"https:\/\/www.notibras.com\/site\/#organization"},"image":{"@id":"https:\/\/www.notibras.com\/site\/numero-de-mortes-provocadas-pelas-chuvas-chega-a-30\/#primaryimage"},"thumbnailUrl":"https:\/\/www.notibras.com\/site\/wp-content\/uploads\/2026\/02\/rbr0946.jpg_0.webp","articleSection":["Brasil"],"inLanguage":"pt-BR"},{"@type":"WebPage","@id":"https:\/\/www.notibras.com\/site\/numero-de-mortes-provocadas-pelas-chuvas-chega-a-30\/","url":"https:\/\/www.notibras.com\/site\/numero-de-mortes-provocadas-pelas-chuvas-chega-a-30\/","name":"N\u00famero de mortes provocadas pelas chuvas chega a 30 - Notibras","isPartOf":{"@id":"https:\/\/www.notibras.com\/site\/#website"},"primaryImageOfPage":{"@id":"https:\/\/www.notibras.com\/site\/numero-de-mortes-provocadas-pelas-chuvas-chega-a-30\/#primaryimage"},"image":{"@id":"https:\/\/www.notibras.com\/site\/numero-de-mortes-provocadas-pelas-chuvas-chega-a-30\/#primaryimage"},"thumbnailUrl":"https:\/\/www.notibras.com\/site\/wp-content\/uploads\/2026\/02\/rbr0946.jpg_0.webp","datePublished":"2026-02-25T03:00:03+00:00","dateModified":"2026-02-25T10:45:10+00:00","breadcrumb":{"@id":"https:\/\/www.notibras.com\/site\/numero-de-mortes-provocadas-pelas-chuvas-chega-a-30\/#breadcrumb"},"inLanguage":"pt-BR","potentialAction":[{"@type":"ReadAction","target":["https:\/\/www.notibras.com\/site\/numero-de-mortes-provocadas-pelas-chuvas-chega-a-30\/"]}]},{"@type":"ImageObject","inLanguage":"pt-BR","@id":"https:\/\/www.notibras.com\/site\/numero-de-mortes-provocadas-pelas-chuvas-chega-a-30\/#primaryimage","url":"https:\/\/www.notibras.com\/site\/wp-content\/uploads\/2026\/02\/rbr0946.jpg_0.webp","contentUrl":"https:\/\/www.notibras.com\/site\/wp-content\/uploads\/2026\/02\/rbr0946.jpg_0.webp","width":1170,"height":700},{"@type":"BreadcrumbList","@id":"https:\/\/www.notibras.com\/site\/numero-de-mortes-provocadas-pelas-chuvas-chega-a-30\/#breadcrumb","itemListElement":[{"@type":"ListItem","position":1,"name":"In\u00edcio","item":"https:\/\/www.notibras.com\/site\/"},{"@type":"ListItem","position":2,"name":"N\u00famero de mortes provocadas pelas chuvas chega a 30"}]},{"@type":"WebSite","@id":"https:\/\/www.notibras.com\/site\/#website","url":"https:\/\/www.notibras.com\/site\/","name":"Notibras","description":"Not\u00edcias de Bras\u00edlia, do Brasil e do Mundo","publisher":{"@id":"https:\/\/www.notibras.com\/site\/#organization"},"potentialAction":[{"@type":"SearchAction","target":{"@type":"EntryPoint","urlTemplate":"https:\/\/www.notibras.com\/site\/?s={search_term_string}"},"query-input":{"@type":"PropertyValueSpecification","valueRequired":true,"valueName":"search_term_string"}}],"inLanguage":"pt-BR"},{"@type":"Organization","@id":"https:\/\/www.notibras.com\/site\/#organization","name":"Grupo Notibras de Comunica\u00e7\u00e3o","url":"https:\/\/www.notibras.com\/site\/","logo":{"@type":"ImageObject","inLanguage":"pt-BR","@id":"https:\/\/www.notibras.com\/site\/#\/schema\/logo\/image\/","url":"https:\/\/www.notibras.com\/site\/wp-content\/uploads\/2023\/01\/notibras23.png","contentUrl":"https:\/\/www.notibras.com\/site\/wp-content\/uploads\/2023\/01\/notibras23.png","width":350,"height":87,"caption":"Grupo Notibras de Comunica\u00e7\u00e3o"},"image":{"@id":"https:\/\/www.notibras.com\/site\/#\/schema\/logo\/image\/"},"sameAs":["https:\/\/www.facebook.com\/notibras\/","https:\/\/x.com\/Notibras","https:\/\/www.instagram.com\/notibras\/"]},{"@type":"Person","@id":"https:\/\/www.notibras.com\/site\/#\/schema\/person\/36ab0979449956132d3e5b517ea76ac8","name":"Reda\u00e7\u00e3o","image":{"@type":"ImageObject","inLanguage":"pt-BR","@id":"https:\/\/secure.gravatar.com\/avatar\/e0a867bdedb85fd243eadf09663511f96fc81e0720a4a42581f334ad4303aa6b?s=96&d=mm&r=g","url":"https:\/\/secure.gravatar.com\/avatar\/e0a867bdedb85fd243eadf09663511f96fc81e0720a4a42581f334ad4303aa6b?s=96&d=mm&r=g","contentUrl":"https:\/\/secure.gravatar.com\/avatar\/e0a867bdedb85fd243eadf09663511f96fc81e0720a4a42581f334ad4303aa6b?s=96&d=mm&r=g","caption":"Reda\u00e7\u00e3o"}}]}},"amp_enabled":true,"_links":{"self":[{"href":"https:\/\/www.notibras.com\/site\/wp-json\/wp\/v2\/posts\/384590","targetHints":{"allow":["GET"]}}],"collection":[{"href":"https:\/\/www.notibras.com\/site\/wp-json\/wp\/v2\/posts"}],"about":[{"href":"https:\/\/www.notibras.com\/site\/wp-json\/wp\/v2\/types\/post"}],"author":[{"embeddable":true,"href":"https:\/\/www.notibras.com\/site\/wp-json\/wp\/v2\/users\/2"}],"replies":[{"embeddable":true,"href":"https:\/\/www.notibras.com\/site\/wp-json\/wp\/v2\/comments?post=384590"}],"version-history":[{"count":1,"href":"https:\/\/www.notibras.com\/site\/wp-json\/wp\/v2\/posts\/384590\/revisions"}],"predecessor-version":[{"id":384592,"href":"https:\/\/www.notibras.com\/site\/wp-json\/wp\/v2\/posts\/384590\/revisions\/384592"}],"wp:featuredmedia":[{"embeddable":true,"href":"https:\/\/www.notibras.com\/site\/wp-json\/wp\/v2\/media\/384591"}],"wp:attachment":[{"href":"https:\/\/www.notibras.com\/site\/wp-json\/wp\/v2\/media?parent=384590"}],"wp:term":[{"taxonomy":"category","embeddable":true,"href":"https:\/\/www.notibras.com\/site\/wp-json\/wp\/v2\/categories?post=384590"},{"taxonomy":"post_tag","embeddable":true,"href":"https:\/\/www.notibras.com\/site\/wp-json\/wp\/v2\/tags?post=384590"}],"curies":[{"name":"wp","href":"https:\/\/api.w.org\/{rel}","templated":true}]}}