{"id":384691,"date":"2026-02-27T00:30:41","date_gmt":"2026-02-27T03:30:41","guid":{"rendered":"https:\/\/www.notibras.com\/site\/?p=384691"},"modified":"2026-02-26T01:57:33","modified_gmt":"2026-02-26T04:57:33","slug":"o-homem-que-nao-sabia-nadar","status":"publish","type":"post","link":"https:\/\/www.notibras.com\/site\/o-homem-que-nao-sabia-nadar\/","title":{"rendered":"O homem que n\u00e3o sabia nadar"},"content":{"rendered":"<p>&#8220;Chove chuva \/ Chove sem parar&#8230;&#8221;<br \/>\n(CHOVE CHUVA, de Jorge Benjor, artista brasileiro)<\/p>\n<p>1.<br \/>\nSaiu de casa por falta d\u00b4\u00e1gua. Jamais voltou ap\u00f3s o temporal. Apesar de acreditar em meteorologia, o homem n\u00e3o pegou nem o guarda-chuva e nem as botas de pl\u00e1stico. Tamb\u00e9m n\u00e3o lembrou que n\u00e3o sabia nadar. Morreu afogado no bueiro da esquina.<\/p>\n<p>2.<br \/>\nValia tudo: esportes, variedades, economia, hor\u00f3scopo, quadrinhos, coluna social e at\u00e9 pol\u00edtica. Tudo!&#8230;tudo menos as not\u00edcias sobre enchentes, vendavais e maremotos. Mas, porque o homem n\u00e3o estava de guarda-chuva? Nem mesmo uma capa, uma boia talvez? \u00c9 inadmiss\u00edvel a insanidade de sair de casa em meio a um dil\u00favio sem nenhuma prote\u00e7\u00e3o. A vida n\u00e3o respeita desleixos. &#8220;O anjo da morte est\u00e1 com a espada sempre pronta para a justi\u00e7a dos c\u00e9us&#8221;, lera em um almanaque pego na farm\u00e1cia do Mendes. Tudo ou nada, n\u00e3o o mais ou o menos. Naquela \u00e9poca, o homem tinha verdadeira compuls\u00e3o por not\u00edcias nas redes sociais. Mas como esquecer aquelas perguntas:<\/p>\n<p>&#8220;E se n\u00e3o estourara nenhuma adutora&#8221;?&#8230; &#8220;E se n\u00e3o rompera nenhum tubo de interliga\u00e7\u00e3o com esse lado esquecido da cidade?&#8230; &#8220;E se n\u00e3o houvera nenhum an\u00fancio -mesmo que fake- explodindo no celular\/palma da m\u00e3o?&#8230; &#8220;E se n\u00e3o bastara a solid\u00e3o de estar ilhado na pr\u00f3pria casa por anos e anos naquela espera hipn\u00f3tica?&#8221;<\/p>\n<p>Compuls\u00e3o por not\u00edcias nas redes sociais e fissura pelo insepar\u00e1vel celular smartphone sempre nas m\u00e3os ou dependurado no pesco\u00e7o.<\/p>\n<p>3.<br \/>\n\u2013 Podes sair, imprest\u00e1vel! Afinal, chegou o dia de enfrentares a rua. \u2013 gritaria a mulher, ap\u00f3s vinte e um anos de casados no civil e no religioso.<\/p>\n<p>\u2013 S\u00f3 tenho pai pra isso mesmo! Pra ficar trancado no quartinho de cima com o celular na m\u00e3o fissurado em not\u00edcia e besteiras na internet&#8230;cara porco&#8230;nem banho toma h\u00e1 meses&#8230;abre a\u00ed pai!-, gritaria o filho \u00fanico, ap\u00f3s vinte e um minutos de fortes pancadas na porta intranspon\u00edvel do s\u00f3t\u00e3o. O homem pendurou o celular no pesco\u00e7o e levantou do vaso sanit\u00e1rio decidido. Era o sinal decisivo.<\/p>\n<p>4.<br \/>\nEncontrou o molho de chaves e, tr\u00eamulo, escolheu aquela que me levaria ao imponder\u00e1vel. Naquela \u00e9poca, como j\u00e1 informei, ele tinha verdadeira compuls\u00e3o por not\u00edcias na internet, mas tamb\u00e9m horror por hist\u00f3rias de n\u00e1ufragos, ilhados e afogados. Apesar de tudo, a compuls\u00e3o por hist\u00f3rias e desejo de aprender a nadar o lan\u00e7ariam rumo ao mergulho final. Abriu a porta e encarou a rua e o vendaval.<\/p>\n<p>5.<br \/>\nNo final do dia encontraram o o corpo do homem com o celular pendurado no pesco\u00e7o. Abriram e a mensagem ainda estava l\u00e1 em seu WhatsApp:<\/p>\n<p>&#8220;Minha eterna gratid\u00e3o \u00e0quele bombeiro que retirou meu corpo das \u00e1guas libertadoras, pois ele ser\u00e1 um c\u00famplice fiel de meu banho final h\u00e1 vinte e um anos interrompido&#8221;.<\/p>\n<p>Como j\u00e1 \u00e9 de conhecimento geral, naquela \u00e9poca, o homem que n\u00e3o sabia nadar tinha verdadeira compuls\u00e3o por not\u00edcias nas redes sociais. Na manh\u00e3 seguinte, emplacaria em todas as m\u00eddias virtuais com a fake news recordista de likes na www. Hoje, j\u00e1 n\u00e3o tem compuls\u00f5es por quase nada.<\/p>\n<p><strong>&#8230;&#8230;&#8230;&#8230;&#8230;&#8230;&#8230;&#8230;..<\/strong><\/p>\n<p><strong>Gilberto Motta \u00e9 escritor, jornalista, professor\/pesquisador e cobriu as enchentes de Blumenau\/Vale do Itaja\u00ed SC em 1983\/84; e sobreviveu. Vive na Guarda do Emba\u00fa, vilazinha de pescadores no litoral de SC.<\/strong><\/p>\n","protected":false},"excerpt":{"rendered":"<p>&#8220;Chove chuva \/ Chove sem parar&#8230;&#8221; (CHOVE CHUVA, de Jorge Benjor, artista brasileiro) 1. Saiu de casa por falta d\u00b4\u00e1gua. Jamais voltou ap\u00f3s o temporal. Apesar de acreditar em meteorologia, o homem n\u00e3o pegou nem o guarda-chuva e nem as botas de pl\u00e1stico. Tamb\u00e9m n\u00e3o lembrou que n\u00e3o sabia nadar. Morreu afogado no bueiro da [&hellip;]<\/p>\n","protected":false},"author":21,"featured_media":384692,"comment_status":"closed","ping_status":"closed","sticky":false,"template":"","format":"standard","meta":{"_acf_changed":false,"footnotes":""},"categories":[234],"tags":[],"class_list":["post-384691","post","type-post","status-publish","format-standard","has-post-thumbnail","hentry","category-cafe-literario"],"acf":[],"yoast_head":"<!-- This site is optimized with the Yoast SEO plugin v27.2 - https:\/\/yoast.com\/product\/yoast-seo-wordpress\/ -->\n<title>O homem que n\u00e3o sabia nadar - Notibras<\/title>\n<meta name=\"robots\" content=\"index, follow, max-snippet:-1, max-image-preview:large, max-video-preview:-1\" \/>\n<link rel=\"canonical\" href=\"https:\/\/www.notibras.com\/site\/o-homem-que-nao-sabia-nadar\/\" \/>\n<meta property=\"og:locale\" content=\"pt_BR\" \/>\n<meta property=\"og:type\" content=\"article\" \/>\n<meta property=\"og:title\" content=\"O homem que n\u00e3o sabia nadar - Notibras\" \/>\n<meta property=\"og:description\" content=\"&#8220;Chove chuva \/ Chove sem parar&#8230;&#8221; (CHOVE CHUVA, de Jorge Benjor, artista brasileiro) 1. Saiu de casa por falta d\u00b4\u00e1gua. Jamais voltou ap\u00f3s o temporal. Apesar de acreditar em meteorologia, o homem n\u00e3o pegou nem o guarda-chuva e nem as botas de pl\u00e1stico. Tamb\u00e9m n\u00e3o lembrou que n\u00e3o sabia nadar. Morreu afogado no bueiro da [&hellip;]\" \/>\n<meta property=\"og:url\" content=\"https:\/\/www.notibras.com\/site\/o-homem-que-nao-sabia-nadar\/\" \/>\n<meta property=\"og:site_name\" content=\"Notibras\" \/>\n<meta property=\"article:publisher\" content=\"https:\/\/www.facebook.com\/notibras\/\" \/>\n<meta property=\"article:published_time\" content=\"2026-02-27T03:30:41+00:00\" \/>\n<meta property=\"og:image\" content=\"https:\/\/www.notibras.com\/site\/wp-content\/uploads\/2026\/02\/image-41.png\" \/>\n\t<meta property=\"og:image:width\" content=\"681\" \/>\n\t<meta property=\"og:image:height\" content=\"450\" \/>\n\t<meta property=\"og:image:type\" content=\"image\/png\" \/>\n<meta name=\"author\" content=\"Eduardo Mart\u00ednez\" \/>\n<meta name=\"twitter:card\" content=\"summary_large_image\" \/>\n<meta name=\"twitter:creator\" content=\"@Notibras\" \/>\n<meta name=\"twitter:site\" content=\"@Notibras\" \/>\n<meta name=\"twitter:label1\" content=\"Escrito por\" \/>\n\t<meta name=\"twitter:data1\" content=\"Eduardo Mart\u00ednez\" \/>\n\t<meta name=\"twitter:label2\" content=\"Est. tempo de leitura\" \/>\n\t<meta name=\"twitter:data2\" content=\"4 minutos\" \/>\n<script type=\"application\/ld+json\" class=\"yoast-schema-graph\">{\"@context\":\"https:\/\/schema.org\",\"@graph\":[{\"@type\":\"Article\",\"@id\":\"https:\/\/www.notibras.com\/site\/o-homem-que-nao-sabia-nadar\/#article\",\"isPartOf\":{\"@id\":\"https:\/\/www.notibras.com\/site\/o-homem-que-nao-sabia-nadar\/\"},\"author\":{\"name\":\"Eduardo Mart\u00ednez\",\"@id\":\"https:\/\/www.notibras.com\/site\/#\/schema\/person\/5b7fabf2aedc3ada2105f03b22b4d3dd\"},\"headline\":\"O homem que n\u00e3o sabia nadar\",\"datePublished\":\"2026-02-27T03:30:41+00:00\",\"mainEntityOfPage\":{\"@id\":\"https:\/\/www.notibras.com\/site\/o-homem-que-nao-sabia-nadar\/\"},\"wordCount\":600,\"publisher\":{\"@id\":\"https:\/\/www.notibras.com\/site\/#organization\"},\"image\":{\"@id\":\"https:\/\/www.notibras.com\/site\/o-homem-que-nao-sabia-nadar\/#primaryimage\"},\"thumbnailUrl\":\"https:\/\/www.notibras.com\/site\/wp-content\/uploads\/2026\/02\/image-41.png\",\"articleSection\":[\"Caf\u00e9 Liter\u00e1rio\"],\"inLanguage\":\"pt-BR\"},{\"@type\":\"WebPage\",\"@id\":\"https:\/\/www.notibras.com\/site\/o-homem-que-nao-sabia-nadar\/\",\"url\":\"https:\/\/www.notibras.com\/site\/o-homem-que-nao-sabia-nadar\/\",\"name\":\"O homem que n\u00e3o sabia nadar - Notibras\",\"isPartOf\":{\"@id\":\"https:\/\/www.notibras.com\/site\/#website\"},\"primaryImageOfPage\":{\"@id\":\"https:\/\/www.notibras.com\/site\/o-homem-que-nao-sabia-nadar\/#primaryimage\"},\"image\":{\"@id\":\"https:\/\/www.notibras.com\/site\/o-homem-que-nao-sabia-nadar\/#primaryimage\"},\"thumbnailUrl\":\"https:\/\/www.notibras.com\/site\/wp-content\/uploads\/2026\/02\/image-41.png\",\"datePublished\":\"2026-02-27T03:30:41+00:00\",\"breadcrumb\":{\"@id\":\"https:\/\/www.notibras.com\/site\/o-homem-que-nao-sabia-nadar\/#breadcrumb\"},\"inLanguage\":\"pt-BR\",\"potentialAction\":[{\"@type\":\"ReadAction\",\"target\":[\"https:\/\/www.notibras.com\/site\/o-homem-que-nao-sabia-nadar\/\"]}]},{\"@type\":\"ImageObject\",\"inLanguage\":\"pt-BR\",\"@id\":\"https:\/\/www.notibras.com\/site\/o-homem-que-nao-sabia-nadar\/#primaryimage\",\"url\":\"https:\/\/www.notibras.com\/site\/wp-content\/uploads\/2026\/02\/image-41.png\",\"contentUrl\":\"https:\/\/www.notibras.com\/site\/wp-content\/uploads\/2026\/02\/image-41.png\",\"width\":681,\"height\":450},{\"@type\":\"BreadcrumbList\",\"@id\":\"https:\/\/www.notibras.com\/site\/o-homem-que-nao-sabia-nadar\/#breadcrumb\",\"itemListElement\":[{\"@type\":\"ListItem\",\"position\":1,\"name\":\"In\u00edcio\",\"item\":\"https:\/\/www.notibras.com\/site\/\"},{\"@type\":\"ListItem\",\"position\":2,\"name\":\"O homem que n\u00e3o sabia nadar\"}]},{\"@type\":\"WebSite\",\"@id\":\"https:\/\/www.notibras.com\/site\/#website\",\"url\":\"https:\/\/www.notibras.com\/site\/\",\"name\":\"Notibras\",\"description\":\"Not\u00edcias de Bras\u00edlia, do Brasil e do Mundo\",\"publisher\":{\"@id\":\"https:\/\/www.notibras.com\/site\/#organization\"},\"potentialAction\":[{\"@type\":\"SearchAction\",\"target\":{\"@type\":\"EntryPoint\",\"urlTemplate\":\"https:\/\/www.notibras.com\/site\/?s={search_term_string}\"},\"query-input\":{\"@type\":\"PropertyValueSpecification\",\"valueRequired\":true,\"valueName\":\"search_term_string\"}}],\"inLanguage\":\"pt-BR\"},{\"@type\":\"Organization\",\"@id\":\"https:\/\/www.notibras.com\/site\/#organization\",\"name\":\"Grupo Notibras de Comunica\u00e7\u00e3o\",\"url\":\"https:\/\/www.notibras.com\/site\/\",\"logo\":{\"@type\":\"ImageObject\",\"inLanguage\":\"pt-BR\",\"@id\":\"https:\/\/www.notibras.com\/site\/#\/schema\/logo\/image\/\",\"url\":\"https:\/\/www.notibras.com\/site\/wp-content\/uploads\/2023\/01\/notibras23.png\",\"contentUrl\":\"https:\/\/www.notibras.com\/site\/wp-content\/uploads\/2023\/01\/notibras23.png\",\"width\":350,\"height\":87,\"caption\":\"Grupo Notibras de Comunica\u00e7\u00e3o\"},\"image\":{\"@id\":\"https:\/\/www.notibras.com\/site\/#\/schema\/logo\/image\/\"},\"sameAs\":[\"https:\/\/www.facebook.com\/notibras\/\",\"https:\/\/x.com\/Notibras\",\"https:\/\/www.instagram.com\/notibras\/\"]},{\"@type\":\"Person\",\"@id\":\"https:\/\/www.notibras.com\/site\/#\/schema\/person\/5b7fabf2aedc3ada2105f03b22b4d3dd\",\"name\":\"Eduardo Mart\u00ednez\",\"image\":{\"@type\":\"ImageObject\",\"inLanguage\":\"pt-BR\",\"@id\":\"https:\/\/secure.gravatar.com\/avatar\/7902f906289926289cbcda644b5197c796b893c6ffd7b9a536a42d290f7704a0?s=96&d=mm&r=g\",\"url\":\"https:\/\/secure.gravatar.com\/avatar\/7902f906289926289cbcda644b5197c796b893c6ffd7b9a536a42d290f7704a0?s=96&d=mm&r=g\",\"contentUrl\":\"https:\/\/secure.gravatar.com\/avatar\/7902f906289926289cbcda644b5197c796b893c6ffd7b9a536a42d290f7704a0?s=96&d=mm&r=g\",\"caption\":\"Eduardo Mart\u00ednez\"}}]}<\/script>\n<!-- \/ Yoast SEO plugin. -->","yoast_head_json":{"title":"O homem que n\u00e3o sabia nadar - Notibras","robots":{"index":"index","follow":"follow","max-snippet":"max-snippet:-1","max-image-preview":"max-image-preview:large","max-video-preview":"max-video-preview:-1"},"canonical":"https:\/\/www.notibras.com\/site\/o-homem-que-nao-sabia-nadar\/","og_locale":"pt_BR","og_type":"article","og_title":"O homem que n\u00e3o sabia nadar - Notibras","og_description":"&#8220;Chove chuva \/ Chove sem parar&#8230;&#8221; (CHOVE CHUVA, de Jorge Benjor, artista brasileiro) 1. Saiu de casa por falta d\u00b4\u00e1gua. Jamais voltou ap\u00f3s o temporal. Apesar de acreditar em meteorologia, o homem n\u00e3o pegou nem o guarda-chuva e nem as botas de pl\u00e1stico. Tamb\u00e9m n\u00e3o lembrou que n\u00e3o sabia nadar. Morreu afogado no bueiro da [&hellip;]","og_url":"https:\/\/www.notibras.com\/site\/o-homem-que-nao-sabia-nadar\/","og_site_name":"Notibras","article_publisher":"https:\/\/www.facebook.com\/notibras\/","article_published_time":"2026-02-27T03:30:41+00:00","og_image":[{"width":681,"height":450,"url":"https:\/\/www.notibras.com\/site\/wp-content\/uploads\/2026\/02\/image-41.png","type":"image\/png"}],"author":"Eduardo Mart\u00ednez","twitter_card":"summary_large_image","twitter_creator":"@Notibras","twitter_site":"@Notibras","twitter_misc":{"Escrito por":"Eduardo Mart\u00ednez","Est. tempo de leitura":"4 minutos"},"schema":{"@context":"https:\/\/schema.org","@graph":[{"@type":"Article","@id":"https:\/\/www.notibras.com\/site\/o-homem-que-nao-sabia-nadar\/#article","isPartOf":{"@id":"https:\/\/www.notibras.com\/site\/o-homem-que-nao-sabia-nadar\/"},"author":{"name":"Eduardo Mart\u00ednez","@id":"https:\/\/www.notibras.com\/site\/#\/schema\/person\/5b7fabf2aedc3ada2105f03b22b4d3dd"},"headline":"O homem que n\u00e3o sabia nadar","datePublished":"2026-02-27T03:30:41+00:00","mainEntityOfPage":{"@id":"https:\/\/www.notibras.com\/site\/o-homem-que-nao-sabia-nadar\/"},"wordCount":600,"publisher":{"@id":"https:\/\/www.notibras.com\/site\/#organization"},"image":{"@id":"https:\/\/www.notibras.com\/site\/o-homem-que-nao-sabia-nadar\/#primaryimage"},"thumbnailUrl":"https:\/\/www.notibras.com\/site\/wp-content\/uploads\/2026\/02\/image-41.png","articleSection":["Caf\u00e9 Liter\u00e1rio"],"inLanguage":"pt-BR"},{"@type":"WebPage","@id":"https:\/\/www.notibras.com\/site\/o-homem-que-nao-sabia-nadar\/","url":"https:\/\/www.notibras.com\/site\/o-homem-que-nao-sabia-nadar\/","name":"O homem que n\u00e3o sabia nadar - Notibras","isPartOf":{"@id":"https:\/\/www.notibras.com\/site\/#website"},"primaryImageOfPage":{"@id":"https:\/\/www.notibras.com\/site\/o-homem-que-nao-sabia-nadar\/#primaryimage"},"image":{"@id":"https:\/\/www.notibras.com\/site\/o-homem-que-nao-sabia-nadar\/#primaryimage"},"thumbnailUrl":"https:\/\/www.notibras.com\/site\/wp-content\/uploads\/2026\/02\/image-41.png","datePublished":"2026-02-27T03:30:41+00:00","breadcrumb":{"@id":"https:\/\/www.notibras.com\/site\/o-homem-que-nao-sabia-nadar\/#breadcrumb"},"inLanguage":"pt-BR","potentialAction":[{"@type":"ReadAction","target":["https:\/\/www.notibras.com\/site\/o-homem-que-nao-sabia-nadar\/"]}]},{"@type":"ImageObject","inLanguage":"pt-BR","@id":"https:\/\/www.notibras.com\/site\/o-homem-que-nao-sabia-nadar\/#primaryimage","url":"https:\/\/www.notibras.com\/site\/wp-content\/uploads\/2026\/02\/image-41.png","contentUrl":"https:\/\/www.notibras.com\/site\/wp-content\/uploads\/2026\/02\/image-41.png","width":681,"height":450},{"@type":"BreadcrumbList","@id":"https:\/\/www.notibras.com\/site\/o-homem-que-nao-sabia-nadar\/#breadcrumb","itemListElement":[{"@type":"ListItem","position":1,"name":"In\u00edcio","item":"https:\/\/www.notibras.com\/site\/"},{"@type":"ListItem","position":2,"name":"O homem que n\u00e3o sabia nadar"}]},{"@type":"WebSite","@id":"https:\/\/www.notibras.com\/site\/#website","url":"https:\/\/www.notibras.com\/site\/","name":"Notibras","description":"Not\u00edcias de Bras\u00edlia, do Brasil e do Mundo","publisher":{"@id":"https:\/\/www.notibras.com\/site\/#organization"},"potentialAction":[{"@type":"SearchAction","target":{"@type":"EntryPoint","urlTemplate":"https:\/\/www.notibras.com\/site\/?s={search_term_string}"},"query-input":{"@type":"PropertyValueSpecification","valueRequired":true,"valueName":"search_term_string"}}],"inLanguage":"pt-BR"},{"@type":"Organization","@id":"https:\/\/www.notibras.com\/site\/#organization","name":"Grupo Notibras de Comunica\u00e7\u00e3o","url":"https:\/\/www.notibras.com\/site\/","logo":{"@type":"ImageObject","inLanguage":"pt-BR","@id":"https:\/\/www.notibras.com\/site\/#\/schema\/logo\/image\/","url":"https:\/\/www.notibras.com\/site\/wp-content\/uploads\/2023\/01\/notibras23.png","contentUrl":"https:\/\/www.notibras.com\/site\/wp-content\/uploads\/2023\/01\/notibras23.png","width":350,"height":87,"caption":"Grupo Notibras de Comunica\u00e7\u00e3o"},"image":{"@id":"https:\/\/www.notibras.com\/site\/#\/schema\/logo\/image\/"},"sameAs":["https:\/\/www.facebook.com\/notibras\/","https:\/\/x.com\/Notibras","https:\/\/www.instagram.com\/notibras\/"]},{"@type":"Person","@id":"https:\/\/www.notibras.com\/site\/#\/schema\/person\/5b7fabf2aedc3ada2105f03b22b4d3dd","name":"Eduardo Mart\u00ednez","image":{"@type":"ImageObject","inLanguage":"pt-BR","@id":"https:\/\/secure.gravatar.com\/avatar\/7902f906289926289cbcda644b5197c796b893c6ffd7b9a536a42d290f7704a0?s=96&d=mm&r=g","url":"https:\/\/secure.gravatar.com\/avatar\/7902f906289926289cbcda644b5197c796b893c6ffd7b9a536a42d290f7704a0?s=96&d=mm&r=g","contentUrl":"https:\/\/secure.gravatar.com\/avatar\/7902f906289926289cbcda644b5197c796b893c6ffd7b9a536a42d290f7704a0?s=96&d=mm&r=g","caption":"Eduardo Mart\u00ednez"}}]}},"amp_enabled":true,"_links":{"self":[{"href":"https:\/\/www.notibras.com\/site\/wp-json\/wp\/v2\/posts\/384691","targetHints":{"allow":["GET"]}}],"collection":[{"href":"https:\/\/www.notibras.com\/site\/wp-json\/wp\/v2\/posts"}],"about":[{"href":"https:\/\/www.notibras.com\/site\/wp-json\/wp\/v2\/types\/post"}],"author":[{"embeddable":true,"href":"https:\/\/www.notibras.com\/site\/wp-json\/wp\/v2\/users\/21"}],"replies":[{"embeddable":true,"href":"https:\/\/www.notibras.com\/site\/wp-json\/wp\/v2\/comments?post=384691"}],"version-history":[{"count":1,"href":"https:\/\/www.notibras.com\/site\/wp-json\/wp\/v2\/posts\/384691\/revisions"}],"predecessor-version":[{"id":384693,"href":"https:\/\/www.notibras.com\/site\/wp-json\/wp\/v2\/posts\/384691\/revisions\/384693"}],"wp:featuredmedia":[{"embeddable":true,"href":"https:\/\/www.notibras.com\/site\/wp-json\/wp\/v2\/media\/384692"}],"wp:attachment":[{"href":"https:\/\/www.notibras.com\/site\/wp-json\/wp\/v2\/media?parent=384691"}],"wp:term":[{"taxonomy":"category","embeddable":true,"href":"https:\/\/www.notibras.com\/site\/wp-json\/wp\/v2\/categories?post=384691"},{"taxonomy":"post_tag","embeddable":true,"href":"https:\/\/www.notibras.com\/site\/wp-json\/wp\/v2\/tags?post=384691"}],"curies":[{"name":"wp","href":"https:\/\/api.w.org\/{rel}","templated":true}]}}