{"id":384699,"date":"2026-02-26T03:49:08","date_gmt":"2026-02-26T06:49:08","guid":{"rendered":"https:\/\/www.notibras.com\/site\/?p=384699"},"modified":"2026-02-26T03:50:10","modified_gmt":"2026-02-26T06:50:10","slug":"voto-livre-e-consciente-e-capaz-de-mudar-a-triste-realidade-politica-do-pais","status":"publish","type":"post","link":"https:\/\/www.notibras.com\/site\/voto-livre-e-consciente-e-capaz-de-mudar-a-triste-realidade-politica-do-pais\/","title":{"rendered":"Voto livre e consciente \u00e9 capaz de mudar a triste realidade pol\u00edtica do pa\u00eds"},"content":{"rendered":"<p>A oitos meses das elei\u00e7\u00f5es gerais deste ano, duas legendas (PSDB e Novo) abriram esta semana a propaganda partid\u00e1ria de 2026, cujas veicula\u00e7\u00f5es est\u00e3o autorizadas somente para o primeiro semestre. Pelo menos 30% do tempo total de cada legenda devem ser destinados \u00e0 promo\u00e7\u00e3o da participa\u00e7\u00e3o feminina na pol\u00edtica nacional. \u00c9 importante destacar que essa propaganda n\u00e3o se confunde com a propaganda eleitoral, que segue regras distintas. Mesmo que os termos sejam parecidos, propaganda partid\u00e1ria e eleitoral, ambas transmitidas em emissoras de r\u00e1dio e televis\u00e3o, t\u00eam fun\u00e7\u00f5es distintas em um ano de elei\u00e7\u00e3o.<\/p>\n<p>De acordo com a lei, o tempo destinado \u00e0 propaganda partid\u00e1ria n\u00e3o pode ser usado para divulgar pr\u00e9-candidaturas de pessoas que pretendem disputar a elei\u00e7\u00e3o. Ela tem como objetivo apresentar ideias, programas e as propostas dos partidos, com foco na conquista de novos filiados. A eleitoral permite que o eleitorado conhe\u00e7a a trajet\u00f3ria, as propostas, as mensagens e as realiza\u00e7\u00f5es de candidatas e candidatos aos cargos em disputa. A finalidade da propaganda \u00e9 contribuir para que o eleitor defina o seu voto diante da urna eletr\u00f4nica.<\/p>\n<p>Por determina\u00e7\u00e3o da Lei das Elei\u00e7\u00f5es e das resolu\u00e7\u00f5es do TSE, a campanha eleitoral nas ruas e na internet come\u00e7a em 16 de agosto, data posterior ao t\u00e9rmino do prazo para registro de candidaturas. J\u00e1 a propaganda gratuita no r\u00e1dio e na televis\u00e3o ser\u00e1 iniciada no dia 29 agosto, ou seja, 35 dias anteriores \u00e0 antev\u00e9spera do primeiro turno da elei\u00e7\u00e3o, marcado para 4 de outubro. Nesta data ser\u00e3o eleitos o presidente da Rep\u00fablica, 27 governadores, incluindo o do Distrito Federal, 54 senadores, 513 deputados federais e 1.059 deputados estaduais e distritais. Caso haja necessidade de segundo turno, os eleitores voltam \u00e0s urnas no dia 25 de outubro.<\/p>\n<p>Uma das novidades do processo eleitoral deste ano \u00e9 a altera\u00e7\u00e3o nas datas de posse. A partir de 2027, o presidente da Rep<span lang=\"ZH-CN\">\u00fa<\/span>blica assumir\u00e1 o cargo em 5 de janeiro, enquanto os governadores tomar\u00e3o posse no dia seguinte, 6 de janeiro. At\u00e9 o pleito de 2022, a posse ocorria no primeiro dia do ano seguinte. Entre as datas marcantes do Calend\u00e1rio Eleitoral de 2026, o dia 6 de maio \u00e9 o limite para quem precisa tirar o primeiro t\u00edtulo ou regularizar pend\u00eancias com a Justi\u00e7a Eleitoral. O servi\u00e7o pode ser feito de forma on-line, por meio dos sites dos Tribunais Regionais Eleitorais.<\/p>\n<p>Para n\u00f3s, eleitores e eleitoras, a prioridade \u00e9 pensar no que \u00e9 mais importante nas elei\u00e7\u00f5es. Sa\u00fade, educa\u00e7\u00e3o ou seguran\u00e7a? Isso vai ajudar na hora de escolher em quem votar. Pesquisar sobre os candidatos e suas propostas \u00e9 fundamental. N\u00e3o devemos esquecer que cada um dos cerca de 160 milh\u00f5es de eleitores t\u00eam um papel definido na constru\u00e7\u00e3o de um futuro melhor. Portanto, como nosso voto tem o mesmo peso daqueles que ser\u00e3o votados, nos preparemos e fa\u00e7amos nossas vozes serem ouvidas. O mais importante \u00e9 n\u00e3o subestimarmos nossa for\u00e7a eleitoral. Resumindo, o voto dado com liberdade e consci\u00eancia pode mudar a realidade do pa\u00eds e de nossas comunidades.<\/p>\n<p>Minha torcida \u00e9 para que haja respeito dos eleitores, dos candidatos e dos partidos pol\u00edticos. A democracia plena exige que deixemos os julgamentos de cada um dos postulantes a cargos eletivos ao sim na urna eletr\u00f4nica. Tor\u00e7o tamb\u00e9m para que os eleitos n\u00e3o pensem somente no poder e nos interesses pessoais. Quanto a n\u00f3s, eleitores conscientes e verdadeiramente patriotas, a \u00fanica coisa que n\u00e3o podemos ser \u00e9 fan\u00e1ticos. Independentemente de suas ideologias e colora\u00e7\u00f5es partid\u00e1rias, os pol\u00edticos s\u00e3o empregados do povo e n\u00e3o \u00eddolos para serem idolatrados. Na vida, s\u00f3 tem direito quem anda direito. Portanto, \u00e9 nossa obriga\u00e7\u00e3o votar certo. Afinal, \u201cN\u00f3is \u00e9 jeca, mas \u00e9 joia\u201d.<\/p>\n<p>&#8230;&#8230;&#8230;<\/p>\n<p><strong>Misael Igreja \u00e9 analista de Notibras para assuntos pol\u00edticos, econ\u00f4micos e sociais<\/strong><\/p>\n","protected":false},"excerpt":{"rendered":"<p>A oitos meses das elei\u00e7\u00f5es gerais deste ano, duas legendas (PSDB e Novo) abriram esta semana a propaganda partid\u00e1ria de 2026, cujas veicula\u00e7\u00f5es est\u00e3o autorizadas somente para o primeiro semestre. Pelo menos 30% do tempo total de cada legenda devem ser destinados \u00e0 promo\u00e7\u00e3o da participa\u00e7\u00e3o feminina na pol\u00edtica nacional. \u00c9 importante destacar que essa [&hellip;]<\/p>\n","protected":false},"author":2,"featured_media":342946,"comment_status":"closed","ping_status":"closed","sticky":false,"template":"","format":"standard","meta":{"_acf_changed":false,"footnotes":""},"categories":[16],"tags":[],"class_list":["post-384699","post","type-post","status-publish","format-standard","has-post-thumbnail","hentry","category-brasil"],"acf":[],"yoast_head":"<!-- This site is optimized with the Yoast SEO plugin v27.2 - https:\/\/yoast.com\/product\/yoast-seo-wordpress\/ -->\n<title>Voto livre e consciente \u00e9 capaz de mudar a triste realidade pol\u00edtica do pa\u00eds - Notibras<\/title>\n<meta name=\"robots\" content=\"index, follow, max-snippet:-1, max-image-preview:large, max-video-preview:-1\" \/>\n<link rel=\"canonical\" href=\"https:\/\/www.notibras.com\/site\/voto-livre-e-consciente-e-capaz-de-mudar-a-triste-realidade-politica-do-pais\/\" \/>\n<meta property=\"og:locale\" content=\"pt_BR\" \/>\n<meta property=\"og:type\" content=\"article\" \/>\n<meta property=\"og:title\" content=\"Voto livre e consciente \u00e9 capaz de mudar a triste realidade pol\u00edtica do pa\u00eds - Notibras\" \/>\n<meta property=\"og:description\" content=\"A oitos meses das elei\u00e7\u00f5es gerais deste ano, duas legendas (PSDB e Novo) abriram esta semana a propaganda partid\u00e1ria de 2026, cujas veicula\u00e7\u00f5es est\u00e3o autorizadas somente para o primeiro semestre. Pelo menos 30% do tempo total de cada legenda devem ser destinados \u00e0 promo\u00e7\u00e3o da participa\u00e7\u00e3o feminina na pol\u00edtica nacional. \u00c9 importante destacar que essa [&hellip;]\" \/>\n<meta property=\"og:url\" content=\"https:\/\/www.notibras.com\/site\/voto-livre-e-consciente-e-capaz-de-mudar-a-triste-realidade-politica-do-pais\/\" \/>\n<meta property=\"og:site_name\" content=\"Notibras\" \/>\n<meta property=\"article:publisher\" content=\"https:\/\/www.facebook.com\/notibras\/\" \/>\n<meta property=\"article:published_time\" content=\"2026-02-26T06:49:08+00:00\" \/>\n<meta property=\"article:modified_time\" content=\"2026-02-26T06:50:10+00:00\" \/>\n<meta property=\"og:image\" content=\"https:\/\/www.notibras.com\/site\/wp-content\/uploads\/2024\/12\/urna.papel_.webp\" \/>\n\t<meta property=\"og:image:width\" content=\"1170\" \/>\n\t<meta property=\"og:image:height\" content=\"700\" \/>\n\t<meta property=\"og:image:type\" content=\"image\/webp\" \/>\n<meta name=\"author\" content=\"Reda\u00e7\u00e3o\" \/>\n<meta name=\"twitter:card\" content=\"summary_large_image\" \/>\n<meta name=\"twitter:creator\" content=\"@Notibras\" \/>\n<meta name=\"twitter:site\" content=\"@Notibras\" \/>\n<meta name=\"twitter:label1\" content=\"Escrito por\" \/>\n\t<meta name=\"twitter:data1\" content=\"Reda\u00e7\u00e3o\" \/>\n\t<meta name=\"twitter:label2\" content=\"Est. tempo de leitura\" \/>\n\t<meta name=\"twitter:data2\" content=\"4 minutos\" \/>\n<script type=\"application\/ld+json\" class=\"yoast-schema-graph\">{\"@context\":\"https:\/\/schema.org\",\"@graph\":[{\"@type\":\"Article\",\"@id\":\"https:\/\/www.notibras.com\/site\/voto-livre-e-consciente-e-capaz-de-mudar-a-triste-realidade-politica-do-pais\/#article\",\"isPartOf\":{\"@id\":\"https:\/\/www.notibras.com\/site\/voto-livre-e-consciente-e-capaz-de-mudar-a-triste-realidade-politica-do-pais\/\"},\"author\":{\"name\":\"Reda\u00e7\u00e3o\",\"@id\":\"https:\/\/www.notibras.com\/site\/#\/schema\/person\/36ab0979449956132d3e5b517ea76ac8\"},\"headline\":\"Voto livre e consciente \u00e9 capaz de mudar a triste realidade pol\u00edtica do pa\u00eds\",\"datePublished\":\"2026-02-26T06:49:08+00:00\",\"dateModified\":\"2026-02-26T06:50:10+00:00\",\"mainEntityOfPage\":{\"@id\":\"https:\/\/www.notibras.com\/site\/voto-livre-e-consciente-e-capaz-de-mudar-a-triste-realidade-politica-do-pais\/\"},\"wordCount\":671,\"publisher\":{\"@id\":\"https:\/\/www.notibras.com\/site\/#organization\"},\"image\":{\"@id\":\"https:\/\/www.notibras.com\/site\/voto-livre-e-consciente-e-capaz-de-mudar-a-triste-realidade-politica-do-pais\/#primaryimage\"},\"thumbnailUrl\":\"https:\/\/www.notibras.com\/site\/wp-content\/uploads\/2024\/12\/urna.papel_.webp\",\"articleSection\":[\"Brasil\"],\"inLanguage\":\"pt-BR\"},{\"@type\":\"WebPage\",\"@id\":\"https:\/\/www.notibras.com\/site\/voto-livre-e-consciente-e-capaz-de-mudar-a-triste-realidade-politica-do-pais\/\",\"url\":\"https:\/\/www.notibras.com\/site\/voto-livre-e-consciente-e-capaz-de-mudar-a-triste-realidade-politica-do-pais\/\",\"name\":\"Voto livre e consciente \u00e9 capaz de mudar a triste realidade pol\u00edtica do pa\u00eds - Notibras\",\"isPartOf\":{\"@id\":\"https:\/\/www.notibras.com\/site\/#website\"},\"primaryImageOfPage\":{\"@id\":\"https:\/\/www.notibras.com\/site\/voto-livre-e-consciente-e-capaz-de-mudar-a-triste-realidade-politica-do-pais\/#primaryimage\"},\"image\":{\"@id\":\"https:\/\/www.notibras.com\/site\/voto-livre-e-consciente-e-capaz-de-mudar-a-triste-realidade-politica-do-pais\/#primaryimage\"},\"thumbnailUrl\":\"https:\/\/www.notibras.com\/site\/wp-content\/uploads\/2024\/12\/urna.papel_.webp\",\"datePublished\":\"2026-02-26T06:49:08+00:00\",\"dateModified\":\"2026-02-26T06:50:10+00:00\",\"breadcrumb\":{\"@id\":\"https:\/\/www.notibras.com\/site\/voto-livre-e-consciente-e-capaz-de-mudar-a-triste-realidade-politica-do-pais\/#breadcrumb\"},\"inLanguage\":\"pt-BR\",\"potentialAction\":[{\"@type\":\"ReadAction\",\"target\":[\"https:\/\/www.notibras.com\/site\/voto-livre-e-consciente-e-capaz-de-mudar-a-triste-realidade-politica-do-pais\/\"]}]},{\"@type\":\"ImageObject\",\"inLanguage\":\"pt-BR\",\"@id\":\"https:\/\/www.notibras.com\/site\/voto-livre-e-consciente-e-capaz-de-mudar-a-triste-realidade-politica-do-pais\/#primaryimage\",\"url\":\"https:\/\/www.notibras.com\/site\/wp-content\/uploads\/2024\/12\/urna.papel_.webp\",\"contentUrl\":\"https:\/\/www.notibras.com\/site\/wp-content\/uploads\/2024\/12\/urna.papel_.webp\",\"width\":1170,\"height\":700},{\"@type\":\"BreadcrumbList\",\"@id\":\"https:\/\/www.notibras.com\/site\/voto-livre-e-consciente-e-capaz-de-mudar-a-triste-realidade-politica-do-pais\/#breadcrumb\",\"itemListElement\":[{\"@type\":\"ListItem\",\"position\":1,\"name\":\"In\u00edcio\",\"item\":\"https:\/\/www.notibras.com\/site\/\"},{\"@type\":\"ListItem\",\"position\":2,\"name\":\"Voto livre e consciente \u00e9 capaz de mudar a triste realidade pol\u00edtica do pa\u00eds\"}]},{\"@type\":\"WebSite\",\"@id\":\"https:\/\/www.notibras.com\/site\/#website\",\"url\":\"https:\/\/www.notibras.com\/site\/\",\"name\":\"Notibras\",\"description\":\"Not\u00edcias de Bras\u00edlia, do Brasil e do Mundo\",\"publisher\":{\"@id\":\"https:\/\/www.notibras.com\/site\/#organization\"},\"potentialAction\":[{\"@type\":\"SearchAction\",\"target\":{\"@type\":\"EntryPoint\",\"urlTemplate\":\"https:\/\/www.notibras.com\/site\/?s={search_term_string}\"},\"query-input\":{\"@type\":\"PropertyValueSpecification\",\"valueRequired\":true,\"valueName\":\"search_term_string\"}}],\"inLanguage\":\"pt-BR\"},{\"@type\":\"Organization\",\"@id\":\"https:\/\/www.notibras.com\/site\/#organization\",\"name\":\"Grupo Notibras de Comunica\u00e7\u00e3o\",\"url\":\"https:\/\/www.notibras.com\/site\/\",\"logo\":{\"@type\":\"ImageObject\",\"inLanguage\":\"pt-BR\",\"@id\":\"https:\/\/www.notibras.com\/site\/#\/schema\/logo\/image\/\",\"url\":\"https:\/\/www.notibras.com\/site\/wp-content\/uploads\/2023\/01\/notibras23.png\",\"contentUrl\":\"https:\/\/www.notibras.com\/site\/wp-content\/uploads\/2023\/01\/notibras23.png\",\"width\":350,\"height\":87,\"caption\":\"Grupo Notibras de Comunica\u00e7\u00e3o\"},\"image\":{\"@id\":\"https:\/\/www.notibras.com\/site\/#\/schema\/logo\/image\/\"},\"sameAs\":[\"https:\/\/www.facebook.com\/notibras\/\",\"https:\/\/x.com\/Notibras\",\"https:\/\/www.instagram.com\/notibras\/\"]},{\"@type\":\"Person\",\"@id\":\"https:\/\/www.notibras.com\/site\/#\/schema\/person\/36ab0979449956132d3e5b517ea76ac8\",\"name\":\"Reda\u00e7\u00e3o\",\"image\":{\"@type\":\"ImageObject\",\"inLanguage\":\"pt-BR\",\"@id\":\"https:\/\/secure.gravatar.com\/avatar\/e0a867bdedb85fd243eadf09663511f96fc81e0720a4a42581f334ad4303aa6b?s=96&d=mm&r=g\",\"url\":\"https:\/\/secure.gravatar.com\/avatar\/e0a867bdedb85fd243eadf09663511f96fc81e0720a4a42581f334ad4303aa6b?s=96&d=mm&r=g\",\"contentUrl\":\"https:\/\/secure.gravatar.com\/avatar\/e0a867bdedb85fd243eadf09663511f96fc81e0720a4a42581f334ad4303aa6b?s=96&d=mm&r=g\",\"caption\":\"Reda\u00e7\u00e3o\"}}]}<\/script>\n<!-- \/ Yoast SEO plugin. -->","yoast_head_json":{"title":"Voto livre e consciente \u00e9 capaz de mudar a triste realidade pol\u00edtica do pa\u00eds - Notibras","robots":{"index":"index","follow":"follow","max-snippet":"max-snippet:-1","max-image-preview":"max-image-preview:large","max-video-preview":"max-video-preview:-1"},"canonical":"https:\/\/www.notibras.com\/site\/voto-livre-e-consciente-e-capaz-de-mudar-a-triste-realidade-politica-do-pais\/","og_locale":"pt_BR","og_type":"article","og_title":"Voto livre e consciente \u00e9 capaz de mudar a triste realidade pol\u00edtica do pa\u00eds - Notibras","og_description":"A oitos meses das elei\u00e7\u00f5es gerais deste ano, duas legendas (PSDB e Novo) abriram esta semana a propaganda partid\u00e1ria de 2026, cujas veicula\u00e7\u00f5es est\u00e3o autorizadas somente para o primeiro semestre. Pelo menos 30% do tempo total de cada legenda devem ser destinados \u00e0 promo\u00e7\u00e3o da participa\u00e7\u00e3o feminina na pol\u00edtica nacional. \u00c9 importante destacar que essa [&hellip;]","og_url":"https:\/\/www.notibras.com\/site\/voto-livre-e-consciente-e-capaz-de-mudar-a-triste-realidade-politica-do-pais\/","og_site_name":"Notibras","article_publisher":"https:\/\/www.facebook.com\/notibras\/","article_published_time":"2026-02-26T06:49:08+00:00","article_modified_time":"2026-02-26T06:50:10+00:00","og_image":[{"width":1170,"height":700,"url":"https:\/\/www.notibras.com\/site\/wp-content\/uploads\/2024\/12\/urna.papel_.webp","type":"image\/webp"}],"author":"Reda\u00e7\u00e3o","twitter_card":"summary_large_image","twitter_creator":"@Notibras","twitter_site":"@Notibras","twitter_misc":{"Escrito por":"Reda\u00e7\u00e3o","Est. tempo de leitura":"4 minutos"},"schema":{"@context":"https:\/\/schema.org","@graph":[{"@type":"Article","@id":"https:\/\/www.notibras.com\/site\/voto-livre-e-consciente-e-capaz-de-mudar-a-triste-realidade-politica-do-pais\/#article","isPartOf":{"@id":"https:\/\/www.notibras.com\/site\/voto-livre-e-consciente-e-capaz-de-mudar-a-triste-realidade-politica-do-pais\/"},"author":{"name":"Reda\u00e7\u00e3o","@id":"https:\/\/www.notibras.com\/site\/#\/schema\/person\/36ab0979449956132d3e5b517ea76ac8"},"headline":"Voto livre e consciente \u00e9 capaz de mudar a triste realidade pol\u00edtica do pa\u00eds","datePublished":"2026-02-26T06:49:08+00:00","dateModified":"2026-02-26T06:50:10+00:00","mainEntityOfPage":{"@id":"https:\/\/www.notibras.com\/site\/voto-livre-e-consciente-e-capaz-de-mudar-a-triste-realidade-politica-do-pais\/"},"wordCount":671,"publisher":{"@id":"https:\/\/www.notibras.com\/site\/#organization"},"image":{"@id":"https:\/\/www.notibras.com\/site\/voto-livre-e-consciente-e-capaz-de-mudar-a-triste-realidade-politica-do-pais\/#primaryimage"},"thumbnailUrl":"https:\/\/www.notibras.com\/site\/wp-content\/uploads\/2024\/12\/urna.papel_.webp","articleSection":["Brasil"],"inLanguage":"pt-BR"},{"@type":"WebPage","@id":"https:\/\/www.notibras.com\/site\/voto-livre-e-consciente-e-capaz-de-mudar-a-triste-realidade-politica-do-pais\/","url":"https:\/\/www.notibras.com\/site\/voto-livre-e-consciente-e-capaz-de-mudar-a-triste-realidade-politica-do-pais\/","name":"Voto livre e consciente \u00e9 capaz de mudar a triste realidade pol\u00edtica do pa\u00eds - Notibras","isPartOf":{"@id":"https:\/\/www.notibras.com\/site\/#website"},"primaryImageOfPage":{"@id":"https:\/\/www.notibras.com\/site\/voto-livre-e-consciente-e-capaz-de-mudar-a-triste-realidade-politica-do-pais\/#primaryimage"},"image":{"@id":"https:\/\/www.notibras.com\/site\/voto-livre-e-consciente-e-capaz-de-mudar-a-triste-realidade-politica-do-pais\/#primaryimage"},"thumbnailUrl":"https:\/\/www.notibras.com\/site\/wp-content\/uploads\/2024\/12\/urna.papel_.webp","datePublished":"2026-02-26T06:49:08+00:00","dateModified":"2026-02-26T06:50:10+00:00","breadcrumb":{"@id":"https:\/\/www.notibras.com\/site\/voto-livre-e-consciente-e-capaz-de-mudar-a-triste-realidade-politica-do-pais\/#breadcrumb"},"inLanguage":"pt-BR","potentialAction":[{"@type":"ReadAction","target":["https:\/\/www.notibras.com\/site\/voto-livre-e-consciente-e-capaz-de-mudar-a-triste-realidade-politica-do-pais\/"]}]},{"@type":"ImageObject","inLanguage":"pt-BR","@id":"https:\/\/www.notibras.com\/site\/voto-livre-e-consciente-e-capaz-de-mudar-a-triste-realidade-politica-do-pais\/#primaryimage","url":"https:\/\/www.notibras.com\/site\/wp-content\/uploads\/2024\/12\/urna.papel_.webp","contentUrl":"https:\/\/www.notibras.com\/site\/wp-content\/uploads\/2024\/12\/urna.papel_.webp","width":1170,"height":700},{"@type":"BreadcrumbList","@id":"https:\/\/www.notibras.com\/site\/voto-livre-e-consciente-e-capaz-de-mudar-a-triste-realidade-politica-do-pais\/#breadcrumb","itemListElement":[{"@type":"ListItem","position":1,"name":"In\u00edcio","item":"https:\/\/www.notibras.com\/site\/"},{"@type":"ListItem","position":2,"name":"Voto livre e consciente \u00e9 capaz de mudar a triste realidade pol\u00edtica do pa\u00eds"}]},{"@type":"WebSite","@id":"https:\/\/www.notibras.com\/site\/#website","url":"https:\/\/www.notibras.com\/site\/","name":"Notibras","description":"Not\u00edcias de Bras\u00edlia, do Brasil e do Mundo","publisher":{"@id":"https:\/\/www.notibras.com\/site\/#organization"},"potentialAction":[{"@type":"SearchAction","target":{"@type":"EntryPoint","urlTemplate":"https:\/\/www.notibras.com\/site\/?s={search_term_string}"},"query-input":{"@type":"PropertyValueSpecification","valueRequired":true,"valueName":"search_term_string"}}],"inLanguage":"pt-BR"},{"@type":"Organization","@id":"https:\/\/www.notibras.com\/site\/#organization","name":"Grupo Notibras de Comunica\u00e7\u00e3o","url":"https:\/\/www.notibras.com\/site\/","logo":{"@type":"ImageObject","inLanguage":"pt-BR","@id":"https:\/\/www.notibras.com\/site\/#\/schema\/logo\/image\/","url":"https:\/\/www.notibras.com\/site\/wp-content\/uploads\/2023\/01\/notibras23.png","contentUrl":"https:\/\/www.notibras.com\/site\/wp-content\/uploads\/2023\/01\/notibras23.png","width":350,"height":87,"caption":"Grupo Notibras de Comunica\u00e7\u00e3o"},"image":{"@id":"https:\/\/www.notibras.com\/site\/#\/schema\/logo\/image\/"},"sameAs":["https:\/\/www.facebook.com\/notibras\/","https:\/\/x.com\/Notibras","https:\/\/www.instagram.com\/notibras\/"]},{"@type":"Person","@id":"https:\/\/www.notibras.com\/site\/#\/schema\/person\/36ab0979449956132d3e5b517ea76ac8","name":"Reda\u00e7\u00e3o","image":{"@type":"ImageObject","inLanguage":"pt-BR","@id":"https:\/\/secure.gravatar.com\/avatar\/e0a867bdedb85fd243eadf09663511f96fc81e0720a4a42581f334ad4303aa6b?s=96&d=mm&r=g","url":"https:\/\/secure.gravatar.com\/avatar\/e0a867bdedb85fd243eadf09663511f96fc81e0720a4a42581f334ad4303aa6b?s=96&d=mm&r=g","contentUrl":"https:\/\/secure.gravatar.com\/avatar\/e0a867bdedb85fd243eadf09663511f96fc81e0720a4a42581f334ad4303aa6b?s=96&d=mm&r=g","caption":"Reda\u00e7\u00e3o"}}]}},"amp_enabled":true,"_links":{"self":[{"href":"https:\/\/www.notibras.com\/site\/wp-json\/wp\/v2\/posts\/384699","targetHints":{"allow":["GET"]}}],"collection":[{"href":"https:\/\/www.notibras.com\/site\/wp-json\/wp\/v2\/posts"}],"about":[{"href":"https:\/\/www.notibras.com\/site\/wp-json\/wp\/v2\/types\/post"}],"author":[{"embeddable":true,"href":"https:\/\/www.notibras.com\/site\/wp-json\/wp\/v2\/users\/2"}],"replies":[{"embeddable":true,"href":"https:\/\/www.notibras.com\/site\/wp-json\/wp\/v2\/comments?post=384699"}],"version-history":[{"count":2,"href":"https:\/\/www.notibras.com\/site\/wp-json\/wp\/v2\/posts\/384699\/revisions"}],"predecessor-version":[{"id":384701,"href":"https:\/\/www.notibras.com\/site\/wp-json\/wp\/v2\/posts\/384699\/revisions\/384701"}],"wp:featuredmedia":[{"embeddable":true,"href":"https:\/\/www.notibras.com\/site\/wp-json\/wp\/v2\/media\/342946"}],"wp:attachment":[{"href":"https:\/\/www.notibras.com\/site\/wp-json\/wp\/v2\/media?parent=384699"}],"wp:term":[{"taxonomy":"category","embeddable":true,"href":"https:\/\/www.notibras.com\/site\/wp-json\/wp\/v2\/categories?post=384699"},{"taxonomy":"post_tag","embeddable":true,"href":"https:\/\/www.notibras.com\/site\/wp-json\/wp\/v2\/tags?post=384699"}],"curies":[{"name":"wp","href":"https:\/\/api.w.org\/{rel}","templated":true}]}}