{"id":384702,"date":"2026-02-26T03:21:41","date_gmt":"2026-02-26T06:21:41","guid":{"rendered":"https:\/\/www.notibras.com\/site\/?p=384702"},"modified":"2026-02-26T04:02:06","modified_gmt":"2026-02-26T07:02:06","slug":"eleitor-eterniza-democracia-ou-pais-capitula-para-o-amadorismo-politico","status":"publish","type":"post","link":"https:\/\/www.notibras.com\/site\/eleitor-eterniza-democracia-ou-pais-capitula-para-o-amadorismo-politico\/","title":{"rendered":"Eleitor eterniza democracia ou pa\u00eds capitula para o amadorismo pol\u00edtico"},"content":{"rendered":"<p>Cumpridos os requisitos b\u00e1sicos da Constitui\u00e7\u00e3o Federal, qualquer brasileiro nato pode ser candidato \u00e0 Presid\u00eancia da Rep\u00fablica. At\u00e9 mesmo os postes sem luz pr\u00f3pria t\u00eam o direito de postular o cargo pol\u00edtico mais alto do pa\u00eds. Ao contr\u00e1rio do que imaginam alguns eleitores (as), o interessado n\u00e3o precisa ser bonitinho, riquinho, remediado, jovem, tampouco de fam\u00edlia interessada exclusivamente no poder. As exig\u00eancias b\u00e1sicas s\u00e3o entender do riscado, ter conhecimento de causa, boas inten\u00e7\u00f5es, responsabilidade, senso democr\u00e1tico, toler\u00e2ncia e, principalmente, ser informado que a na\u00e7\u00e3o n\u00e3o \u00e9 o quintal de sua casa.<\/p>\n<p>Embora a maioria do eleitorado sonhe em eleger algu\u00e9m acima de qualquer suspeita, isto \u00e9, com honestidade reconhecida em cart\u00f3rio probo e com diploma assinado pelo papa Bento XVI, sabemos todos que, embora obrigat\u00f3rio, esse imperativo \u00e9 pretensioso e proporcional ao que um brasileiro pensa do outro. Em outras palavras, ainda que seja uma premissa valorosa, a condi\u00e7\u00e3o talvez requeira o renascimento de todos os 213 milh\u00f5es de habitantes do planeta Brasil. De nada adiantar\u00e1 sobrar um, pois certamente os v\u00edcios de hoje ser\u00e3o mantidos.<\/p>\n<p>Apesar desse insistente atributo ser impertinente para este s\u00e9culo, vivemos uma quadra presidencial de paz, harmonia, crescimento e, o que \u00e9 mais relevante, sem preocupa\u00e7\u00f5es golpistas. Portanto, que chegue logo a elei\u00e7\u00e3o de outubro, de modo que possamos perenizar os sonhos democr\u00e1ticos e verdadeiramente patri\u00f3ticos ou, como espera a minoria, que capitulemos diante do Estado Democr\u00e1tico de Direito, do \u00f3dio, da malqueren\u00e7a, da hostilidade, do amadorismo administrativo, do desrespeito internacional e da bajula\u00e7\u00e3o expl\u00edcita a l\u00edderes internacionais com interesses reconhecidamente tir\u00e2nicos.<\/p>\n<p>Sem delongas, \u00e9 obriga\u00e7\u00e3o de um candidato \u00e0 Presid\u00eancia da Rep\u00fablica ter ideias progressistas e renovadoras e pelo menos meia d\u00fazia de propostas capazes de manter o pa\u00eds na lista das na\u00e7\u00f5es govern\u00e1veis, promissoras e vi\u00e1veis econ\u00f4mica e socialmente. Para isso, \u00e9 fundamental que o pretendente se apresente ao eleitorado de centro, de direita e de esquerda como um cidad\u00e3o de bem e pronto para governar para todos.\u00a0 O resto o povo percebe com o tempo. Foi o que ocorreu com o antecessor de Luiz In\u00e1cio, hoje \u201cprofessor pol\u00edtico\u201d do aspirante da extrema-direita ao Pal\u00e1cio do Planalto.<\/p>\n<p>Como disse, desde que trabalhe pelo e para o povo, qualquer brasileiro pode ser presidente da Rep\u00fablica. N\u00e3o basta ao postulante sem atestado de santo fazer campanha xingando os diferentes, esculhambando os partidos que n\u00e3o o apoiam e denominando de ladr\u00e3o seu principal advers\u00e1rio. Antes de se imaginar como o novo dono do peda\u00e7o, \u00e9 preciso voca\u00e7\u00e3o para cuidar de uma na\u00e7\u00e3o e de pessoas. Individualizar a gest\u00e3o, assumir o comando do pa\u00eds como se n\u00e3o houvesse amanh\u00e3 e tentar, no grito ou na viol\u00eancia, silenciar antag\u00f4nicos, bloquear a luta social e querer vender bens alheios n\u00e3o podem ser considerados legados de pai para filho. Pelo contr\u00e1rio.<\/p>\n<p>Eis a raz\u00e3o pela qual eu e milh\u00f5es de brasileiros com consci\u00eancia e sabedoria plenas preferimos um presidente com defeitos cr\u00f4nicos, mas de reconhecidas e claras virtudes, do que uma turma que n\u00e3o sabe governar, mas que est\u00e1 devidamente preparada para golpear. O que digo \u00e9 mentira? Aos que divergirem sugiro que me mostrem um \u00fanico fato pol\u00edtico ou administrativo favor\u00e1vel ao candidato em quest\u00e3o. Guardadas as devidas d\u00favidas, \u00e9 \u00f3bvio que Lula governa melhor do que Jair Bolsonaro governou. Ali\u00e1s, ele governou? \u00c0 vontade por conta de meu passado de centro-esquerda, tor\u00e7o para que o dia 3 de outubro seja a data em que a esperan\u00e7a consolide seu endere\u00e7o.<\/p>\n<p>&#8230;&#8230;&#8230;<\/p>\n<p><strong>Mathuzal\u00e9m J\u00fanior \u00e9 jornalista profissional desde 1978<\/strong><\/p>\n","protected":false},"excerpt":{"rendered":"<p>Cumpridos os requisitos b\u00e1sicos da Constitui\u00e7\u00e3o Federal, qualquer brasileiro nato pode ser candidato \u00e0 Presid\u00eancia da Rep\u00fablica. At\u00e9 mesmo os postes sem luz pr\u00f3pria t\u00eam o direito de postular o cargo pol\u00edtico mais alto do pa\u00eds. Ao contr\u00e1rio do que imaginam alguns eleitores (as), o interessado n\u00e3o precisa ser bonitinho, riquinho, remediado, jovem, tampouco de [&hellip;]<\/p>\n","protected":false},"author":2,"featured_media":262591,"comment_status":"closed","ping_status":"closed","sticky":false,"template":"","format":"standard","meta":{"_acf_changed":false,"footnotes":""},"categories":[16],"tags":[],"class_list":["post-384702","post","type-post","status-publish","format-standard","has-post-thumbnail","hentry","category-brasil"],"acf":[],"yoast_head":"<!-- This site is optimized with the Yoast SEO plugin v27.2 - https:\/\/yoast.com\/product\/yoast-seo-wordpress\/ -->\n<title>Eleitor eterniza democracia ou pa\u00eds capitula para o amadorismo pol\u00edtico - Notibras<\/title>\n<meta name=\"robots\" content=\"index, follow, max-snippet:-1, max-image-preview:large, max-video-preview:-1\" \/>\n<link rel=\"canonical\" href=\"https:\/\/www.notibras.com\/site\/eleitor-eterniza-democracia-ou-pais-capitula-para-o-amadorismo-politico\/\" \/>\n<meta property=\"og:locale\" content=\"pt_BR\" \/>\n<meta property=\"og:type\" content=\"article\" \/>\n<meta property=\"og:title\" content=\"Eleitor eterniza democracia ou pa\u00eds capitula para o amadorismo pol\u00edtico - Notibras\" \/>\n<meta property=\"og:description\" content=\"Cumpridos os requisitos b\u00e1sicos da Constitui\u00e7\u00e3o Federal, qualquer brasileiro nato pode ser candidato \u00e0 Presid\u00eancia da Rep\u00fablica. At\u00e9 mesmo os postes sem luz pr\u00f3pria t\u00eam o direito de postular o cargo pol\u00edtico mais alto do pa\u00eds. Ao contr\u00e1rio do que imaginam alguns eleitores (as), o interessado n\u00e3o precisa ser bonitinho, riquinho, remediado, jovem, tampouco de [&hellip;]\" \/>\n<meta property=\"og:url\" content=\"https:\/\/www.notibras.com\/site\/eleitor-eterniza-democracia-ou-pais-capitula-para-o-amadorismo-politico\/\" \/>\n<meta property=\"og:site_name\" content=\"Notibras\" \/>\n<meta property=\"article:publisher\" content=\"https:\/\/www.facebook.com\/notibras\/\" \/>\n<meta property=\"article:published_time\" content=\"2026-02-26T06:21:41+00:00\" \/>\n<meta property=\"article:modified_time\" content=\"2026-02-26T07:02:06+00:00\" \/>\n<meta property=\"og:image\" content=\"https:\/\/www.notibras.com\/site\/wp-content\/uploads\/2021\/07\/palacio-do-planalto-7.jpg\" \/>\n\t<meta property=\"og:image:width\" content=\"1654\" \/>\n\t<meta property=\"og:image:height\" content=\"1102\" \/>\n\t<meta property=\"og:image:type\" content=\"image\/jpeg\" \/>\n<meta name=\"author\" content=\"Reda\u00e7\u00e3o\" \/>\n<meta name=\"twitter:card\" content=\"summary_large_image\" \/>\n<meta name=\"twitter:creator\" content=\"@Notibras\" \/>\n<meta name=\"twitter:site\" content=\"@Notibras\" \/>\n<meta name=\"twitter:label1\" content=\"Escrito por\" \/>\n\t<meta name=\"twitter:data1\" content=\"Reda\u00e7\u00e3o\" \/>\n\t<meta name=\"twitter:label2\" content=\"Est. tempo de leitura\" \/>\n\t<meta name=\"twitter:data2\" content=\"4 minutos\" \/>\n<script type=\"application\/ld+json\" class=\"yoast-schema-graph\">{\"@context\":\"https:\/\/schema.org\",\"@graph\":[{\"@type\":\"Article\",\"@id\":\"https:\/\/www.notibras.com\/site\/eleitor-eterniza-democracia-ou-pais-capitula-para-o-amadorismo-politico\/#article\",\"isPartOf\":{\"@id\":\"https:\/\/www.notibras.com\/site\/eleitor-eterniza-democracia-ou-pais-capitula-para-o-amadorismo-politico\/\"},\"author\":{\"name\":\"Reda\u00e7\u00e3o\",\"@id\":\"https:\/\/www.notibras.com\/site\/#\/schema\/person\/36ab0979449956132d3e5b517ea76ac8\"},\"headline\":\"Eleitor eterniza democracia ou pa\u00eds capitula para o amadorismo pol\u00edtico\",\"datePublished\":\"2026-02-26T06:21:41+00:00\",\"dateModified\":\"2026-02-26T07:02:06+00:00\",\"mainEntityOfPage\":{\"@id\":\"https:\/\/www.notibras.com\/site\/eleitor-eterniza-democracia-ou-pais-capitula-para-o-amadorismo-politico\/\"},\"wordCount\":654,\"publisher\":{\"@id\":\"https:\/\/www.notibras.com\/site\/#organization\"},\"image\":{\"@id\":\"https:\/\/www.notibras.com\/site\/eleitor-eterniza-democracia-ou-pais-capitula-para-o-amadorismo-politico\/#primaryimage\"},\"thumbnailUrl\":\"https:\/\/www.notibras.com\/site\/wp-content\/uploads\/2021\/07\/palacio-do-planalto-7.jpg\",\"articleSection\":[\"Brasil\"],\"inLanguage\":\"pt-BR\"},{\"@type\":\"WebPage\",\"@id\":\"https:\/\/www.notibras.com\/site\/eleitor-eterniza-democracia-ou-pais-capitula-para-o-amadorismo-politico\/\",\"url\":\"https:\/\/www.notibras.com\/site\/eleitor-eterniza-democracia-ou-pais-capitula-para-o-amadorismo-politico\/\",\"name\":\"Eleitor eterniza democracia ou pa\u00eds capitula para o amadorismo pol\u00edtico - Notibras\",\"isPartOf\":{\"@id\":\"https:\/\/www.notibras.com\/site\/#website\"},\"primaryImageOfPage\":{\"@id\":\"https:\/\/www.notibras.com\/site\/eleitor-eterniza-democracia-ou-pais-capitula-para-o-amadorismo-politico\/#primaryimage\"},\"image\":{\"@id\":\"https:\/\/www.notibras.com\/site\/eleitor-eterniza-democracia-ou-pais-capitula-para-o-amadorismo-politico\/#primaryimage\"},\"thumbnailUrl\":\"https:\/\/www.notibras.com\/site\/wp-content\/uploads\/2021\/07\/palacio-do-planalto-7.jpg\",\"datePublished\":\"2026-02-26T06:21:41+00:00\",\"dateModified\":\"2026-02-26T07:02:06+00:00\",\"breadcrumb\":{\"@id\":\"https:\/\/www.notibras.com\/site\/eleitor-eterniza-democracia-ou-pais-capitula-para-o-amadorismo-politico\/#breadcrumb\"},\"inLanguage\":\"pt-BR\",\"potentialAction\":[{\"@type\":\"ReadAction\",\"target\":[\"https:\/\/www.notibras.com\/site\/eleitor-eterniza-democracia-ou-pais-capitula-para-o-amadorismo-politico\/\"]}]},{\"@type\":\"ImageObject\",\"inLanguage\":\"pt-BR\",\"@id\":\"https:\/\/www.notibras.com\/site\/eleitor-eterniza-democracia-ou-pais-capitula-para-o-amadorismo-politico\/#primaryimage\",\"url\":\"https:\/\/www.notibras.com\/site\/wp-content\/uploads\/2021\/07\/palacio-do-planalto-7.jpg\",\"contentUrl\":\"https:\/\/www.notibras.com\/site\/wp-content\/uploads\/2021\/07\/palacio-do-planalto-7.jpg\",\"width\":1654,\"height\":1102},{\"@type\":\"BreadcrumbList\",\"@id\":\"https:\/\/www.notibras.com\/site\/eleitor-eterniza-democracia-ou-pais-capitula-para-o-amadorismo-politico\/#breadcrumb\",\"itemListElement\":[{\"@type\":\"ListItem\",\"position\":1,\"name\":\"In\u00edcio\",\"item\":\"https:\/\/www.notibras.com\/site\/\"},{\"@type\":\"ListItem\",\"position\":2,\"name\":\"Eleitor eterniza democracia ou pa\u00eds capitula para o amadorismo pol\u00edtico\"}]},{\"@type\":\"WebSite\",\"@id\":\"https:\/\/www.notibras.com\/site\/#website\",\"url\":\"https:\/\/www.notibras.com\/site\/\",\"name\":\"Notibras\",\"description\":\"Not\u00edcias de Bras\u00edlia, do Brasil e do Mundo\",\"publisher\":{\"@id\":\"https:\/\/www.notibras.com\/site\/#organization\"},\"potentialAction\":[{\"@type\":\"SearchAction\",\"target\":{\"@type\":\"EntryPoint\",\"urlTemplate\":\"https:\/\/www.notibras.com\/site\/?s={search_term_string}\"},\"query-input\":{\"@type\":\"PropertyValueSpecification\",\"valueRequired\":true,\"valueName\":\"search_term_string\"}}],\"inLanguage\":\"pt-BR\"},{\"@type\":\"Organization\",\"@id\":\"https:\/\/www.notibras.com\/site\/#organization\",\"name\":\"Grupo Notibras de Comunica\u00e7\u00e3o\",\"url\":\"https:\/\/www.notibras.com\/site\/\",\"logo\":{\"@type\":\"ImageObject\",\"inLanguage\":\"pt-BR\",\"@id\":\"https:\/\/www.notibras.com\/site\/#\/schema\/logo\/image\/\",\"url\":\"https:\/\/www.notibras.com\/site\/wp-content\/uploads\/2023\/01\/notibras23.png\",\"contentUrl\":\"https:\/\/www.notibras.com\/site\/wp-content\/uploads\/2023\/01\/notibras23.png\",\"width\":350,\"height\":87,\"caption\":\"Grupo Notibras de Comunica\u00e7\u00e3o\"},\"image\":{\"@id\":\"https:\/\/www.notibras.com\/site\/#\/schema\/logo\/image\/\"},\"sameAs\":[\"https:\/\/www.facebook.com\/notibras\/\",\"https:\/\/x.com\/Notibras\",\"https:\/\/www.instagram.com\/notibras\/\"]},{\"@type\":\"Person\",\"@id\":\"https:\/\/www.notibras.com\/site\/#\/schema\/person\/36ab0979449956132d3e5b517ea76ac8\",\"name\":\"Reda\u00e7\u00e3o\",\"image\":{\"@type\":\"ImageObject\",\"inLanguage\":\"pt-BR\",\"@id\":\"https:\/\/secure.gravatar.com\/avatar\/e0a867bdedb85fd243eadf09663511f96fc81e0720a4a42581f334ad4303aa6b?s=96&d=mm&r=g\",\"url\":\"https:\/\/secure.gravatar.com\/avatar\/e0a867bdedb85fd243eadf09663511f96fc81e0720a4a42581f334ad4303aa6b?s=96&d=mm&r=g\",\"contentUrl\":\"https:\/\/secure.gravatar.com\/avatar\/e0a867bdedb85fd243eadf09663511f96fc81e0720a4a42581f334ad4303aa6b?s=96&d=mm&r=g\",\"caption\":\"Reda\u00e7\u00e3o\"}}]}<\/script>\n<!-- \/ Yoast SEO plugin. -->","yoast_head_json":{"title":"Eleitor eterniza democracia ou pa\u00eds capitula para o amadorismo pol\u00edtico - Notibras","robots":{"index":"index","follow":"follow","max-snippet":"max-snippet:-1","max-image-preview":"max-image-preview:large","max-video-preview":"max-video-preview:-1"},"canonical":"https:\/\/www.notibras.com\/site\/eleitor-eterniza-democracia-ou-pais-capitula-para-o-amadorismo-politico\/","og_locale":"pt_BR","og_type":"article","og_title":"Eleitor eterniza democracia ou pa\u00eds capitula para o amadorismo pol\u00edtico - Notibras","og_description":"Cumpridos os requisitos b\u00e1sicos da Constitui\u00e7\u00e3o Federal, qualquer brasileiro nato pode ser candidato \u00e0 Presid\u00eancia da Rep\u00fablica. At\u00e9 mesmo os postes sem luz pr\u00f3pria t\u00eam o direito de postular o cargo pol\u00edtico mais alto do pa\u00eds. Ao contr\u00e1rio do que imaginam alguns eleitores (as), o interessado n\u00e3o precisa ser bonitinho, riquinho, remediado, jovem, tampouco de [&hellip;]","og_url":"https:\/\/www.notibras.com\/site\/eleitor-eterniza-democracia-ou-pais-capitula-para-o-amadorismo-politico\/","og_site_name":"Notibras","article_publisher":"https:\/\/www.facebook.com\/notibras\/","article_published_time":"2026-02-26T06:21:41+00:00","article_modified_time":"2026-02-26T07:02:06+00:00","og_image":[{"width":1654,"height":1102,"url":"https:\/\/www.notibras.com\/site\/wp-content\/uploads\/2021\/07\/palacio-do-planalto-7.jpg","type":"image\/jpeg"}],"author":"Reda\u00e7\u00e3o","twitter_card":"summary_large_image","twitter_creator":"@Notibras","twitter_site":"@Notibras","twitter_misc":{"Escrito por":"Reda\u00e7\u00e3o","Est. tempo de leitura":"4 minutos"},"schema":{"@context":"https:\/\/schema.org","@graph":[{"@type":"Article","@id":"https:\/\/www.notibras.com\/site\/eleitor-eterniza-democracia-ou-pais-capitula-para-o-amadorismo-politico\/#article","isPartOf":{"@id":"https:\/\/www.notibras.com\/site\/eleitor-eterniza-democracia-ou-pais-capitula-para-o-amadorismo-politico\/"},"author":{"name":"Reda\u00e7\u00e3o","@id":"https:\/\/www.notibras.com\/site\/#\/schema\/person\/36ab0979449956132d3e5b517ea76ac8"},"headline":"Eleitor eterniza democracia ou pa\u00eds capitula para o amadorismo pol\u00edtico","datePublished":"2026-02-26T06:21:41+00:00","dateModified":"2026-02-26T07:02:06+00:00","mainEntityOfPage":{"@id":"https:\/\/www.notibras.com\/site\/eleitor-eterniza-democracia-ou-pais-capitula-para-o-amadorismo-politico\/"},"wordCount":654,"publisher":{"@id":"https:\/\/www.notibras.com\/site\/#organization"},"image":{"@id":"https:\/\/www.notibras.com\/site\/eleitor-eterniza-democracia-ou-pais-capitula-para-o-amadorismo-politico\/#primaryimage"},"thumbnailUrl":"https:\/\/www.notibras.com\/site\/wp-content\/uploads\/2021\/07\/palacio-do-planalto-7.jpg","articleSection":["Brasil"],"inLanguage":"pt-BR"},{"@type":"WebPage","@id":"https:\/\/www.notibras.com\/site\/eleitor-eterniza-democracia-ou-pais-capitula-para-o-amadorismo-politico\/","url":"https:\/\/www.notibras.com\/site\/eleitor-eterniza-democracia-ou-pais-capitula-para-o-amadorismo-politico\/","name":"Eleitor eterniza democracia ou pa\u00eds capitula para o amadorismo pol\u00edtico - Notibras","isPartOf":{"@id":"https:\/\/www.notibras.com\/site\/#website"},"primaryImageOfPage":{"@id":"https:\/\/www.notibras.com\/site\/eleitor-eterniza-democracia-ou-pais-capitula-para-o-amadorismo-politico\/#primaryimage"},"image":{"@id":"https:\/\/www.notibras.com\/site\/eleitor-eterniza-democracia-ou-pais-capitula-para-o-amadorismo-politico\/#primaryimage"},"thumbnailUrl":"https:\/\/www.notibras.com\/site\/wp-content\/uploads\/2021\/07\/palacio-do-planalto-7.jpg","datePublished":"2026-02-26T06:21:41+00:00","dateModified":"2026-02-26T07:02:06+00:00","breadcrumb":{"@id":"https:\/\/www.notibras.com\/site\/eleitor-eterniza-democracia-ou-pais-capitula-para-o-amadorismo-politico\/#breadcrumb"},"inLanguage":"pt-BR","potentialAction":[{"@type":"ReadAction","target":["https:\/\/www.notibras.com\/site\/eleitor-eterniza-democracia-ou-pais-capitula-para-o-amadorismo-politico\/"]}]},{"@type":"ImageObject","inLanguage":"pt-BR","@id":"https:\/\/www.notibras.com\/site\/eleitor-eterniza-democracia-ou-pais-capitula-para-o-amadorismo-politico\/#primaryimage","url":"https:\/\/www.notibras.com\/site\/wp-content\/uploads\/2021\/07\/palacio-do-planalto-7.jpg","contentUrl":"https:\/\/www.notibras.com\/site\/wp-content\/uploads\/2021\/07\/palacio-do-planalto-7.jpg","width":1654,"height":1102},{"@type":"BreadcrumbList","@id":"https:\/\/www.notibras.com\/site\/eleitor-eterniza-democracia-ou-pais-capitula-para-o-amadorismo-politico\/#breadcrumb","itemListElement":[{"@type":"ListItem","position":1,"name":"In\u00edcio","item":"https:\/\/www.notibras.com\/site\/"},{"@type":"ListItem","position":2,"name":"Eleitor eterniza democracia ou pa\u00eds capitula para o amadorismo pol\u00edtico"}]},{"@type":"WebSite","@id":"https:\/\/www.notibras.com\/site\/#website","url":"https:\/\/www.notibras.com\/site\/","name":"Notibras","description":"Not\u00edcias de Bras\u00edlia, do Brasil e do Mundo","publisher":{"@id":"https:\/\/www.notibras.com\/site\/#organization"},"potentialAction":[{"@type":"SearchAction","target":{"@type":"EntryPoint","urlTemplate":"https:\/\/www.notibras.com\/site\/?s={search_term_string}"},"query-input":{"@type":"PropertyValueSpecification","valueRequired":true,"valueName":"search_term_string"}}],"inLanguage":"pt-BR"},{"@type":"Organization","@id":"https:\/\/www.notibras.com\/site\/#organization","name":"Grupo Notibras de Comunica\u00e7\u00e3o","url":"https:\/\/www.notibras.com\/site\/","logo":{"@type":"ImageObject","inLanguage":"pt-BR","@id":"https:\/\/www.notibras.com\/site\/#\/schema\/logo\/image\/","url":"https:\/\/www.notibras.com\/site\/wp-content\/uploads\/2023\/01\/notibras23.png","contentUrl":"https:\/\/www.notibras.com\/site\/wp-content\/uploads\/2023\/01\/notibras23.png","width":350,"height":87,"caption":"Grupo Notibras de Comunica\u00e7\u00e3o"},"image":{"@id":"https:\/\/www.notibras.com\/site\/#\/schema\/logo\/image\/"},"sameAs":["https:\/\/www.facebook.com\/notibras\/","https:\/\/x.com\/Notibras","https:\/\/www.instagram.com\/notibras\/"]},{"@type":"Person","@id":"https:\/\/www.notibras.com\/site\/#\/schema\/person\/36ab0979449956132d3e5b517ea76ac8","name":"Reda\u00e7\u00e3o","image":{"@type":"ImageObject","inLanguage":"pt-BR","@id":"https:\/\/secure.gravatar.com\/avatar\/e0a867bdedb85fd243eadf09663511f96fc81e0720a4a42581f334ad4303aa6b?s=96&d=mm&r=g","url":"https:\/\/secure.gravatar.com\/avatar\/e0a867bdedb85fd243eadf09663511f96fc81e0720a4a42581f334ad4303aa6b?s=96&d=mm&r=g","contentUrl":"https:\/\/secure.gravatar.com\/avatar\/e0a867bdedb85fd243eadf09663511f96fc81e0720a4a42581f334ad4303aa6b?s=96&d=mm&r=g","caption":"Reda\u00e7\u00e3o"}}]}},"amp_enabled":true,"_links":{"self":[{"href":"https:\/\/www.notibras.com\/site\/wp-json\/wp\/v2\/posts\/384702","targetHints":{"allow":["GET"]}}],"collection":[{"href":"https:\/\/www.notibras.com\/site\/wp-json\/wp\/v2\/posts"}],"about":[{"href":"https:\/\/www.notibras.com\/site\/wp-json\/wp\/v2\/types\/post"}],"author":[{"embeddable":true,"href":"https:\/\/www.notibras.com\/site\/wp-json\/wp\/v2\/users\/2"}],"replies":[{"embeddable":true,"href":"https:\/\/www.notibras.com\/site\/wp-json\/wp\/v2\/comments?post=384702"}],"version-history":[{"count":1,"href":"https:\/\/www.notibras.com\/site\/wp-json\/wp\/v2\/posts\/384702\/revisions"}],"predecessor-version":[{"id":384703,"href":"https:\/\/www.notibras.com\/site\/wp-json\/wp\/v2\/posts\/384702\/revisions\/384703"}],"wp:featuredmedia":[{"embeddable":true,"href":"https:\/\/www.notibras.com\/site\/wp-json\/wp\/v2\/media\/262591"}],"wp:attachment":[{"href":"https:\/\/www.notibras.com\/site\/wp-json\/wp\/v2\/media?parent=384702"}],"wp:term":[{"taxonomy":"category","embeddable":true,"href":"https:\/\/www.notibras.com\/site\/wp-json\/wp\/v2\/categories?post=384702"},{"taxonomy":"post_tag","embeddable":true,"href":"https:\/\/www.notibras.com\/site\/wp-json\/wp\/v2\/tags?post=384702"}],"curies":[{"name":"wp","href":"https:\/\/api.w.org\/{rel}","templated":true}]}}