{"id":384748,"date":"2026-02-27T00:15:39","date_gmt":"2026-02-27T03:15:39","guid":{"rendered":"https:\/\/www.notibras.com\/site\/?p=384748"},"modified":"2026-02-26T09:32:38","modified_gmt":"2026-02-26T12:32:38","slug":"era-uma-vez-2","status":"publish","type":"post","link":"https:\/\/www.notibras.com\/site\/era-uma-vez-2\/","title":{"rendered":"Era uma vez&#8230;"},"content":{"rendered":"<p>Era uma vez uma menina chamada Alice, que vivia em uma terra maravilhosa. O clima era ameno, n\u00e3o havia calamidades naturais, nem mesmo inunda\u00e7\u00f5es, embora chovesse todos os dias. Mas era bem pouco, o suficiente para regar por algumas horas as plantas, da grama das pradarias a \u00e1rvores gigantescas.<\/p>\n<p>E todos falavam. N\u00e3o apenas as esp\u00e9cies animais, entre elas a esp\u00e9cie humana, mas todos os seres vivos, at\u00e9 mesmo micr\u00f3bios, bact\u00e9rias e v\u00edrus infinitesimais, estes \u00faltimos seres cuja vitalidade \u00e9 questionada por diversos cientistas. Falavam de acordo com suas condi\u00e7\u00f5es corporais, alguns emitindo sons claramente, outros apenas murm\u00farios, rosnados e gemidos, ou recorrendo \u00e0 silenciosa movimenta\u00e7\u00e3o corporal e \u00e0 telepatia; mas todos os viventes conseguiam se comunicar entre si.<\/p>\n<p>E todos reverenciavam a mesma divindade. Era o deus-vida, que lhes garantia a liberdade de ser o que eram e de evoluir dentro dos limites inscritos em seus genes, em seu DNA.<\/p>\n<p>E todos dan\u00e7avam em louvor ao deus-vida: talvez o \u00fanico ritual daquela terra de maravilhas. No fim da tarde, quando o sol tingia de vermelho os topos das montanhas, antes de desaparecer e ceder seu lugar no firmamento \u00e0 lua e \u00e0s estrelas, todos cessavam por um momento o que estavam fazendo e dan\u00e7avam em agradecimento pela exist\u00eancia. Predadores e presas dan\u00e7avam lado a lado, sem temor, antes de a persegui\u00e7\u00e3o ser retomada, na eterna luta pela sobreviv\u00eancia. Borboletas, abelhas e outros insetos alados criavam lindas coreografias a\u00e9reas. Os que conseguiam emitir sons articulados entoavam louvores e dan\u00e7avam ao seu ritmo; os vegetais, imobilizados, moviam suas folhas, filtravam o vento entre elas e geravam, desse modo, suaves acalantos. N\u00e3o havia cientistas para descrever o que faziam micr\u00f3bios, bact\u00e9rias e v\u00edrus, mas certamente tamb\u00e9m agradeciam, cada um a sua maneira, \u00e0 divindade, pela d\u00e1diva de estarem vivos.<\/p>\n<p>Certo dia, Alice caminhava pelo prado, pisando com cuidado, para n\u00e3o machucar as l\u00e2minas da grama, quando encontrou dois objetos desconhecidos: um espelho e um livro. Examinou o mais simples deles, e viu que em sua superf\u00edcie fria apareciam as fei\u00e7\u00f5es de uma menina. Recuou, assustada; o rosto da garota desapareceu. Olhou em volta, estava sozinha. Aproximou-se da coisa, com cuidado, e viu o rosto reaparecer, com a mesma express\u00e3o cautelosa de sua fisionomia.<\/p>\n<p>Alice come\u00e7ou a desconfiar do que estava acontecendo. Caretas, um sorriso escancarado, um beicinho de tristeza simulada, tudo isso foi reproduzido no rosto no espelho.<\/p>\n<p>&#8211; Sou eu mesma! \u2013 concluiu, triunfante. \u2013 O deus-vida me mandou essa coisa para eu me ver!<\/p>\n<p>Satisfeita, passou a examinar o segundo objeto. Tinha duas superf\u00edcies grandes, de igual tamanho, na frente e atr\u00e1s e, entre elas, muitas superf\u00edcies menores, cobertas de pequenos sinais. A superf\u00edcie da frente tinha uma inscri\u00e7\u00e3o e, logo embaixo, a imagem de algu\u00e9m semelhante a Alice, cuja perna atravessava a superf\u00edcie fria de um objeto parecido com o que mostrara o rosto da menina.<\/p>\n<p>Ningu\u00e9m sabia ler ou escrever na terra das maravilhas, Alice n\u00e3o tinha como identificar o objeto em suas m\u00e3os como um livro, com as capas e folhas escritas. E muito menos o t\u00edtulo, Alice atrav\u00e9s do espelho. No entanto, a experi\u00eancia anterior com o espelho lhe permitiu compreender a cena: uma menina penetra pela coisa fria.<\/p>\n<p>Alice come\u00e7ou a folhear o livro e viu ilustra\u00e7\u00f5es de bichinhos que dan\u00e7avam, riam&#8230; tudo familiar. Exclamou:<\/p>\n<p>&#8211; \u00c9 outra terra das maravilhas! Diferente da minha, quer dizer, da nossa \u2013 corrigiu r\u00e1pido, com um gesto de desculpas para a grama \u2013, mas tamb\u00e9m maravilhosa. Vou visit\u00e1-la!<\/p>\n<p>&#8211; Alice, n\u00e3o v\u00e1! \u00c9 perigoso! \u2013 exclamaram em un\u00edssono as folhas de grama.<\/p>\n<p>&#8211; N\u00e3o se preocupem, vou tomar cuidado.<\/p>\n<p>&#8211; Mas voc\u00ea vai perder a dan\u00e7a pro deus-vida!<\/p>\n<p>&#8211; Nada disso, fico pouco tempo l\u00e1, volto bem antes do cair da tarde.<\/p>\n<p>Vendo a express\u00e3o decidida no rosto da menina, a grama silenciou. Antes que Alice atravessasse, por\u00e9m, o mundo de outra Alice irrompeu pelo espelho. Era a Inglaterra de 1862, ano em que Charles Dodgson \u2013 pseud\u00f4nimo Lewis Carroll \u2013 conta a Alice Liddell, menina de 10 anos, as aventuras de outra Alice numa terra fant\u00e1stica, e a crian\u00e7a, fascinada, suplica-lhe que escreva o relato, publicado tr\u00eas anos depois. A Inglaterra vitoriana, com igrejas que consideraram blasfemo o culto ao deus-vida e o perseguiram; f\u00e1bricas que polu\u00edam a atmosfera, as \u00e1guas e o solo; oper\u00e1rios que acionavam as m\u00e1quinas, atingidos pela tuberculose e outras doen\u00e7as causadas ou agravadas por 12 horas di\u00e1rias de trabalho brutal e ininterrupto; os donos das f\u00e1bricas, de terras, nobre e reis, levando a desigualdade para uma terra at\u00e9 ent\u00e3o sem senhores; ex\u00e9rcitos e marinhas para garantir a ordem. E com eles chegou a guerra, flagelo dos flagelos.<\/p>\n<p>E veio todo o resto do planeta. Col\u00f4nias, onde a explora\u00e7\u00e3o do trabalho era inimagin\u00e1vel, ainda pior que nas f\u00e1bricas inglesas. Predadores, que desconheciam o c\u00f3digo de paralisa\u00e7\u00e3o da ca\u00e7ada para o louvor da divindade. Tempestades, furac\u00f5es, terremotos, maremotos, erup\u00e7\u00f5es vulc\u00e2nicas, todas as armas com que a natureza dava o troco \u00e0 devasta\u00e7\u00e3o causada pelo homem.<\/p>\n<p>E a terra das maravilhas \u2013 n\u00e3o a liter\u00e1ria, de Lewis Carroll e sua pequena musa de 10 anos, mas a outra, a da nossa Alice \u2013 deixou de existir.<\/p>\n","protected":false},"excerpt":{"rendered":"<p>Era uma vez uma menina chamada Alice, que vivia em uma terra maravilhosa. O clima era ameno, n\u00e3o havia calamidades naturais, nem mesmo inunda\u00e7\u00f5es, embora chovesse todos os dias. Mas era bem pouco, o suficiente para regar por algumas horas as plantas, da grama das pradarias a \u00e1rvores gigantescas. E todos falavam. N\u00e3o apenas as [&hellip;]<\/p>\n","protected":false},"author":21,"featured_media":384749,"comment_status":"closed","ping_status":"closed","sticky":false,"template":"","format":"standard","meta":{"_acf_changed":false,"footnotes":""},"categories":[234],"tags":[],"class_list":["post-384748","post","type-post","status-publish","format-standard","has-post-thumbnail","hentry","category-cafe-literario"],"acf":[],"yoast_head":"<!-- This site is optimized with the Yoast SEO plugin v27.2 - https:\/\/yoast.com\/product\/yoast-seo-wordpress\/ -->\n<title>Era uma vez... - Notibras<\/title>\n<meta name=\"robots\" content=\"index, follow, max-snippet:-1, max-image-preview:large, max-video-preview:-1\" \/>\n<link rel=\"canonical\" href=\"https:\/\/www.notibras.com\/site\/era-uma-vez-2\/\" \/>\n<meta property=\"og:locale\" content=\"pt_BR\" \/>\n<meta property=\"og:type\" content=\"article\" \/>\n<meta property=\"og:title\" content=\"Era uma vez... - Notibras\" \/>\n<meta property=\"og:description\" content=\"Era uma vez uma menina chamada Alice, que vivia em uma terra maravilhosa. O clima era ameno, n\u00e3o havia calamidades naturais, nem mesmo inunda\u00e7\u00f5es, embora chovesse todos os dias. Mas era bem pouco, o suficiente para regar por algumas horas as plantas, da grama das pradarias a \u00e1rvores gigantescas. E todos falavam. N\u00e3o apenas as [&hellip;]\" \/>\n<meta property=\"og:url\" content=\"https:\/\/www.notibras.com\/site\/era-uma-vez-2\/\" \/>\n<meta property=\"og:site_name\" content=\"Notibras\" \/>\n<meta property=\"article:publisher\" content=\"https:\/\/www.facebook.com\/notibras\/\" \/>\n<meta property=\"article:published_time\" content=\"2026-02-27T03:15:39+00:00\" \/>\n<meta property=\"og:image\" content=\"https:\/\/www.notibras.com\/site\/wp-content\/uploads\/2026\/02\/1c6fa55f-e866-431d-9524-e95f10f50422.jpg\" \/>\n\t<meta property=\"og:image:width\" content=\"959\" \/>\n\t<meta property=\"og:image:height\" content=\"911\" \/>\n\t<meta property=\"og:image:type\" content=\"image\/jpeg\" \/>\n<meta name=\"author\" content=\"Eduardo Mart\u00ednez\" \/>\n<meta name=\"twitter:card\" content=\"summary_large_image\" \/>\n<meta name=\"twitter:creator\" content=\"@Notibras\" \/>\n<meta name=\"twitter:site\" content=\"@Notibras\" \/>\n<meta name=\"twitter:label1\" content=\"Escrito por\" \/>\n\t<meta name=\"twitter:data1\" content=\"Eduardo Mart\u00ednez\" \/>\n\t<meta name=\"twitter:label2\" content=\"Est. tempo de leitura\" \/>\n\t<meta name=\"twitter:data2\" content=\"5 minutos\" \/>\n<script type=\"application\/ld+json\" class=\"yoast-schema-graph\">{\"@context\":\"https:\/\/schema.org\",\"@graph\":[{\"@type\":\"Article\",\"@id\":\"https:\/\/www.notibras.com\/site\/era-uma-vez-2\/#article\",\"isPartOf\":{\"@id\":\"https:\/\/www.notibras.com\/site\/era-uma-vez-2\/\"},\"author\":{\"name\":\"Eduardo Mart\u00ednez\",\"@id\":\"https:\/\/www.notibras.com\/site\/#\/schema\/person\/5b7fabf2aedc3ada2105f03b22b4d3dd\"},\"headline\":\"Era uma vez&#8230;\",\"datePublished\":\"2026-02-27T03:15:39+00:00\",\"mainEntityOfPage\":{\"@id\":\"https:\/\/www.notibras.com\/site\/era-uma-vez-2\/\"},\"wordCount\":925,\"publisher\":{\"@id\":\"https:\/\/www.notibras.com\/site\/#organization\"},\"image\":{\"@id\":\"https:\/\/www.notibras.com\/site\/era-uma-vez-2\/#primaryimage\"},\"thumbnailUrl\":\"https:\/\/www.notibras.com\/site\/wp-content\/uploads\/2026\/02\/1c6fa55f-e866-431d-9524-e95f10f50422.jpg\",\"articleSection\":[\"Caf\u00e9 Liter\u00e1rio\"],\"inLanguage\":\"pt-BR\"},{\"@type\":\"WebPage\",\"@id\":\"https:\/\/www.notibras.com\/site\/era-uma-vez-2\/\",\"url\":\"https:\/\/www.notibras.com\/site\/era-uma-vez-2\/\",\"name\":\"Era uma vez... - Notibras\",\"isPartOf\":{\"@id\":\"https:\/\/www.notibras.com\/site\/#website\"},\"primaryImageOfPage\":{\"@id\":\"https:\/\/www.notibras.com\/site\/era-uma-vez-2\/#primaryimage\"},\"image\":{\"@id\":\"https:\/\/www.notibras.com\/site\/era-uma-vez-2\/#primaryimage\"},\"thumbnailUrl\":\"https:\/\/www.notibras.com\/site\/wp-content\/uploads\/2026\/02\/1c6fa55f-e866-431d-9524-e95f10f50422.jpg\",\"datePublished\":\"2026-02-27T03:15:39+00:00\",\"breadcrumb\":{\"@id\":\"https:\/\/www.notibras.com\/site\/era-uma-vez-2\/#breadcrumb\"},\"inLanguage\":\"pt-BR\",\"potentialAction\":[{\"@type\":\"ReadAction\",\"target\":[\"https:\/\/www.notibras.com\/site\/era-uma-vez-2\/\"]}]},{\"@type\":\"ImageObject\",\"inLanguage\":\"pt-BR\",\"@id\":\"https:\/\/www.notibras.com\/site\/era-uma-vez-2\/#primaryimage\",\"url\":\"https:\/\/www.notibras.com\/site\/wp-content\/uploads\/2026\/02\/1c6fa55f-e866-431d-9524-e95f10f50422.jpg\",\"contentUrl\":\"https:\/\/www.notibras.com\/site\/wp-content\/uploads\/2026\/02\/1c6fa55f-e866-431d-9524-e95f10f50422.jpg\",\"width\":959,\"height\":911},{\"@type\":\"BreadcrumbList\",\"@id\":\"https:\/\/www.notibras.com\/site\/era-uma-vez-2\/#breadcrumb\",\"itemListElement\":[{\"@type\":\"ListItem\",\"position\":1,\"name\":\"In\u00edcio\",\"item\":\"https:\/\/www.notibras.com\/site\/\"},{\"@type\":\"ListItem\",\"position\":2,\"name\":\"Era uma vez&#8230;\"}]},{\"@type\":\"WebSite\",\"@id\":\"https:\/\/www.notibras.com\/site\/#website\",\"url\":\"https:\/\/www.notibras.com\/site\/\",\"name\":\"Notibras\",\"description\":\"Not\u00edcias de Bras\u00edlia, do Brasil e do Mundo\",\"publisher\":{\"@id\":\"https:\/\/www.notibras.com\/site\/#organization\"},\"potentialAction\":[{\"@type\":\"SearchAction\",\"target\":{\"@type\":\"EntryPoint\",\"urlTemplate\":\"https:\/\/www.notibras.com\/site\/?s={search_term_string}\"},\"query-input\":{\"@type\":\"PropertyValueSpecification\",\"valueRequired\":true,\"valueName\":\"search_term_string\"}}],\"inLanguage\":\"pt-BR\"},{\"@type\":\"Organization\",\"@id\":\"https:\/\/www.notibras.com\/site\/#organization\",\"name\":\"Grupo Notibras de Comunica\u00e7\u00e3o\",\"url\":\"https:\/\/www.notibras.com\/site\/\",\"logo\":{\"@type\":\"ImageObject\",\"inLanguage\":\"pt-BR\",\"@id\":\"https:\/\/www.notibras.com\/site\/#\/schema\/logo\/image\/\",\"url\":\"https:\/\/www.notibras.com\/site\/wp-content\/uploads\/2023\/01\/notibras23.png\",\"contentUrl\":\"https:\/\/www.notibras.com\/site\/wp-content\/uploads\/2023\/01\/notibras23.png\",\"width\":350,\"height\":87,\"caption\":\"Grupo Notibras de Comunica\u00e7\u00e3o\"},\"image\":{\"@id\":\"https:\/\/www.notibras.com\/site\/#\/schema\/logo\/image\/\"},\"sameAs\":[\"https:\/\/www.facebook.com\/notibras\/\",\"https:\/\/x.com\/Notibras\",\"https:\/\/www.instagram.com\/notibras\/\"]},{\"@type\":\"Person\",\"@id\":\"https:\/\/www.notibras.com\/site\/#\/schema\/person\/5b7fabf2aedc3ada2105f03b22b4d3dd\",\"name\":\"Eduardo Mart\u00ednez\",\"image\":{\"@type\":\"ImageObject\",\"inLanguage\":\"pt-BR\",\"@id\":\"https:\/\/secure.gravatar.com\/avatar\/7902f906289926289cbcda644b5197c796b893c6ffd7b9a536a42d290f7704a0?s=96&d=mm&r=g\",\"url\":\"https:\/\/secure.gravatar.com\/avatar\/7902f906289926289cbcda644b5197c796b893c6ffd7b9a536a42d290f7704a0?s=96&d=mm&r=g\",\"contentUrl\":\"https:\/\/secure.gravatar.com\/avatar\/7902f906289926289cbcda644b5197c796b893c6ffd7b9a536a42d290f7704a0?s=96&d=mm&r=g\",\"caption\":\"Eduardo Mart\u00ednez\"}}]}<\/script>\n<!-- \/ Yoast SEO plugin. -->","yoast_head_json":{"title":"Era uma vez... - Notibras","robots":{"index":"index","follow":"follow","max-snippet":"max-snippet:-1","max-image-preview":"max-image-preview:large","max-video-preview":"max-video-preview:-1"},"canonical":"https:\/\/www.notibras.com\/site\/era-uma-vez-2\/","og_locale":"pt_BR","og_type":"article","og_title":"Era uma vez... - Notibras","og_description":"Era uma vez uma menina chamada Alice, que vivia em uma terra maravilhosa. O clima era ameno, n\u00e3o havia calamidades naturais, nem mesmo inunda\u00e7\u00f5es, embora chovesse todos os dias. Mas era bem pouco, o suficiente para regar por algumas horas as plantas, da grama das pradarias a \u00e1rvores gigantescas. E todos falavam. N\u00e3o apenas as [&hellip;]","og_url":"https:\/\/www.notibras.com\/site\/era-uma-vez-2\/","og_site_name":"Notibras","article_publisher":"https:\/\/www.facebook.com\/notibras\/","article_published_time":"2026-02-27T03:15:39+00:00","og_image":[{"width":959,"height":911,"url":"https:\/\/www.notibras.com\/site\/wp-content\/uploads\/2026\/02\/1c6fa55f-e866-431d-9524-e95f10f50422.jpg","type":"image\/jpeg"}],"author":"Eduardo Mart\u00ednez","twitter_card":"summary_large_image","twitter_creator":"@Notibras","twitter_site":"@Notibras","twitter_misc":{"Escrito por":"Eduardo Mart\u00ednez","Est. tempo de leitura":"5 minutos"},"schema":{"@context":"https:\/\/schema.org","@graph":[{"@type":"Article","@id":"https:\/\/www.notibras.com\/site\/era-uma-vez-2\/#article","isPartOf":{"@id":"https:\/\/www.notibras.com\/site\/era-uma-vez-2\/"},"author":{"name":"Eduardo Mart\u00ednez","@id":"https:\/\/www.notibras.com\/site\/#\/schema\/person\/5b7fabf2aedc3ada2105f03b22b4d3dd"},"headline":"Era uma vez&#8230;","datePublished":"2026-02-27T03:15:39+00:00","mainEntityOfPage":{"@id":"https:\/\/www.notibras.com\/site\/era-uma-vez-2\/"},"wordCount":925,"publisher":{"@id":"https:\/\/www.notibras.com\/site\/#organization"},"image":{"@id":"https:\/\/www.notibras.com\/site\/era-uma-vez-2\/#primaryimage"},"thumbnailUrl":"https:\/\/www.notibras.com\/site\/wp-content\/uploads\/2026\/02\/1c6fa55f-e866-431d-9524-e95f10f50422.jpg","articleSection":["Caf\u00e9 Liter\u00e1rio"],"inLanguage":"pt-BR"},{"@type":"WebPage","@id":"https:\/\/www.notibras.com\/site\/era-uma-vez-2\/","url":"https:\/\/www.notibras.com\/site\/era-uma-vez-2\/","name":"Era uma vez... - Notibras","isPartOf":{"@id":"https:\/\/www.notibras.com\/site\/#website"},"primaryImageOfPage":{"@id":"https:\/\/www.notibras.com\/site\/era-uma-vez-2\/#primaryimage"},"image":{"@id":"https:\/\/www.notibras.com\/site\/era-uma-vez-2\/#primaryimage"},"thumbnailUrl":"https:\/\/www.notibras.com\/site\/wp-content\/uploads\/2026\/02\/1c6fa55f-e866-431d-9524-e95f10f50422.jpg","datePublished":"2026-02-27T03:15:39+00:00","breadcrumb":{"@id":"https:\/\/www.notibras.com\/site\/era-uma-vez-2\/#breadcrumb"},"inLanguage":"pt-BR","potentialAction":[{"@type":"ReadAction","target":["https:\/\/www.notibras.com\/site\/era-uma-vez-2\/"]}]},{"@type":"ImageObject","inLanguage":"pt-BR","@id":"https:\/\/www.notibras.com\/site\/era-uma-vez-2\/#primaryimage","url":"https:\/\/www.notibras.com\/site\/wp-content\/uploads\/2026\/02\/1c6fa55f-e866-431d-9524-e95f10f50422.jpg","contentUrl":"https:\/\/www.notibras.com\/site\/wp-content\/uploads\/2026\/02\/1c6fa55f-e866-431d-9524-e95f10f50422.jpg","width":959,"height":911},{"@type":"BreadcrumbList","@id":"https:\/\/www.notibras.com\/site\/era-uma-vez-2\/#breadcrumb","itemListElement":[{"@type":"ListItem","position":1,"name":"In\u00edcio","item":"https:\/\/www.notibras.com\/site\/"},{"@type":"ListItem","position":2,"name":"Era uma vez&#8230;"}]},{"@type":"WebSite","@id":"https:\/\/www.notibras.com\/site\/#website","url":"https:\/\/www.notibras.com\/site\/","name":"Notibras","description":"Not\u00edcias de Bras\u00edlia, do Brasil e do Mundo","publisher":{"@id":"https:\/\/www.notibras.com\/site\/#organization"},"potentialAction":[{"@type":"SearchAction","target":{"@type":"EntryPoint","urlTemplate":"https:\/\/www.notibras.com\/site\/?s={search_term_string}"},"query-input":{"@type":"PropertyValueSpecification","valueRequired":true,"valueName":"search_term_string"}}],"inLanguage":"pt-BR"},{"@type":"Organization","@id":"https:\/\/www.notibras.com\/site\/#organization","name":"Grupo Notibras de Comunica\u00e7\u00e3o","url":"https:\/\/www.notibras.com\/site\/","logo":{"@type":"ImageObject","inLanguage":"pt-BR","@id":"https:\/\/www.notibras.com\/site\/#\/schema\/logo\/image\/","url":"https:\/\/www.notibras.com\/site\/wp-content\/uploads\/2023\/01\/notibras23.png","contentUrl":"https:\/\/www.notibras.com\/site\/wp-content\/uploads\/2023\/01\/notibras23.png","width":350,"height":87,"caption":"Grupo Notibras de Comunica\u00e7\u00e3o"},"image":{"@id":"https:\/\/www.notibras.com\/site\/#\/schema\/logo\/image\/"},"sameAs":["https:\/\/www.facebook.com\/notibras\/","https:\/\/x.com\/Notibras","https:\/\/www.instagram.com\/notibras\/"]},{"@type":"Person","@id":"https:\/\/www.notibras.com\/site\/#\/schema\/person\/5b7fabf2aedc3ada2105f03b22b4d3dd","name":"Eduardo Mart\u00ednez","image":{"@type":"ImageObject","inLanguage":"pt-BR","@id":"https:\/\/secure.gravatar.com\/avatar\/7902f906289926289cbcda644b5197c796b893c6ffd7b9a536a42d290f7704a0?s=96&d=mm&r=g","url":"https:\/\/secure.gravatar.com\/avatar\/7902f906289926289cbcda644b5197c796b893c6ffd7b9a536a42d290f7704a0?s=96&d=mm&r=g","contentUrl":"https:\/\/secure.gravatar.com\/avatar\/7902f906289926289cbcda644b5197c796b893c6ffd7b9a536a42d290f7704a0?s=96&d=mm&r=g","caption":"Eduardo Mart\u00ednez"}}]}},"amp_enabled":true,"_links":{"self":[{"href":"https:\/\/www.notibras.com\/site\/wp-json\/wp\/v2\/posts\/384748","targetHints":{"allow":["GET"]}}],"collection":[{"href":"https:\/\/www.notibras.com\/site\/wp-json\/wp\/v2\/posts"}],"about":[{"href":"https:\/\/www.notibras.com\/site\/wp-json\/wp\/v2\/types\/post"}],"author":[{"embeddable":true,"href":"https:\/\/www.notibras.com\/site\/wp-json\/wp\/v2\/users\/21"}],"replies":[{"embeddable":true,"href":"https:\/\/www.notibras.com\/site\/wp-json\/wp\/v2\/comments?post=384748"}],"version-history":[{"count":1,"href":"https:\/\/www.notibras.com\/site\/wp-json\/wp\/v2\/posts\/384748\/revisions"}],"predecessor-version":[{"id":384750,"href":"https:\/\/www.notibras.com\/site\/wp-json\/wp\/v2\/posts\/384748\/revisions\/384750"}],"wp:featuredmedia":[{"embeddable":true,"href":"https:\/\/www.notibras.com\/site\/wp-json\/wp\/v2\/media\/384749"}],"wp:attachment":[{"href":"https:\/\/www.notibras.com\/site\/wp-json\/wp\/v2\/media?parent=384748"}],"wp:term":[{"taxonomy":"category","embeddable":true,"href":"https:\/\/www.notibras.com\/site\/wp-json\/wp\/v2\/categories?post=384748"},{"taxonomy":"post_tag","embeddable":true,"href":"https:\/\/www.notibras.com\/site\/wp-json\/wp\/v2\/tags?post=384748"}],"curies":[{"name":"wp","href":"https:\/\/api.w.org\/{rel}","templated":true}]}}