{"id":384754,"date":"2026-02-26T12:11:46","date_gmt":"2026-02-26T15:11:46","guid":{"rendered":"https:\/\/www.notibras.com\/site\/?p=384754"},"modified":"2026-02-26T12:49:39","modified_gmt":"2026-02-26T15:49:39","slug":"quebra-dos-sigilos-de-lulinha-acaba-em-briga","status":"publish","type":"post","link":"https:\/\/www.notibras.com\/site\/quebra-dos-sigilos-de-lulinha-acaba-em-briga\/","title":{"rendered":"Quebra dos sigilos de Lulinha acaba em briga"},"content":{"rendered":"<p>Os integrantes da Comiss\u00e3o Parlamentar Mista de Inqu\u00e9rito (CPMI) do Instituto Nacional do Seguro Social (INSS) aprovaram, nesta quinta-feira (26), as quebras de sigilos banc\u00e1rios e fiscais do empres\u00e1rio F\u00e1bio Lu\u00eds Lula da Silva, filho do presidente da Rep\u00fablica, Luiz In\u00e1cio Lula da Silva.<\/p>\n<p>O pedido de elabora\u00e7\u00e3o de relat\u00f3rios de intelig\u00eancia financeira e de quebra dos sigilos banc\u00e1rio e fiscal de Lulinha foi solicitado pelo deputado Alfredo Gaspar (Uni\u00e3o\/AL)<\/p>\n<p>Lulinha \u00e9 citado na decis\u00e3o do Supremo Tribunal Federal (STF) que autorizou a Pol\u00edcia Federal (PF) e a Controladoria-Geral da Uni\u00e3o (CGU) a realizarem, em 18 de dezembro de 2025, uma nova fase da Opera\u00e7\u00e3o Sem Desconto, que investiga o esquema nacional de descontos associativos n\u00e3o autorizados que lesou milh\u00f5es de aposentados e pensionistas de todo o Brasil.<\/p>\n<p>Mensagens que a PF extraiu do celular de Ant\u00f4nio Carlos Camilo Antunes, o Careca do INSS, principal operador do esquema criminoso, citam o repasse de ao menos R$ 300 mil para \u201co filho do rapaz\u201d \u2013 que, segundo os investigadores, seria uma alus\u00e3o a Lulinha.<\/p>\n<p>\u201cA quebra dos sigilos banc\u00e1rio e fiscal, bem como o acesso ao Relat\u00f3rio de Intelig\u00eancia Financeira (RIF) de Fabio Luis Lula da Silva, tornam-se imperativos t\u00e9cnicos para a CPMI do INSS\u201d, afirmou o deputado Alfredo Gaspar ao justificar seu requerimento.<\/p>\n<p>Em nota divulgada na quarta, 25, a defesa de Lulinha afirmou que o cliente n\u00e3o tem nenhuma rela\u00e7\u00e3o com as fraudes contra os benefici\u00e1rios do INSS, n\u00e3o tendo participado de desvios nem recebido quaisquer valores de fontes criminosas.<\/p>\n<p>\u201cDiante da incessante campanha midi\u00e1tica reproduzindo dados parciais e sigilosos de uma investiga\u00e7\u00e3o em andamento, entendi ser necess\u00e1rio requerer ao STF acesso \u00e0 investiga\u00e7\u00e3o\u201d, revelou o advogado Guilherme Suguimori Santos.<\/p>\n<p>O advogado informou que Silva se colocou \u00e0 disposi\u00e7\u00e3o do Supremo para prestar esclarecimentos, t\u00e3o logo a defesa tenha acesso aos autos do processo. \u201cO acesso aos autos ainda n\u00e3o foi concedido a Silva, o que impede qualquer outra manifesta\u00e7\u00e3o atual, uma vez que trabalhamos com fatos e provas, n\u00e3o com o combate contra conjecturas inverific\u00e1veis\u201d, argumentou o advogado.<\/p>\n<p><strong>Requerimentos<\/strong><br \/>\nDurante a 32\u00aa reuni\u00e3o da CPMI, os deputados e senadores que integram o colegiado votaram outros 86 requerimentos, incluindo a quebra dos sigilos banc\u00e1rio e fiscal do Banco Master e novas convoca\u00e7\u00f5es, como a do ex-executivo e s\u00f3cio do Banco Master Augusto Ferreira Lima.<\/p>\n<p>\u201cLima deixou a sociedade no Banco Master em 2024\u201d, disse a senadora Damares Alves (Republicanos-DF), em seu requerimento, no qual lembra que, segundo a PF, o ex-executivo do Master e atual controlador do Banco Pleno \u00e9 suspeito de ter \u201catuado na estrutura interna da institui\u00e7\u00e3o financeira [Master] e participado de manobras operacionais voltadas a ocultar irregularidades [posteriormente] identificadas pelo Banco Central\u201d.<\/p>\n<p>Tamb\u00e9m foram aprovadas v\u00e1rias outras convoca\u00e7\u00f5es, como a do ex-deputado federal Andr\u00e9 Luis Dantas Ferreira, o Andr\u00e9 Moura; da empres\u00e1ria Danielle Miranda Fontelles e de Gustavo Marques Gaspar, ex-assessor do senador Weverton Rocha (PDT-MA), entre outros.<\/p>\n<p>Segundo o deputado federal Rog\u00e9rio Correia (PT-MG), um dos autores do requerimento para convocar Ferreira, o ex-deputado federal vem sendo \u201capontado como um dos poss\u00edveis articuladores do esquema de fraude no INSS, sobretudo no estado do Sergipe\u201d.<\/p>\n<p>Danielle \u00e9 apontada como \u201crespons\u00e1vel por operar estruturas dos fraudadores no exterior, facilitando a circula\u00e7\u00e3o internacional de capitais e a lavagem de dinheiro por meio de uma de suas empresas\u201d, e de Gustavo Marques Gaspar, ex-assessor do senador Weverton Rocha (PDT-MA).<\/p>\n<p>Gaspar foi um dos alvos da opera\u00e7\u00e3o que a PF e a CGU deflagraram em 18 de dezembro do ano passado, por supostas \u201crela\u00e7\u00f5es do investigado com diversos integrantes do esquema de descontos associativos fraudulentos.<\/p>\n<p>Os 87 requerimentos foram votados em bloco, sem discuss\u00e3o do m\u00e9rito individual de cada solicita\u00e7\u00e3o. Proclamado o resultado, houve um in\u00edcio de tumulto, com empurra-empurra e trocas de socos, motivando a interrup\u00e7\u00e3o da reuni\u00e3o.<\/p>\n<p><strong>Depoimentos <\/strong><br \/>\nAl\u00e9m de votar os requerimentos, a CPMI do INSS vai ouvir o depoimento do empres\u00e1rio Paulo Camisotti. Filho e s\u00f3cio do tamb\u00e9m empres\u00e1rio Maur\u00edcio Camisotti &#8211; que est\u00e1 preso, acusado de envolvimento nas fraudes contra aposentados e pensionistas -, Filho est\u00e1 sendo investigado por suposta participa\u00e7\u00e3o na fraude bilion\u00e1ria.<\/p>\n<p>Os parlamentares tamb\u00e9m pretendiam ouvir o deputado estadual Edson Cunha de Ara\u00fajo (PSB\/MA) e o advogado Cec\u00edlio Galv\u00e3o, mas eles n\u00e3o compareceram. De acordo com o presidente da comiss\u00e3o, o deputado Carlos Viana (Podemos\/MG), Ara\u00fajo alegou motivo de sa\u00fade e a proibi\u00e7\u00e3o de deixar a capital maranhense, S\u00e3o Lu\u00eds, e de se aproximar do deputado federal Duarte Junior (PSB), que integra a CPMI, conforme determinado pelo ministro do STF, Andr\u00e9 Mendon\u00e7a.<\/p>\n<p>Galv\u00e3o alegou estar impedido de prestar depoimento nesta quinta-feira por ter compromissos profissionais \u2013 justificativa que motivou o presidente da CPMI a determinar que a secretaria do Senado adote as provid\u00eancias necess\u00e1rias para, t\u00e3o logo poss\u00edvel, realizar a condu\u00e7\u00e3o coercitiva de Galv\u00e3o.<\/p>\n","protected":false},"excerpt":{"rendered":"<p>Os integrantes da Comiss\u00e3o Parlamentar Mista de Inqu\u00e9rito (CPMI) do Instituto Nacional do Seguro Social (INSS) aprovaram, nesta quinta-feira (26), as quebras de sigilos banc\u00e1rios e fiscais do empres\u00e1rio F\u00e1bio Lu\u00eds Lula da Silva, filho do presidente da Rep\u00fablica, Luiz In\u00e1cio Lula da Silva. O pedido de elabora\u00e7\u00e3o de relat\u00f3rios de intelig\u00eancia financeira e de [&hellip;]<\/p>\n","protected":false},"author":2,"featured_media":384755,"comment_status":"closed","ping_status":"closed","sticky":false,"template":"","format":"standard","meta":{"_acf_changed":false,"footnotes":""},"categories":[16],"tags":[95],"class_list":["post-384754","post","type-post","status-publish","format-standard","has-post-thumbnail","hentry","category-brasil","tag-capa"],"acf":[],"yoast_head":"<!-- This site is optimized with the Yoast SEO plugin v27.2 - https:\/\/yoast.com\/product\/yoast-seo-wordpress\/ -->\n<title>Quebra dos sigilos de Lulinha acaba em briga - Notibras<\/title>\n<meta name=\"robots\" content=\"index, follow, max-snippet:-1, max-image-preview:large, max-video-preview:-1\" \/>\n<link rel=\"canonical\" href=\"https:\/\/www.notibras.com\/site\/quebra-dos-sigilos-de-lulinha-acaba-em-briga\/\" \/>\n<meta property=\"og:locale\" content=\"pt_BR\" \/>\n<meta property=\"og:type\" content=\"article\" \/>\n<meta property=\"og:title\" content=\"Quebra dos sigilos de Lulinha acaba em briga - Notibras\" \/>\n<meta property=\"og:description\" content=\"Os integrantes da Comiss\u00e3o Parlamentar Mista de Inqu\u00e9rito (CPMI) do Instituto Nacional do Seguro Social (INSS) aprovaram, nesta quinta-feira (26), as quebras de sigilos banc\u00e1rios e fiscais do empres\u00e1rio F\u00e1bio Lu\u00eds Lula da Silva, filho do presidente da Rep\u00fablica, Luiz In\u00e1cio Lula da Silva. O pedido de elabora\u00e7\u00e3o de relat\u00f3rios de intelig\u00eancia financeira e de [&hellip;]\" \/>\n<meta property=\"og:url\" content=\"https:\/\/www.notibras.com\/site\/quebra-dos-sigilos-de-lulinha-acaba-em-briga\/\" \/>\n<meta property=\"og:site_name\" content=\"Notibras\" \/>\n<meta property=\"article:publisher\" content=\"https:\/\/www.facebook.com\/notibras\/\" \/>\n<meta property=\"article:published_time\" content=\"2026-02-26T15:11:46+00:00\" \/>\n<meta property=\"article:modified_time\" content=\"2026-02-26T15:49:39+00:00\" \/>\n<meta property=\"og:image\" content=\"https:\/\/www.notibras.com\/site\/wp-content\/uploads\/2026\/02\/55117308081_6d86a3f3c5_3k.webp\" \/>\n\t<meta property=\"og:image:width\" content=\"1170\" \/>\n\t<meta property=\"og:image:height\" content=\"700\" \/>\n\t<meta property=\"og:image:type\" content=\"image\/webp\" \/>\n<meta name=\"author\" content=\"Reda\u00e7\u00e3o\" \/>\n<meta name=\"twitter:card\" content=\"summary_large_image\" \/>\n<meta name=\"twitter:creator\" content=\"@Notibras\" \/>\n<meta name=\"twitter:site\" content=\"@Notibras\" \/>\n<meta name=\"twitter:label1\" content=\"Escrito por\" \/>\n\t<meta name=\"twitter:data1\" content=\"Reda\u00e7\u00e3o\" \/>\n\t<meta name=\"twitter:label2\" content=\"Est. tempo de leitura\" \/>\n\t<meta name=\"twitter:data2\" content=\"5 minutos\" \/>\n<script type=\"application\/ld+json\" class=\"yoast-schema-graph\">{\"@context\":\"https:\/\/schema.org\",\"@graph\":[{\"@type\":\"Article\",\"@id\":\"https:\/\/www.notibras.com\/site\/quebra-dos-sigilos-de-lulinha-acaba-em-briga\/#article\",\"isPartOf\":{\"@id\":\"https:\/\/www.notibras.com\/site\/quebra-dos-sigilos-de-lulinha-acaba-em-briga\/\"},\"author\":{\"name\":\"Reda\u00e7\u00e3o\",\"@id\":\"https:\/\/www.notibras.com\/site\/#\/schema\/person\/36ab0979449956132d3e5b517ea76ac8\"},\"headline\":\"Quebra dos sigilos de Lulinha acaba em briga\",\"datePublished\":\"2026-02-26T15:11:46+00:00\",\"dateModified\":\"2026-02-26T15:49:39+00:00\",\"mainEntityOfPage\":{\"@id\":\"https:\/\/www.notibras.com\/site\/quebra-dos-sigilos-de-lulinha-acaba-em-briga\/\"},\"wordCount\":873,\"publisher\":{\"@id\":\"https:\/\/www.notibras.com\/site\/#organization\"},\"image\":{\"@id\":\"https:\/\/www.notibras.com\/site\/quebra-dos-sigilos-de-lulinha-acaba-em-briga\/#primaryimage\"},\"thumbnailUrl\":\"https:\/\/www.notibras.com\/site\/wp-content\/uploads\/2026\/02\/55117308081_6d86a3f3c5_3k.webp\",\"keywords\":[\"capa\"],\"articleSection\":[\"Brasil\"],\"inLanguage\":\"pt-BR\"},{\"@type\":\"WebPage\",\"@id\":\"https:\/\/www.notibras.com\/site\/quebra-dos-sigilos-de-lulinha-acaba-em-briga\/\",\"url\":\"https:\/\/www.notibras.com\/site\/quebra-dos-sigilos-de-lulinha-acaba-em-briga\/\",\"name\":\"Quebra dos sigilos de Lulinha acaba em briga - Notibras\",\"isPartOf\":{\"@id\":\"https:\/\/www.notibras.com\/site\/#website\"},\"primaryImageOfPage\":{\"@id\":\"https:\/\/www.notibras.com\/site\/quebra-dos-sigilos-de-lulinha-acaba-em-briga\/#primaryimage\"},\"image\":{\"@id\":\"https:\/\/www.notibras.com\/site\/quebra-dos-sigilos-de-lulinha-acaba-em-briga\/#primaryimage\"},\"thumbnailUrl\":\"https:\/\/www.notibras.com\/site\/wp-content\/uploads\/2026\/02\/55117308081_6d86a3f3c5_3k.webp\",\"datePublished\":\"2026-02-26T15:11:46+00:00\",\"dateModified\":\"2026-02-26T15:49:39+00:00\",\"breadcrumb\":{\"@id\":\"https:\/\/www.notibras.com\/site\/quebra-dos-sigilos-de-lulinha-acaba-em-briga\/#breadcrumb\"},\"inLanguage\":\"pt-BR\",\"potentialAction\":[{\"@type\":\"ReadAction\",\"target\":[\"https:\/\/www.notibras.com\/site\/quebra-dos-sigilos-de-lulinha-acaba-em-briga\/\"]}]},{\"@type\":\"ImageObject\",\"inLanguage\":\"pt-BR\",\"@id\":\"https:\/\/www.notibras.com\/site\/quebra-dos-sigilos-de-lulinha-acaba-em-briga\/#primaryimage\",\"url\":\"https:\/\/www.notibras.com\/site\/wp-content\/uploads\/2026\/02\/55117308081_6d86a3f3c5_3k.webp\",\"contentUrl\":\"https:\/\/www.notibras.com\/site\/wp-content\/uploads\/2026\/02\/55117308081_6d86a3f3c5_3k.webp\",\"width\":1170,\"height\":700},{\"@type\":\"BreadcrumbList\",\"@id\":\"https:\/\/www.notibras.com\/site\/quebra-dos-sigilos-de-lulinha-acaba-em-briga\/#breadcrumb\",\"itemListElement\":[{\"@type\":\"ListItem\",\"position\":1,\"name\":\"In\u00edcio\",\"item\":\"https:\/\/www.notibras.com\/site\/\"},{\"@type\":\"ListItem\",\"position\":2,\"name\":\"Quebra dos sigilos de Lulinha acaba em briga\"}]},{\"@type\":\"WebSite\",\"@id\":\"https:\/\/www.notibras.com\/site\/#website\",\"url\":\"https:\/\/www.notibras.com\/site\/\",\"name\":\"Notibras\",\"description\":\"Not\u00edcias de Bras\u00edlia, do Brasil e do Mundo\",\"publisher\":{\"@id\":\"https:\/\/www.notibras.com\/site\/#organization\"},\"potentialAction\":[{\"@type\":\"SearchAction\",\"target\":{\"@type\":\"EntryPoint\",\"urlTemplate\":\"https:\/\/www.notibras.com\/site\/?s={search_term_string}\"},\"query-input\":{\"@type\":\"PropertyValueSpecification\",\"valueRequired\":true,\"valueName\":\"search_term_string\"}}],\"inLanguage\":\"pt-BR\"},{\"@type\":\"Organization\",\"@id\":\"https:\/\/www.notibras.com\/site\/#organization\",\"name\":\"Grupo Notibras de Comunica\u00e7\u00e3o\",\"url\":\"https:\/\/www.notibras.com\/site\/\",\"logo\":{\"@type\":\"ImageObject\",\"inLanguage\":\"pt-BR\",\"@id\":\"https:\/\/www.notibras.com\/site\/#\/schema\/logo\/image\/\",\"url\":\"https:\/\/www.notibras.com\/site\/wp-content\/uploads\/2023\/01\/notibras23.png\",\"contentUrl\":\"https:\/\/www.notibras.com\/site\/wp-content\/uploads\/2023\/01\/notibras23.png\",\"width\":350,\"height\":87,\"caption\":\"Grupo Notibras de Comunica\u00e7\u00e3o\"},\"image\":{\"@id\":\"https:\/\/www.notibras.com\/site\/#\/schema\/logo\/image\/\"},\"sameAs\":[\"https:\/\/www.facebook.com\/notibras\/\",\"https:\/\/x.com\/Notibras\",\"https:\/\/www.instagram.com\/notibras\/\"]},{\"@type\":\"Person\",\"@id\":\"https:\/\/www.notibras.com\/site\/#\/schema\/person\/36ab0979449956132d3e5b517ea76ac8\",\"name\":\"Reda\u00e7\u00e3o\",\"image\":{\"@type\":\"ImageObject\",\"inLanguage\":\"pt-BR\",\"@id\":\"https:\/\/secure.gravatar.com\/avatar\/e0a867bdedb85fd243eadf09663511f96fc81e0720a4a42581f334ad4303aa6b?s=96&d=mm&r=g\",\"url\":\"https:\/\/secure.gravatar.com\/avatar\/e0a867bdedb85fd243eadf09663511f96fc81e0720a4a42581f334ad4303aa6b?s=96&d=mm&r=g\",\"contentUrl\":\"https:\/\/secure.gravatar.com\/avatar\/e0a867bdedb85fd243eadf09663511f96fc81e0720a4a42581f334ad4303aa6b?s=96&d=mm&r=g\",\"caption\":\"Reda\u00e7\u00e3o\"}}]}<\/script>\n<!-- \/ Yoast SEO plugin. -->","yoast_head_json":{"title":"Quebra dos sigilos de Lulinha acaba em briga - Notibras","robots":{"index":"index","follow":"follow","max-snippet":"max-snippet:-1","max-image-preview":"max-image-preview:large","max-video-preview":"max-video-preview:-1"},"canonical":"https:\/\/www.notibras.com\/site\/quebra-dos-sigilos-de-lulinha-acaba-em-briga\/","og_locale":"pt_BR","og_type":"article","og_title":"Quebra dos sigilos de Lulinha acaba em briga - Notibras","og_description":"Os integrantes da Comiss\u00e3o Parlamentar Mista de Inqu\u00e9rito (CPMI) do Instituto Nacional do Seguro Social (INSS) aprovaram, nesta quinta-feira (26), as quebras de sigilos banc\u00e1rios e fiscais do empres\u00e1rio F\u00e1bio Lu\u00eds Lula da Silva, filho do presidente da Rep\u00fablica, Luiz In\u00e1cio Lula da Silva. O pedido de elabora\u00e7\u00e3o de relat\u00f3rios de intelig\u00eancia financeira e de [&hellip;]","og_url":"https:\/\/www.notibras.com\/site\/quebra-dos-sigilos-de-lulinha-acaba-em-briga\/","og_site_name":"Notibras","article_publisher":"https:\/\/www.facebook.com\/notibras\/","article_published_time":"2026-02-26T15:11:46+00:00","article_modified_time":"2026-02-26T15:49:39+00:00","og_image":[{"width":1170,"height":700,"url":"https:\/\/www.notibras.com\/site\/wp-content\/uploads\/2026\/02\/55117308081_6d86a3f3c5_3k.webp","type":"image\/webp"}],"author":"Reda\u00e7\u00e3o","twitter_card":"summary_large_image","twitter_creator":"@Notibras","twitter_site":"@Notibras","twitter_misc":{"Escrito por":"Reda\u00e7\u00e3o","Est. tempo de leitura":"5 minutos"},"schema":{"@context":"https:\/\/schema.org","@graph":[{"@type":"Article","@id":"https:\/\/www.notibras.com\/site\/quebra-dos-sigilos-de-lulinha-acaba-em-briga\/#article","isPartOf":{"@id":"https:\/\/www.notibras.com\/site\/quebra-dos-sigilos-de-lulinha-acaba-em-briga\/"},"author":{"name":"Reda\u00e7\u00e3o","@id":"https:\/\/www.notibras.com\/site\/#\/schema\/person\/36ab0979449956132d3e5b517ea76ac8"},"headline":"Quebra dos sigilos de Lulinha acaba em briga","datePublished":"2026-02-26T15:11:46+00:00","dateModified":"2026-02-26T15:49:39+00:00","mainEntityOfPage":{"@id":"https:\/\/www.notibras.com\/site\/quebra-dos-sigilos-de-lulinha-acaba-em-briga\/"},"wordCount":873,"publisher":{"@id":"https:\/\/www.notibras.com\/site\/#organization"},"image":{"@id":"https:\/\/www.notibras.com\/site\/quebra-dos-sigilos-de-lulinha-acaba-em-briga\/#primaryimage"},"thumbnailUrl":"https:\/\/www.notibras.com\/site\/wp-content\/uploads\/2026\/02\/55117308081_6d86a3f3c5_3k.webp","keywords":["capa"],"articleSection":["Brasil"],"inLanguage":"pt-BR"},{"@type":"WebPage","@id":"https:\/\/www.notibras.com\/site\/quebra-dos-sigilos-de-lulinha-acaba-em-briga\/","url":"https:\/\/www.notibras.com\/site\/quebra-dos-sigilos-de-lulinha-acaba-em-briga\/","name":"Quebra dos sigilos de Lulinha acaba em briga - Notibras","isPartOf":{"@id":"https:\/\/www.notibras.com\/site\/#website"},"primaryImageOfPage":{"@id":"https:\/\/www.notibras.com\/site\/quebra-dos-sigilos-de-lulinha-acaba-em-briga\/#primaryimage"},"image":{"@id":"https:\/\/www.notibras.com\/site\/quebra-dos-sigilos-de-lulinha-acaba-em-briga\/#primaryimage"},"thumbnailUrl":"https:\/\/www.notibras.com\/site\/wp-content\/uploads\/2026\/02\/55117308081_6d86a3f3c5_3k.webp","datePublished":"2026-02-26T15:11:46+00:00","dateModified":"2026-02-26T15:49:39+00:00","breadcrumb":{"@id":"https:\/\/www.notibras.com\/site\/quebra-dos-sigilos-de-lulinha-acaba-em-briga\/#breadcrumb"},"inLanguage":"pt-BR","potentialAction":[{"@type":"ReadAction","target":["https:\/\/www.notibras.com\/site\/quebra-dos-sigilos-de-lulinha-acaba-em-briga\/"]}]},{"@type":"ImageObject","inLanguage":"pt-BR","@id":"https:\/\/www.notibras.com\/site\/quebra-dos-sigilos-de-lulinha-acaba-em-briga\/#primaryimage","url":"https:\/\/www.notibras.com\/site\/wp-content\/uploads\/2026\/02\/55117308081_6d86a3f3c5_3k.webp","contentUrl":"https:\/\/www.notibras.com\/site\/wp-content\/uploads\/2026\/02\/55117308081_6d86a3f3c5_3k.webp","width":1170,"height":700},{"@type":"BreadcrumbList","@id":"https:\/\/www.notibras.com\/site\/quebra-dos-sigilos-de-lulinha-acaba-em-briga\/#breadcrumb","itemListElement":[{"@type":"ListItem","position":1,"name":"In\u00edcio","item":"https:\/\/www.notibras.com\/site\/"},{"@type":"ListItem","position":2,"name":"Quebra dos sigilos de Lulinha acaba em briga"}]},{"@type":"WebSite","@id":"https:\/\/www.notibras.com\/site\/#website","url":"https:\/\/www.notibras.com\/site\/","name":"Notibras","description":"Not\u00edcias de Bras\u00edlia, do Brasil e do Mundo","publisher":{"@id":"https:\/\/www.notibras.com\/site\/#organization"},"potentialAction":[{"@type":"SearchAction","target":{"@type":"EntryPoint","urlTemplate":"https:\/\/www.notibras.com\/site\/?s={search_term_string}"},"query-input":{"@type":"PropertyValueSpecification","valueRequired":true,"valueName":"search_term_string"}}],"inLanguage":"pt-BR"},{"@type":"Organization","@id":"https:\/\/www.notibras.com\/site\/#organization","name":"Grupo Notibras de Comunica\u00e7\u00e3o","url":"https:\/\/www.notibras.com\/site\/","logo":{"@type":"ImageObject","inLanguage":"pt-BR","@id":"https:\/\/www.notibras.com\/site\/#\/schema\/logo\/image\/","url":"https:\/\/www.notibras.com\/site\/wp-content\/uploads\/2023\/01\/notibras23.png","contentUrl":"https:\/\/www.notibras.com\/site\/wp-content\/uploads\/2023\/01\/notibras23.png","width":350,"height":87,"caption":"Grupo Notibras de Comunica\u00e7\u00e3o"},"image":{"@id":"https:\/\/www.notibras.com\/site\/#\/schema\/logo\/image\/"},"sameAs":["https:\/\/www.facebook.com\/notibras\/","https:\/\/x.com\/Notibras","https:\/\/www.instagram.com\/notibras\/"]},{"@type":"Person","@id":"https:\/\/www.notibras.com\/site\/#\/schema\/person\/36ab0979449956132d3e5b517ea76ac8","name":"Reda\u00e7\u00e3o","image":{"@type":"ImageObject","inLanguage":"pt-BR","@id":"https:\/\/secure.gravatar.com\/avatar\/e0a867bdedb85fd243eadf09663511f96fc81e0720a4a42581f334ad4303aa6b?s=96&d=mm&r=g","url":"https:\/\/secure.gravatar.com\/avatar\/e0a867bdedb85fd243eadf09663511f96fc81e0720a4a42581f334ad4303aa6b?s=96&d=mm&r=g","contentUrl":"https:\/\/secure.gravatar.com\/avatar\/e0a867bdedb85fd243eadf09663511f96fc81e0720a4a42581f334ad4303aa6b?s=96&d=mm&r=g","caption":"Reda\u00e7\u00e3o"}}]}},"amp_enabled":true,"_links":{"self":[{"href":"https:\/\/www.notibras.com\/site\/wp-json\/wp\/v2\/posts\/384754","targetHints":{"allow":["GET"]}}],"collection":[{"href":"https:\/\/www.notibras.com\/site\/wp-json\/wp\/v2\/posts"}],"about":[{"href":"https:\/\/www.notibras.com\/site\/wp-json\/wp\/v2\/types\/post"}],"author":[{"embeddable":true,"href":"https:\/\/www.notibras.com\/site\/wp-json\/wp\/v2\/users\/2"}],"replies":[{"embeddable":true,"href":"https:\/\/www.notibras.com\/site\/wp-json\/wp\/v2\/comments?post=384754"}],"version-history":[{"count":2,"href":"https:\/\/www.notibras.com\/site\/wp-json\/wp\/v2\/posts\/384754\/revisions"}],"predecessor-version":[{"id":384757,"href":"https:\/\/www.notibras.com\/site\/wp-json\/wp\/v2\/posts\/384754\/revisions\/384757"}],"wp:featuredmedia":[{"embeddable":true,"href":"https:\/\/www.notibras.com\/site\/wp-json\/wp\/v2\/media\/384755"}],"wp:attachment":[{"href":"https:\/\/www.notibras.com\/site\/wp-json\/wp\/v2\/media?parent=384754"}],"wp:term":[{"taxonomy":"category","embeddable":true,"href":"https:\/\/www.notibras.com\/site\/wp-json\/wp\/v2\/categories?post=384754"},{"taxonomy":"post_tag","embeddable":true,"href":"https:\/\/www.notibras.com\/site\/wp-json\/wp\/v2\/tags?post=384754"}],"curies":[{"name":"wp","href":"https:\/\/api.w.org\/{rel}","templated":true}]}}