{"id":384766,"date":"2026-02-27T00:45:53","date_gmt":"2026-02-27T03:45:53","guid":{"rendered":"https:\/\/www.notibras.com\/site\/?p=384766"},"modified":"2026-02-26T19:30:10","modified_gmt":"2026-02-26T22:30:10","slug":"sina-de-familia","status":"publish","type":"post","link":"https:\/\/www.notibras.com\/site\/sina-de-familia\/","title":{"rendered":"Sina de fam\u00edlia"},"content":{"rendered":"<p>Minha bisav\u00f3, Maria de F\u00e1tima, a Fatinha, se casou aos 15 anos com um homem escolhido pelo meu trisav\u00f4. Sei que, no dia do casamento, minha bisav\u00f3 se trancou no quarto e chorou o dia inteiro, at\u00e9 que, no dia seguinte, cheia de fome, sentiu o cheiro do p\u00e3o saindo do forno a lenha.<\/p>\n<p>Se o meu bisav\u00f4, Seixas, era um bom homem, n\u00e3o se sabe ao certo. Ele adoeceu dois meses ap\u00f3s o casamento. Acamado, sofreu horrores, vomitou os bofes e mais o que nem tinha. Algu\u00e9m se lembrou de chamar o padre e, no dia seguinte, foi enterrado sem demora. A despeito da partida inesperada do marido, a vi\u00fava carregava no ventre o fruto das indesejadas investidas nas noites de alcova.<\/p>\n<p>Pouco tempo antes do esperado, vov\u00f3 foi arrancada a f\u00f3rceps das entranhas da m\u00e3e, que parecia n\u00e3o desejar que o fruto de tanto desamor viesse ao mundo. Pois veio e, apesar das agruras anteriores ao parto, algo despertou naquela adolescente, que, a partir daquele ponto, se sentiu na obriga\u00e7\u00e3o de dar algo al\u00e9m do que o leite que come\u00e7ou a jorrar das tetas t\u00fargidas.<\/p>\n<p>Sem tempo para esperar que o vangloriado amor materno surgisse, Fatinha, determinada, apesar de tanta inseguran\u00e7a que a cercava, fez uma promessa que, at\u00e9 aquele momento, ela desconhecia poder cumprir. Seja como for, olhou para a filha e disse que, a partir de ent\u00e3o, as duas teriam um acordo. Ela iria proteger aquele ser a todo custo, enquanto vov\u00f3 precisaria guardar para si todas as perguntas sobre o falecido pai.<\/p>\n<p>O choro veio como se fosse prel\u00fadio de desaven\u00e7a. Que nada! Era o desconforto pr\u00f3prio de quem, a partir daquele momento, precisaria respirar o ar dos impuros. Fatinha, que n\u00e3o poderia resolver tamanha pen\u00faria, tratou logo de apaziguar a situa\u00e7\u00e3o oferecendo o peito. Foi o suficiente, naquele momento, para acalmar o \u00edmpeto de vov\u00f3, que, at\u00e9 o m\u00eas que se seguiu, s\u00f3 era chamada de beb\u00ea.<\/p>\n<p>Sem tempo para pensar num nome para a crian\u00e7a, Fatinha se viu pressionada pela fam\u00edlia do finado. Ela precisaria escolher um, e que fosse Beatriz ou Solange, duas antepassadas de boa fama entre a parentada do Seixas. Minha bisav\u00f3, num \u00edmpeto de rebeldia, n\u00e3o queria saber daquela conversa. At\u00e9 gostava de Beatriz, al\u00e9m de n\u00e3o ter qualquer empecilho relacionado a Solange. Todavia, decidiu que vov\u00f3 se chamaria Salom\u00e9. E Salom\u00e9 ficou, apesar do alvoro\u00e7o que provocou na sogra e nas cunhadas.<\/p>\n<p>Fatinha n\u00e3o teve vida f\u00e1cil. No entanto, nada longe do que j\u00e1 estava acostumada desde sempre. Se comeu o p\u00e3o que o Diabo amassou, n\u00e3o reclamava. Era sorte ter algum p\u00e3o para saciar a fome que sempre a rondou. Quanto \u00e0 minha av\u00f3, cresceu com as migalhes que lhe sobravam.<\/p>\n<p>Se Fatinha jamais p\u00f4de se sentar \u00e0 mesa dos abastados, a filha teve melhor sorte ao optar por se sentar no colo dos figur\u00f5es. E foi assim que acabou engravidando de um cliente, cuja d\u00favida da paternidade era mais que \u00f3bvia. Jamais exigiu nada al\u00e9m do que lhe foi ofertado. Criou a filha, no caso mam\u00e3e, com alguns dos mimos que os irm\u00e3os honestamente registrados tiveram. Tamb\u00e9m estudou em escolas de renome, o que, no final das contas, acabou por abrir certas portas at\u00e9 ent\u00e3o proibidas para seus antepassados.<\/p>\n<p>Formou-se em administra\u00e7\u00e3o e, n\u00e3o tardou, conseguiu um excelente posto na empresa do meu suposto av\u00f4. Hist\u00f3rias sobre o caso j\u00e1 n\u00e3o s\u00e3o t\u00e3o corriqueiras, mas mam\u00e3e as sabe todas de tanto escut\u00e1-las por detr\u00e1s das portas. Fingiu-se de surda e muda para n\u00e3o revidar tais fofocas, mesmo porque aprendeu desde cedo que n\u00e3o d\u00e1 para se opor \u00e0 locomotiva da hipocrisia.<\/p>\n<p>N\u00e3o sei se mam\u00e3e se casou por amor, mas estou certa de que n\u00e3o foi por imposi\u00e7\u00e3o. Talvez tenha sido por conveni\u00eancia. Afinal, papai, apesar da apar\u00eancia pouco atrativa, conseguiu conquistar minha m\u00e3e, que sempre me disse que ele era excelente sujeito, al\u00e9m de possuir um patrim\u00f4nio razo\u00e1vel. Infelizmente, ele come\u00e7ou a passar mal logo ap\u00f3s os primeiros enjoos que ela sentiu. \u00c9 uma pena, meu pai, inesperadamente, faleceu antes mesmo de eu nascer. Foi um tremendo baque na fam\u00edlia, que sempre o viu como pleno de sa\u00fade. Uns falam que \u00e9 destino, prefiro chamar de sina.<\/p>\n<p><strong>\u2026\u2026\u2026\u2026\u2026\u2026\u2026\u2026<\/strong><\/p>\n<p><strong>Eduardo Mart\u00ednez \u00e9 autor do livro \u201957 Contos e Cr\u00f4nicas por um Autor Muito Velho\u2019 (Vencedor do Pr\u00eamio Liter\u00e1rio Clarice Lispector \u2013 2025 na categoria livro de contos).<\/strong><\/p>\n<p><strong>Compre aqui<\/strong><\/p>\n<p><a href=\"https:\/\/www.joanineditora.com.br\/57-contos-e-cronicas-por-um-autor-muito-velho\"><strong>https:\/\/www.joanineditora.com.br\/57-contos-e-cronicas-por-um-autor-muito-velho<\/strong><\/a><\/p>\n","protected":false},"excerpt":{"rendered":"<p>Minha bisav\u00f3, Maria de F\u00e1tima, a Fatinha, se casou aos 15 anos com um homem escolhido pelo meu trisav\u00f4. Sei que, no dia do casamento, minha bisav\u00f3 se trancou no quarto e chorou o dia inteiro, at\u00e9 que, no dia seguinte, cheia de fome, sentiu o cheiro do p\u00e3o saindo do forno a lenha. Se [&hellip;]<\/p>\n","protected":false},"author":21,"featured_media":384767,"comment_status":"closed","ping_status":"closed","sticky":false,"template":"","format":"standard","meta":{"_acf_changed":false,"footnotes":""},"categories":[234],"tags":[],"class_list":["post-384766","post","type-post","status-publish","format-standard","has-post-thumbnail","hentry","category-cafe-literario"],"acf":[],"yoast_head":"<!-- This site is optimized with the Yoast SEO plugin v27.2 - https:\/\/yoast.com\/product\/yoast-seo-wordpress\/ -->\n<title>Sina de fam\u00edlia - Notibras<\/title>\n<meta name=\"robots\" content=\"index, follow, max-snippet:-1, max-image-preview:large, max-video-preview:-1\" \/>\n<link rel=\"canonical\" href=\"https:\/\/www.notibras.com\/site\/sina-de-familia\/\" \/>\n<meta property=\"og:locale\" content=\"pt_BR\" \/>\n<meta property=\"og:type\" content=\"article\" \/>\n<meta property=\"og:title\" content=\"Sina de fam\u00edlia - Notibras\" \/>\n<meta property=\"og:description\" content=\"Minha bisav\u00f3, Maria de F\u00e1tima, a Fatinha, se casou aos 15 anos com um homem escolhido pelo meu trisav\u00f4. Sei que, no dia do casamento, minha bisav\u00f3 se trancou no quarto e chorou o dia inteiro, at\u00e9 que, no dia seguinte, cheia de fome, sentiu o cheiro do p\u00e3o saindo do forno a lenha. Se [&hellip;]\" \/>\n<meta property=\"og:url\" content=\"https:\/\/www.notibras.com\/site\/sina-de-familia\/\" \/>\n<meta property=\"og:site_name\" content=\"Notibras\" \/>\n<meta property=\"article:publisher\" content=\"https:\/\/www.facebook.com\/notibras\/\" \/>\n<meta property=\"article:published_time\" content=\"2026-02-27T03:45:53+00:00\" \/>\n<meta property=\"og:image\" content=\"https:\/\/www.notibras.com\/site\/wp-content\/uploads\/2026\/02\/WhatsApp-Image-2026-02-26-at-19.22.37.jpeg\" \/>\n\t<meta property=\"og:image:width\" content=\"1024\" \/>\n\t<meta property=\"og:image:height\" content=\"559\" \/>\n\t<meta property=\"og:image:type\" content=\"image\/jpeg\" \/>\n<meta name=\"author\" content=\"Eduardo Mart\u00ednez\" \/>\n<meta name=\"twitter:card\" content=\"summary_large_image\" \/>\n<meta name=\"twitter:creator\" content=\"@Notibras\" \/>\n<meta name=\"twitter:site\" content=\"@Notibras\" \/>\n<meta name=\"twitter:label1\" content=\"Escrito por\" \/>\n\t<meta name=\"twitter:data1\" content=\"Eduardo Mart\u00ednez\" \/>\n\t<meta name=\"twitter:label2\" content=\"Est. tempo de leitura\" \/>\n\t<meta name=\"twitter:data2\" content=\"5 minutos\" \/>\n<script type=\"application\/ld+json\" class=\"yoast-schema-graph\">{\"@context\":\"https:\/\/schema.org\",\"@graph\":[{\"@type\":\"Article\",\"@id\":\"https:\/\/www.notibras.com\/site\/sina-de-familia\/#article\",\"isPartOf\":{\"@id\":\"https:\/\/www.notibras.com\/site\/sina-de-familia\/\"},\"author\":{\"name\":\"Eduardo Mart\u00ednez\",\"@id\":\"https:\/\/www.notibras.com\/site\/#\/schema\/person\/5b7fabf2aedc3ada2105f03b22b4d3dd\"},\"headline\":\"Sina de fam\u00edlia\",\"datePublished\":\"2026-02-27T03:45:53+00:00\",\"mainEntityOfPage\":{\"@id\":\"https:\/\/www.notibras.com\/site\/sina-de-familia\/\"},\"wordCount\":802,\"publisher\":{\"@id\":\"https:\/\/www.notibras.com\/site\/#organization\"},\"image\":{\"@id\":\"https:\/\/www.notibras.com\/site\/sina-de-familia\/#primaryimage\"},\"thumbnailUrl\":\"https:\/\/www.notibras.com\/site\/wp-content\/uploads\/2026\/02\/WhatsApp-Image-2026-02-26-at-19.22.37.jpeg\",\"articleSection\":[\"Caf\u00e9 Liter\u00e1rio\"],\"inLanguage\":\"pt-BR\"},{\"@type\":\"WebPage\",\"@id\":\"https:\/\/www.notibras.com\/site\/sina-de-familia\/\",\"url\":\"https:\/\/www.notibras.com\/site\/sina-de-familia\/\",\"name\":\"Sina de fam\u00edlia - Notibras\",\"isPartOf\":{\"@id\":\"https:\/\/www.notibras.com\/site\/#website\"},\"primaryImageOfPage\":{\"@id\":\"https:\/\/www.notibras.com\/site\/sina-de-familia\/#primaryimage\"},\"image\":{\"@id\":\"https:\/\/www.notibras.com\/site\/sina-de-familia\/#primaryimage\"},\"thumbnailUrl\":\"https:\/\/www.notibras.com\/site\/wp-content\/uploads\/2026\/02\/WhatsApp-Image-2026-02-26-at-19.22.37.jpeg\",\"datePublished\":\"2026-02-27T03:45:53+00:00\",\"breadcrumb\":{\"@id\":\"https:\/\/www.notibras.com\/site\/sina-de-familia\/#breadcrumb\"},\"inLanguage\":\"pt-BR\",\"potentialAction\":[{\"@type\":\"ReadAction\",\"target\":[\"https:\/\/www.notibras.com\/site\/sina-de-familia\/\"]}]},{\"@type\":\"ImageObject\",\"inLanguage\":\"pt-BR\",\"@id\":\"https:\/\/www.notibras.com\/site\/sina-de-familia\/#primaryimage\",\"url\":\"https:\/\/www.notibras.com\/site\/wp-content\/uploads\/2026\/02\/WhatsApp-Image-2026-02-26-at-19.22.37.jpeg\",\"contentUrl\":\"https:\/\/www.notibras.com\/site\/wp-content\/uploads\/2026\/02\/WhatsApp-Image-2026-02-26-at-19.22.37.jpeg\",\"width\":1024,\"height\":559},{\"@type\":\"BreadcrumbList\",\"@id\":\"https:\/\/www.notibras.com\/site\/sina-de-familia\/#breadcrumb\",\"itemListElement\":[{\"@type\":\"ListItem\",\"position\":1,\"name\":\"In\u00edcio\",\"item\":\"https:\/\/www.notibras.com\/site\/\"},{\"@type\":\"ListItem\",\"position\":2,\"name\":\"Sina de fam\u00edlia\"}]},{\"@type\":\"WebSite\",\"@id\":\"https:\/\/www.notibras.com\/site\/#website\",\"url\":\"https:\/\/www.notibras.com\/site\/\",\"name\":\"Notibras\",\"description\":\"Not\u00edcias de Bras\u00edlia, do Brasil e do Mundo\",\"publisher\":{\"@id\":\"https:\/\/www.notibras.com\/site\/#organization\"},\"potentialAction\":[{\"@type\":\"SearchAction\",\"target\":{\"@type\":\"EntryPoint\",\"urlTemplate\":\"https:\/\/www.notibras.com\/site\/?s={search_term_string}\"},\"query-input\":{\"@type\":\"PropertyValueSpecification\",\"valueRequired\":true,\"valueName\":\"search_term_string\"}}],\"inLanguage\":\"pt-BR\"},{\"@type\":\"Organization\",\"@id\":\"https:\/\/www.notibras.com\/site\/#organization\",\"name\":\"Grupo Notibras de Comunica\u00e7\u00e3o\",\"url\":\"https:\/\/www.notibras.com\/site\/\",\"logo\":{\"@type\":\"ImageObject\",\"inLanguage\":\"pt-BR\",\"@id\":\"https:\/\/www.notibras.com\/site\/#\/schema\/logo\/image\/\",\"url\":\"https:\/\/www.notibras.com\/site\/wp-content\/uploads\/2023\/01\/notibras23.png\",\"contentUrl\":\"https:\/\/www.notibras.com\/site\/wp-content\/uploads\/2023\/01\/notibras23.png\",\"width\":350,\"height\":87,\"caption\":\"Grupo Notibras de Comunica\u00e7\u00e3o\"},\"image\":{\"@id\":\"https:\/\/www.notibras.com\/site\/#\/schema\/logo\/image\/\"},\"sameAs\":[\"https:\/\/www.facebook.com\/notibras\/\",\"https:\/\/x.com\/Notibras\",\"https:\/\/www.instagram.com\/notibras\/\"]},{\"@type\":\"Person\",\"@id\":\"https:\/\/www.notibras.com\/site\/#\/schema\/person\/5b7fabf2aedc3ada2105f03b22b4d3dd\",\"name\":\"Eduardo Mart\u00ednez\",\"image\":{\"@type\":\"ImageObject\",\"inLanguage\":\"pt-BR\",\"@id\":\"https:\/\/secure.gravatar.com\/avatar\/7902f906289926289cbcda644b5197c796b893c6ffd7b9a536a42d290f7704a0?s=96&d=mm&r=g\",\"url\":\"https:\/\/secure.gravatar.com\/avatar\/7902f906289926289cbcda644b5197c796b893c6ffd7b9a536a42d290f7704a0?s=96&d=mm&r=g\",\"contentUrl\":\"https:\/\/secure.gravatar.com\/avatar\/7902f906289926289cbcda644b5197c796b893c6ffd7b9a536a42d290f7704a0?s=96&d=mm&r=g\",\"caption\":\"Eduardo Mart\u00ednez\"}}]}<\/script>\n<!-- \/ Yoast SEO plugin. -->","yoast_head_json":{"title":"Sina de fam\u00edlia - Notibras","robots":{"index":"index","follow":"follow","max-snippet":"max-snippet:-1","max-image-preview":"max-image-preview:large","max-video-preview":"max-video-preview:-1"},"canonical":"https:\/\/www.notibras.com\/site\/sina-de-familia\/","og_locale":"pt_BR","og_type":"article","og_title":"Sina de fam\u00edlia - Notibras","og_description":"Minha bisav\u00f3, Maria de F\u00e1tima, a Fatinha, se casou aos 15 anos com um homem escolhido pelo meu trisav\u00f4. Sei que, no dia do casamento, minha bisav\u00f3 se trancou no quarto e chorou o dia inteiro, at\u00e9 que, no dia seguinte, cheia de fome, sentiu o cheiro do p\u00e3o saindo do forno a lenha. Se [&hellip;]","og_url":"https:\/\/www.notibras.com\/site\/sina-de-familia\/","og_site_name":"Notibras","article_publisher":"https:\/\/www.facebook.com\/notibras\/","article_published_time":"2026-02-27T03:45:53+00:00","og_image":[{"width":1024,"height":559,"url":"https:\/\/www.notibras.com\/site\/wp-content\/uploads\/2026\/02\/WhatsApp-Image-2026-02-26-at-19.22.37.jpeg","type":"image\/jpeg"}],"author":"Eduardo Mart\u00ednez","twitter_card":"summary_large_image","twitter_creator":"@Notibras","twitter_site":"@Notibras","twitter_misc":{"Escrito por":"Eduardo Mart\u00ednez","Est. tempo de leitura":"5 minutos"},"schema":{"@context":"https:\/\/schema.org","@graph":[{"@type":"Article","@id":"https:\/\/www.notibras.com\/site\/sina-de-familia\/#article","isPartOf":{"@id":"https:\/\/www.notibras.com\/site\/sina-de-familia\/"},"author":{"name":"Eduardo Mart\u00ednez","@id":"https:\/\/www.notibras.com\/site\/#\/schema\/person\/5b7fabf2aedc3ada2105f03b22b4d3dd"},"headline":"Sina de fam\u00edlia","datePublished":"2026-02-27T03:45:53+00:00","mainEntityOfPage":{"@id":"https:\/\/www.notibras.com\/site\/sina-de-familia\/"},"wordCount":802,"publisher":{"@id":"https:\/\/www.notibras.com\/site\/#organization"},"image":{"@id":"https:\/\/www.notibras.com\/site\/sina-de-familia\/#primaryimage"},"thumbnailUrl":"https:\/\/www.notibras.com\/site\/wp-content\/uploads\/2026\/02\/WhatsApp-Image-2026-02-26-at-19.22.37.jpeg","articleSection":["Caf\u00e9 Liter\u00e1rio"],"inLanguage":"pt-BR"},{"@type":"WebPage","@id":"https:\/\/www.notibras.com\/site\/sina-de-familia\/","url":"https:\/\/www.notibras.com\/site\/sina-de-familia\/","name":"Sina de fam\u00edlia - Notibras","isPartOf":{"@id":"https:\/\/www.notibras.com\/site\/#website"},"primaryImageOfPage":{"@id":"https:\/\/www.notibras.com\/site\/sina-de-familia\/#primaryimage"},"image":{"@id":"https:\/\/www.notibras.com\/site\/sina-de-familia\/#primaryimage"},"thumbnailUrl":"https:\/\/www.notibras.com\/site\/wp-content\/uploads\/2026\/02\/WhatsApp-Image-2026-02-26-at-19.22.37.jpeg","datePublished":"2026-02-27T03:45:53+00:00","breadcrumb":{"@id":"https:\/\/www.notibras.com\/site\/sina-de-familia\/#breadcrumb"},"inLanguage":"pt-BR","potentialAction":[{"@type":"ReadAction","target":["https:\/\/www.notibras.com\/site\/sina-de-familia\/"]}]},{"@type":"ImageObject","inLanguage":"pt-BR","@id":"https:\/\/www.notibras.com\/site\/sina-de-familia\/#primaryimage","url":"https:\/\/www.notibras.com\/site\/wp-content\/uploads\/2026\/02\/WhatsApp-Image-2026-02-26-at-19.22.37.jpeg","contentUrl":"https:\/\/www.notibras.com\/site\/wp-content\/uploads\/2026\/02\/WhatsApp-Image-2026-02-26-at-19.22.37.jpeg","width":1024,"height":559},{"@type":"BreadcrumbList","@id":"https:\/\/www.notibras.com\/site\/sina-de-familia\/#breadcrumb","itemListElement":[{"@type":"ListItem","position":1,"name":"In\u00edcio","item":"https:\/\/www.notibras.com\/site\/"},{"@type":"ListItem","position":2,"name":"Sina de fam\u00edlia"}]},{"@type":"WebSite","@id":"https:\/\/www.notibras.com\/site\/#website","url":"https:\/\/www.notibras.com\/site\/","name":"Notibras","description":"Not\u00edcias de Bras\u00edlia, do Brasil e do Mundo","publisher":{"@id":"https:\/\/www.notibras.com\/site\/#organization"},"potentialAction":[{"@type":"SearchAction","target":{"@type":"EntryPoint","urlTemplate":"https:\/\/www.notibras.com\/site\/?s={search_term_string}"},"query-input":{"@type":"PropertyValueSpecification","valueRequired":true,"valueName":"search_term_string"}}],"inLanguage":"pt-BR"},{"@type":"Organization","@id":"https:\/\/www.notibras.com\/site\/#organization","name":"Grupo Notibras de Comunica\u00e7\u00e3o","url":"https:\/\/www.notibras.com\/site\/","logo":{"@type":"ImageObject","inLanguage":"pt-BR","@id":"https:\/\/www.notibras.com\/site\/#\/schema\/logo\/image\/","url":"https:\/\/www.notibras.com\/site\/wp-content\/uploads\/2023\/01\/notibras23.png","contentUrl":"https:\/\/www.notibras.com\/site\/wp-content\/uploads\/2023\/01\/notibras23.png","width":350,"height":87,"caption":"Grupo Notibras de Comunica\u00e7\u00e3o"},"image":{"@id":"https:\/\/www.notibras.com\/site\/#\/schema\/logo\/image\/"},"sameAs":["https:\/\/www.facebook.com\/notibras\/","https:\/\/x.com\/Notibras","https:\/\/www.instagram.com\/notibras\/"]},{"@type":"Person","@id":"https:\/\/www.notibras.com\/site\/#\/schema\/person\/5b7fabf2aedc3ada2105f03b22b4d3dd","name":"Eduardo Mart\u00ednez","image":{"@type":"ImageObject","inLanguage":"pt-BR","@id":"https:\/\/secure.gravatar.com\/avatar\/7902f906289926289cbcda644b5197c796b893c6ffd7b9a536a42d290f7704a0?s=96&d=mm&r=g","url":"https:\/\/secure.gravatar.com\/avatar\/7902f906289926289cbcda644b5197c796b893c6ffd7b9a536a42d290f7704a0?s=96&d=mm&r=g","contentUrl":"https:\/\/secure.gravatar.com\/avatar\/7902f906289926289cbcda644b5197c796b893c6ffd7b9a536a42d290f7704a0?s=96&d=mm&r=g","caption":"Eduardo Mart\u00ednez"}}]}},"amp_enabled":true,"_links":{"self":[{"href":"https:\/\/www.notibras.com\/site\/wp-json\/wp\/v2\/posts\/384766","targetHints":{"allow":["GET"]}}],"collection":[{"href":"https:\/\/www.notibras.com\/site\/wp-json\/wp\/v2\/posts"}],"about":[{"href":"https:\/\/www.notibras.com\/site\/wp-json\/wp\/v2\/types\/post"}],"author":[{"embeddable":true,"href":"https:\/\/www.notibras.com\/site\/wp-json\/wp\/v2\/users\/21"}],"replies":[{"embeddable":true,"href":"https:\/\/www.notibras.com\/site\/wp-json\/wp\/v2\/comments?post=384766"}],"version-history":[{"count":2,"href":"https:\/\/www.notibras.com\/site\/wp-json\/wp\/v2\/posts\/384766\/revisions"}],"predecessor-version":[{"id":384769,"href":"https:\/\/www.notibras.com\/site\/wp-json\/wp\/v2\/posts\/384766\/revisions\/384769"}],"wp:featuredmedia":[{"embeddable":true,"href":"https:\/\/www.notibras.com\/site\/wp-json\/wp\/v2\/media\/384767"}],"wp:attachment":[{"href":"https:\/\/www.notibras.com\/site\/wp-json\/wp\/v2\/media?parent=384766"}],"wp:term":[{"taxonomy":"category","embeddable":true,"href":"https:\/\/www.notibras.com\/site\/wp-json\/wp\/v2\/categories?post=384766"},{"taxonomy":"post_tag","embeddable":true,"href":"https:\/\/www.notibras.com\/site\/wp-json\/wp\/v2\/tags?post=384766"}],"curies":[{"name":"wp","href":"https:\/\/api.w.org\/{rel}","templated":true}]}}