{"id":384944,"date":"2026-02-28T00:11:23","date_gmt":"2026-02-28T03:11:23","guid":{"rendered":"https:\/\/www.notibras.com\/site\/?p=384944"},"modified":"2026-02-28T00:02:53","modified_gmt":"2026-02-28T03:02:53","slug":"as-duas-grandes-guerras-e-nosso-isolamento-latino","status":"publish","type":"post","link":"https:\/\/www.notibras.com\/site\/as-duas-grandes-guerras-e-nosso-isolamento-latino\/","title":{"rendered":"As duas grandes guerras e nosso isolamento latino"},"content":{"rendered":"<p>Em 1938, regressando de Munique, aonde f\u00f4ra negociar com Adolf Hitler, o primeiro-ministro Neville Chamberlain declara ao Parlamento brit\u00e2nico haver conquistado o que denominava como &#8220;a paz para o nosso tempo&#8221;. Enganado ou n\u00e3o, enganava os ingleses e despistava o mundo, em especial o mundo europeu, mal sa\u00eddo da Primeira Guerra Mundial e j\u00e1 se vendo amea\u00e7ado por um novo conflito para o qual n\u00e3o estava preparado, como se veria logo depois.<\/p>\n<p>Eram tempos de medo, dominados pela ret\u00f3rica do pacifismo para enfrentar as amea\u00e7as do rearmamento alem\u00e3o comandado pela ascens\u00e3o do nazifascismo. Ao entregar os Sudetos (parte da ent\u00e3o Tchecoslov\u00e1quia) \u00e0 Alemanha como compensa\u00e7\u00e3o pela promessa de Berlim de n\u00e3o reivindicar mais territ\u00f3rios (mote da doutrina do &#8220;espa\u00e7o vital&#8221;, que tudo justificava), a monarquia decadente aplainava os avan\u00e7os das tropas de Hitler: o &#8220;acordo de paz&#8221; \u00e9 firmado em 1938 e, j\u00e1 em 1939, a Pol\u00f4nia era invadida. Avan\u00e7a a guerra que a Inglaterra, n\u00e3o podendo enfrentar, tentava n\u00e3o ver, simplesmente ignorando a agress\u00e3o que vinha a galope.<\/p>\n<p>\u00c9 hist\u00f3ria contada. Aquele n\u00e3o era, por\u00e9m, o primeiro recuo, nem seria o \u00faltimo registro nos conflitos do s\u00e9culo passado e nos conflitos de nossos dias, ensinando que nem sempre a estrat\u00e9gia do passo atr\u00e1s, anunciando outro passo atr\u00e1s, \u00e9 a melhor arte da guerra dos que se veem amea\u00e7ados por agressores mais poderosos. O agressor sempre avan\u00e7a onde h\u00e1 menor custo. Como ensinavam os argonautas, &#8220;navegar \u00e9 preciso&#8221;.<\/p>\n<p>Quando se entrega tudo, ou quase tudo, chega-se a um ponto em que n\u00e3o h\u00e1 nada mais a entregar, nem mais ningu\u00e9m para resistir, como lembra Bertolt Brecht:\u00a0<i>&#8220;Primeiro levaram os comunistas&#8230; Depois os social-democratas&#8230; \u00a0Depois vieram me levar, e n\u00e3o havia mais ningu\u00e9m para protestar&#8221;.\u00a0\u00a0<\/i>O sil\u00eancio da comunidade internacional em face da pol\u00edtica dos EUA n\u00e3o \u00e9 neutro. A indiferen\u00e7a ante a dor de suas v\u00edtimas, pa\u00edses e povos \u00e9 escolha.<\/p>\n<p>Em 1936, a &#8220;Frente Popular&#8221;, liderada por L\u00e9on Blum, com forte apoio socialista e comunista, aderiu \u00e0 pol\u00edtica de &#8220;n\u00e3o interven\u00e7\u00e3o&#8221;, fechando oficialmente a fronteira com a Espanha, temerosa da desestabiliza\u00e7\u00e3o interna que via em seus calcanhares, a tiracolo da Segunda Guerra Mundial. Essa foi sua contribui\u00e7\u00e3o para a vit\u00f3ria do franquismo. Caso isolado foi a interven\u00e7\u00e3o cautelosa, mas real,\u00a0da URSS, ao lado dos republicanos.<\/p>\n<p>Na mesma linha de omiss\u00e3o, os EUA \u2014 nada obstante nutrirem simpatias com o governo republicano (ou ainda enxergarem as implica\u00e7\u00f5es do enclave fascista na Europa ib\u00e9rica \u00e0s v\u00e9speras da grande guerra j\u00e1 anunciada) \u2014 enclausuram-se na pol\u00edtica isolacionista que vinha da Primeira Guerra Mundial. Era o receio de rea\u00e7\u00f5es internas, especialmente congressuais.<\/p>\n<p>Guernica n\u00e3o \u00e9 obra exclusiva dos bombardeios alem\u00e3es, assim como o genoc\u00eddio palestino \u2014 ainda em curso \u2014 n\u00e3o \u00e9, t\u00e3o s\u00f3, o fruto do crime continuado perpetrado pelo sionismo israelo-estadunidense, tanto quanto os tantos crimes que se cometem contra o povo cubano, desde a revolu\u00e7\u00e3o de 1959, n\u00e3o se podem contar apenas como engenho e paranoia do imperialismo norte-americano.<\/p>\n<p>O que a humanidade \u2013 nossos povos, nossos governos, nossos partidos, cada um de n\u00f3s &#8212; est\u00e1 fazendo para defender suas v\u00edtimas? Todas as ditas democracias, todos os governos ditos de esquerda e centro-esquerda, todas as nossas organiza\u00e7\u00f5es t\u00eam que assumir sua cota-parte de responsabilidade. \u00a0N\u00e3o h\u00e1 inocentes nesta guerra.<\/p>\n<p>Retornemos a Munique, como recomendado por Gabriel Cohn. Come\u00e7ava, em 1939, ap\u00f3s o fracasso do &#8220;acordo&#8221; e a invas\u00e3o da Pol\u00f4nia, a Segunda Guerra Mundial \u2014 que seria vencida, como se sabe, ao pre\u00e7o que se sabe. Seguem-se, ao seu fim formal (1945), a Guerra Fria e a vit\u00f3ria do capitalismo, anunciada com a queda do Muro de Berlim e o melanc\u00f3lico suic\u00eddio do projeto socialista, com a autodissolu\u00e7\u00e3o da URSS gorbatchoviana, em 1991.<\/p>\n<p>A polaridade Leste-Oeste, presente o fantasma do Armagedom nuclear, foi conduzida pelo que se chamou, primeiro, de &#8220;conviv\u00eancia pac\u00edfica&#8221; e, ao final, de &#8220;entente&#8221;, um xadrez de pesos e contrapesos entre as pot\u00eancias e seus projetos de dom\u00ednio, que compreendiam a cartografia mais ou menos respeitada de suas respectivas \u00e1reas de influ\u00eancia e controle. Mesmo mantendo a tens\u00e3o e as disputas geopol\u00edticas e estrat\u00e9gicas, os dois blocos, ao tempo em que conservavam a acordada monitoria sobre o mundo, afastavam os riscos dos impasses diretos.<\/p>\n<p>S\u00e3o os muitos anos dos &#8220;conflitos por procura\u00e7\u00e3o&#8221;, a marca mais significativa da Guerra Fria, quando a viol\u00eancia \u2014 pol\u00edtica, militar e ideol\u00f3gica \u2014 se desloca para a periferia, nomeadamente para a \u00c1sia (e nada mais significativo do que a invas\u00e3o do Vietn\u00e3 pelos EUA), a \u00c1frica e o Oriente M\u00e9dio. A Am\u00e9rica Latina, nela inclu\u00eddo o Caribe, conservava o destino de &#8220;quintal&#8221;, o fardo que sobre n\u00f3s pesa desde os amargos tempos da Doutrina Monroe, agora reclamados por Peter Hegseth, secret\u00e1rio de Guerra (j\u00e1 n\u00e3o mais Defesa) dos EUA.<\/p>\n<p>Com o colapso da URSS, o imperialismo, guerreiro sem advers\u00e1rio, livre de freio sist\u00eamico, assume as r\u00e9deas do mundo desregulado. A diplomacia cede ao tacape. Regressamos, em termos planet\u00e1rios, ao regime\u00a0do\u00a0<i>big stick<\/i>.<\/p>\n<p>Desde logo, os EUA \u2014 nada do que estamos a assistir sob a fase trumpista pode ser considerado fato novo \u2014 confrangem a ordem estatu\u00edda em regras de direito internacional, levam \u00e0 fal\u00eancia f\u00e1tica as organiza\u00e7\u00f5es fundadas no p\u00f3s-guerra com o frustrado objetivo de manter a paz e a seguran\u00e7a internacionais, caso exemplar da ONU. Retiram-se ou esvaziam ag\u00eancias multilaterais, como a UNESCO e a OMS, fragilizando mecanismos de coopera\u00e7\u00e3o internacional constru\u00eddos ao longo de d\u00e9cadas.<\/p>\n<p>A polaridade cede vez \u00e0 hegemonia econ\u00f4mica, militar, pol\u00edtica e ideol\u00f3gica do imperialismo norte-americano, o regime de hoje, belicoso, agressivo, sem limites para seu expansionismo, tanto inquestionado quanto facilitado pelo vazio da resist\u00eancia.<\/p>\n<p>Na paranoia do regime, ensandecido e mais perigoso quanto mais decadente, o\u00a0<i>&#8220;apr\u00e8s moi le d\u00e9luge&#8221;<\/i>\u00a0de Lu\u00eds XV, ou, mais precisamente, a &#8220;Grande Alemanha&#8221; (<i>Grossdeutschland<\/i>) nazista, fundem-se no\u00a0<i>Make America Great Again<\/i> (MAGA), o nexo entre o trumpismo (a contrapartida do fracasso do ensaio social-democrata) e o &#8220;destino manifesto&#8221; dos fundadores do &#8220;A Am\u00e9rica para os americanos&#8221;. Formula\u00e7\u00e3o que, hoje, mais do que nunca, deve ser vista em sua acep\u00e7\u00e3o mais ampliada poss\u00edvel: o espa\u00e7o no qual Washington divise, imagine ou desconfie da sombra de uma \u00ednfima part\u00edcula de interesse ou amea\u00e7a \u00e0 sua integridade, na estrita l\u00f3gica do di\u00e1logo do cordeiro com o lobo, \u00a0consagrado na \u00a0f\u00e1bula de La Fontaine.<\/p>\n<p>\u00c0 aus\u00eancia de freios de qualquer ordem \u2014 freios morais, diplom\u00e1ticos, geopol\u00edticos, estrat\u00e9gicos, como aqueles que, no curso da polaridade e da Guerra Fria, condicionavam o belicismo das pot\u00eancias \u2014 os EUA, autoinstitu\u00eddos xerifes do mundo, implantam a lei do &#8220;Velho Oeste&#8221;. Todos os seus reais, supostos ou inventados advers\u00e1rios s\u00e3o peles-vermelhas em tocaia contra o branco crist\u00e3o e civilizador, selvagens sem cura e sem salva\u00e7\u00e3o, criminosos irrecuper\u00e1veis, que precisam ser eliminados.<\/p>\n<p>A Europa, nau sem rumo, navegando ao sabor dos acontecimentos nos quais n\u00e3o consegue intervir, carente de futuro,\u00a0cuida\u00a0de seu esvaziamento e da amea\u00e7a de balcaniza\u00e7\u00e3o. As pot\u00eancias nucleares com pretens\u00f5es hegem\u00f4nicas para amanh\u00e3\u00a0cuidamde suas demandas. A R\u00fassia, amea\u00e7ada pela OTAN e pelo cerco econ\u00f4mico-pol\u00edtico dos EUA \u2014 que inclui o bloqueio de reservas em d\u00f3lar, restri\u00e7\u00f5es comerciais e limita\u00e7\u00f5es \u00e0s exporta\u00e7\u00f5es de petr\u00f3leo \u2014 tenta salvar-se de uma guerra de desgaste que, projetada para cumprir-se em poucos meses, entra em seu quarto ano. Pode ser seu\u00a0Vietn\u00e3, ou seu novo\u00a0Afeganist\u00e3o. A China trabalha com o tempo h\u00e1 mais de quatro mil anos. Enquanto faz neg\u00f3cios mundo afora, pode esperar pelo fim do ciclo hegem\u00f4nico dos EUA. \u00c9 a nova &#8220;conviv\u00eancia pac\u00edfica&#8221;.<\/p>\n<p>A s\u00e9rie de crimes em desenvolvimento pelos EUA\u00a0\u00e9 extensa e est\u00e1 muito longe de concluir seu repert\u00f3rio. Fixemo-nos na Am\u00e9rica Latina, e o primeiro registro \u00e9 o da invas\u00e3o da Venezuela, transformada em protetorado sob a reg\u00eancia da Casa Branca, depois de ter seu presidente (n\u00e3o vem ao caso que seja) \u00a0sequestrado e transferido para uma pris\u00e3o\u00a0em NY. Antes, durante e depois, seu bloqueio a\u00e9reo e naval e, ao fim e ao cabo, o sequestro de suas reservas de petr\u00f3leo.<\/p>\n<p>Mas o que mais me toca \u00e9 o garrote vil, extraordinariamente covarde, que amea\u00e7a matar de fome e doen\u00e7as o povo cubano. Sim: o objetivo, hoje, n\u00e3o \u00e9 mais destruir a resist\u00eancia do regime tentativamente socialista, mas eliminar sua gente. A pequena Cuba, desde 1959, padece sob isolamento pol\u00edtico e bloqueio econ\u00f4mico, invas\u00f5es e sabotagens. Trata-se de estrangular a economia como forma de disciplinar um governo eleito como advers\u00e1rio, ainda que o custo recaia sobre a popula\u00e7\u00e3o.<\/p>\n<p>N\u00f3s, brasileiros, supondo-nos grandes e poderosos, na ilus\u00e3o da incolumidade, n\u00e3o identificamos\u00a0como amea\u00e7a o isolamento para o qual caminhamos na Am\u00e9rica do Sul, nem consideramos como precedente perigoso a invas\u00e3o da Venezuela. Lembrando, uma vez mais, Bertolt Brecht: nosso pa\u00eds n\u00e3o \u00e9 socialista e nosso presidente n\u00e3o \u00e9 acusado de traficante. Nada a temer.<\/p>\n","protected":false},"excerpt":{"rendered":"<p>Em 1938, regressando de Munique, aonde f\u00f4ra negociar com Adolf Hitler, o primeiro-ministro Neville Chamberlain declara ao Parlamento brit\u00e2nico haver conquistado o que denominava como &#8220;a paz para o nosso tempo&#8221;. Enganado ou n\u00e3o, enganava os ingleses e despistava o mundo, em especial o mundo europeu, mal sa\u00eddo da Primeira Guerra Mundial e j\u00e1 se [&hellip;]<\/p>\n","protected":false},"author":2,"featured_media":125304,"comment_status":"closed","ping_status":"closed","sticky":false,"template":"","format":"standard","meta":{"_acf_changed":false,"footnotes":""},"categories":[159],"tags":[],"class_list":["post-384944","post","type-post","status-publish","format-standard","has-post-thumbnail","hentry","category-apocalipse"],"acf":[],"yoast_head":"<!-- This site is optimized with the Yoast SEO plugin v27.2 - https:\/\/yoast.com\/product\/yoast-seo-wordpress\/ -->\n<title>As duas grandes guerras e nosso isolamento latino - Notibras<\/title>\n<meta name=\"robots\" content=\"index, follow, max-snippet:-1, max-image-preview:large, max-video-preview:-1\" \/>\n<link rel=\"canonical\" href=\"https:\/\/www.notibras.com\/site\/as-duas-grandes-guerras-e-nosso-isolamento-latino\/\" \/>\n<meta property=\"og:locale\" content=\"pt_BR\" \/>\n<meta property=\"og:type\" content=\"article\" \/>\n<meta property=\"og:title\" content=\"As duas grandes guerras e nosso isolamento latino - Notibras\" \/>\n<meta property=\"og:description\" content=\"Em 1938, regressando de Munique, aonde f\u00f4ra negociar com Adolf Hitler, o primeiro-ministro Neville Chamberlain declara ao Parlamento brit\u00e2nico haver conquistado o que denominava como &#8220;a paz para o nosso tempo&#8221;. Enganado ou n\u00e3o, enganava os ingleses e despistava o mundo, em especial o mundo europeu, mal sa\u00eddo da Primeira Guerra Mundial e j\u00e1 se [&hellip;]\" \/>\n<meta property=\"og:url\" content=\"https:\/\/www.notibras.com\/site\/as-duas-grandes-guerras-e-nosso-isolamento-latino\/\" \/>\n<meta property=\"og:site_name\" content=\"Notibras\" \/>\n<meta property=\"article:publisher\" content=\"https:\/\/www.facebook.com\/notibras\/\" \/>\n<meta property=\"article:published_time\" content=\"2026-02-28T03:11:23+00:00\" \/>\n<meta property=\"og:image\" content=\"https:\/\/www.notibras.com\/site\/wp-content\/uploads\/2017\/01\/Imagem-Brasil-quebrado.jpg\" \/>\n\t<meta property=\"og:image:width\" content=\"1000\" \/>\n\t<meta property=\"og:image:height\" content=\"670\" \/>\n\t<meta property=\"og:image:type\" content=\"image\/jpeg\" \/>\n<meta name=\"author\" content=\"Reda\u00e7\u00e3o\" \/>\n<meta name=\"twitter:card\" content=\"summary_large_image\" \/>\n<meta name=\"twitter:creator\" content=\"@Notibras\" \/>\n<meta name=\"twitter:site\" content=\"@Notibras\" \/>\n<meta name=\"twitter:label1\" content=\"Escrito por\" \/>\n\t<meta name=\"twitter:data1\" content=\"Reda\u00e7\u00e3o\" \/>\n\t<meta name=\"twitter:label2\" content=\"Est. tempo de leitura\" \/>\n\t<meta name=\"twitter:data2\" content=\"9 minutos\" \/>\n<script type=\"application\/ld+json\" class=\"yoast-schema-graph\">{\"@context\":\"https:\/\/schema.org\",\"@graph\":[{\"@type\":\"Article\",\"@id\":\"https:\/\/www.notibras.com\/site\/as-duas-grandes-guerras-e-nosso-isolamento-latino\/#article\",\"isPartOf\":{\"@id\":\"https:\/\/www.notibras.com\/site\/as-duas-grandes-guerras-e-nosso-isolamento-latino\/\"},\"author\":{\"name\":\"Reda\u00e7\u00e3o\",\"@id\":\"https:\/\/www.notibras.com\/site\/#\/schema\/person\/36ab0979449956132d3e5b517ea76ac8\"},\"headline\":\"As duas grandes guerras e nosso isolamento latino\",\"datePublished\":\"2026-02-28T03:11:23+00:00\",\"mainEntityOfPage\":{\"@id\":\"https:\/\/www.notibras.com\/site\/as-duas-grandes-guerras-e-nosso-isolamento-latino\/\"},\"wordCount\":1603,\"publisher\":{\"@id\":\"https:\/\/www.notibras.com\/site\/#organization\"},\"image\":{\"@id\":\"https:\/\/www.notibras.com\/site\/as-duas-grandes-guerras-e-nosso-isolamento-latino\/#primaryimage\"},\"thumbnailUrl\":\"https:\/\/www.notibras.com\/site\/wp-content\/uploads\/2017\/01\/Imagem-Brasil-quebrado.jpg\",\"articleSection\":[\"Apocalipse\"],\"inLanguage\":\"pt-BR\"},{\"@type\":\"WebPage\",\"@id\":\"https:\/\/www.notibras.com\/site\/as-duas-grandes-guerras-e-nosso-isolamento-latino\/\",\"url\":\"https:\/\/www.notibras.com\/site\/as-duas-grandes-guerras-e-nosso-isolamento-latino\/\",\"name\":\"As duas grandes guerras e nosso isolamento latino - Notibras\",\"isPartOf\":{\"@id\":\"https:\/\/www.notibras.com\/site\/#website\"},\"primaryImageOfPage\":{\"@id\":\"https:\/\/www.notibras.com\/site\/as-duas-grandes-guerras-e-nosso-isolamento-latino\/#primaryimage\"},\"image\":{\"@id\":\"https:\/\/www.notibras.com\/site\/as-duas-grandes-guerras-e-nosso-isolamento-latino\/#primaryimage\"},\"thumbnailUrl\":\"https:\/\/www.notibras.com\/site\/wp-content\/uploads\/2017\/01\/Imagem-Brasil-quebrado.jpg\",\"datePublished\":\"2026-02-28T03:11:23+00:00\",\"breadcrumb\":{\"@id\":\"https:\/\/www.notibras.com\/site\/as-duas-grandes-guerras-e-nosso-isolamento-latino\/#breadcrumb\"},\"inLanguage\":\"pt-BR\",\"potentialAction\":[{\"@type\":\"ReadAction\",\"target\":[\"https:\/\/www.notibras.com\/site\/as-duas-grandes-guerras-e-nosso-isolamento-latino\/\"]}]},{\"@type\":\"ImageObject\",\"inLanguage\":\"pt-BR\",\"@id\":\"https:\/\/www.notibras.com\/site\/as-duas-grandes-guerras-e-nosso-isolamento-latino\/#primaryimage\",\"url\":\"https:\/\/www.notibras.com\/site\/wp-content\/uploads\/2017\/01\/Imagem-Brasil-quebrado.jpg\",\"contentUrl\":\"https:\/\/www.notibras.com\/site\/wp-content\/uploads\/2017\/01\/Imagem-Brasil-quebrado.jpg\",\"width\":1000,\"height\":670},{\"@type\":\"BreadcrumbList\",\"@id\":\"https:\/\/www.notibras.com\/site\/as-duas-grandes-guerras-e-nosso-isolamento-latino\/#breadcrumb\",\"itemListElement\":[{\"@type\":\"ListItem\",\"position\":1,\"name\":\"In\u00edcio\",\"item\":\"https:\/\/www.notibras.com\/site\/\"},{\"@type\":\"ListItem\",\"position\":2,\"name\":\"As duas grandes guerras e nosso isolamento latino\"}]},{\"@type\":\"WebSite\",\"@id\":\"https:\/\/www.notibras.com\/site\/#website\",\"url\":\"https:\/\/www.notibras.com\/site\/\",\"name\":\"Notibras\",\"description\":\"Not\u00edcias de Bras\u00edlia, do Brasil e do Mundo\",\"publisher\":{\"@id\":\"https:\/\/www.notibras.com\/site\/#organization\"},\"potentialAction\":[{\"@type\":\"SearchAction\",\"target\":{\"@type\":\"EntryPoint\",\"urlTemplate\":\"https:\/\/www.notibras.com\/site\/?s={search_term_string}\"},\"query-input\":{\"@type\":\"PropertyValueSpecification\",\"valueRequired\":true,\"valueName\":\"search_term_string\"}}],\"inLanguage\":\"pt-BR\"},{\"@type\":\"Organization\",\"@id\":\"https:\/\/www.notibras.com\/site\/#organization\",\"name\":\"Grupo Notibras de Comunica\u00e7\u00e3o\",\"url\":\"https:\/\/www.notibras.com\/site\/\",\"logo\":{\"@type\":\"ImageObject\",\"inLanguage\":\"pt-BR\",\"@id\":\"https:\/\/www.notibras.com\/site\/#\/schema\/logo\/image\/\",\"url\":\"https:\/\/www.notibras.com\/site\/wp-content\/uploads\/2023\/01\/notibras23.png\",\"contentUrl\":\"https:\/\/www.notibras.com\/site\/wp-content\/uploads\/2023\/01\/notibras23.png\",\"width\":350,\"height\":87,\"caption\":\"Grupo Notibras de Comunica\u00e7\u00e3o\"},\"image\":{\"@id\":\"https:\/\/www.notibras.com\/site\/#\/schema\/logo\/image\/\"},\"sameAs\":[\"https:\/\/www.facebook.com\/notibras\/\",\"https:\/\/x.com\/Notibras\",\"https:\/\/www.instagram.com\/notibras\/\"]},{\"@type\":\"Person\",\"@id\":\"https:\/\/www.notibras.com\/site\/#\/schema\/person\/36ab0979449956132d3e5b517ea76ac8\",\"name\":\"Reda\u00e7\u00e3o\",\"image\":{\"@type\":\"ImageObject\",\"inLanguage\":\"pt-BR\",\"@id\":\"https:\/\/secure.gravatar.com\/avatar\/e0a867bdedb85fd243eadf09663511f96fc81e0720a4a42581f334ad4303aa6b?s=96&d=mm&r=g\",\"url\":\"https:\/\/secure.gravatar.com\/avatar\/e0a867bdedb85fd243eadf09663511f96fc81e0720a4a42581f334ad4303aa6b?s=96&d=mm&r=g\",\"contentUrl\":\"https:\/\/secure.gravatar.com\/avatar\/e0a867bdedb85fd243eadf09663511f96fc81e0720a4a42581f334ad4303aa6b?s=96&d=mm&r=g\",\"caption\":\"Reda\u00e7\u00e3o\"}}]}<\/script>\n<!-- \/ Yoast SEO plugin. -->","yoast_head_json":{"title":"As duas grandes guerras e nosso isolamento latino - Notibras","robots":{"index":"index","follow":"follow","max-snippet":"max-snippet:-1","max-image-preview":"max-image-preview:large","max-video-preview":"max-video-preview:-1"},"canonical":"https:\/\/www.notibras.com\/site\/as-duas-grandes-guerras-e-nosso-isolamento-latino\/","og_locale":"pt_BR","og_type":"article","og_title":"As duas grandes guerras e nosso isolamento latino - Notibras","og_description":"Em 1938, regressando de Munique, aonde f\u00f4ra negociar com Adolf Hitler, o primeiro-ministro Neville Chamberlain declara ao Parlamento brit\u00e2nico haver conquistado o que denominava como &#8220;a paz para o nosso tempo&#8221;. Enganado ou n\u00e3o, enganava os ingleses e despistava o mundo, em especial o mundo europeu, mal sa\u00eddo da Primeira Guerra Mundial e j\u00e1 se [&hellip;]","og_url":"https:\/\/www.notibras.com\/site\/as-duas-grandes-guerras-e-nosso-isolamento-latino\/","og_site_name":"Notibras","article_publisher":"https:\/\/www.facebook.com\/notibras\/","article_published_time":"2026-02-28T03:11:23+00:00","og_image":[{"width":1000,"height":670,"url":"https:\/\/www.notibras.com\/site\/wp-content\/uploads\/2017\/01\/Imagem-Brasil-quebrado.jpg","type":"image\/jpeg"}],"author":"Reda\u00e7\u00e3o","twitter_card":"summary_large_image","twitter_creator":"@Notibras","twitter_site":"@Notibras","twitter_misc":{"Escrito por":"Reda\u00e7\u00e3o","Est. tempo de leitura":"9 minutos"},"schema":{"@context":"https:\/\/schema.org","@graph":[{"@type":"Article","@id":"https:\/\/www.notibras.com\/site\/as-duas-grandes-guerras-e-nosso-isolamento-latino\/#article","isPartOf":{"@id":"https:\/\/www.notibras.com\/site\/as-duas-grandes-guerras-e-nosso-isolamento-latino\/"},"author":{"name":"Reda\u00e7\u00e3o","@id":"https:\/\/www.notibras.com\/site\/#\/schema\/person\/36ab0979449956132d3e5b517ea76ac8"},"headline":"As duas grandes guerras e nosso isolamento latino","datePublished":"2026-02-28T03:11:23+00:00","mainEntityOfPage":{"@id":"https:\/\/www.notibras.com\/site\/as-duas-grandes-guerras-e-nosso-isolamento-latino\/"},"wordCount":1603,"publisher":{"@id":"https:\/\/www.notibras.com\/site\/#organization"},"image":{"@id":"https:\/\/www.notibras.com\/site\/as-duas-grandes-guerras-e-nosso-isolamento-latino\/#primaryimage"},"thumbnailUrl":"https:\/\/www.notibras.com\/site\/wp-content\/uploads\/2017\/01\/Imagem-Brasil-quebrado.jpg","articleSection":["Apocalipse"],"inLanguage":"pt-BR"},{"@type":"WebPage","@id":"https:\/\/www.notibras.com\/site\/as-duas-grandes-guerras-e-nosso-isolamento-latino\/","url":"https:\/\/www.notibras.com\/site\/as-duas-grandes-guerras-e-nosso-isolamento-latino\/","name":"As duas grandes guerras e nosso isolamento latino - Notibras","isPartOf":{"@id":"https:\/\/www.notibras.com\/site\/#website"},"primaryImageOfPage":{"@id":"https:\/\/www.notibras.com\/site\/as-duas-grandes-guerras-e-nosso-isolamento-latino\/#primaryimage"},"image":{"@id":"https:\/\/www.notibras.com\/site\/as-duas-grandes-guerras-e-nosso-isolamento-latino\/#primaryimage"},"thumbnailUrl":"https:\/\/www.notibras.com\/site\/wp-content\/uploads\/2017\/01\/Imagem-Brasil-quebrado.jpg","datePublished":"2026-02-28T03:11:23+00:00","breadcrumb":{"@id":"https:\/\/www.notibras.com\/site\/as-duas-grandes-guerras-e-nosso-isolamento-latino\/#breadcrumb"},"inLanguage":"pt-BR","potentialAction":[{"@type":"ReadAction","target":["https:\/\/www.notibras.com\/site\/as-duas-grandes-guerras-e-nosso-isolamento-latino\/"]}]},{"@type":"ImageObject","inLanguage":"pt-BR","@id":"https:\/\/www.notibras.com\/site\/as-duas-grandes-guerras-e-nosso-isolamento-latino\/#primaryimage","url":"https:\/\/www.notibras.com\/site\/wp-content\/uploads\/2017\/01\/Imagem-Brasil-quebrado.jpg","contentUrl":"https:\/\/www.notibras.com\/site\/wp-content\/uploads\/2017\/01\/Imagem-Brasil-quebrado.jpg","width":1000,"height":670},{"@type":"BreadcrumbList","@id":"https:\/\/www.notibras.com\/site\/as-duas-grandes-guerras-e-nosso-isolamento-latino\/#breadcrumb","itemListElement":[{"@type":"ListItem","position":1,"name":"In\u00edcio","item":"https:\/\/www.notibras.com\/site\/"},{"@type":"ListItem","position":2,"name":"As duas grandes guerras e nosso isolamento latino"}]},{"@type":"WebSite","@id":"https:\/\/www.notibras.com\/site\/#website","url":"https:\/\/www.notibras.com\/site\/","name":"Notibras","description":"Not\u00edcias de Bras\u00edlia, do Brasil e do Mundo","publisher":{"@id":"https:\/\/www.notibras.com\/site\/#organization"},"potentialAction":[{"@type":"SearchAction","target":{"@type":"EntryPoint","urlTemplate":"https:\/\/www.notibras.com\/site\/?s={search_term_string}"},"query-input":{"@type":"PropertyValueSpecification","valueRequired":true,"valueName":"search_term_string"}}],"inLanguage":"pt-BR"},{"@type":"Organization","@id":"https:\/\/www.notibras.com\/site\/#organization","name":"Grupo Notibras de Comunica\u00e7\u00e3o","url":"https:\/\/www.notibras.com\/site\/","logo":{"@type":"ImageObject","inLanguage":"pt-BR","@id":"https:\/\/www.notibras.com\/site\/#\/schema\/logo\/image\/","url":"https:\/\/www.notibras.com\/site\/wp-content\/uploads\/2023\/01\/notibras23.png","contentUrl":"https:\/\/www.notibras.com\/site\/wp-content\/uploads\/2023\/01\/notibras23.png","width":350,"height":87,"caption":"Grupo Notibras de Comunica\u00e7\u00e3o"},"image":{"@id":"https:\/\/www.notibras.com\/site\/#\/schema\/logo\/image\/"},"sameAs":["https:\/\/www.facebook.com\/notibras\/","https:\/\/x.com\/Notibras","https:\/\/www.instagram.com\/notibras\/"]},{"@type":"Person","@id":"https:\/\/www.notibras.com\/site\/#\/schema\/person\/36ab0979449956132d3e5b517ea76ac8","name":"Reda\u00e7\u00e3o","image":{"@type":"ImageObject","inLanguage":"pt-BR","@id":"https:\/\/secure.gravatar.com\/avatar\/e0a867bdedb85fd243eadf09663511f96fc81e0720a4a42581f334ad4303aa6b?s=96&d=mm&r=g","url":"https:\/\/secure.gravatar.com\/avatar\/e0a867bdedb85fd243eadf09663511f96fc81e0720a4a42581f334ad4303aa6b?s=96&d=mm&r=g","contentUrl":"https:\/\/secure.gravatar.com\/avatar\/e0a867bdedb85fd243eadf09663511f96fc81e0720a4a42581f334ad4303aa6b?s=96&d=mm&r=g","caption":"Reda\u00e7\u00e3o"}}]}},"amp_enabled":true,"_links":{"self":[{"href":"https:\/\/www.notibras.com\/site\/wp-json\/wp\/v2\/posts\/384944","targetHints":{"allow":["GET"]}}],"collection":[{"href":"https:\/\/www.notibras.com\/site\/wp-json\/wp\/v2\/posts"}],"about":[{"href":"https:\/\/www.notibras.com\/site\/wp-json\/wp\/v2\/types\/post"}],"author":[{"embeddable":true,"href":"https:\/\/www.notibras.com\/site\/wp-json\/wp\/v2\/users\/2"}],"replies":[{"embeddable":true,"href":"https:\/\/www.notibras.com\/site\/wp-json\/wp\/v2\/comments?post=384944"}],"version-history":[{"count":1,"href":"https:\/\/www.notibras.com\/site\/wp-json\/wp\/v2\/posts\/384944\/revisions"}],"predecessor-version":[{"id":384948,"href":"https:\/\/www.notibras.com\/site\/wp-json\/wp\/v2\/posts\/384944\/revisions\/384948"}],"wp:featuredmedia":[{"embeddable":true,"href":"https:\/\/www.notibras.com\/site\/wp-json\/wp\/v2\/media\/125304"}],"wp:attachment":[{"href":"https:\/\/www.notibras.com\/site\/wp-json\/wp\/v2\/media?parent=384944"}],"wp:term":[{"taxonomy":"category","embeddable":true,"href":"https:\/\/www.notibras.com\/site\/wp-json\/wp\/v2\/categories?post=384944"},{"taxonomy":"post_tag","embeddable":true,"href":"https:\/\/www.notibras.com\/site\/wp-json\/wp\/v2\/tags?post=384944"}],"curies":[{"name":"wp","href":"https:\/\/api.w.org\/{rel}","templated":true}]}}