{"id":384953,"date":"2026-02-28T02:00:27","date_gmt":"2026-02-28T05:00:27","guid":{"rendered":"https:\/\/www.notibras.com\/site\/?p=384953"},"modified":"2026-02-28T00:13:18","modified_gmt":"2026-02-28T03:13:18","slug":"o-preparo-de-fernando-haddad-para-conduzir-o-brasil-em-tempos-complexos","status":"publish","type":"post","link":"https:\/\/www.notibras.com\/site\/o-preparo-de-fernando-haddad-para-conduzir-o-brasil-em-tempos-complexos\/","title":{"rendered":"O preparo de Fernando Haddad para conduzir o Brasil em tempos complexos"},"content":{"rendered":"<p>Fernando Haddad \u00e9, sem exagero, uma das mentes mais brilhantes do governo e talvez uma das mais preparadas do Brasil quando o assunto \u00e9 economia, planejamento e formula\u00e7\u00e3o de pol\u00edticas p\u00fablicas. Sua capacidade t\u00e9cnica \u00e9 reconhecida at\u00e9 por advers\u00e1rios. No entanto, intelig\u00eancia e timing pol\u00edtico nem sempre caminham juntos. Com frequ\u00eancia, Haddad toma decis\u00f5es que podem at\u00e9 fazer sentido do ponto de vista fiscal, mas que se mostram equivocadas quanto ao momento escolhido para implement\u00e1-las.<\/p>\n<p>O recente recuo do governo em rela\u00e7\u00e3o ao aumento do imposto de importa\u00e7\u00e3o para produtos de inform\u00e1tica e telecomunica\u00e7\u00f5es \u00e9 um exemplo claro disso. Ap\u00f3s forte press\u00e3o nas redes sociais e rea\u00e7\u00e3o negativa de consumidores, empresas e setores da tecnologia, o governo decidiu revogar a medida. A proposta tinha justificativas econ\u00f4micas, como estimular a ind\u00fastria nacional, mas ignorou o ambiente pol\u00edtico.<\/p>\n<p>Ano eleitoral n\u00e3o \u00e9 um bom momento para se aumentar impostos. Independentemente da qualidade t\u00e9cnica da medida, a percep\u00e7\u00e3o p\u00fablica pesa. Em per\u00edodos assim, qualquer sinal de aumento de carga tribut\u00e1ria se transforma rapidamente em desgaste pol\u00edtico. Governar exige mais do que boas ideias: exige sensibilidade ao tempo, ao contexto e \u00e0 temperatura da opini\u00e3o p\u00fablica. Intelig\u00eancia \u00e9 fundamental, mas pol\u00edtica exige saber a hora certa de agir.<\/p>\n","protected":false},"excerpt":{"rendered":"<p>Fernando Haddad \u00e9, sem exagero, uma das mentes mais brilhantes do governo e talvez uma das mais preparadas do Brasil quando o assunto \u00e9 economia, planejamento e formula\u00e7\u00e3o de pol\u00edticas p\u00fablicas. Sua capacidade t\u00e9cnica \u00e9 reconhecida at\u00e9 por advers\u00e1rios. No entanto, intelig\u00eancia e timing pol\u00edtico nem sempre caminham juntos. Com frequ\u00eancia, Haddad toma decis\u00f5es que [&hellip;]<\/p>\n","protected":false},"author":21,"featured_media":384955,"comment_status":"closed","ping_status":"closed","sticky":false,"template":"","format":"standard","meta":{"_acf_changed":false,"footnotes":""},"categories":[235],"tags":[],"class_list":["post-384953","post","type-post","status-publish","format-standard","has-post-thumbnail","hentry","category-dona-irene"],"acf":[],"yoast_head":"<!-- This site is optimized with the Yoast SEO plugin v27.2 - https:\/\/yoast.com\/product\/yoast-seo-wordpress\/ -->\n<title>O preparo de Fernando Haddad para conduzir o Brasil em tempos complexos - Notibras<\/title>\n<meta name=\"robots\" content=\"index, follow, max-snippet:-1, max-image-preview:large, max-video-preview:-1\" \/>\n<link rel=\"canonical\" href=\"https:\/\/www.notibras.com\/site\/o-preparo-de-fernando-haddad-para-conduzir-o-brasil-em-tempos-complexos\/\" \/>\n<meta property=\"og:locale\" content=\"pt_BR\" \/>\n<meta property=\"og:type\" content=\"article\" \/>\n<meta property=\"og:title\" content=\"O preparo de Fernando Haddad para conduzir o Brasil em tempos complexos - Notibras\" \/>\n<meta property=\"og:description\" content=\"Fernando Haddad \u00e9, sem exagero, uma das mentes mais brilhantes do governo e talvez uma das mais preparadas do Brasil quando o assunto \u00e9 economia, planejamento e formula\u00e7\u00e3o de pol\u00edticas p\u00fablicas. Sua capacidade t\u00e9cnica \u00e9 reconhecida at\u00e9 por advers\u00e1rios. No entanto, intelig\u00eancia e timing pol\u00edtico nem sempre caminham juntos. Com frequ\u00eancia, Haddad toma decis\u00f5es que [&hellip;]\" \/>\n<meta property=\"og:url\" content=\"https:\/\/www.notibras.com\/site\/o-preparo-de-fernando-haddad-para-conduzir-o-brasil-em-tempos-complexos\/\" \/>\n<meta property=\"og:site_name\" content=\"Notibras\" \/>\n<meta property=\"article:publisher\" content=\"https:\/\/www.facebook.com\/notibras\/\" \/>\n<meta property=\"article:published_time\" content=\"2026-02-28T05:00:27+00:00\" \/>\n<meta property=\"og:image\" content=\"https:\/\/www.notibras.com\/site\/wp-content\/uploads\/2026\/02\/20260127060136_26dc729a3cb688f012dbb25785162fb10f4f6630dd7338ab8b4e68b7bc677304.webp\" \/>\n\t<meta property=\"og:image:width\" content=\"2560\" \/>\n\t<meta property=\"og:image:height\" content=\"1440\" \/>\n\t<meta property=\"og:image:type\" content=\"image\/webp\" \/>\n<meta name=\"author\" content=\"Eduardo Mart\u00ednez\" \/>\n<meta name=\"twitter:card\" content=\"summary_large_image\" \/>\n<meta name=\"twitter:creator\" content=\"@Notibras\" \/>\n<meta name=\"twitter:site\" content=\"@Notibras\" \/>\n<meta name=\"twitter:label1\" content=\"Escrito por\" \/>\n\t<meta name=\"twitter:data1\" content=\"Eduardo Mart\u00ednez\" \/>\n\t<meta name=\"twitter:label2\" content=\"Est. tempo de leitura\" \/>\n\t<meta name=\"twitter:data2\" content=\"2 minutos\" \/>\n<script type=\"application\/ld+json\" class=\"yoast-schema-graph\">{\"@context\":\"https:\/\/schema.org\",\"@graph\":[{\"@type\":\"Article\",\"@id\":\"https:\/\/www.notibras.com\/site\/o-preparo-de-fernando-haddad-para-conduzir-o-brasil-em-tempos-complexos\/#article\",\"isPartOf\":{\"@id\":\"https:\/\/www.notibras.com\/site\/o-preparo-de-fernando-haddad-para-conduzir-o-brasil-em-tempos-complexos\/\"},\"author\":{\"name\":\"Eduardo Mart\u00ednez\",\"@id\":\"https:\/\/www.notibras.com\/site\/#\/schema\/person\/5b7fabf2aedc3ada2105f03b22b4d3dd\"},\"headline\":\"O preparo de Fernando Haddad para conduzir o Brasil em tempos complexos\",\"datePublished\":\"2026-02-28T05:00:27+00:00\",\"mainEntityOfPage\":{\"@id\":\"https:\/\/www.notibras.com\/site\/o-preparo-de-fernando-haddad-para-conduzir-o-brasil-em-tempos-complexos\/\"},\"wordCount\":240,\"publisher\":{\"@id\":\"https:\/\/www.notibras.com\/site\/#organization\"},\"image\":{\"@id\":\"https:\/\/www.notibras.com\/site\/o-preparo-de-fernando-haddad-para-conduzir-o-brasil-em-tempos-complexos\/#primaryimage\"},\"thumbnailUrl\":\"https:\/\/www.notibras.com\/site\/wp-content\/uploads\/2026\/02\/20260127060136_26dc729a3cb688f012dbb25785162fb10f4f6630dd7338ab8b4e68b7bc677304.webp\",\"articleSection\":[\"Dona Irene\"],\"inLanguage\":\"pt-BR\"},{\"@type\":\"WebPage\",\"@id\":\"https:\/\/www.notibras.com\/site\/o-preparo-de-fernando-haddad-para-conduzir-o-brasil-em-tempos-complexos\/\",\"url\":\"https:\/\/www.notibras.com\/site\/o-preparo-de-fernando-haddad-para-conduzir-o-brasil-em-tempos-complexos\/\",\"name\":\"O preparo de Fernando Haddad para conduzir o Brasil em tempos complexos - Notibras\",\"isPartOf\":{\"@id\":\"https:\/\/www.notibras.com\/site\/#website\"},\"primaryImageOfPage\":{\"@id\":\"https:\/\/www.notibras.com\/site\/o-preparo-de-fernando-haddad-para-conduzir-o-brasil-em-tempos-complexos\/#primaryimage\"},\"image\":{\"@id\":\"https:\/\/www.notibras.com\/site\/o-preparo-de-fernando-haddad-para-conduzir-o-brasil-em-tempos-complexos\/#primaryimage\"},\"thumbnailUrl\":\"https:\/\/www.notibras.com\/site\/wp-content\/uploads\/2026\/02\/20260127060136_26dc729a3cb688f012dbb25785162fb10f4f6630dd7338ab8b4e68b7bc677304.webp\",\"datePublished\":\"2026-02-28T05:00:27+00:00\",\"breadcrumb\":{\"@id\":\"https:\/\/www.notibras.com\/site\/o-preparo-de-fernando-haddad-para-conduzir-o-brasil-em-tempos-complexos\/#breadcrumb\"},\"inLanguage\":\"pt-BR\",\"potentialAction\":[{\"@type\":\"ReadAction\",\"target\":[\"https:\/\/www.notibras.com\/site\/o-preparo-de-fernando-haddad-para-conduzir-o-brasil-em-tempos-complexos\/\"]}]},{\"@type\":\"ImageObject\",\"inLanguage\":\"pt-BR\",\"@id\":\"https:\/\/www.notibras.com\/site\/o-preparo-de-fernando-haddad-para-conduzir-o-brasil-em-tempos-complexos\/#primaryimage\",\"url\":\"https:\/\/www.notibras.com\/site\/wp-content\/uploads\/2026\/02\/20260127060136_26dc729a3cb688f012dbb25785162fb10f4f6630dd7338ab8b4e68b7bc677304.webp\",\"contentUrl\":\"https:\/\/www.notibras.com\/site\/wp-content\/uploads\/2026\/02\/20260127060136_26dc729a3cb688f012dbb25785162fb10f4f6630dd7338ab8b4e68b7bc677304.webp\",\"width\":2560,\"height\":1440},{\"@type\":\"BreadcrumbList\",\"@id\":\"https:\/\/www.notibras.com\/site\/o-preparo-de-fernando-haddad-para-conduzir-o-brasil-em-tempos-complexos\/#breadcrumb\",\"itemListElement\":[{\"@type\":\"ListItem\",\"position\":1,\"name\":\"In\u00edcio\",\"item\":\"https:\/\/www.notibras.com\/site\/\"},{\"@type\":\"ListItem\",\"position\":2,\"name\":\"O preparo de Fernando Haddad para conduzir o Brasil em tempos complexos\"}]},{\"@type\":\"WebSite\",\"@id\":\"https:\/\/www.notibras.com\/site\/#website\",\"url\":\"https:\/\/www.notibras.com\/site\/\",\"name\":\"Notibras\",\"description\":\"Not\u00edcias de Bras\u00edlia, do Brasil e do Mundo\",\"publisher\":{\"@id\":\"https:\/\/www.notibras.com\/site\/#organization\"},\"potentialAction\":[{\"@type\":\"SearchAction\",\"target\":{\"@type\":\"EntryPoint\",\"urlTemplate\":\"https:\/\/www.notibras.com\/site\/?s={search_term_string}\"},\"query-input\":{\"@type\":\"PropertyValueSpecification\",\"valueRequired\":true,\"valueName\":\"search_term_string\"}}],\"inLanguage\":\"pt-BR\"},{\"@type\":\"Organization\",\"@id\":\"https:\/\/www.notibras.com\/site\/#organization\",\"name\":\"Grupo Notibras de Comunica\u00e7\u00e3o\",\"url\":\"https:\/\/www.notibras.com\/site\/\",\"logo\":{\"@type\":\"ImageObject\",\"inLanguage\":\"pt-BR\",\"@id\":\"https:\/\/www.notibras.com\/site\/#\/schema\/logo\/image\/\",\"url\":\"https:\/\/www.notibras.com\/site\/wp-content\/uploads\/2023\/01\/notibras23.png\",\"contentUrl\":\"https:\/\/www.notibras.com\/site\/wp-content\/uploads\/2023\/01\/notibras23.png\",\"width\":350,\"height\":87,\"caption\":\"Grupo Notibras de Comunica\u00e7\u00e3o\"},\"image\":{\"@id\":\"https:\/\/www.notibras.com\/site\/#\/schema\/logo\/image\/\"},\"sameAs\":[\"https:\/\/www.facebook.com\/notibras\/\",\"https:\/\/x.com\/Notibras\",\"https:\/\/www.instagram.com\/notibras\/\"]},{\"@type\":\"Person\",\"@id\":\"https:\/\/www.notibras.com\/site\/#\/schema\/person\/5b7fabf2aedc3ada2105f03b22b4d3dd\",\"name\":\"Eduardo Mart\u00ednez\",\"image\":{\"@type\":\"ImageObject\",\"inLanguage\":\"pt-BR\",\"@id\":\"https:\/\/secure.gravatar.com\/avatar\/7902f906289926289cbcda644b5197c796b893c6ffd7b9a536a42d290f7704a0?s=96&d=mm&r=g\",\"url\":\"https:\/\/secure.gravatar.com\/avatar\/7902f906289926289cbcda644b5197c796b893c6ffd7b9a536a42d290f7704a0?s=96&d=mm&r=g\",\"contentUrl\":\"https:\/\/secure.gravatar.com\/avatar\/7902f906289926289cbcda644b5197c796b893c6ffd7b9a536a42d290f7704a0?s=96&d=mm&r=g\",\"caption\":\"Eduardo Mart\u00ednez\"}}]}<\/script>\n<!-- \/ Yoast SEO plugin. -->","yoast_head_json":{"title":"O preparo de Fernando Haddad para conduzir o Brasil em tempos complexos - Notibras","robots":{"index":"index","follow":"follow","max-snippet":"max-snippet:-1","max-image-preview":"max-image-preview:large","max-video-preview":"max-video-preview:-1"},"canonical":"https:\/\/www.notibras.com\/site\/o-preparo-de-fernando-haddad-para-conduzir-o-brasil-em-tempos-complexos\/","og_locale":"pt_BR","og_type":"article","og_title":"O preparo de Fernando Haddad para conduzir o Brasil em tempos complexos - Notibras","og_description":"Fernando Haddad \u00e9, sem exagero, uma das mentes mais brilhantes do governo e talvez uma das mais preparadas do Brasil quando o assunto \u00e9 economia, planejamento e formula\u00e7\u00e3o de pol\u00edticas p\u00fablicas. Sua capacidade t\u00e9cnica \u00e9 reconhecida at\u00e9 por advers\u00e1rios. No entanto, intelig\u00eancia e timing pol\u00edtico nem sempre caminham juntos. Com frequ\u00eancia, Haddad toma decis\u00f5es que [&hellip;]","og_url":"https:\/\/www.notibras.com\/site\/o-preparo-de-fernando-haddad-para-conduzir-o-brasil-em-tempos-complexos\/","og_site_name":"Notibras","article_publisher":"https:\/\/www.facebook.com\/notibras\/","article_published_time":"2026-02-28T05:00:27+00:00","og_image":[{"width":2560,"height":1440,"url":"https:\/\/www.notibras.com\/site\/wp-content\/uploads\/2026\/02\/20260127060136_26dc729a3cb688f012dbb25785162fb10f4f6630dd7338ab8b4e68b7bc677304.webp","type":"image\/webp"}],"author":"Eduardo Mart\u00ednez","twitter_card":"summary_large_image","twitter_creator":"@Notibras","twitter_site":"@Notibras","twitter_misc":{"Escrito por":"Eduardo Mart\u00ednez","Est. tempo de leitura":"2 minutos"},"schema":{"@context":"https:\/\/schema.org","@graph":[{"@type":"Article","@id":"https:\/\/www.notibras.com\/site\/o-preparo-de-fernando-haddad-para-conduzir-o-brasil-em-tempos-complexos\/#article","isPartOf":{"@id":"https:\/\/www.notibras.com\/site\/o-preparo-de-fernando-haddad-para-conduzir-o-brasil-em-tempos-complexos\/"},"author":{"name":"Eduardo Mart\u00ednez","@id":"https:\/\/www.notibras.com\/site\/#\/schema\/person\/5b7fabf2aedc3ada2105f03b22b4d3dd"},"headline":"O preparo de Fernando Haddad para conduzir o Brasil em tempos complexos","datePublished":"2026-02-28T05:00:27+00:00","mainEntityOfPage":{"@id":"https:\/\/www.notibras.com\/site\/o-preparo-de-fernando-haddad-para-conduzir-o-brasil-em-tempos-complexos\/"},"wordCount":240,"publisher":{"@id":"https:\/\/www.notibras.com\/site\/#organization"},"image":{"@id":"https:\/\/www.notibras.com\/site\/o-preparo-de-fernando-haddad-para-conduzir-o-brasil-em-tempos-complexos\/#primaryimage"},"thumbnailUrl":"https:\/\/www.notibras.com\/site\/wp-content\/uploads\/2026\/02\/20260127060136_26dc729a3cb688f012dbb25785162fb10f4f6630dd7338ab8b4e68b7bc677304.webp","articleSection":["Dona Irene"],"inLanguage":"pt-BR"},{"@type":"WebPage","@id":"https:\/\/www.notibras.com\/site\/o-preparo-de-fernando-haddad-para-conduzir-o-brasil-em-tempos-complexos\/","url":"https:\/\/www.notibras.com\/site\/o-preparo-de-fernando-haddad-para-conduzir-o-brasil-em-tempos-complexos\/","name":"O preparo de Fernando Haddad para conduzir o Brasil em tempos complexos - Notibras","isPartOf":{"@id":"https:\/\/www.notibras.com\/site\/#website"},"primaryImageOfPage":{"@id":"https:\/\/www.notibras.com\/site\/o-preparo-de-fernando-haddad-para-conduzir-o-brasil-em-tempos-complexos\/#primaryimage"},"image":{"@id":"https:\/\/www.notibras.com\/site\/o-preparo-de-fernando-haddad-para-conduzir-o-brasil-em-tempos-complexos\/#primaryimage"},"thumbnailUrl":"https:\/\/www.notibras.com\/site\/wp-content\/uploads\/2026\/02\/20260127060136_26dc729a3cb688f012dbb25785162fb10f4f6630dd7338ab8b4e68b7bc677304.webp","datePublished":"2026-02-28T05:00:27+00:00","breadcrumb":{"@id":"https:\/\/www.notibras.com\/site\/o-preparo-de-fernando-haddad-para-conduzir-o-brasil-em-tempos-complexos\/#breadcrumb"},"inLanguage":"pt-BR","potentialAction":[{"@type":"ReadAction","target":["https:\/\/www.notibras.com\/site\/o-preparo-de-fernando-haddad-para-conduzir-o-brasil-em-tempos-complexos\/"]}]},{"@type":"ImageObject","inLanguage":"pt-BR","@id":"https:\/\/www.notibras.com\/site\/o-preparo-de-fernando-haddad-para-conduzir-o-brasil-em-tempos-complexos\/#primaryimage","url":"https:\/\/www.notibras.com\/site\/wp-content\/uploads\/2026\/02\/20260127060136_26dc729a3cb688f012dbb25785162fb10f4f6630dd7338ab8b4e68b7bc677304.webp","contentUrl":"https:\/\/www.notibras.com\/site\/wp-content\/uploads\/2026\/02\/20260127060136_26dc729a3cb688f012dbb25785162fb10f4f6630dd7338ab8b4e68b7bc677304.webp","width":2560,"height":1440},{"@type":"BreadcrumbList","@id":"https:\/\/www.notibras.com\/site\/o-preparo-de-fernando-haddad-para-conduzir-o-brasil-em-tempos-complexos\/#breadcrumb","itemListElement":[{"@type":"ListItem","position":1,"name":"In\u00edcio","item":"https:\/\/www.notibras.com\/site\/"},{"@type":"ListItem","position":2,"name":"O preparo de Fernando Haddad para conduzir o Brasil em tempos complexos"}]},{"@type":"WebSite","@id":"https:\/\/www.notibras.com\/site\/#website","url":"https:\/\/www.notibras.com\/site\/","name":"Notibras","description":"Not\u00edcias de Bras\u00edlia, do Brasil e do Mundo","publisher":{"@id":"https:\/\/www.notibras.com\/site\/#organization"},"potentialAction":[{"@type":"SearchAction","target":{"@type":"EntryPoint","urlTemplate":"https:\/\/www.notibras.com\/site\/?s={search_term_string}"},"query-input":{"@type":"PropertyValueSpecification","valueRequired":true,"valueName":"search_term_string"}}],"inLanguage":"pt-BR"},{"@type":"Organization","@id":"https:\/\/www.notibras.com\/site\/#organization","name":"Grupo Notibras de Comunica\u00e7\u00e3o","url":"https:\/\/www.notibras.com\/site\/","logo":{"@type":"ImageObject","inLanguage":"pt-BR","@id":"https:\/\/www.notibras.com\/site\/#\/schema\/logo\/image\/","url":"https:\/\/www.notibras.com\/site\/wp-content\/uploads\/2023\/01\/notibras23.png","contentUrl":"https:\/\/www.notibras.com\/site\/wp-content\/uploads\/2023\/01\/notibras23.png","width":350,"height":87,"caption":"Grupo Notibras de Comunica\u00e7\u00e3o"},"image":{"@id":"https:\/\/www.notibras.com\/site\/#\/schema\/logo\/image\/"},"sameAs":["https:\/\/www.facebook.com\/notibras\/","https:\/\/x.com\/Notibras","https:\/\/www.instagram.com\/notibras\/"]},{"@type":"Person","@id":"https:\/\/www.notibras.com\/site\/#\/schema\/person\/5b7fabf2aedc3ada2105f03b22b4d3dd","name":"Eduardo Mart\u00ednez","image":{"@type":"ImageObject","inLanguage":"pt-BR","@id":"https:\/\/secure.gravatar.com\/avatar\/7902f906289926289cbcda644b5197c796b893c6ffd7b9a536a42d290f7704a0?s=96&d=mm&r=g","url":"https:\/\/secure.gravatar.com\/avatar\/7902f906289926289cbcda644b5197c796b893c6ffd7b9a536a42d290f7704a0?s=96&d=mm&r=g","contentUrl":"https:\/\/secure.gravatar.com\/avatar\/7902f906289926289cbcda644b5197c796b893c6ffd7b9a536a42d290f7704a0?s=96&d=mm&r=g","caption":"Eduardo Mart\u00ednez"}}]}},"amp_enabled":true,"_links":{"self":[{"href":"https:\/\/www.notibras.com\/site\/wp-json\/wp\/v2\/posts\/384953","targetHints":{"allow":["GET"]}}],"collection":[{"href":"https:\/\/www.notibras.com\/site\/wp-json\/wp\/v2\/posts"}],"about":[{"href":"https:\/\/www.notibras.com\/site\/wp-json\/wp\/v2\/types\/post"}],"author":[{"embeddable":true,"href":"https:\/\/www.notibras.com\/site\/wp-json\/wp\/v2\/users\/21"}],"replies":[{"embeddable":true,"href":"https:\/\/www.notibras.com\/site\/wp-json\/wp\/v2\/comments?post=384953"}],"version-history":[{"count":3,"href":"https:\/\/www.notibras.com\/site\/wp-json\/wp\/v2\/posts\/384953\/revisions"}],"predecessor-version":[{"id":384957,"href":"https:\/\/www.notibras.com\/site\/wp-json\/wp\/v2\/posts\/384953\/revisions\/384957"}],"wp:featuredmedia":[{"embeddable":true,"href":"https:\/\/www.notibras.com\/site\/wp-json\/wp\/v2\/media\/384955"}],"wp:attachment":[{"href":"https:\/\/www.notibras.com\/site\/wp-json\/wp\/v2\/media?parent=384953"}],"wp:term":[{"taxonomy":"category","embeddable":true,"href":"https:\/\/www.notibras.com\/site\/wp-json\/wp\/v2\/categories?post=384953"},{"taxonomy":"post_tag","embeddable":true,"href":"https:\/\/www.notibras.com\/site\/wp-json\/wp\/v2\/tags?post=384953"}],"curies":[{"name":"wp","href":"https:\/\/api.w.org\/{rel}","templated":true}]}}