{"id":384958,"date":"2026-02-28T02:15:20","date_gmt":"2026-02-28T05:15:20","guid":{"rendered":"https:\/\/www.notibras.com\/site\/?p=384958"},"modified":"2026-02-28T00:21:36","modified_gmt":"2026-02-28T03:21:36","slug":"o-brasil-nao-perdoa-quem-tenta-silenciar-a-democracia-com-sangue","status":"publish","type":"post","link":"https:\/\/www.notibras.com\/site\/o-brasil-nao-perdoa-quem-tenta-silenciar-a-democracia-com-sangue\/","title":{"rendered":"O Brasil n\u00e3o perdoa quem tenta silenciar a democracia com sangue"},"content":{"rendered":"<p>Nesta semana, o Brasil teve um grande motivo para comemorar. Ap\u00f3s anos de dor, mobiliza\u00e7\u00e3o e cobran\u00e7a da sociedade, os mandantes do assassinato de Marielle Franco, os irm\u00e3os Domingos e Chiquinho Braz\u00e3o, foram condenados a mais de 76 anos de pris\u00e3o. A decis\u00e3o representa n\u00e3o apenas uma resposta judicial, mas um marco simb\u00f3lico na luta contra a impunidade que tantas vezes marca crimes pol\u00edticos no pa\u00eds.<\/p>\n<p>A condena\u00e7\u00e3o \u00e9 resultado de uma investiga\u00e7\u00e3o complexa, que enfrentou press\u00f5es, tentativas de desinforma\u00e7\u00e3o e o descr\u00e9dito de quem apostava no esquecimento. N\u00e3o houve esquecimento. Houve persist\u00eancia. Houve cobran\u00e7a. Houve gente nas ruas, nas redes e nas institui\u00e7\u00f5es exigindo que o Estado cumprisse seu papel.<br \/>\nPor mais que demore, a justi\u00e7a pode e deve alcan\u00e7ar aqueles que acreditam estar acima da lei.<\/p>\n<p>Que fiquem presos at\u00e9 a morte. Que cumpram cada dia da pena que lhes foi imposta. N\u00e3o por vingan\u00e7a, mas por justi\u00e7a. Quando um crime dessa natureza \u00e9 cometido, um atentado contra a vida, contra a pol\u00edtica e contra a democracia, a resposta precisa ser firme. O Brasil que acredita na lei e na mem\u00f3ria n\u00e3o pode aceitar menos do que isso.<\/p>\n","protected":false},"excerpt":{"rendered":"<p>Nesta semana, o Brasil teve um grande motivo para comemorar. Ap\u00f3s anos de dor, mobiliza\u00e7\u00e3o e cobran\u00e7a da sociedade, os mandantes do assassinato de Marielle Franco, os irm\u00e3os Domingos e Chiquinho Braz\u00e3o, foram condenados a mais de 76 anos de pris\u00e3o. A decis\u00e3o representa n\u00e3o apenas uma resposta judicial, mas um marco simb\u00f3lico na luta [&hellip;]<\/p>\n","protected":false},"author":21,"featured_media":384959,"comment_status":"closed","ping_status":"closed","sticky":false,"template":"","format":"standard","meta":{"_acf_changed":false,"footnotes":""},"categories":[235],"tags":[],"class_list":["post-384958","post","type-post","status-publish","format-standard","has-post-thumbnail","hentry","category-dona-irene"],"acf":[],"yoast_head":"<!-- This site is optimized with the Yoast SEO plugin v27.2 - https:\/\/yoast.com\/product\/yoast-seo-wordpress\/ -->\n<title>O Brasil n\u00e3o perdoa quem tenta silenciar a democracia com sangue - Notibras<\/title>\n<meta name=\"robots\" content=\"index, follow, max-snippet:-1, max-image-preview:large, max-video-preview:-1\" \/>\n<link rel=\"canonical\" href=\"https:\/\/www.notibras.com\/site\/o-brasil-nao-perdoa-quem-tenta-silenciar-a-democracia-com-sangue\/\" \/>\n<meta property=\"og:locale\" content=\"pt_BR\" \/>\n<meta property=\"og:type\" content=\"article\" \/>\n<meta property=\"og:title\" content=\"O Brasil n\u00e3o perdoa quem tenta silenciar a democracia com sangue - Notibras\" \/>\n<meta property=\"og:description\" content=\"Nesta semana, o Brasil teve um grande motivo para comemorar. Ap\u00f3s anos de dor, mobiliza\u00e7\u00e3o e cobran\u00e7a da sociedade, os mandantes do assassinato de Marielle Franco, os irm\u00e3os Domingos e Chiquinho Braz\u00e3o, foram condenados a mais de 76 anos de pris\u00e3o. A decis\u00e3o representa n\u00e3o apenas uma resposta judicial, mas um marco simb\u00f3lico na luta [&hellip;]\" \/>\n<meta property=\"og:url\" content=\"https:\/\/www.notibras.com\/site\/o-brasil-nao-perdoa-quem-tenta-silenciar-a-democracia-com-sangue\/\" \/>\n<meta property=\"og:site_name\" content=\"Notibras\" \/>\n<meta property=\"article:publisher\" content=\"https:\/\/www.facebook.com\/notibras\/\" \/>\n<meta property=\"article:published_time\" content=\"2026-02-28T05:15:20+00:00\" \/>\n<meta property=\"og:image\" content=\"https:\/\/www.notibras.com\/site\/wp-content\/uploads\/2026\/02\/IMG_3031.webp\" \/>\n\t<meta property=\"og:image:width\" content=\"600\" \/>\n\t<meta property=\"og:image:height\" content=\"400\" \/>\n\t<meta property=\"og:image:type\" content=\"image\/webp\" \/>\n<meta name=\"author\" content=\"Eduardo Mart\u00ednez\" \/>\n<meta name=\"twitter:card\" content=\"summary_large_image\" \/>\n<meta name=\"twitter:creator\" content=\"@Notibras\" \/>\n<meta name=\"twitter:site\" content=\"@Notibras\" \/>\n<meta name=\"twitter:label1\" content=\"Escrito por\" \/>\n\t<meta name=\"twitter:data1\" content=\"Eduardo Mart\u00ednez\" \/>\n\t<meta name=\"twitter:label2\" content=\"Est. tempo de leitura\" \/>\n\t<meta name=\"twitter:data2\" content=\"2 minutos\" \/>\n<script type=\"application\/ld+json\" class=\"yoast-schema-graph\">{\"@context\":\"https:\/\/schema.org\",\"@graph\":[{\"@type\":\"Article\",\"@id\":\"https:\/\/www.notibras.com\/site\/o-brasil-nao-perdoa-quem-tenta-silenciar-a-democracia-com-sangue\/#article\",\"isPartOf\":{\"@id\":\"https:\/\/www.notibras.com\/site\/o-brasil-nao-perdoa-quem-tenta-silenciar-a-democracia-com-sangue\/\"},\"author\":{\"name\":\"Eduardo Mart\u00ednez\",\"@id\":\"https:\/\/www.notibras.com\/site\/#\/schema\/person\/5b7fabf2aedc3ada2105f03b22b4d3dd\"},\"headline\":\"O Brasil n\u00e3o perdoa quem tenta silenciar a democracia com sangue\",\"datePublished\":\"2026-02-28T05:15:20+00:00\",\"mainEntityOfPage\":{\"@id\":\"https:\/\/www.notibras.com\/site\/o-brasil-nao-perdoa-quem-tenta-silenciar-a-democracia-com-sangue\/\"},\"wordCount\":227,\"publisher\":{\"@id\":\"https:\/\/www.notibras.com\/site\/#organization\"},\"image\":{\"@id\":\"https:\/\/www.notibras.com\/site\/o-brasil-nao-perdoa-quem-tenta-silenciar-a-democracia-com-sangue\/#primaryimage\"},\"thumbnailUrl\":\"https:\/\/www.notibras.com\/site\/wp-content\/uploads\/2026\/02\/IMG_3031.webp\",\"articleSection\":[\"Dona Irene\"],\"inLanguage\":\"pt-BR\"},{\"@type\":\"WebPage\",\"@id\":\"https:\/\/www.notibras.com\/site\/o-brasil-nao-perdoa-quem-tenta-silenciar-a-democracia-com-sangue\/\",\"url\":\"https:\/\/www.notibras.com\/site\/o-brasil-nao-perdoa-quem-tenta-silenciar-a-democracia-com-sangue\/\",\"name\":\"O Brasil n\u00e3o perdoa quem tenta silenciar a democracia com sangue - Notibras\",\"isPartOf\":{\"@id\":\"https:\/\/www.notibras.com\/site\/#website\"},\"primaryImageOfPage\":{\"@id\":\"https:\/\/www.notibras.com\/site\/o-brasil-nao-perdoa-quem-tenta-silenciar-a-democracia-com-sangue\/#primaryimage\"},\"image\":{\"@id\":\"https:\/\/www.notibras.com\/site\/o-brasil-nao-perdoa-quem-tenta-silenciar-a-democracia-com-sangue\/#primaryimage\"},\"thumbnailUrl\":\"https:\/\/www.notibras.com\/site\/wp-content\/uploads\/2026\/02\/IMG_3031.webp\",\"datePublished\":\"2026-02-28T05:15:20+00:00\",\"breadcrumb\":{\"@id\":\"https:\/\/www.notibras.com\/site\/o-brasil-nao-perdoa-quem-tenta-silenciar-a-democracia-com-sangue\/#breadcrumb\"},\"inLanguage\":\"pt-BR\",\"potentialAction\":[{\"@type\":\"ReadAction\",\"target\":[\"https:\/\/www.notibras.com\/site\/o-brasil-nao-perdoa-quem-tenta-silenciar-a-democracia-com-sangue\/\"]}]},{\"@type\":\"ImageObject\",\"inLanguage\":\"pt-BR\",\"@id\":\"https:\/\/www.notibras.com\/site\/o-brasil-nao-perdoa-quem-tenta-silenciar-a-democracia-com-sangue\/#primaryimage\",\"url\":\"https:\/\/www.notibras.com\/site\/wp-content\/uploads\/2026\/02\/IMG_3031.webp\",\"contentUrl\":\"https:\/\/www.notibras.com\/site\/wp-content\/uploads\/2026\/02\/IMG_3031.webp\",\"width\":600,\"height\":400},{\"@type\":\"BreadcrumbList\",\"@id\":\"https:\/\/www.notibras.com\/site\/o-brasil-nao-perdoa-quem-tenta-silenciar-a-democracia-com-sangue\/#breadcrumb\",\"itemListElement\":[{\"@type\":\"ListItem\",\"position\":1,\"name\":\"In\u00edcio\",\"item\":\"https:\/\/www.notibras.com\/site\/\"},{\"@type\":\"ListItem\",\"position\":2,\"name\":\"O Brasil n\u00e3o perdoa quem tenta silenciar a democracia com sangue\"}]},{\"@type\":\"WebSite\",\"@id\":\"https:\/\/www.notibras.com\/site\/#website\",\"url\":\"https:\/\/www.notibras.com\/site\/\",\"name\":\"Notibras\",\"description\":\"Not\u00edcias de Bras\u00edlia, do Brasil e do Mundo\",\"publisher\":{\"@id\":\"https:\/\/www.notibras.com\/site\/#organization\"},\"potentialAction\":[{\"@type\":\"SearchAction\",\"target\":{\"@type\":\"EntryPoint\",\"urlTemplate\":\"https:\/\/www.notibras.com\/site\/?s={search_term_string}\"},\"query-input\":{\"@type\":\"PropertyValueSpecification\",\"valueRequired\":true,\"valueName\":\"search_term_string\"}}],\"inLanguage\":\"pt-BR\"},{\"@type\":\"Organization\",\"@id\":\"https:\/\/www.notibras.com\/site\/#organization\",\"name\":\"Grupo Notibras de Comunica\u00e7\u00e3o\",\"url\":\"https:\/\/www.notibras.com\/site\/\",\"logo\":{\"@type\":\"ImageObject\",\"inLanguage\":\"pt-BR\",\"@id\":\"https:\/\/www.notibras.com\/site\/#\/schema\/logo\/image\/\",\"url\":\"https:\/\/www.notibras.com\/site\/wp-content\/uploads\/2023\/01\/notibras23.png\",\"contentUrl\":\"https:\/\/www.notibras.com\/site\/wp-content\/uploads\/2023\/01\/notibras23.png\",\"width\":350,\"height\":87,\"caption\":\"Grupo Notibras de Comunica\u00e7\u00e3o\"},\"image\":{\"@id\":\"https:\/\/www.notibras.com\/site\/#\/schema\/logo\/image\/\"},\"sameAs\":[\"https:\/\/www.facebook.com\/notibras\/\",\"https:\/\/x.com\/Notibras\",\"https:\/\/www.instagram.com\/notibras\/\"]},{\"@type\":\"Person\",\"@id\":\"https:\/\/www.notibras.com\/site\/#\/schema\/person\/5b7fabf2aedc3ada2105f03b22b4d3dd\",\"name\":\"Eduardo Mart\u00ednez\",\"image\":{\"@type\":\"ImageObject\",\"inLanguage\":\"pt-BR\",\"@id\":\"https:\/\/secure.gravatar.com\/avatar\/7902f906289926289cbcda644b5197c796b893c6ffd7b9a536a42d290f7704a0?s=96&d=mm&r=g\",\"url\":\"https:\/\/secure.gravatar.com\/avatar\/7902f906289926289cbcda644b5197c796b893c6ffd7b9a536a42d290f7704a0?s=96&d=mm&r=g\",\"contentUrl\":\"https:\/\/secure.gravatar.com\/avatar\/7902f906289926289cbcda644b5197c796b893c6ffd7b9a536a42d290f7704a0?s=96&d=mm&r=g\",\"caption\":\"Eduardo Mart\u00ednez\"}}]}<\/script>\n<!-- \/ Yoast SEO plugin. -->","yoast_head_json":{"title":"O Brasil n\u00e3o perdoa quem tenta silenciar a democracia com sangue - Notibras","robots":{"index":"index","follow":"follow","max-snippet":"max-snippet:-1","max-image-preview":"max-image-preview:large","max-video-preview":"max-video-preview:-1"},"canonical":"https:\/\/www.notibras.com\/site\/o-brasil-nao-perdoa-quem-tenta-silenciar-a-democracia-com-sangue\/","og_locale":"pt_BR","og_type":"article","og_title":"O Brasil n\u00e3o perdoa quem tenta silenciar a democracia com sangue - Notibras","og_description":"Nesta semana, o Brasil teve um grande motivo para comemorar. Ap\u00f3s anos de dor, mobiliza\u00e7\u00e3o e cobran\u00e7a da sociedade, os mandantes do assassinato de Marielle Franco, os irm\u00e3os Domingos e Chiquinho Braz\u00e3o, foram condenados a mais de 76 anos de pris\u00e3o. A decis\u00e3o representa n\u00e3o apenas uma resposta judicial, mas um marco simb\u00f3lico na luta [&hellip;]","og_url":"https:\/\/www.notibras.com\/site\/o-brasil-nao-perdoa-quem-tenta-silenciar-a-democracia-com-sangue\/","og_site_name":"Notibras","article_publisher":"https:\/\/www.facebook.com\/notibras\/","article_published_time":"2026-02-28T05:15:20+00:00","og_image":[{"width":600,"height":400,"url":"https:\/\/www.notibras.com\/site\/wp-content\/uploads\/2026\/02\/IMG_3031.webp","type":"image\/webp"}],"author":"Eduardo Mart\u00ednez","twitter_card":"summary_large_image","twitter_creator":"@Notibras","twitter_site":"@Notibras","twitter_misc":{"Escrito por":"Eduardo Mart\u00ednez","Est. tempo de leitura":"2 minutos"},"schema":{"@context":"https:\/\/schema.org","@graph":[{"@type":"Article","@id":"https:\/\/www.notibras.com\/site\/o-brasil-nao-perdoa-quem-tenta-silenciar-a-democracia-com-sangue\/#article","isPartOf":{"@id":"https:\/\/www.notibras.com\/site\/o-brasil-nao-perdoa-quem-tenta-silenciar-a-democracia-com-sangue\/"},"author":{"name":"Eduardo Mart\u00ednez","@id":"https:\/\/www.notibras.com\/site\/#\/schema\/person\/5b7fabf2aedc3ada2105f03b22b4d3dd"},"headline":"O Brasil n\u00e3o perdoa quem tenta silenciar a democracia com sangue","datePublished":"2026-02-28T05:15:20+00:00","mainEntityOfPage":{"@id":"https:\/\/www.notibras.com\/site\/o-brasil-nao-perdoa-quem-tenta-silenciar-a-democracia-com-sangue\/"},"wordCount":227,"publisher":{"@id":"https:\/\/www.notibras.com\/site\/#organization"},"image":{"@id":"https:\/\/www.notibras.com\/site\/o-brasil-nao-perdoa-quem-tenta-silenciar-a-democracia-com-sangue\/#primaryimage"},"thumbnailUrl":"https:\/\/www.notibras.com\/site\/wp-content\/uploads\/2026\/02\/IMG_3031.webp","articleSection":["Dona Irene"],"inLanguage":"pt-BR"},{"@type":"WebPage","@id":"https:\/\/www.notibras.com\/site\/o-brasil-nao-perdoa-quem-tenta-silenciar-a-democracia-com-sangue\/","url":"https:\/\/www.notibras.com\/site\/o-brasil-nao-perdoa-quem-tenta-silenciar-a-democracia-com-sangue\/","name":"O Brasil n\u00e3o perdoa quem tenta silenciar a democracia com sangue - Notibras","isPartOf":{"@id":"https:\/\/www.notibras.com\/site\/#website"},"primaryImageOfPage":{"@id":"https:\/\/www.notibras.com\/site\/o-brasil-nao-perdoa-quem-tenta-silenciar-a-democracia-com-sangue\/#primaryimage"},"image":{"@id":"https:\/\/www.notibras.com\/site\/o-brasil-nao-perdoa-quem-tenta-silenciar-a-democracia-com-sangue\/#primaryimage"},"thumbnailUrl":"https:\/\/www.notibras.com\/site\/wp-content\/uploads\/2026\/02\/IMG_3031.webp","datePublished":"2026-02-28T05:15:20+00:00","breadcrumb":{"@id":"https:\/\/www.notibras.com\/site\/o-brasil-nao-perdoa-quem-tenta-silenciar-a-democracia-com-sangue\/#breadcrumb"},"inLanguage":"pt-BR","potentialAction":[{"@type":"ReadAction","target":["https:\/\/www.notibras.com\/site\/o-brasil-nao-perdoa-quem-tenta-silenciar-a-democracia-com-sangue\/"]}]},{"@type":"ImageObject","inLanguage":"pt-BR","@id":"https:\/\/www.notibras.com\/site\/o-brasil-nao-perdoa-quem-tenta-silenciar-a-democracia-com-sangue\/#primaryimage","url":"https:\/\/www.notibras.com\/site\/wp-content\/uploads\/2026\/02\/IMG_3031.webp","contentUrl":"https:\/\/www.notibras.com\/site\/wp-content\/uploads\/2026\/02\/IMG_3031.webp","width":600,"height":400},{"@type":"BreadcrumbList","@id":"https:\/\/www.notibras.com\/site\/o-brasil-nao-perdoa-quem-tenta-silenciar-a-democracia-com-sangue\/#breadcrumb","itemListElement":[{"@type":"ListItem","position":1,"name":"In\u00edcio","item":"https:\/\/www.notibras.com\/site\/"},{"@type":"ListItem","position":2,"name":"O Brasil n\u00e3o perdoa quem tenta silenciar a democracia com sangue"}]},{"@type":"WebSite","@id":"https:\/\/www.notibras.com\/site\/#website","url":"https:\/\/www.notibras.com\/site\/","name":"Notibras","description":"Not\u00edcias de Bras\u00edlia, do Brasil e do Mundo","publisher":{"@id":"https:\/\/www.notibras.com\/site\/#organization"},"potentialAction":[{"@type":"SearchAction","target":{"@type":"EntryPoint","urlTemplate":"https:\/\/www.notibras.com\/site\/?s={search_term_string}"},"query-input":{"@type":"PropertyValueSpecification","valueRequired":true,"valueName":"search_term_string"}}],"inLanguage":"pt-BR"},{"@type":"Organization","@id":"https:\/\/www.notibras.com\/site\/#organization","name":"Grupo Notibras de Comunica\u00e7\u00e3o","url":"https:\/\/www.notibras.com\/site\/","logo":{"@type":"ImageObject","inLanguage":"pt-BR","@id":"https:\/\/www.notibras.com\/site\/#\/schema\/logo\/image\/","url":"https:\/\/www.notibras.com\/site\/wp-content\/uploads\/2023\/01\/notibras23.png","contentUrl":"https:\/\/www.notibras.com\/site\/wp-content\/uploads\/2023\/01\/notibras23.png","width":350,"height":87,"caption":"Grupo Notibras de Comunica\u00e7\u00e3o"},"image":{"@id":"https:\/\/www.notibras.com\/site\/#\/schema\/logo\/image\/"},"sameAs":["https:\/\/www.facebook.com\/notibras\/","https:\/\/x.com\/Notibras","https:\/\/www.instagram.com\/notibras\/"]},{"@type":"Person","@id":"https:\/\/www.notibras.com\/site\/#\/schema\/person\/5b7fabf2aedc3ada2105f03b22b4d3dd","name":"Eduardo Mart\u00ednez","image":{"@type":"ImageObject","inLanguage":"pt-BR","@id":"https:\/\/secure.gravatar.com\/avatar\/7902f906289926289cbcda644b5197c796b893c6ffd7b9a536a42d290f7704a0?s=96&d=mm&r=g","url":"https:\/\/secure.gravatar.com\/avatar\/7902f906289926289cbcda644b5197c796b893c6ffd7b9a536a42d290f7704a0?s=96&d=mm&r=g","contentUrl":"https:\/\/secure.gravatar.com\/avatar\/7902f906289926289cbcda644b5197c796b893c6ffd7b9a536a42d290f7704a0?s=96&d=mm&r=g","caption":"Eduardo Mart\u00ednez"}}]}},"amp_enabled":true,"_links":{"self":[{"href":"https:\/\/www.notibras.com\/site\/wp-json\/wp\/v2\/posts\/384958","targetHints":{"allow":["GET"]}}],"collection":[{"href":"https:\/\/www.notibras.com\/site\/wp-json\/wp\/v2\/posts"}],"about":[{"href":"https:\/\/www.notibras.com\/site\/wp-json\/wp\/v2\/types\/post"}],"author":[{"embeddable":true,"href":"https:\/\/www.notibras.com\/site\/wp-json\/wp\/v2\/users\/21"}],"replies":[{"embeddable":true,"href":"https:\/\/www.notibras.com\/site\/wp-json\/wp\/v2\/comments?post=384958"}],"version-history":[{"count":2,"href":"https:\/\/www.notibras.com\/site\/wp-json\/wp\/v2\/posts\/384958\/revisions"}],"predecessor-version":[{"id":384961,"href":"https:\/\/www.notibras.com\/site\/wp-json\/wp\/v2\/posts\/384958\/revisions\/384961"}],"wp:featuredmedia":[{"embeddable":true,"href":"https:\/\/www.notibras.com\/site\/wp-json\/wp\/v2\/media\/384959"}],"wp:attachment":[{"href":"https:\/\/www.notibras.com\/site\/wp-json\/wp\/v2\/media?parent=384958"}],"wp:term":[{"taxonomy":"category","embeddable":true,"href":"https:\/\/www.notibras.com\/site\/wp-json\/wp\/v2\/categories?post=384958"},{"taxonomy":"post_tag","embeddable":true,"href":"https:\/\/www.notibras.com\/site\/wp-json\/wp\/v2\/tags?post=384958"}],"curies":[{"name":"wp","href":"https:\/\/api.w.org\/{rel}","templated":true}]}}