{"id":385072,"date":"2026-03-01T01:00:57","date_gmt":"2026-03-01T04:00:57","guid":{"rendered":"https:\/\/www.notibras.com\/site\/?p=385072"},"modified":"2026-02-28T21:35:30","modified_gmt":"2026-03-01T00:35:30","slug":"mais-perto-do-cidadao-ultrapassa-4-mil-atendimentos","status":"publish","type":"post","link":"https:\/\/www.notibras.com\/site\/mais-perto-do-cidadao-ultrapassa-4-mil-atendimentos\/","title":{"rendered":"Mais Perto do Cidad\u00e3o ultrapassa 4 mil atendimentos"},"content":{"rendered":"<p>A 69\u00aa edi\u00e7\u00e3o do programa GDF Mais Perto do Cidad\u00e3o, iniciativa da Secretaria de Justi\u00e7a e Cidadania (Sejus-DF), movimentou o Arapoanga na sexta-feira (27) e neste s\u00e1bado (28). Realizado em frente ao Centro Educacional Dona Am\u00e9rica Guimar\u00e3es, na Quadra 10K, Conjunto C, o evento reuniu mais de 4 mil pessoas em dois dias de servi\u00e7os p\u00fablicos gratuitos de cidadania, assist\u00eancia, capacita\u00e7\u00e3o e cuidado com a popula\u00e7\u00e3o, tudo em um s\u00f3 lugar.<\/p>\n<p>Com estrutura ampla e programa\u00e7\u00e3o diversificada, o programa aproximou o governo da comunidade, oferecendo atendimentos do Na Hora, orienta\u00e7\u00f5es jur\u00eddicas, a\u00e7\u00f5es de sa\u00fade e beleza, oficinas culturais e atividades recreativas para todas as idades.<\/p>\n<p>\u201cO GDF Mais Perto do Cidad\u00e3o nasceu com o prop\u00f3sito de levar servi\u00e7os e a\u00e7\u00f5es de bem-estar para perto de quem mais precisa\u201d, lembrou a secret\u00e1ria de Justi\u00e7a e Cidadania, Marcela Passamani. \u201c\u00c9 o governo presente nas regi\u00f5es administrativas, ouvindo, acolhendo e resolvendo demandas. Desde fevereiro de 2023, j\u00e1 ultrapassamos a marca de meio milh\u00e3o de atendimentos, transformando realidades em todo o Distrito Federal.\u201d<\/p>\n<p><strong>Sa\u00fade \u00e9 movimento<\/strong><\/p>\n<p>Um dos destaques desta edi\u00e7\u00e3o foi o aul\u00e3o de ritmos com pessoas idosas de Planaltina, participantes do programa Viver 60+, tamb\u00e9m coordenado pela Sejus-DF. Ministrada pela professora de zumba Patr\u00edcia Alves, a atividade incentivou sa\u00fade, integra\u00e7\u00e3o e alegria na tarde de sexta-feira. A dona de casa Maria das Dores Almeida, 62 anos, moradora do Arapoanga, foi ao evento para tomar a vacina contra a covid-19 e acabou entrando na dan\u00e7a: \u201cVim me vacinar e encontrei foi alegria. Quando vi, j\u00e1 estava dan\u00e7ando. Saio daqui mais leve e feliz\u201d.<\/p>\n<p>O p\u00fablico infantil tamb\u00e9m teve vez. O evento contou com espa\u00e7o tem\u00e1tico com games, brincadeiras l\u00fadicas e brinquedos de madeira produzidos por reeducandos da Funda\u00e7\u00e3o de Amparo ao Trabalhador Preso (Funap-DF), \u00f3rg\u00e3o vinculado \u00e0 secretaria. A programa\u00e7\u00e3o incluiu cama el\u00e1stica, corrida de quadriciclo, teatrinho do Detran-DF, al\u00e9m de pipoca e algod\u00e3o-doce.<\/p>\n<p>A aposentada Maria Aninha Pinto, 65, aproveitou a manh\u00e3 para resolver pend\u00eancias. Levou a gatinha Maya e o cachorro Bob para vacina\u00e7\u00e3o antirr\u00e1bica no espa\u00e7o de sa\u00fade animal e acompanhou a divers\u00e3o da neta, Maria Sofia Barcelos, 8. \u201cFoi uma manh\u00e3 feliz e produtiva\u201d, contou. \u201cResolvi o que precisava e ainda vi minha neta se divertir\u201d. Maria Sofia tamb\u00e9m aprovou: \u201cEu brinquei muito! Gostei do teatrinho e da cama el\u00e1stica\u201d.<\/p>\n<p><strong>Sonho do casamento civil<\/strong><\/p>\n<p>No espa\u00e7o exclusivo do Casamento Comunit\u00e1rio, casais puderam tirar d\u00favidas e iniciar inscri\u00e7\u00e3o para a primeira edi\u00e7\u00e3o deste ano, marcada para 22 de mar\u00e7o. A assistente administrativa Joana Figueira Silva, 47, e o mec\u00e2nico Raimundo Alves, 44, chegaram cedo para resolver pend\u00eancias do Detran-DF na unidade m\u00f3vel do Na Hora e aproveitaram para buscar informa\u00e7\u00f5es sobre o casamento. \u201cAgora vamos realizar esse sonho\u201d, relatou Joana.<\/p>\n<p>Criado em 2021, o Casamento Comunit\u00e1rio \u00e9 uma pol\u00edtica p\u00fablica voltada a casais em situa\u00e7\u00e3o de vulnerabilidade social. O programa garante isen\u00e7\u00e3o das taxas cartoriais e oferece estrutura completa para a cerim\u00f4nia civil, com vestido de noiva, terno, transporte, produ\u00e7\u00e3o b\u00e1sica, decora\u00e7\u00e3o, fotografia e organiza\u00e7\u00e3o do evento. Nos \u00faltimos seis anos, mais de mil casais oficializaram a uni\u00e3o no Distrito Federal. Somente em 2025, mais de 400 participaram das quatro edi\u00e7\u00f5es realizadas.<\/p>\n<p><strong>Nasce uma Estrela: preparo e acolhimento<\/strong><\/p>\n<p>A 27\u00aa edi\u00e7\u00e3o do programa Nasce uma Estrela tamb\u00e9m integrou a programa\u00e7\u00e3o, reunindo mais de 100 participantes na manh\u00e3 de sexta-feira. A capacita\u00e7\u00e3o contou com doulas, t\u00e9cnicas de enfermagem e bombeiros militares, al\u00e9m da participa\u00e7\u00e3o especial do m\u00e9dico Ricardo Fonseca, conhecido como \u201csuperpediatra\u201d, que abordou temas como amamenta\u00e7\u00e3o, recupera\u00e7\u00e3o p\u00f3s-parto e primeiros socorros com beb\u00eas. Ao final, as gestantes receberam bolsas com roupas, manta e itens essenciais para o beb\u00ea, al\u00e9m de participarem de sorteios de brindes. As pe\u00e7as s\u00e3o confeccionadas por pessoas privadas de liberdade capacitadas em corte e costura pela Funap.<\/p>\n<p>A participante Ana Paula Meireles, 24, acompanhada pelo marido, Rodrigo Santos, 28, falou sobre a import\u00e2ncia do curso: \u201cAprendemos muito e estamos mais seguros para cuidar da nossa filha, Alice, que nasce no pr\u00f3ximo m\u00eas\u201d. Rodrigo completou: \u201cA informa\u00e7\u00e3o traz tranquilidade. Sa\u00edmos daqui mais preparados\u201d.<\/p>\n<p><strong>Governo mais perto de quem precisa<\/strong><\/p>\n<p>Al\u00e9m das atra\u00e7\u00f5es especiais, o programa ofereceu uma ampla rede de servi\u00e7os essenciais, promovendo cidadania, cuidado e inclus\u00e3o social. Em 23 edi\u00e7\u00f5es realizadas no ano passado, nas mais diversas regi\u00f5es administrativas, o programa totalizou mais de 160 mil atendimentos.<\/p>\n<p>Desde sua cria\u00e7\u00e3o, em fevereiro de 2023, o GDF Mais Perto do Cidad\u00e3o j\u00e1 soma mais de 544 mil atendimentos em todo o Distrito Federal, consolidando-se como uma das principais pol\u00edticas p\u00fablicas itinerantes de aproxima\u00e7\u00e3o entre governo e popula\u00e7\u00e3o.<\/p>\n","protected":false},"excerpt":{"rendered":"<p>A 69\u00aa edi\u00e7\u00e3o do programa GDF Mais Perto do Cidad\u00e3o, iniciativa da Secretaria de Justi\u00e7a e Cidadania (Sejus-DF), movimentou o Arapoanga na sexta-feira (27) e neste s\u00e1bado (28). Realizado em frente ao Centro Educacional Dona Am\u00e9rica Guimar\u00e3es, na Quadra 10K, Conjunto C, o evento reuniu mais de 4 mil pessoas em dois dias de servi\u00e7os [&hellip;]<\/p>\n","protected":false},"author":21,"featured_media":385073,"comment_status":"closed","ping_status":"closed","sticky":false,"template":"","format":"standard","meta":{"_acf_changed":false,"footnotes":""},"categories":[161],"tags":[],"class_list":["post-385072","post","type-post","status-publish","format-standard","has-post-thumbnail","hentry","category-quadradinho-em-foco"],"acf":[],"yoast_head":"<!-- This site is optimized with the Yoast SEO plugin v27.2 - https:\/\/yoast.com\/product\/yoast-seo-wordpress\/ -->\n<title>Mais Perto do Cidad\u00e3o ultrapassa 4 mil atendimentos - Notibras<\/title>\n<meta name=\"robots\" content=\"index, follow, max-snippet:-1, max-image-preview:large, max-video-preview:-1\" \/>\n<link rel=\"canonical\" href=\"https:\/\/www.notibras.com\/site\/mais-perto-do-cidadao-ultrapassa-4-mil-atendimentos\/\" \/>\n<meta property=\"og:locale\" content=\"pt_BR\" \/>\n<meta property=\"og:type\" content=\"article\" \/>\n<meta property=\"og:title\" content=\"Mais Perto do Cidad\u00e3o ultrapassa 4 mil atendimentos - Notibras\" \/>\n<meta property=\"og:description\" content=\"A 69\u00aa edi\u00e7\u00e3o do programa GDF Mais Perto do Cidad\u00e3o, iniciativa da Secretaria de Justi\u00e7a e Cidadania (Sejus-DF), movimentou o Arapoanga na sexta-feira (27) e neste s\u00e1bado (28). Realizado em frente ao Centro Educacional Dona Am\u00e9rica Guimar\u00e3es, na Quadra 10K, Conjunto C, o evento reuniu mais de 4 mil pessoas em dois dias de servi\u00e7os [&hellip;]\" \/>\n<meta property=\"og:url\" content=\"https:\/\/www.notibras.com\/site\/mais-perto-do-cidadao-ultrapassa-4-mil-atendimentos\/\" \/>\n<meta property=\"og:site_name\" content=\"Notibras\" \/>\n<meta property=\"article:publisher\" content=\"https:\/\/www.facebook.com\/notibras\/\" \/>\n<meta property=\"article:published_time\" content=\"2026-03-01T04:00:57+00:00\" \/>\n<meta property=\"og:image\" content=\"https:\/\/www.notibras.com\/site\/wp-content\/uploads\/2026\/02\/28.2.-GDF-Mais-Perto-do-Cidadao.-Foto-Jhonatan-Vieira-Sejus-DF.jpeg\" \/>\n\t<meta property=\"og:image:width\" content=\"1600\" \/>\n\t<meta property=\"og:image:height\" content=\"1066\" \/>\n\t<meta property=\"og:image:type\" content=\"image\/jpeg\" \/>\n<meta name=\"author\" content=\"Eduardo Mart\u00ednez\" \/>\n<meta name=\"twitter:card\" content=\"summary_large_image\" \/>\n<meta name=\"twitter:creator\" content=\"@Notibras\" \/>\n<meta name=\"twitter:site\" content=\"@Notibras\" \/>\n<meta name=\"twitter:label1\" content=\"Escrito por\" \/>\n\t<meta name=\"twitter:data1\" content=\"Eduardo Mart\u00ednez\" \/>\n\t<meta name=\"twitter:label2\" content=\"Est. tempo de leitura\" \/>\n\t<meta name=\"twitter:data2\" content=\"5 minutos\" \/>\n<script type=\"application\/ld+json\" class=\"yoast-schema-graph\">{\"@context\":\"https:\/\/schema.org\",\"@graph\":[{\"@type\":\"Article\",\"@id\":\"https:\/\/www.notibras.com\/site\/mais-perto-do-cidadao-ultrapassa-4-mil-atendimentos\/#article\",\"isPartOf\":{\"@id\":\"https:\/\/www.notibras.com\/site\/mais-perto-do-cidadao-ultrapassa-4-mil-atendimentos\/\"},\"author\":{\"name\":\"Eduardo Mart\u00ednez\",\"@id\":\"https:\/\/www.notibras.com\/site\/#\/schema\/person\/5b7fabf2aedc3ada2105f03b22b4d3dd\"},\"headline\":\"Mais Perto do Cidad\u00e3o ultrapassa 4 mil atendimentos\",\"datePublished\":\"2026-03-01T04:00:57+00:00\",\"mainEntityOfPage\":{\"@id\":\"https:\/\/www.notibras.com\/site\/mais-perto-do-cidadao-ultrapassa-4-mil-atendimentos\/\"},\"wordCount\":837,\"publisher\":{\"@id\":\"https:\/\/www.notibras.com\/site\/#organization\"},\"image\":{\"@id\":\"https:\/\/www.notibras.com\/site\/mais-perto-do-cidadao-ultrapassa-4-mil-atendimentos\/#primaryimage\"},\"thumbnailUrl\":\"https:\/\/www.notibras.com\/site\/wp-content\/uploads\/2026\/02\/28.2.-GDF-Mais-Perto-do-Cidadao.-Foto-Jhonatan-Vieira-Sejus-DF.jpeg\",\"articleSection\":[\"Quadradinho em Foco\"],\"inLanguage\":\"pt-BR\"},{\"@type\":\"WebPage\",\"@id\":\"https:\/\/www.notibras.com\/site\/mais-perto-do-cidadao-ultrapassa-4-mil-atendimentos\/\",\"url\":\"https:\/\/www.notibras.com\/site\/mais-perto-do-cidadao-ultrapassa-4-mil-atendimentos\/\",\"name\":\"Mais Perto do Cidad\u00e3o ultrapassa 4 mil atendimentos - Notibras\",\"isPartOf\":{\"@id\":\"https:\/\/www.notibras.com\/site\/#website\"},\"primaryImageOfPage\":{\"@id\":\"https:\/\/www.notibras.com\/site\/mais-perto-do-cidadao-ultrapassa-4-mil-atendimentos\/#primaryimage\"},\"image\":{\"@id\":\"https:\/\/www.notibras.com\/site\/mais-perto-do-cidadao-ultrapassa-4-mil-atendimentos\/#primaryimage\"},\"thumbnailUrl\":\"https:\/\/www.notibras.com\/site\/wp-content\/uploads\/2026\/02\/28.2.-GDF-Mais-Perto-do-Cidadao.-Foto-Jhonatan-Vieira-Sejus-DF.jpeg\",\"datePublished\":\"2026-03-01T04:00:57+00:00\",\"breadcrumb\":{\"@id\":\"https:\/\/www.notibras.com\/site\/mais-perto-do-cidadao-ultrapassa-4-mil-atendimentos\/#breadcrumb\"},\"inLanguage\":\"pt-BR\",\"potentialAction\":[{\"@type\":\"ReadAction\",\"target\":[\"https:\/\/www.notibras.com\/site\/mais-perto-do-cidadao-ultrapassa-4-mil-atendimentos\/\"]}]},{\"@type\":\"ImageObject\",\"inLanguage\":\"pt-BR\",\"@id\":\"https:\/\/www.notibras.com\/site\/mais-perto-do-cidadao-ultrapassa-4-mil-atendimentos\/#primaryimage\",\"url\":\"https:\/\/www.notibras.com\/site\/wp-content\/uploads\/2026\/02\/28.2.-GDF-Mais-Perto-do-Cidadao.-Foto-Jhonatan-Vieira-Sejus-DF.jpeg\",\"contentUrl\":\"https:\/\/www.notibras.com\/site\/wp-content\/uploads\/2026\/02\/28.2.-GDF-Mais-Perto-do-Cidadao.-Foto-Jhonatan-Vieira-Sejus-DF.jpeg\",\"width\":1600,\"height\":1066},{\"@type\":\"BreadcrumbList\",\"@id\":\"https:\/\/www.notibras.com\/site\/mais-perto-do-cidadao-ultrapassa-4-mil-atendimentos\/#breadcrumb\",\"itemListElement\":[{\"@type\":\"ListItem\",\"position\":1,\"name\":\"In\u00edcio\",\"item\":\"https:\/\/www.notibras.com\/site\/\"},{\"@type\":\"ListItem\",\"position\":2,\"name\":\"Mais Perto do Cidad\u00e3o ultrapassa 4 mil atendimentos\"}]},{\"@type\":\"WebSite\",\"@id\":\"https:\/\/www.notibras.com\/site\/#website\",\"url\":\"https:\/\/www.notibras.com\/site\/\",\"name\":\"Notibras\",\"description\":\"Not\u00edcias de Bras\u00edlia, do Brasil e do Mundo\",\"publisher\":{\"@id\":\"https:\/\/www.notibras.com\/site\/#organization\"},\"potentialAction\":[{\"@type\":\"SearchAction\",\"target\":{\"@type\":\"EntryPoint\",\"urlTemplate\":\"https:\/\/www.notibras.com\/site\/?s={search_term_string}\"},\"query-input\":{\"@type\":\"PropertyValueSpecification\",\"valueRequired\":true,\"valueName\":\"search_term_string\"}}],\"inLanguage\":\"pt-BR\"},{\"@type\":\"Organization\",\"@id\":\"https:\/\/www.notibras.com\/site\/#organization\",\"name\":\"Grupo Notibras de Comunica\u00e7\u00e3o\",\"url\":\"https:\/\/www.notibras.com\/site\/\",\"logo\":{\"@type\":\"ImageObject\",\"inLanguage\":\"pt-BR\",\"@id\":\"https:\/\/www.notibras.com\/site\/#\/schema\/logo\/image\/\",\"url\":\"https:\/\/www.notibras.com\/site\/wp-content\/uploads\/2023\/01\/notibras23.png\",\"contentUrl\":\"https:\/\/www.notibras.com\/site\/wp-content\/uploads\/2023\/01\/notibras23.png\",\"width\":350,\"height\":87,\"caption\":\"Grupo Notibras de Comunica\u00e7\u00e3o\"},\"image\":{\"@id\":\"https:\/\/www.notibras.com\/site\/#\/schema\/logo\/image\/\"},\"sameAs\":[\"https:\/\/www.facebook.com\/notibras\/\",\"https:\/\/x.com\/Notibras\",\"https:\/\/www.instagram.com\/notibras\/\"]},{\"@type\":\"Person\",\"@id\":\"https:\/\/www.notibras.com\/site\/#\/schema\/person\/5b7fabf2aedc3ada2105f03b22b4d3dd\",\"name\":\"Eduardo Mart\u00ednez\",\"image\":{\"@type\":\"ImageObject\",\"inLanguage\":\"pt-BR\",\"@id\":\"https:\/\/secure.gravatar.com\/avatar\/7902f906289926289cbcda644b5197c796b893c6ffd7b9a536a42d290f7704a0?s=96&d=mm&r=g\",\"url\":\"https:\/\/secure.gravatar.com\/avatar\/7902f906289926289cbcda644b5197c796b893c6ffd7b9a536a42d290f7704a0?s=96&d=mm&r=g\",\"contentUrl\":\"https:\/\/secure.gravatar.com\/avatar\/7902f906289926289cbcda644b5197c796b893c6ffd7b9a536a42d290f7704a0?s=96&d=mm&r=g\",\"caption\":\"Eduardo Mart\u00ednez\"}}]}<\/script>\n<!-- \/ Yoast SEO plugin. -->","yoast_head_json":{"title":"Mais Perto do Cidad\u00e3o ultrapassa 4 mil atendimentos - Notibras","robots":{"index":"index","follow":"follow","max-snippet":"max-snippet:-1","max-image-preview":"max-image-preview:large","max-video-preview":"max-video-preview:-1"},"canonical":"https:\/\/www.notibras.com\/site\/mais-perto-do-cidadao-ultrapassa-4-mil-atendimentos\/","og_locale":"pt_BR","og_type":"article","og_title":"Mais Perto do Cidad\u00e3o ultrapassa 4 mil atendimentos - Notibras","og_description":"A 69\u00aa edi\u00e7\u00e3o do programa GDF Mais Perto do Cidad\u00e3o, iniciativa da Secretaria de Justi\u00e7a e Cidadania (Sejus-DF), movimentou o Arapoanga na sexta-feira (27) e neste s\u00e1bado (28). Realizado em frente ao Centro Educacional Dona Am\u00e9rica Guimar\u00e3es, na Quadra 10K, Conjunto C, o evento reuniu mais de 4 mil pessoas em dois dias de servi\u00e7os [&hellip;]","og_url":"https:\/\/www.notibras.com\/site\/mais-perto-do-cidadao-ultrapassa-4-mil-atendimentos\/","og_site_name":"Notibras","article_publisher":"https:\/\/www.facebook.com\/notibras\/","article_published_time":"2026-03-01T04:00:57+00:00","og_image":[{"width":1600,"height":1066,"url":"https:\/\/www.notibras.com\/site\/wp-content\/uploads\/2026\/02\/28.2.-GDF-Mais-Perto-do-Cidadao.-Foto-Jhonatan-Vieira-Sejus-DF.jpeg","type":"image\/jpeg"}],"author":"Eduardo Mart\u00ednez","twitter_card":"summary_large_image","twitter_creator":"@Notibras","twitter_site":"@Notibras","twitter_misc":{"Escrito por":"Eduardo Mart\u00ednez","Est. tempo de leitura":"5 minutos"},"schema":{"@context":"https:\/\/schema.org","@graph":[{"@type":"Article","@id":"https:\/\/www.notibras.com\/site\/mais-perto-do-cidadao-ultrapassa-4-mil-atendimentos\/#article","isPartOf":{"@id":"https:\/\/www.notibras.com\/site\/mais-perto-do-cidadao-ultrapassa-4-mil-atendimentos\/"},"author":{"name":"Eduardo Mart\u00ednez","@id":"https:\/\/www.notibras.com\/site\/#\/schema\/person\/5b7fabf2aedc3ada2105f03b22b4d3dd"},"headline":"Mais Perto do Cidad\u00e3o ultrapassa 4 mil atendimentos","datePublished":"2026-03-01T04:00:57+00:00","mainEntityOfPage":{"@id":"https:\/\/www.notibras.com\/site\/mais-perto-do-cidadao-ultrapassa-4-mil-atendimentos\/"},"wordCount":837,"publisher":{"@id":"https:\/\/www.notibras.com\/site\/#organization"},"image":{"@id":"https:\/\/www.notibras.com\/site\/mais-perto-do-cidadao-ultrapassa-4-mil-atendimentos\/#primaryimage"},"thumbnailUrl":"https:\/\/www.notibras.com\/site\/wp-content\/uploads\/2026\/02\/28.2.-GDF-Mais-Perto-do-Cidadao.-Foto-Jhonatan-Vieira-Sejus-DF.jpeg","articleSection":["Quadradinho em Foco"],"inLanguage":"pt-BR"},{"@type":"WebPage","@id":"https:\/\/www.notibras.com\/site\/mais-perto-do-cidadao-ultrapassa-4-mil-atendimentos\/","url":"https:\/\/www.notibras.com\/site\/mais-perto-do-cidadao-ultrapassa-4-mil-atendimentos\/","name":"Mais Perto do Cidad\u00e3o ultrapassa 4 mil atendimentos - Notibras","isPartOf":{"@id":"https:\/\/www.notibras.com\/site\/#website"},"primaryImageOfPage":{"@id":"https:\/\/www.notibras.com\/site\/mais-perto-do-cidadao-ultrapassa-4-mil-atendimentos\/#primaryimage"},"image":{"@id":"https:\/\/www.notibras.com\/site\/mais-perto-do-cidadao-ultrapassa-4-mil-atendimentos\/#primaryimage"},"thumbnailUrl":"https:\/\/www.notibras.com\/site\/wp-content\/uploads\/2026\/02\/28.2.-GDF-Mais-Perto-do-Cidadao.-Foto-Jhonatan-Vieira-Sejus-DF.jpeg","datePublished":"2026-03-01T04:00:57+00:00","breadcrumb":{"@id":"https:\/\/www.notibras.com\/site\/mais-perto-do-cidadao-ultrapassa-4-mil-atendimentos\/#breadcrumb"},"inLanguage":"pt-BR","potentialAction":[{"@type":"ReadAction","target":["https:\/\/www.notibras.com\/site\/mais-perto-do-cidadao-ultrapassa-4-mil-atendimentos\/"]}]},{"@type":"ImageObject","inLanguage":"pt-BR","@id":"https:\/\/www.notibras.com\/site\/mais-perto-do-cidadao-ultrapassa-4-mil-atendimentos\/#primaryimage","url":"https:\/\/www.notibras.com\/site\/wp-content\/uploads\/2026\/02\/28.2.-GDF-Mais-Perto-do-Cidadao.-Foto-Jhonatan-Vieira-Sejus-DF.jpeg","contentUrl":"https:\/\/www.notibras.com\/site\/wp-content\/uploads\/2026\/02\/28.2.-GDF-Mais-Perto-do-Cidadao.-Foto-Jhonatan-Vieira-Sejus-DF.jpeg","width":1600,"height":1066},{"@type":"BreadcrumbList","@id":"https:\/\/www.notibras.com\/site\/mais-perto-do-cidadao-ultrapassa-4-mil-atendimentos\/#breadcrumb","itemListElement":[{"@type":"ListItem","position":1,"name":"In\u00edcio","item":"https:\/\/www.notibras.com\/site\/"},{"@type":"ListItem","position":2,"name":"Mais Perto do Cidad\u00e3o ultrapassa 4 mil atendimentos"}]},{"@type":"WebSite","@id":"https:\/\/www.notibras.com\/site\/#website","url":"https:\/\/www.notibras.com\/site\/","name":"Notibras","description":"Not\u00edcias de Bras\u00edlia, do Brasil e do Mundo","publisher":{"@id":"https:\/\/www.notibras.com\/site\/#organization"},"potentialAction":[{"@type":"SearchAction","target":{"@type":"EntryPoint","urlTemplate":"https:\/\/www.notibras.com\/site\/?s={search_term_string}"},"query-input":{"@type":"PropertyValueSpecification","valueRequired":true,"valueName":"search_term_string"}}],"inLanguage":"pt-BR"},{"@type":"Organization","@id":"https:\/\/www.notibras.com\/site\/#organization","name":"Grupo Notibras de Comunica\u00e7\u00e3o","url":"https:\/\/www.notibras.com\/site\/","logo":{"@type":"ImageObject","inLanguage":"pt-BR","@id":"https:\/\/www.notibras.com\/site\/#\/schema\/logo\/image\/","url":"https:\/\/www.notibras.com\/site\/wp-content\/uploads\/2023\/01\/notibras23.png","contentUrl":"https:\/\/www.notibras.com\/site\/wp-content\/uploads\/2023\/01\/notibras23.png","width":350,"height":87,"caption":"Grupo Notibras de Comunica\u00e7\u00e3o"},"image":{"@id":"https:\/\/www.notibras.com\/site\/#\/schema\/logo\/image\/"},"sameAs":["https:\/\/www.facebook.com\/notibras\/","https:\/\/x.com\/Notibras","https:\/\/www.instagram.com\/notibras\/"]},{"@type":"Person","@id":"https:\/\/www.notibras.com\/site\/#\/schema\/person\/5b7fabf2aedc3ada2105f03b22b4d3dd","name":"Eduardo Mart\u00ednez","image":{"@type":"ImageObject","inLanguage":"pt-BR","@id":"https:\/\/secure.gravatar.com\/avatar\/7902f906289926289cbcda644b5197c796b893c6ffd7b9a536a42d290f7704a0?s=96&d=mm&r=g","url":"https:\/\/secure.gravatar.com\/avatar\/7902f906289926289cbcda644b5197c796b893c6ffd7b9a536a42d290f7704a0?s=96&d=mm&r=g","contentUrl":"https:\/\/secure.gravatar.com\/avatar\/7902f906289926289cbcda644b5197c796b893c6ffd7b9a536a42d290f7704a0?s=96&d=mm&r=g","caption":"Eduardo Mart\u00ednez"}}]}},"amp_enabled":true,"_links":{"self":[{"href":"https:\/\/www.notibras.com\/site\/wp-json\/wp\/v2\/posts\/385072","targetHints":{"allow":["GET"]}}],"collection":[{"href":"https:\/\/www.notibras.com\/site\/wp-json\/wp\/v2\/posts"}],"about":[{"href":"https:\/\/www.notibras.com\/site\/wp-json\/wp\/v2\/types\/post"}],"author":[{"embeddable":true,"href":"https:\/\/www.notibras.com\/site\/wp-json\/wp\/v2\/users\/21"}],"replies":[{"embeddable":true,"href":"https:\/\/www.notibras.com\/site\/wp-json\/wp\/v2\/comments?post=385072"}],"version-history":[{"count":3,"href":"https:\/\/www.notibras.com\/site\/wp-json\/wp\/v2\/posts\/385072\/revisions"}],"predecessor-version":[{"id":385076,"href":"https:\/\/www.notibras.com\/site\/wp-json\/wp\/v2\/posts\/385072\/revisions\/385076"}],"wp:featuredmedia":[{"embeddable":true,"href":"https:\/\/www.notibras.com\/site\/wp-json\/wp\/v2\/media\/385073"}],"wp:attachment":[{"href":"https:\/\/www.notibras.com\/site\/wp-json\/wp\/v2\/media?parent=385072"}],"wp:term":[{"taxonomy":"category","embeddable":true,"href":"https:\/\/www.notibras.com\/site\/wp-json\/wp\/v2\/categories?post=385072"},{"taxonomy":"post_tag","embeddable":true,"href":"https:\/\/www.notibras.com\/site\/wp-json\/wp\/v2\/tags?post=385072"}],"curies":[{"name":"wp","href":"https:\/\/api.w.org\/{rel}","templated":true}]}}