{"id":385092,"date":"2026-03-03T00:00:14","date_gmt":"2026-03-03T03:00:14","guid":{"rendered":"https:\/\/www.notibras.com\/site\/?p=385092"},"modified":"2026-02-28T23:56:43","modified_gmt":"2026-03-01T02:56:43","slug":"se-beleza-nao-poe-mesa","status":"publish","type":"post","link":"https:\/\/www.notibras.com\/site\/se-beleza-nao-poe-mesa\/","title":{"rendered":"Se beleza n\u00e3o p\u00f5e mesa&#8230;"},"content":{"rendered":"<p>Daniel e Andressa conheceram-se no Facebook. Ambos se disseram divorciados, interessaram-se um pelo outro, brincaram, flertaram, ficaram muito a fim. Ela mandou uma foto seminua, com uma m\u00e1scara anti Covid ocultando parte de seu rosto; era uma mulher de uns 40 anos, nenhuma Angelina Jolie, mas dava pro gasto. Ele n\u00e3o mandou foto, era careca, gordinho e, com mais de 50 anos de vida sedent\u00e1ria, sabia que n\u00e3o era nenhum Brad Pitt.<\/p>\n<p>Se beleza n\u00e3o p\u00f5e mesa, tes\u00e3o p\u00f5e cama, e os dois estavam loucos por um amorzinho virtual. S\u00f3 que dava tudo errado.<\/p>\n<p>&#8211; Vamos fazer hoje, Andressa, t\u00f4 morrendo de vontade.<\/p>\n<p>&#8211; Eu tamb\u00e9m, Daniel. Mas aqui em casa n\u00e3o tenho privacidade alguma. Sabe como \u00e9, apartamento pequeno, tr\u00eas filhos, o mais novo com menos de 4 anos&#8230;<\/p>\n<p>&#8211; Faz o seguinte, vai pro banheiro, se tranca e a gente faz.<\/p>\n<p>Ela relutou, mas acabou obedecendo. Tirou a roupa, mas manteve a m\u00e1scara.<\/p>\n<p>&#8211; Isso, querida, agora acaricia os seios, que del\u00ed&#8230;<\/p>\n<p>&#8211; Manh\u00ea, quero fazer coc\u00f4!!!<\/p>\n<p>-J\u00e1 saio, filhinho. \u2013 E pro ex-quase-futuro amante:<\/p>\n<p>&#8211; Viu, Daniel, \u00e9 sempre assim.<\/p>\n<p>Vestiu-se \u00e0s pressas, saiu e deixou o rebento fazer coc\u00f4 \u00e0 vontade.<\/p>\n<p>O homem, ainda excitado, insistiu.<\/p>\n<p>&#8211; Aproveita que o garoto t\u00e1 l\u00e1 dentro e me mostra os peitinhos outra vez. Tava come\u00e7ando a me tocar.<\/p>\n<p>Ela relutou, mas acabou obedecendo.<\/p>\n<p>&#8211; Isso, amor, que lindos! Ago&#8230;<\/p>\n<p>&#8211; Manh\u00ea! Vem me limpar!<\/p>\n<p>Enquanto ela obedecia \u00e0 ordem do pimpolho, a ere\u00e7\u00e3o foi dar uma voltinha.<\/p>\n<p>&#8211; \u00c9, t\u00e1 dif\u00edcil \u2013 disse ele, admitindo a derrota. \u2013 O pior, Andressa, \u00e9 que uma transa de verdade vai demorar. Voc\u00ea mora em Pernambuco e&#8230;<\/p>\n<p>&#8211; Em S\u00e3o Paulo. Na capital.<\/p>\n<p>&#8211; Seu perfil diz Recife.<\/p>\n<p>&#8211; Morei l\u00e1, mas t\u00f4 em S\u00e3o Paulo. No Tatuap\u00e9.<\/p>\n<p>&#8211; Coincid\u00eancia, eu tamb\u00e9m! A\u00ed, fica bem mais f\u00e1cil. Em que rua, gostosa? Vai que eu conhe\u00e7o&#8230;<\/p>\n<p>&#8211; Rua X. Outra coisa, Daniel, se a gente vai transar de verdade, voc\u00ea precisa saber, meu nome verdadeiro n\u00e3o \u00e9 Andressa&#8230;<\/p>\n<p>Ele mal registrou as palavras da ex-Andressa.<\/p>\n<p>-Que n\u00famero? \u2013 rosnou.<\/p>\n<p>&#8211; N\u00famero y. Moro perto de voc\u00ea? \u2013 perguntou num tom de brincadeira.<\/p>\n<p>Ele respirou fundo e falou.<\/p>\n<p>&#8211; Duas coisas. Primeira, tamb\u00e9m dei um nome falso. Segunda, por uma coincid\u00eancia dos diabos, moro no mesmo edif\u00edcio, no apartamento 82.<\/p>\n<p>&#8211; Seu Os\u00f3rio!!<\/p>\n<p>Ele finalmente reconheceu a voz.<\/p>\n<p>&#8211; Dona Clotilde!! \u2013 e impaciente, morrendo de vontade outra vez, que a ere\u00e7\u00e3o acabara de entrar em casa:<\/p>\n<p>&#8211; Sobe, Clotilde, minha mulher saiu e s\u00f3 volta no final da tarde!<\/p>\n<p>Ela obedeceu sem relutar.<\/p>\n","protected":false},"excerpt":{"rendered":"<p>Daniel e Andressa conheceram-se no Facebook. Ambos se disseram divorciados, interessaram-se um pelo outro, brincaram, flertaram, ficaram muito a fim. Ela mandou uma foto seminua, com uma m\u00e1scara anti Covid ocultando parte de seu rosto; era uma mulher de uns 40 anos, nenhuma Angelina Jolie, mas dava pro gasto. Ele n\u00e3o mandou foto, era careca, [&hellip;]<\/p>\n","protected":false},"author":21,"featured_media":385093,"comment_status":"closed","ping_status":"closed","sticky":false,"template":"","format":"standard","meta":{"_acf_changed":false,"footnotes":""},"categories":[234],"tags":[],"class_list":["post-385092","post","type-post","status-publish","format-standard","has-post-thumbnail","hentry","category-cafe-literario"],"acf":[],"yoast_head":"<!-- This site is optimized with the Yoast SEO plugin v27.2 - https:\/\/yoast.com\/product\/yoast-seo-wordpress\/ -->\n<title>Se beleza n\u00e3o p\u00f5e mesa... - Notibras<\/title>\n<meta name=\"robots\" content=\"index, follow, max-snippet:-1, max-image-preview:large, max-video-preview:-1\" \/>\n<link rel=\"canonical\" href=\"https:\/\/www.notibras.com\/site\/se-beleza-nao-poe-mesa\/\" \/>\n<meta property=\"og:locale\" content=\"pt_BR\" \/>\n<meta property=\"og:type\" content=\"article\" \/>\n<meta property=\"og:title\" content=\"Se beleza n\u00e3o p\u00f5e mesa... - Notibras\" \/>\n<meta property=\"og:description\" content=\"Daniel e Andressa conheceram-se no Facebook. Ambos se disseram divorciados, interessaram-se um pelo outro, brincaram, flertaram, ficaram muito a fim. Ela mandou uma foto seminua, com uma m\u00e1scara anti Covid ocultando parte de seu rosto; era uma mulher de uns 40 anos, nenhuma Angelina Jolie, mas dava pro gasto. Ele n\u00e3o mandou foto, era careca, [&hellip;]\" \/>\n<meta property=\"og:url\" content=\"https:\/\/www.notibras.com\/site\/se-beleza-nao-poe-mesa\/\" \/>\n<meta property=\"og:site_name\" content=\"Notibras\" \/>\n<meta property=\"article:publisher\" content=\"https:\/\/www.facebook.com\/notibras\/\" \/>\n<meta property=\"article:published_time\" content=\"2026-03-03T03:00:14+00:00\" \/>\n<meta property=\"og:image\" content=\"https:\/\/www.notibras.com\/site\/wp-content\/uploads\/2026\/02\/98ce4ab6-69ec-4371-a5f7-0c5c4f6c760b.jpg\" \/>\n\t<meta property=\"og:image:width\" content=\"809\" \/>\n\t<meta property=\"og:image:height\" content=\"968\" \/>\n\t<meta property=\"og:image:type\" content=\"image\/jpeg\" \/>\n<meta name=\"author\" content=\"Eduardo Mart\u00ednez\" \/>\n<meta name=\"twitter:card\" content=\"summary_large_image\" \/>\n<meta name=\"twitter:creator\" content=\"@Notibras\" \/>\n<meta name=\"twitter:site\" content=\"@Notibras\" \/>\n<meta name=\"twitter:label1\" content=\"Escrito por\" \/>\n\t<meta name=\"twitter:data1\" content=\"Eduardo Mart\u00ednez\" \/>\n\t<meta name=\"twitter:label2\" content=\"Est. tempo de leitura\" \/>\n\t<meta name=\"twitter:data2\" content=\"3 minutos\" \/>\n<script type=\"application\/ld+json\" class=\"yoast-schema-graph\">{\"@context\":\"https:\/\/schema.org\",\"@graph\":[{\"@type\":\"Article\",\"@id\":\"https:\/\/www.notibras.com\/site\/se-beleza-nao-poe-mesa\/#article\",\"isPartOf\":{\"@id\":\"https:\/\/www.notibras.com\/site\/se-beleza-nao-poe-mesa\/\"},\"author\":{\"name\":\"Eduardo Mart\u00ednez\",\"@id\":\"https:\/\/www.notibras.com\/site\/#\/schema\/person\/5b7fabf2aedc3ada2105f03b22b4d3dd\"},\"headline\":\"Se beleza n\u00e3o p\u00f5e mesa&#8230;\",\"datePublished\":\"2026-03-03T03:00:14+00:00\",\"mainEntityOfPage\":{\"@id\":\"https:\/\/www.notibras.com\/site\/se-beleza-nao-poe-mesa\/\"},\"wordCount\":450,\"publisher\":{\"@id\":\"https:\/\/www.notibras.com\/site\/#organization\"},\"image\":{\"@id\":\"https:\/\/www.notibras.com\/site\/se-beleza-nao-poe-mesa\/#primaryimage\"},\"thumbnailUrl\":\"https:\/\/www.notibras.com\/site\/wp-content\/uploads\/2026\/02\/98ce4ab6-69ec-4371-a5f7-0c5c4f6c760b.jpg\",\"articleSection\":[\"Caf\u00e9 Liter\u00e1rio\"],\"inLanguage\":\"pt-BR\"},{\"@type\":\"WebPage\",\"@id\":\"https:\/\/www.notibras.com\/site\/se-beleza-nao-poe-mesa\/\",\"url\":\"https:\/\/www.notibras.com\/site\/se-beleza-nao-poe-mesa\/\",\"name\":\"Se beleza n\u00e3o p\u00f5e mesa... - Notibras\",\"isPartOf\":{\"@id\":\"https:\/\/www.notibras.com\/site\/#website\"},\"primaryImageOfPage\":{\"@id\":\"https:\/\/www.notibras.com\/site\/se-beleza-nao-poe-mesa\/#primaryimage\"},\"image\":{\"@id\":\"https:\/\/www.notibras.com\/site\/se-beleza-nao-poe-mesa\/#primaryimage\"},\"thumbnailUrl\":\"https:\/\/www.notibras.com\/site\/wp-content\/uploads\/2026\/02\/98ce4ab6-69ec-4371-a5f7-0c5c4f6c760b.jpg\",\"datePublished\":\"2026-03-03T03:00:14+00:00\",\"breadcrumb\":{\"@id\":\"https:\/\/www.notibras.com\/site\/se-beleza-nao-poe-mesa\/#breadcrumb\"},\"inLanguage\":\"pt-BR\",\"potentialAction\":[{\"@type\":\"ReadAction\",\"target\":[\"https:\/\/www.notibras.com\/site\/se-beleza-nao-poe-mesa\/\"]}]},{\"@type\":\"ImageObject\",\"inLanguage\":\"pt-BR\",\"@id\":\"https:\/\/www.notibras.com\/site\/se-beleza-nao-poe-mesa\/#primaryimage\",\"url\":\"https:\/\/www.notibras.com\/site\/wp-content\/uploads\/2026\/02\/98ce4ab6-69ec-4371-a5f7-0c5c4f6c760b.jpg\",\"contentUrl\":\"https:\/\/www.notibras.com\/site\/wp-content\/uploads\/2026\/02\/98ce4ab6-69ec-4371-a5f7-0c5c4f6c760b.jpg\",\"width\":809,\"height\":968},{\"@type\":\"BreadcrumbList\",\"@id\":\"https:\/\/www.notibras.com\/site\/se-beleza-nao-poe-mesa\/#breadcrumb\",\"itemListElement\":[{\"@type\":\"ListItem\",\"position\":1,\"name\":\"In\u00edcio\",\"item\":\"https:\/\/www.notibras.com\/site\/\"},{\"@type\":\"ListItem\",\"position\":2,\"name\":\"Se beleza n\u00e3o p\u00f5e mesa&#8230;\"}]},{\"@type\":\"WebSite\",\"@id\":\"https:\/\/www.notibras.com\/site\/#website\",\"url\":\"https:\/\/www.notibras.com\/site\/\",\"name\":\"Notibras\",\"description\":\"Not\u00edcias de Bras\u00edlia, do Brasil e do Mundo\",\"publisher\":{\"@id\":\"https:\/\/www.notibras.com\/site\/#organization\"},\"potentialAction\":[{\"@type\":\"SearchAction\",\"target\":{\"@type\":\"EntryPoint\",\"urlTemplate\":\"https:\/\/www.notibras.com\/site\/?s={search_term_string}\"},\"query-input\":{\"@type\":\"PropertyValueSpecification\",\"valueRequired\":true,\"valueName\":\"search_term_string\"}}],\"inLanguage\":\"pt-BR\"},{\"@type\":\"Organization\",\"@id\":\"https:\/\/www.notibras.com\/site\/#organization\",\"name\":\"Grupo Notibras de Comunica\u00e7\u00e3o\",\"url\":\"https:\/\/www.notibras.com\/site\/\",\"logo\":{\"@type\":\"ImageObject\",\"inLanguage\":\"pt-BR\",\"@id\":\"https:\/\/www.notibras.com\/site\/#\/schema\/logo\/image\/\",\"url\":\"https:\/\/www.notibras.com\/site\/wp-content\/uploads\/2023\/01\/notibras23.png\",\"contentUrl\":\"https:\/\/www.notibras.com\/site\/wp-content\/uploads\/2023\/01\/notibras23.png\",\"width\":350,\"height\":87,\"caption\":\"Grupo Notibras de Comunica\u00e7\u00e3o\"},\"image\":{\"@id\":\"https:\/\/www.notibras.com\/site\/#\/schema\/logo\/image\/\"},\"sameAs\":[\"https:\/\/www.facebook.com\/notibras\/\",\"https:\/\/x.com\/Notibras\",\"https:\/\/www.instagram.com\/notibras\/\"]},{\"@type\":\"Person\",\"@id\":\"https:\/\/www.notibras.com\/site\/#\/schema\/person\/5b7fabf2aedc3ada2105f03b22b4d3dd\",\"name\":\"Eduardo Mart\u00ednez\",\"image\":{\"@type\":\"ImageObject\",\"inLanguage\":\"pt-BR\",\"@id\":\"https:\/\/secure.gravatar.com\/avatar\/7902f906289926289cbcda644b5197c796b893c6ffd7b9a536a42d290f7704a0?s=96&d=mm&r=g\",\"url\":\"https:\/\/secure.gravatar.com\/avatar\/7902f906289926289cbcda644b5197c796b893c6ffd7b9a536a42d290f7704a0?s=96&d=mm&r=g\",\"contentUrl\":\"https:\/\/secure.gravatar.com\/avatar\/7902f906289926289cbcda644b5197c796b893c6ffd7b9a536a42d290f7704a0?s=96&d=mm&r=g\",\"caption\":\"Eduardo Mart\u00ednez\"}}]}<\/script>\n<!-- \/ Yoast SEO plugin. -->","yoast_head_json":{"title":"Se beleza n\u00e3o p\u00f5e mesa... - Notibras","robots":{"index":"index","follow":"follow","max-snippet":"max-snippet:-1","max-image-preview":"max-image-preview:large","max-video-preview":"max-video-preview:-1"},"canonical":"https:\/\/www.notibras.com\/site\/se-beleza-nao-poe-mesa\/","og_locale":"pt_BR","og_type":"article","og_title":"Se beleza n\u00e3o p\u00f5e mesa... - Notibras","og_description":"Daniel e Andressa conheceram-se no Facebook. Ambos se disseram divorciados, interessaram-se um pelo outro, brincaram, flertaram, ficaram muito a fim. Ela mandou uma foto seminua, com uma m\u00e1scara anti Covid ocultando parte de seu rosto; era uma mulher de uns 40 anos, nenhuma Angelina Jolie, mas dava pro gasto. Ele n\u00e3o mandou foto, era careca, [&hellip;]","og_url":"https:\/\/www.notibras.com\/site\/se-beleza-nao-poe-mesa\/","og_site_name":"Notibras","article_publisher":"https:\/\/www.facebook.com\/notibras\/","article_published_time":"2026-03-03T03:00:14+00:00","og_image":[{"width":809,"height":968,"url":"https:\/\/www.notibras.com\/site\/wp-content\/uploads\/2026\/02\/98ce4ab6-69ec-4371-a5f7-0c5c4f6c760b.jpg","type":"image\/jpeg"}],"author":"Eduardo Mart\u00ednez","twitter_card":"summary_large_image","twitter_creator":"@Notibras","twitter_site":"@Notibras","twitter_misc":{"Escrito por":"Eduardo Mart\u00ednez","Est. tempo de leitura":"3 minutos"},"schema":{"@context":"https:\/\/schema.org","@graph":[{"@type":"Article","@id":"https:\/\/www.notibras.com\/site\/se-beleza-nao-poe-mesa\/#article","isPartOf":{"@id":"https:\/\/www.notibras.com\/site\/se-beleza-nao-poe-mesa\/"},"author":{"name":"Eduardo Mart\u00ednez","@id":"https:\/\/www.notibras.com\/site\/#\/schema\/person\/5b7fabf2aedc3ada2105f03b22b4d3dd"},"headline":"Se beleza n\u00e3o p\u00f5e mesa&#8230;","datePublished":"2026-03-03T03:00:14+00:00","mainEntityOfPage":{"@id":"https:\/\/www.notibras.com\/site\/se-beleza-nao-poe-mesa\/"},"wordCount":450,"publisher":{"@id":"https:\/\/www.notibras.com\/site\/#organization"},"image":{"@id":"https:\/\/www.notibras.com\/site\/se-beleza-nao-poe-mesa\/#primaryimage"},"thumbnailUrl":"https:\/\/www.notibras.com\/site\/wp-content\/uploads\/2026\/02\/98ce4ab6-69ec-4371-a5f7-0c5c4f6c760b.jpg","articleSection":["Caf\u00e9 Liter\u00e1rio"],"inLanguage":"pt-BR"},{"@type":"WebPage","@id":"https:\/\/www.notibras.com\/site\/se-beleza-nao-poe-mesa\/","url":"https:\/\/www.notibras.com\/site\/se-beleza-nao-poe-mesa\/","name":"Se beleza n\u00e3o p\u00f5e mesa... - Notibras","isPartOf":{"@id":"https:\/\/www.notibras.com\/site\/#website"},"primaryImageOfPage":{"@id":"https:\/\/www.notibras.com\/site\/se-beleza-nao-poe-mesa\/#primaryimage"},"image":{"@id":"https:\/\/www.notibras.com\/site\/se-beleza-nao-poe-mesa\/#primaryimage"},"thumbnailUrl":"https:\/\/www.notibras.com\/site\/wp-content\/uploads\/2026\/02\/98ce4ab6-69ec-4371-a5f7-0c5c4f6c760b.jpg","datePublished":"2026-03-03T03:00:14+00:00","breadcrumb":{"@id":"https:\/\/www.notibras.com\/site\/se-beleza-nao-poe-mesa\/#breadcrumb"},"inLanguage":"pt-BR","potentialAction":[{"@type":"ReadAction","target":["https:\/\/www.notibras.com\/site\/se-beleza-nao-poe-mesa\/"]}]},{"@type":"ImageObject","inLanguage":"pt-BR","@id":"https:\/\/www.notibras.com\/site\/se-beleza-nao-poe-mesa\/#primaryimage","url":"https:\/\/www.notibras.com\/site\/wp-content\/uploads\/2026\/02\/98ce4ab6-69ec-4371-a5f7-0c5c4f6c760b.jpg","contentUrl":"https:\/\/www.notibras.com\/site\/wp-content\/uploads\/2026\/02\/98ce4ab6-69ec-4371-a5f7-0c5c4f6c760b.jpg","width":809,"height":968},{"@type":"BreadcrumbList","@id":"https:\/\/www.notibras.com\/site\/se-beleza-nao-poe-mesa\/#breadcrumb","itemListElement":[{"@type":"ListItem","position":1,"name":"In\u00edcio","item":"https:\/\/www.notibras.com\/site\/"},{"@type":"ListItem","position":2,"name":"Se beleza n\u00e3o p\u00f5e mesa&#8230;"}]},{"@type":"WebSite","@id":"https:\/\/www.notibras.com\/site\/#website","url":"https:\/\/www.notibras.com\/site\/","name":"Notibras","description":"Not\u00edcias de Bras\u00edlia, do Brasil e do Mundo","publisher":{"@id":"https:\/\/www.notibras.com\/site\/#organization"},"potentialAction":[{"@type":"SearchAction","target":{"@type":"EntryPoint","urlTemplate":"https:\/\/www.notibras.com\/site\/?s={search_term_string}"},"query-input":{"@type":"PropertyValueSpecification","valueRequired":true,"valueName":"search_term_string"}}],"inLanguage":"pt-BR"},{"@type":"Organization","@id":"https:\/\/www.notibras.com\/site\/#organization","name":"Grupo Notibras de Comunica\u00e7\u00e3o","url":"https:\/\/www.notibras.com\/site\/","logo":{"@type":"ImageObject","inLanguage":"pt-BR","@id":"https:\/\/www.notibras.com\/site\/#\/schema\/logo\/image\/","url":"https:\/\/www.notibras.com\/site\/wp-content\/uploads\/2023\/01\/notibras23.png","contentUrl":"https:\/\/www.notibras.com\/site\/wp-content\/uploads\/2023\/01\/notibras23.png","width":350,"height":87,"caption":"Grupo Notibras de Comunica\u00e7\u00e3o"},"image":{"@id":"https:\/\/www.notibras.com\/site\/#\/schema\/logo\/image\/"},"sameAs":["https:\/\/www.facebook.com\/notibras\/","https:\/\/x.com\/Notibras","https:\/\/www.instagram.com\/notibras\/"]},{"@type":"Person","@id":"https:\/\/www.notibras.com\/site\/#\/schema\/person\/5b7fabf2aedc3ada2105f03b22b4d3dd","name":"Eduardo Mart\u00ednez","image":{"@type":"ImageObject","inLanguage":"pt-BR","@id":"https:\/\/secure.gravatar.com\/avatar\/7902f906289926289cbcda644b5197c796b893c6ffd7b9a536a42d290f7704a0?s=96&d=mm&r=g","url":"https:\/\/secure.gravatar.com\/avatar\/7902f906289926289cbcda644b5197c796b893c6ffd7b9a536a42d290f7704a0?s=96&d=mm&r=g","contentUrl":"https:\/\/secure.gravatar.com\/avatar\/7902f906289926289cbcda644b5197c796b893c6ffd7b9a536a42d290f7704a0?s=96&d=mm&r=g","caption":"Eduardo Mart\u00ednez"}}]}},"amp_enabled":true,"_links":{"self":[{"href":"https:\/\/www.notibras.com\/site\/wp-json\/wp\/v2\/posts\/385092","targetHints":{"allow":["GET"]}}],"collection":[{"href":"https:\/\/www.notibras.com\/site\/wp-json\/wp\/v2\/posts"}],"about":[{"href":"https:\/\/www.notibras.com\/site\/wp-json\/wp\/v2\/types\/post"}],"author":[{"embeddable":true,"href":"https:\/\/www.notibras.com\/site\/wp-json\/wp\/v2\/users\/21"}],"replies":[{"embeddable":true,"href":"https:\/\/www.notibras.com\/site\/wp-json\/wp\/v2\/comments?post=385092"}],"version-history":[{"count":2,"href":"https:\/\/www.notibras.com\/site\/wp-json\/wp\/v2\/posts\/385092\/revisions"}],"predecessor-version":[{"id":385095,"href":"https:\/\/www.notibras.com\/site\/wp-json\/wp\/v2\/posts\/385092\/revisions\/385095"}],"wp:featuredmedia":[{"embeddable":true,"href":"https:\/\/www.notibras.com\/site\/wp-json\/wp\/v2\/media\/385093"}],"wp:attachment":[{"href":"https:\/\/www.notibras.com\/site\/wp-json\/wp\/v2\/media?parent=385092"}],"wp:term":[{"taxonomy":"category","embeddable":true,"href":"https:\/\/www.notibras.com\/site\/wp-json\/wp\/v2\/categories?post=385092"},{"taxonomy":"post_tag","embeddable":true,"href":"https:\/\/www.notibras.com\/site\/wp-json\/wp\/v2\/tags?post=385092"}],"curies":[{"name":"wp","href":"https:\/\/api.w.org\/{rel}","templated":true}]}}