{"id":385096,"date":"2026-03-03T00:15:51","date_gmt":"2026-03-03T03:15:51","guid":{"rendered":"https:\/\/www.notibras.com\/site\/?p=385096"},"modified":"2026-03-01T00:07:42","modified_gmt":"2026-03-01T03:07:42","slug":"tu-es-o-meu-destino","status":"publish","type":"post","link":"https:\/\/www.notibras.com\/site\/tu-es-o-meu-destino\/","title":{"rendered":"Tu \u00e9s o meu destino"},"content":{"rendered":"<p>Sentimento sereno e cristalino,<br \/>\ntu atravessas meu caminho<br \/>\nn\u00e3o como o mais virtuoso dos seres,<br \/>\nmas como aquele que me guia em sil\u00eancio.<\/p>\n<p>Tu&#8230; ave que se lan\u00e7a ao voo,<br \/>\ncom sonhos doces e cintilantes,<br \/>\nn\u00e3o te prometo o c\u00e9u inteiro,<br \/>\nmas um abrigo contra as tempestades do mundo.<\/p>\n<p>Tu&#8230; que em meus sonhos apareces,<br \/>\nofere\u00e7o-te apenas meu cora\u00e7\u00e3o,<br \/>\npois \u00e9s digno de justi\u00e7a e ternura,<br \/>\ncom finais bordados de paix\u00e3o.<\/p>\n<p>\u00c9 verdade&#8230; tu \u00e9s o alvorecer,<br \/>\nda emo\u00e7\u00e3o e do desejo,<br \/>\nsonhando com amores imensos,<br \/>\npreenchendo-me com raz\u00e3o e esperan\u00e7a.<\/p>\n<p>Se a promessa n\u00e3o nos empobrece,<br \/>\nentrego-te minha honra e meu zelo,<br \/>\nmeu destino e teu querer<br \/>\nser\u00e3o juntos toda a minha riqueza.<\/p>\n<p>\u00c9 certo&#8230; desconhe\u00e7o teus segredos,<br \/>\ne o mist\u00e9rio dos teus olhos,<br \/>\nmas para ti comporei uma can\u00e7\u00e3o suave<br \/>\nque afaste de ti qualquer sombra.<\/p>\n<p>Ah! Esqueci de revelar-te:<br \/>\ntrago comigo um aliado secreto,<br \/>\nminha pr\u00f3pria alma em miss\u00e3o,<br \/>\npara alcan\u00e7ar teu cora\u00e7\u00e3o<br \/>\ne torn\u00e1-lo eterno em amor.<\/p>\n","protected":false},"excerpt":{"rendered":"<p>Sentimento sereno e cristalino, tu atravessas meu caminho n\u00e3o como o mais virtuoso dos seres, mas como aquele que me guia em sil\u00eancio. Tu&#8230; ave que se lan\u00e7a ao voo, com sonhos doces e cintilantes, n\u00e3o te prometo o c\u00e9u inteiro, mas um abrigo contra as tempestades do mundo. Tu&#8230; que em meus sonhos apareces, [&hellip;]<\/p>\n","protected":false},"author":21,"featured_media":385097,"comment_status":"closed","ping_status":"closed","sticky":false,"template":"","format":"standard","meta":{"_acf_changed":false,"footnotes":""},"categories":[234],"tags":[],"class_list":["post-385096","post","type-post","status-publish","format-standard","has-post-thumbnail","hentry","category-cafe-literario"],"acf":[],"yoast_head":"<!-- This site is optimized with the Yoast SEO plugin v27.2 - https:\/\/yoast.com\/product\/yoast-seo-wordpress\/ -->\n<title>Tu \u00e9s o meu destino - Notibras<\/title>\n<meta name=\"robots\" content=\"index, follow, max-snippet:-1, max-image-preview:large, max-video-preview:-1\" \/>\n<link rel=\"canonical\" href=\"https:\/\/www.notibras.com\/site\/tu-es-o-meu-destino\/\" \/>\n<meta property=\"og:locale\" content=\"pt_BR\" \/>\n<meta property=\"og:type\" content=\"article\" \/>\n<meta property=\"og:title\" content=\"Tu \u00e9s o meu destino - Notibras\" \/>\n<meta property=\"og:description\" content=\"Sentimento sereno e cristalino, tu atravessas meu caminho n\u00e3o como o mais virtuoso dos seres, mas como aquele que me guia em sil\u00eancio. Tu&#8230; ave que se lan\u00e7a ao voo, com sonhos doces e cintilantes, n\u00e3o te prometo o c\u00e9u inteiro, mas um abrigo contra as tempestades do mundo. Tu&#8230; que em meus sonhos apareces, [&hellip;]\" \/>\n<meta property=\"og:url\" content=\"https:\/\/www.notibras.com\/site\/tu-es-o-meu-destino\/\" \/>\n<meta property=\"og:site_name\" content=\"Notibras\" \/>\n<meta property=\"article:publisher\" content=\"https:\/\/www.facebook.com\/notibras\/\" \/>\n<meta property=\"article:published_time\" content=\"2026-03-03T03:15:51+00:00\" \/>\n<meta property=\"og:image\" content=\"https:\/\/www.notibras.com\/site\/wp-content\/uploads\/2026\/02\/WhatsApp-Image-2026-03-01-at-00.02.01.jpeg\" \/>\n\t<meta property=\"og:image:width\" content=\"1024\" \/>\n\t<meta property=\"og:image:height\" content=\"559\" \/>\n\t<meta property=\"og:image:type\" content=\"image\/jpeg\" \/>\n<meta name=\"author\" content=\"Eduardo Mart\u00ednez\" \/>\n<meta name=\"twitter:card\" content=\"summary_large_image\" \/>\n<meta name=\"twitter:creator\" content=\"@Notibras\" \/>\n<meta name=\"twitter:site\" content=\"@Notibras\" \/>\n<meta name=\"twitter:label1\" content=\"Escrito por\" \/>\n\t<meta name=\"twitter:data1\" content=\"Eduardo Mart\u00ednez\" \/>\n\t<meta name=\"twitter:label2\" content=\"Est. tempo de leitura\" \/>\n\t<meta name=\"twitter:data2\" content=\"2 minutos\" \/>\n<script type=\"application\/ld+json\" class=\"yoast-schema-graph\">{\"@context\":\"https:\/\/schema.org\",\"@graph\":[{\"@type\":\"Article\",\"@id\":\"https:\/\/www.notibras.com\/site\/tu-es-o-meu-destino\/#article\",\"isPartOf\":{\"@id\":\"https:\/\/www.notibras.com\/site\/tu-es-o-meu-destino\/\"},\"author\":{\"name\":\"Eduardo Mart\u00ednez\",\"@id\":\"https:\/\/www.notibras.com\/site\/#\/schema\/person\/5b7fabf2aedc3ada2105f03b22b4d3dd\"},\"headline\":\"Tu \u00e9s o meu destino\",\"datePublished\":\"2026-03-03T03:15:51+00:00\",\"mainEntityOfPage\":{\"@id\":\"https:\/\/www.notibras.com\/site\/tu-es-o-meu-destino\/\"},\"wordCount\":186,\"publisher\":{\"@id\":\"https:\/\/www.notibras.com\/site\/#organization\"},\"image\":{\"@id\":\"https:\/\/www.notibras.com\/site\/tu-es-o-meu-destino\/#primaryimage\"},\"thumbnailUrl\":\"https:\/\/www.notibras.com\/site\/wp-content\/uploads\/2026\/02\/WhatsApp-Image-2026-03-01-at-00.02.01.jpeg\",\"articleSection\":[\"Caf\u00e9 Liter\u00e1rio\"],\"inLanguage\":\"pt-BR\"},{\"@type\":\"WebPage\",\"@id\":\"https:\/\/www.notibras.com\/site\/tu-es-o-meu-destino\/\",\"url\":\"https:\/\/www.notibras.com\/site\/tu-es-o-meu-destino\/\",\"name\":\"Tu \u00e9s o meu destino - Notibras\",\"isPartOf\":{\"@id\":\"https:\/\/www.notibras.com\/site\/#website\"},\"primaryImageOfPage\":{\"@id\":\"https:\/\/www.notibras.com\/site\/tu-es-o-meu-destino\/#primaryimage\"},\"image\":{\"@id\":\"https:\/\/www.notibras.com\/site\/tu-es-o-meu-destino\/#primaryimage\"},\"thumbnailUrl\":\"https:\/\/www.notibras.com\/site\/wp-content\/uploads\/2026\/02\/WhatsApp-Image-2026-03-01-at-00.02.01.jpeg\",\"datePublished\":\"2026-03-03T03:15:51+00:00\",\"breadcrumb\":{\"@id\":\"https:\/\/www.notibras.com\/site\/tu-es-o-meu-destino\/#breadcrumb\"},\"inLanguage\":\"pt-BR\",\"potentialAction\":[{\"@type\":\"ReadAction\",\"target\":[\"https:\/\/www.notibras.com\/site\/tu-es-o-meu-destino\/\"]}]},{\"@type\":\"ImageObject\",\"inLanguage\":\"pt-BR\",\"@id\":\"https:\/\/www.notibras.com\/site\/tu-es-o-meu-destino\/#primaryimage\",\"url\":\"https:\/\/www.notibras.com\/site\/wp-content\/uploads\/2026\/02\/WhatsApp-Image-2026-03-01-at-00.02.01.jpeg\",\"contentUrl\":\"https:\/\/www.notibras.com\/site\/wp-content\/uploads\/2026\/02\/WhatsApp-Image-2026-03-01-at-00.02.01.jpeg\",\"width\":1024,\"height\":559},{\"@type\":\"BreadcrumbList\",\"@id\":\"https:\/\/www.notibras.com\/site\/tu-es-o-meu-destino\/#breadcrumb\",\"itemListElement\":[{\"@type\":\"ListItem\",\"position\":1,\"name\":\"In\u00edcio\",\"item\":\"https:\/\/www.notibras.com\/site\/\"},{\"@type\":\"ListItem\",\"position\":2,\"name\":\"Tu \u00e9s o meu destino\"}]},{\"@type\":\"WebSite\",\"@id\":\"https:\/\/www.notibras.com\/site\/#website\",\"url\":\"https:\/\/www.notibras.com\/site\/\",\"name\":\"Notibras\",\"description\":\"Not\u00edcias de Bras\u00edlia, do Brasil e do Mundo\",\"publisher\":{\"@id\":\"https:\/\/www.notibras.com\/site\/#organization\"},\"potentialAction\":[{\"@type\":\"SearchAction\",\"target\":{\"@type\":\"EntryPoint\",\"urlTemplate\":\"https:\/\/www.notibras.com\/site\/?s={search_term_string}\"},\"query-input\":{\"@type\":\"PropertyValueSpecification\",\"valueRequired\":true,\"valueName\":\"search_term_string\"}}],\"inLanguage\":\"pt-BR\"},{\"@type\":\"Organization\",\"@id\":\"https:\/\/www.notibras.com\/site\/#organization\",\"name\":\"Grupo Notibras de Comunica\u00e7\u00e3o\",\"url\":\"https:\/\/www.notibras.com\/site\/\",\"logo\":{\"@type\":\"ImageObject\",\"inLanguage\":\"pt-BR\",\"@id\":\"https:\/\/www.notibras.com\/site\/#\/schema\/logo\/image\/\",\"url\":\"https:\/\/www.notibras.com\/site\/wp-content\/uploads\/2023\/01\/notibras23.png\",\"contentUrl\":\"https:\/\/www.notibras.com\/site\/wp-content\/uploads\/2023\/01\/notibras23.png\",\"width\":350,\"height\":87,\"caption\":\"Grupo Notibras de Comunica\u00e7\u00e3o\"},\"image\":{\"@id\":\"https:\/\/www.notibras.com\/site\/#\/schema\/logo\/image\/\"},\"sameAs\":[\"https:\/\/www.facebook.com\/notibras\/\",\"https:\/\/x.com\/Notibras\",\"https:\/\/www.instagram.com\/notibras\/\"]},{\"@type\":\"Person\",\"@id\":\"https:\/\/www.notibras.com\/site\/#\/schema\/person\/5b7fabf2aedc3ada2105f03b22b4d3dd\",\"name\":\"Eduardo Mart\u00ednez\",\"image\":{\"@type\":\"ImageObject\",\"inLanguage\":\"pt-BR\",\"@id\":\"https:\/\/secure.gravatar.com\/avatar\/7902f906289926289cbcda644b5197c796b893c6ffd7b9a536a42d290f7704a0?s=96&d=mm&r=g\",\"url\":\"https:\/\/secure.gravatar.com\/avatar\/7902f906289926289cbcda644b5197c796b893c6ffd7b9a536a42d290f7704a0?s=96&d=mm&r=g\",\"contentUrl\":\"https:\/\/secure.gravatar.com\/avatar\/7902f906289926289cbcda644b5197c796b893c6ffd7b9a536a42d290f7704a0?s=96&d=mm&r=g\",\"caption\":\"Eduardo Mart\u00ednez\"}}]}<\/script>\n<!-- \/ Yoast SEO plugin. -->","yoast_head_json":{"title":"Tu \u00e9s o meu destino - Notibras","robots":{"index":"index","follow":"follow","max-snippet":"max-snippet:-1","max-image-preview":"max-image-preview:large","max-video-preview":"max-video-preview:-1"},"canonical":"https:\/\/www.notibras.com\/site\/tu-es-o-meu-destino\/","og_locale":"pt_BR","og_type":"article","og_title":"Tu \u00e9s o meu destino - Notibras","og_description":"Sentimento sereno e cristalino, tu atravessas meu caminho n\u00e3o como o mais virtuoso dos seres, mas como aquele que me guia em sil\u00eancio. Tu&#8230; ave que se lan\u00e7a ao voo, com sonhos doces e cintilantes, n\u00e3o te prometo o c\u00e9u inteiro, mas um abrigo contra as tempestades do mundo. Tu&#8230; que em meus sonhos apareces, [&hellip;]","og_url":"https:\/\/www.notibras.com\/site\/tu-es-o-meu-destino\/","og_site_name":"Notibras","article_publisher":"https:\/\/www.facebook.com\/notibras\/","article_published_time":"2026-03-03T03:15:51+00:00","og_image":[{"width":1024,"height":559,"url":"https:\/\/www.notibras.com\/site\/wp-content\/uploads\/2026\/02\/WhatsApp-Image-2026-03-01-at-00.02.01.jpeg","type":"image\/jpeg"}],"author":"Eduardo Mart\u00ednez","twitter_card":"summary_large_image","twitter_creator":"@Notibras","twitter_site":"@Notibras","twitter_misc":{"Escrito por":"Eduardo Mart\u00ednez","Est. tempo de leitura":"2 minutos"},"schema":{"@context":"https:\/\/schema.org","@graph":[{"@type":"Article","@id":"https:\/\/www.notibras.com\/site\/tu-es-o-meu-destino\/#article","isPartOf":{"@id":"https:\/\/www.notibras.com\/site\/tu-es-o-meu-destino\/"},"author":{"name":"Eduardo Mart\u00ednez","@id":"https:\/\/www.notibras.com\/site\/#\/schema\/person\/5b7fabf2aedc3ada2105f03b22b4d3dd"},"headline":"Tu \u00e9s o meu destino","datePublished":"2026-03-03T03:15:51+00:00","mainEntityOfPage":{"@id":"https:\/\/www.notibras.com\/site\/tu-es-o-meu-destino\/"},"wordCount":186,"publisher":{"@id":"https:\/\/www.notibras.com\/site\/#organization"},"image":{"@id":"https:\/\/www.notibras.com\/site\/tu-es-o-meu-destino\/#primaryimage"},"thumbnailUrl":"https:\/\/www.notibras.com\/site\/wp-content\/uploads\/2026\/02\/WhatsApp-Image-2026-03-01-at-00.02.01.jpeg","articleSection":["Caf\u00e9 Liter\u00e1rio"],"inLanguage":"pt-BR"},{"@type":"WebPage","@id":"https:\/\/www.notibras.com\/site\/tu-es-o-meu-destino\/","url":"https:\/\/www.notibras.com\/site\/tu-es-o-meu-destino\/","name":"Tu \u00e9s o meu destino - Notibras","isPartOf":{"@id":"https:\/\/www.notibras.com\/site\/#website"},"primaryImageOfPage":{"@id":"https:\/\/www.notibras.com\/site\/tu-es-o-meu-destino\/#primaryimage"},"image":{"@id":"https:\/\/www.notibras.com\/site\/tu-es-o-meu-destino\/#primaryimage"},"thumbnailUrl":"https:\/\/www.notibras.com\/site\/wp-content\/uploads\/2026\/02\/WhatsApp-Image-2026-03-01-at-00.02.01.jpeg","datePublished":"2026-03-03T03:15:51+00:00","breadcrumb":{"@id":"https:\/\/www.notibras.com\/site\/tu-es-o-meu-destino\/#breadcrumb"},"inLanguage":"pt-BR","potentialAction":[{"@type":"ReadAction","target":["https:\/\/www.notibras.com\/site\/tu-es-o-meu-destino\/"]}]},{"@type":"ImageObject","inLanguage":"pt-BR","@id":"https:\/\/www.notibras.com\/site\/tu-es-o-meu-destino\/#primaryimage","url":"https:\/\/www.notibras.com\/site\/wp-content\/uploads\/2026\/02\/WhatsApp-Image-2026-03-01-at-00.02.01.jpeg","contentUrl":"https:\/\/www.notibras.com\/site\/wp-content\/uploads\/2026\/02\/WhatsApp-Image-2026-03-01-at-00.02.01.jpeg","width":1024,"height":559},{"@type":"BreadcrumbList","@id":"https:\/\/www.notibras.com\/site\/tu-es-o-meu-destino\/#breadcrumb","itemListElement":[{"@type":"ListItem","position":1,"name":"In\u00edcio","item":"https:\/\/www.notibras.com\/site\/"},{"@type":"ListItem","position":2,"name":"Tu \u00e9s o meu destino"}]},{"@type":"WebSite","@id":"https:\/\/www.notibras.com\/site\/#website","url":"https:\/\/www.notibras.com\/site\/","name":"Notibras","description":"Not\u00edcias de Bras\u00edlia, do Brasil e do Mundo","publisher":{"@id":"https:\/\/www.notibras.com\/site\/#organization"},"potentialAction":[{"@type":"SearchAction","target":{"@type":"EntryPoint","urlTemplate":"https:\/\/www.notibras.com\/site\/?s={search_term_string}"},"query-input":{"@type":"PropertyValueSpecification","valueRequired":true,"valueName":"search_term_string"}}],"inLanguage":"pt-BR"},{"@type":"Organization","@id":"https:\/\/www.notibras.com\/site\/#organization","name":"Grupo Notibras de Comunica\u00e7\u00e3o","url":"https:\/\/www.notibras.com\/site\/","logo":{"@type":"ImageObject","inLanguage":"pt-BR","@id":"https:\/\/www.notibras.com\/site\/#\/schema\/logo\/image\/","url":"https:\/\/www.notibras.com\/site\/wp-content\/uploads\/2023\/01\/notibras23.png","contentUrl":"https:\/\/www.notibras.com\/site\/wp-content\/uploads\/2023\/01\/notibras23.png","width":350,"height":87,"caption":"Grupo Notibras de Comunica\u00e7\u00e3o"},"image":{"@id":"https:\/\/www.notibras.com\/site\/#\/schema\/logo\/image\/"},"sameAs":["https:\/\/www.facebook.com\/notibras\/","https:\/\/x.com\/Notibras","https:\/\/www.instagram.com\/notibras\/"]},{"@type":"Person","@id":"https:\/\/www.notibras.com\/site\/#\/schema\/person\/5b7fabf2aedc3ada2105f03b22b4d3dd","name":"Eduardo Mart\u00ednez","image":{"@type":"ImageObject","inLanguage":"pt-BR","@id":"https:\/\/secure.gravatar.com\/avatar\/7902f906289926289cbcda644b5197c796b893c6ffd7b9a536a42d290f7704a0?s=96&d=mm&r=g","url":"https:\/\/secure.gravatar.com\/avatar\/7902f906289926289cbcda644b5197c796b893c6ffd7b9a536a42d290f7704a0?s=96&d=mm&r=g","contentUrl":"https:\/\/secure.gravatar.com\/avatar\/7902f906289926289cbcda644b5197c796b893c6ffd7b9a536a42d290f7704a0?s=96&d=mm&r=g","caption":"Eduardo Mart\u00ednez"}}]}},"amp_enabled":true,"_links":{"self":[{"href":"https:\/\/www.notibras.com\/site\/wp-json\/wp\/v2\/posts\/385096","targetHints":{"allow":["GET"]}}],"collection":[{"href":"https:\/\/www.notibras.com\/site\/wp-json\/wp\/v2\/posts"}],"about":[{"href":"https:\/\/www.notibras.com\/site\/wp-json\/wp\/v2\/types\/post"}],"author":[{"embeddable":true,"href":"https:\/\/www.notibras.com\/site\/wp-json\/wp\/v2\/users\/21"}],"replies":[{"embeddable":true,"href":"https:\/\/www.notibras.com\/site\/wp-json\/wp\/v2\/comments?post=385096"}],"version-history":[{"count":1,"href":"https:\/\/www.notibras.com\/site\/wp-json\/wp\/v2\/posts\/385096\/revisions"}],"predecessor-version":[{"id":385098,"href":"https:\/\/www.notibras.com\/site\/wp-json\/wp\/v2\/posts\/385096\/revisions\/385098"}],"wp:featuredmedia":[{"embeddable":true,"href":"https:\/\/www.notibras.com\/site\/wp-json\/wp\/v2\/media\/385097"}],"wp:attachment":[{"href":"https:\/\/www.notibras.com\/site\/wp-json\/wp\/v2\/media?parent=385096"}],"wp:term":[{"taxonomy":"category","embeddable":true,"href":"https:\/\/www.notibras.com\/site\/wp-json\/wp\/v2\/categories?post=385096"},{"taxonomy":"post_tag","embeddable":true,"href":"https:\/\/www.notibras.com\/site\/wp-json\/wp\/v2\/tags?post=385096"}],"curies":[{"name":"wp","href":"https:\/\/api.w.org\/{rel}","templated":true}]}}