{"id":385106,"date":"2026-03-01T02:00:13","date_gmt":"2026-03-01T05:00:13","guid":{"rendered":"https:\/\/www.notibras.com\/site\/?p=385106"},"modified":"2026-03-01T13:06:54","modified_gmt":"2026-03-01T16:06:54","slug":"por-que-o-futebol-local-ainda-e-a-maior-rede-social-do-brasil","status":"publish","type":"post","link":"https:\/\/www.notibras.com\/site\/por-que-o-futebol-local-ainda-e-a-maior-rede-social-do-brasil\/","title":{"rendered":"Por que o futebol local ainda \u00e9 a maior rede social do Brasil"},"content":{"rendered":"<p>Neste s\u00e1bado, 28, decidi prestigiar o esporte local e fui ao est\u00e1dio do Defel\u00ea para assistir ao jogo entre Sobradinho e Bras\u00edlia, v\u00e1lido pela \u00faltima rodada da primeira fase do Candang\u00e3o. Era mais do que uma simples partida. Era a celebra\u00e7\u00e3o de algo que muitas vezes esquecemos na correria da vida e das responsabilidades: a for\u00e7a da comunidade reunida em torno de uma paix\u00e3o comum. O futebol, especialmente o futebol local, tem essa capacidade de nos reconectar com o territ\u00f3rio, com as pessoas e com a identidade coletiva. Sobradinho \u00e9 a cidade onde cresci e sinto que acompanhar o time me reconecta com minha hist\u00f3ria.<\/p>\n<p>O Est\u00e1dio estava lotado. Fam\u00edlias inteiras ocupavam as arquibancadas, crian\u00e7as vestidas com as cores do clube, senhores comentando escala\u00e7\u00f5es com a autoridade de quem acompanha o time h\u00e1 d\u00e9cadas, jovens vibrando a cada lance como se fosse final de campeonato. A bateria n\u00e3o deu tr\u00e9gua um minuto sequer. O som dos tambores ecoava criando aquela atmosfera \u00fanica que s\u00f3 o futebol proporciona.<\/p>\n<p>O advers\u00e1rio, o tradicional Bras\u00edlia, entrou em campo disposto a dificultar a vida do Le\u00e3o da Serra. Mas o Sobradinho mostrou organiza\u00e7\u00e3o, garra e, sobretudo, consci\u00eancia da import\u00e2ncia daquele confronto. A vit\u00f3ria era necess\u00e1ria para garantir a classifica\u00e7\u00e3o. Desde o primeiro minuto, a equipe demonstrou postura de quem sabia o que estava em jogo. Cada dividida era disputada como se fosse a \u00faltima, cada ataque carregava a expectativa de uma arquibancada inteira.<\/p>\n<p>A tens\u00e3o t\u00edpica de rodada decisiva pairava no ar. Em determinados momentos, o sil\u00eancio se impunha, especialmente quando o Bras\u00edlia amea\u00e7ava. Em outros, a explos\u00e3o era inevit\u00e1vel: a torcida levantava, a bateria acelerava o ritmo e o grito coletivo empurrava o time para frente.<\/p>\n<p>E no segundo tempo veio o gol. Abra\u00e7os, gritos, crian\u00e7as pulando nos degraus das arquibancadas. O Le\u00e3o da Serra fazia valer seu apelido e mostrava for\u00e7a dentro de casa. A partir dali, a torcida assumiu ainda mais o papel de d\u00e9cimo segundo jogador. Cada desarme era comemorado como um gol. Cada bola afastada da defesa parecia aliviar coletivamente centenas de cora\u00e7\u00f5es.<\/p>\n<p>Quando o apito final confirmou a vit\u00f3ria do Sobradinho, a sensa\u00e7\u00e3o foi de dever cumprido. Deu tudo certo. O Le\u00e3o da Serra garantiu a classifica\u00e7\u00e3o para a segunda fase do Candang\u00e3o e manteve viva a esperan\u00e7a de voos mais altos. O futebol local resiste, pulsa e emociona.<\/p>\n<div id=\"attachment_385108\" style=\"width: 568px\" class=\"wp-caption aligncenter\"><img loading=\"lazy\" decoding=\"async\" aria-describedby=\"caption-attachment-385108\" class=\" wp-image-385108\" src=\"https:\/\/www.notibras.com\/site\/wp-content\/uploads\/2026\/03\/WhatsApp-Image-2026-03-01-at-01.30.45-300x169.jpeg\" alt=\"\" width=\"558\" height=\"314\" srcset=\"https:\/\/www.notibras.com\/site\/wp-content\/uploads\/2026\/03\/WhatsApp-Image-2026-03-01-at-01.30.45-300x169.jpeg 300w, https:\/\/www.notibras.com\/site\/wp-content\/uploads\/2026\/03\/WhatsApp-Image-2026-03-01-at-01.30.45-1024x576.jpeg 1024w, https:\/\/www.notibras.com\/site\/wp-content\/uploads\/2026\/03\/WhatsApp-Image-2026-03-01-at-01.30.45-768x432.jpeg 768w, https:\/\/www.notibras.com\/site\/wp-content\/uploads\/2026\/03\/WhatsApp-Image-2026-03-01-at-01.30.45-1536x864.jpeg 1536w, https:\/\/www.notibras.com\/site\/wp-content\/uploads\/2026\/03\/WhatsApp-Image-2026-03-01-at-01.30.45.jpeg 1600w\" sizes=\"auto, (max-width: 558px) 100vw, 558px\" \/><p id=\"caption-attachment-385108\" class=\"wp-caption-text\"><strong>Ao lado do ex-deputado Paulo Tadeu<\/strong><\/p><\/div>\n<p>Entre os torcedores, registrei uma presen\u00e7a ilustre: o ex-deputado federal e distrital Paulo Tadeu. Sua presen\u00e7a ali, nas arquibancadas, refor\u00e7a algo que considero fundamental: a pol\u00edtica e o esporte n\u00e3o vivem em mundos apartados. Ambos fazem parte da vida p\u00fablica, ambos mobilizam paix\u00f5es e ambos impactam diretamente o cotidiano das pessoas. Ver uma figura p\u00fablica prestigiando o campeonato local \u00e9 tamb\u00e9m um gesto simb\u00f3lico de reconhecimento da import\u00e2ncia do esporte para o Distrito Federal.<\/p>\n<p>Ali\u00e1s, h\u00e1 quem diga que pol\u00edtica e esporte n\u00e3o devem se misturar. Eu penso diferente. Eles se encontram naquilo que t\u00eam de mais humano: o senso de pertencimento, a disputa de projetos, a mobiliza\u00e7\u00e3o coletiva. O est\u00e1dio \u00e9 um espa\u00e7o democr\u00e1tico por excel\u00eancia. Nele, o trabalhador, o estudante, o empres\u00e1rio e o ex-parlamentar dividem o mesmo degrau, torcem pelo mesmo time e compartilham a mesma emo\u00e7\u00e3o.<\/p>\n<p>Prestigiar o Candang\u00e3o \u00e9 tamb\u00e9m valorizar o que \u00e9 nosso. \u00c9 fortalecer os clubes que formam atletas, que geram empregos, que movimentam a economia local e que oferecem lazer \u00e0 popula\u00e7\u00e3o. Em tempos em que somos bombardeados por grandes campeonatos internacionais e transmiss\u00f5es milion\u00e1rias, \u00e9 um ato pol\u00edtico escolher estar presente no est\u00e1dio do bairro, vibrando com os talentos da nossa terra.<\/p>\n<p>Sa\u00ed do Defel\u00ea com aquela sensa\u00e7\u00e3o boa de quem fez a escolha certa para um s\u00e1bado \u00e0 tarde. A vibra\u00e7\u00e3o da bateria ainda ecoava na mem\u00f3ria. O sorriso das crian\u00e7as vestindo a camisa do Sobradinho era a prova de que o futebol segue cumprindo sua fun\u00e7\u00e3o social. O Le\u00e3o da Serra segue firme, classificado, e a torcida segue acreditando.<\/p>\n<p>Que venham os pr\u00f3ximos jogos. Que o est\u00e1dio continue cheio. Que o Candang\u00e3o siga forte. E que n\u00f3s, como cidad\u00e3os do Distrito Federal, nunca percamos o h\u00e1bito de prestigiar aquilo que nasce e cresce aqui. Porque apoiar o esporte local \u00e9, em \u00faltima inst\u00e2ncia, apoiar a pr\u00f3pria comunidade.<\/p>\n","protected":false},"excerpt":{"rendered":"<p>Neste s\u00e1bado, 28, decidi prestigiar o esporte local e fui ao est\u00e1dio do Defel\u00ea para assistir ao jogo entre Sobradinho e Bras\u00edlia, v\u00e1lido pela \u00faltima rodada da primeira fase do Candang\u00e3o. Era mais do que uma simples partida. Era a celebra\u00e7\u00e3o de algo que muitas vezes esquecemos na correria da vida e das responsabilidades: a [&hellip;]<\/p>\n","protected":false},"author":21,"featured_media":385107,"comment_status":"closed","ping_status":"closed","sticky":false,"template":"","format":"standard","meta":{"_acf_changed":false,"footnotes":""},"categories":[235],"tags":[],"class_list":["post-385106","post","type-post","status-publish","format-standard","has-post-thumbnail","hentry","category-dona-irene"],"acf":[],"yoast_head":"<!-- This site is optimized with the Yoast SEO plugin v27.2 - https:\/\/yoast.com\/product\/yoast-seo-wordpress\/ -->\n<title>Por que o futebol local ainda \u00e9 a maior rede social do Brasil - Notibras<\/title>\n<meta name=\"robots\" content=\"index, follow, max-snippet:-1, max-image-preview:large, max-video-preview:-1\" \/>\n<link rel=\"canonical\" href=\"https:\/\/www.notibras.com\/site\/por-que-o-futebol-local-ainda-e-a-maior-rede-social-do-brasil\/\" \/>\n<meta property=\"og:locale\" content=\"pt_BR\" \/>\n<meta property=\"og:type\" content=\"article\" \/>\n<meta property=\"og:title\" content=\"Por que o futebol local ainda \u00e9 a maior rede social do Brasil - Notibras\" \/>\n<meta property=\"og:description\" content=\"Neste s\u00e1bado, 28, decidi prestigiar o esporte local e fui ao est\u00e1dio do Defel\u00ea para assistir ao jogo entre Sobradinho e Bras\u00edlia, v\u00e1lido pela \u00faltima rodada da primeira fase do Candang\u00e3o. Era mais do que uma simples partida. Era a celebra\u00e7\u00e3o de algo que muitas vezes esquecemos na correria da vida e das responsabilidades: a [&hellip;]\" \/>\n<meta property=\"og:url\" content=\"https:\/\/www.notibras.com\/site\/por-que-o-futebol-local-ainda-e-a-maior-rede-social-do-brasil\/\" \/>\n<meta property=\"og:site_name\" content=\"Notibras\" \/>\n<meta property=\"article:publisher\" content=\"https:\/\/www.facebook.com\/notibras\/\" \/>\n<meta property=\"article:published_time\" content=\"2026-03-01T05:00:13+00:00\" \/>\n<meta property=\"article:modified_time\" content=\"2026-03-01T16:06:54+00:00\" \/>\n<meta property=\"og:image\" content=\"https:\/\/www.notibras.com\/site\/wp-content\/uploads\/2026\/03\/WhatsApp-Image-2026-03-01-at-01.47.42.jpeg\" \/>\n\t<meta property=\"og:image:width\" content=\"1024\" \/>\n\t<meta property=\"og:image:height\" content=\"1154\" \/>\n\t<meta property=\"og:image:type\" content=\"image\/jpeg\" \/>\n<meta name=\"author\" content=\"Eduardo Mart\u00ednez\" \/>\n<meta name=\"twitter:card\" content=\"summary_large_image\" \/>\n<meta name=\"twitter:creator\" content=\"@Notibras\" \/>\n<meta name=\"twitter:site\" content=\"@Notibras\" \/>\n<meta name=\"twitter:label1\" content=\"Escrito por\" \/>\n\t<meta name=\"twitter:data1\" content=\"Eduardo Mart\u00ednez\" \/>\n\t<meta name=\"twitter:label2\" content=\"Est. tempo de leitura\" \/>\n\t<meta name=\"twitter:data2\" content=\"5 minutos\" \/>\n<script type=\"application\/ld+json\" class=\"yoast-schema-graph\">{\"@context\":\"https:\/\/schema.org\",\"@graph\":[{\"@type\":\"Article\",\"@id\":\"https:\/\/www.notibras.com\/site\/por-que-o-futebol-local-ainda-e-a-maior-rede-social-do-brasil\/#article\",\"isPartOf\":{\"@id\":\"https:\/\/www.notibras.com\/site\/por-que-o-futebol-local-ainda-e-a-maior-rede-social-do-brasil\/\"},\"author\":{\"name\":\"Eduardo Mart\u00ednez\",\"@id\":\"https:\/\/www.notibras.com\/site\/#\/schema\/person\/5b7fabf2aedc3ada2105f03b22b4d3dd\"},\"headline\":\"Por que o futebol local ainda \u00e9 a maior rede social do Brasil\",\"datePublished\":\"2026-03-01T05:00:13+00:00\",\"dateModified\":\"2026-03-01T16:06:54+00:00\",\"mainEntityOfPage\":{\"@id\":\"https:\/\/www.notibras.com\/site\/por-que-o-futebol-local-ainda-e-a-maior-rede-social-do-brasil\/\"},\"wordCount\":803,\"publisher\":{\"@id\":\"https:\/\/www.notibras.com\/site\/#organization\"},\"image\":{\"@id\":\"https:\/\/www.notibras.com\/site\/por-que-o-futebol-local-ainda-e-a-maior-rede-social-do-brasil\/#primaryimage\"},\"thumbnailUrl\":\"https:\/\/www.notibras.com\/site\/wp-content\/uploads\/2026\/03\/WhatsApp-Image-2026-03-01-at-01.47.42.jpeg\",\"articleSection\":[\"Dona Irene\"],\"inLanguage\":\"pt-BR\"},{\"@type\":\"WebPage\",\"@id\":\"https:\/\/www.notibras.com\/site\/por-que-o-futebol-local-ainda-e-a-maior-rede-social-do-brasil\/\",\"url\":\"https:\/\/www.notibras.com\/site\/por-que-o-futebol-local-ainda-e-a-maior-rede-social-do-brasil\/\",\"name\":\"Por que o futebol local ainda \u00e9 a maior rede social do Brasil - Notibras\",\"isPartOf\":{\"@id\":\"https:\/\/www.notibras.com\/site\/#website\"},\"primaryImageOfPage\":{\"@id\":\"https:\/\/www.notibras.com\/site\/por-que-o-futebol-local-ainda-e-a-maior-rede-social-do-brasil\/#primaryimage\"},\"image\":{\"@id\":\"https:\/\/www.notibras.com\/site\/por-que-o-futebol-local-ainda-e-a-maior-rede-social-do-brasil\/#primaryimage\"},\"thumbnailUrl\":\"https:\/\/www.notibras.com\/site\/wp-content\/uploads\/2026\/03\/WhatsApp-Image-2026-03-01-at-01.47.42.jpeg\",\"datePublished\":\"2026-03-01T05:00:13+00:00\",\"dateModified\":\"2026-03-01T16:06:54+00:00\",\"breadcrumb\":{\"@id\":\"https:\/\/www.notibras.com\/site\/por-que-o-futebol-local-ainda-e-a-maior-rede-social-do-brasil\/#breadcrumb\"},\"inLanguage\":\"pt-BR\",\"potentialAction\":[{\"@type\":\"ReadAction\",\"target\":[\"https:\/\/www.notibras.com\/site\/por-que-o-futebol-local-ainda-e-a-maior-rede-social-do-brasil\/\"]}]},{\"@type\":\"ImageObject\",\"inLanguage\":\"pt-BR\",\"@id\":\"https:\/\/www.notibras.com\/site\/por-que-o-futebol-local-ainda-e-a-maior-rede-social-do-brasil\/#primaryimage\",\"url\":\"https:\/\/www.notibras.com\/site\/wp-content\/uploads\/2026\/03\/WhatsApp-Image-2026-03-01-at-01.47.42.jpeg\",\"contentUrl\":\"https:\/\/www.notibras.com\/site\/wp-content\/uploads\/2026\/03\/WhatsApp-Image-2026-03-01-at-01.47.42.jpeg\",\"width\":1024,\"height\":1154},{\"@type\":\"BreadcrumbList\",\"@id\":\"https:\/\/www.notibras.com\/site\/por-que-o-futebol-local-ainda-e-a-maior-rede-social-do-brasil\/#breadcrumb\",\"itemListElement\":[{\"@type\":\"ListItem\",\"position\":1,\"name\":\"In\u00edcio\",\"item\":\"https:\/\/www.notibras.com\/site\/\"},{\"@type\":\"ListItem\",\"position\":2,\"name\":\"Por que o futebol local ainda \u00e9 a maior rede social do Brasil\"}]},{\"@type\":\"WebSite\",\"@id\":\"https:\/\/www.notibras.com\/site\/#website\",\"url\":\"https:\/\/www.notibras.com\/site\/\",\"name\":\"Notibras\",\"description\":\"Not\u00edcias de Bras\u00edlia, do Brasil e do Mundo\",\"publisher\":{\"@id\":\"https:\/\/www.notibras.com\/site\/#organization\"},\"potentialAction\":[{\"@type\":\"SearchAction\",\"target\":{\"@type\":\"EntryPoint\",\"urlTemplate\":\"https:\/\/www.notibras.com\/site\/?s={search_term_string}\"},\"query-input\":{\"@type\":\"PropertyValueSpecification\",\"valueRequired\":true,\"valueName\":\"search_term_string\"}}],\"inLanguage\":\"pt-BR\"},{\"@type\":\"Organization\",\"@id\":\"https:\/\/www.notibras.com\/site\/#organization\",\"name\":\"Grupo Notibras de Comunica\u00e7\u00e3o\",\"url\":\"https:\/\/www.notibras.com\/site\/\",\"logo\":{\"@type\":\"ImageObject\",\"inLanguage\":\"pt-BR\",\"@id\":\"https:\/\/www.notibras.com\/site\/#\/schema\/logo\/image\/\",\"url\":\"https:\/\/www.notibras.com\/site\/wp-content\/uploads\/2023\/01\/notibras23.png\",\"contentUrl\":\"https:\/\/www.notibras.com\/site\/wp-content\/uploads\/2023\/01\/notibras23.png\",\"width\":350,\"height\":87,\"caption\":\"Grupo Notibras de Comunica\u00e7\u00e3o\"},\"image\":{\"@id\":\"https:\/\/www.notibras.com\/site\/#\/schema\/logo\/image\/\"},\"sameAs\":[\"https:\/\/www.facebook.com\/notibras\/\",\"https:\/\/x.com\/Notibras\",\"https:\/\/www.instagram.com\/notibras\/\"]},{\"@type\":\"Person\",\"@id\":\"https:\/\/www.notibras.com\/site\/#\/schema\/person\/5b7fabf2aedc3ada2105f03b22b4d3dd\",\"name\":\"Eduardo Mart\u00ednez\",\"image\":{\"@type\":\"ImageObject\",\"inLanguage\":\"pt-BR\",\"@id\":\"https:\/\/secure.gravatar.com\/avatar\/7902f906289926289cbcda644b5197c796b893c6ffd7b9a536a42d290f7704a0?s=96&d=mm&r=g\",\"url\":\"https:\/\/secure.gravatar.com\/avatar\/7902f906289926289cbcda644b5197c796b893c6ffd7b9a536a42d290f7704a0?s=96&d=mm&r=g\",\"contentUrl\":\"https:\/\/secure.gravatar.com\/avatar\/7902f906289926289cbcda644b5197c796b893c6ffd7b9a536a42d290f7704a0?s=96&d=mm&r=g\",\"caption\":\"Eduardo Mart\u00ednez\"}}]}<\/script>\n<!-- \/ Yoast SEO plugin. -->","yoast_head_json":{"title":"Por que o futebol local ainda \u00e9 a maior rede social do Brasil - Notibras","robots":{"index":"index","follow":"follow","max-snippet":"max-snippet:-1","max-image-preview":"max-image-preview:large","max-video-preview":"max-video-preview:-1"},"canonical":"https:\/\/www.notibras.com\/site\/por-que-o-futebol-local-ainda-e-a-maior-rede-social-do-brasil\/","og_locale":"pt_BR","og_type":"article","og_title":"Por que o futebol local ainda \u00e9 a maior rede social do Brasil - Notibras","og_description":"Neste s\u00e1bado, 28, decidi prestigiar o esporte local e fui ao est\u00e1dio do Defel\u00ea para assistir ao jogo entre Sobradinho e Bras\u00edlia, v\u00e1lido pela \u00faltima rodada da primeira fase do Candang\u00e3o. Era mais do que uma simples partida. Era a celebra\u00e7\u00e3o de algo que muitas vezes esquecemos na correria da vida e das responsabilidades: a [&hellip;]","og_url":"https:\/\/www.notibras.com\/site\/por-que-o-futebol-local-ainda-e-a-maior-rede-social-do-brasil\/","og_site_name":"Notibras","article_publisher":"https:\/\/www.facebook.com\/notibras\/","article_published_time":"2026-03-01T05:00:13+00:00","article_modified_time":"2026-03-01T16:06:54+00:00","og_image":[{"width":1024,"height":1154,"url":"https:\/\/www.notibras.com\/site\/wp-content\/uploads\/2026\/03\/WhatsApp-Image-2026-03-01-at-01.47.42.jpeg","type":"image\/jpeg"}],"author":"Eduardo Mart\u00ednez","twitter_card":"summary_large_image","twitter_creator":"@Notibras","twitter_site":"@Notibras","twitter_misc":{"Escrito por":"Eduardo Mart\u00ednez","Est. tempo de leitura":"5 minutos"},"schema":{"@context":"https:\/\/schema.org","@graph":[{"@type":"Article","@id":"https:\/\/www.notibras.com\/site\/por-que-o-futebol-local-ainda-e-a-maior-rede-social-do-brasil\/#article","isPartOf":{"@id":"https:\/\/www.notibras.com\/site\/por-que-o-futebol-local-ainda-e-a-maior-rede-social-do-brasil\/"},"author":{"name":"Eduardo Mart\u00ednez","@id":"https:\/\/www.notibras.com\/site\/#\/schema\/person\/5b7fabf2aedc3ada2105f03b22b4d3dd"},"headline":"Por que o futebol local ainda \u00e9 a maior rede social do Brasil","datePublished":"2026-03-01T05:00:13+00:00","dateModified":"2026-03-01T16:06:54+00:00","mainEntityOfPage":{"@id":"https:\/\/www.notibras.com\/site\/por-que-o-futebol-local-ainda-e-a-maior-rede-social-do-brasil\/"},"wordCount":803,"publisher":{"@id":"https:\/\/www.notibras.com\/site\/#organization"},"image":{"@id":"https:\/\/www.notibras.com\/site\/por-que-o-futebol-local-ainda-e-a-maior-rede-social-do-brasil\/#primaryimage"},"thumbnailUrl":"https:\/\/www.notibras.com\/site\/wp-content\/uploads\/2026\/03\/WhatsApp-Image-2026-03-01-at-01.47.42.jpeg","articleSection":["Dona Irene"],"inLanguage":"pt-BR"},{"@type":"WebPage","@id":"https:\/\/www.notibras.com\/site\/por-que-o-futebol-local-ainda-e-a-maior-rede-social-do-brasil\/","url":"https:\/\/www.notibras.com\/site\/por-que-o-futebol-local-ainda-e-a-maior-rede-social-do-brasil\/","name":"Por que o futebol local ainda \u00e9 a maior rede social do Brasil - Notibras","isPartOf":{"@id":"https:\/\/www.notibras.com\/site\/#website"},"primaryImageOfPage":{"@id":"https:\/\/www.notibras.com\/site\/por-que-o-futebol-local-ainda-e-a-maior-rede-social-do-brasil\/#primaryimage"},"image":{"@id":"https:\/\/www.notibras.com\/site\/por-que-o-futebol-local-ainda-e-a-maior-rede-social-do-brasil\/#primaryimage"},"thumbnailUrl":"https:\/\/www.notibras.com\/site\/wp-content\/uploads\/2026\/03\/WhatsApp-Image-2026-03-01-at-01.47.42.jpeg","datePublished":"2026-03-01T05:00:13+00:00","dateModified":"2026-03-01T16:06:54+00:00","breadcrumb":{"@id":"https:\/\/www.notibras.com\/site\/por-que-o-futebol-local-ainda-e-a-maior-rede-social-do-brasil\/#breadcrumb"},"inLanguage":"pt-BR","potentialAction":[{"@type":"ReadAction","target":["https:\/\/www.notibras.com\/site\/por-que-o-futebol-local-ainda-e-a-maior-rede-social-do-brasil\/"]}]},{"@type":"ImageObject","inLanguage":"pt-BR","@id":"https:\/\/www.notibras.com\/site\/por-que-o-futebol-local-ainda-e-a-maior-rede-social-do-brasil\/#primaryimage","url":"https:\/\/www.notibras.com\/site\/wp-content\/uploads\/2026\/03\/WhatsApp-Image-2026-03-01-at-01.47.42.jpeg","contentUrl":"https:\/\/www.notibras.com\/site\/wp-content\/uploads\/2026\/03\/WhatsApp-Image-2026-03-01-at-01.47.42.jpeg","width":1024,"height":1154},{"@type":"BreadcrumbList","@id":"https:\/\/www.notibras.com\/site\/por-que-o-futebol-local-ainda-e-a-maior-rede-social-do-brasil\/#breadcrumb","itemListElement":[{"@type":"ListItem","position":1,"name":"In\u00edcio","item":"https:\/\/www.notibras.com\/site\/"},{"@type":"ListItem","position":2,"name":"Por que o futebol local ainda \u00e9 a maior rede social do Brasil"}]},{"@type":"WebSite","@id":"https:\/\/www.notibras.com\/site\/#website","url":"https:\/\/www.notibras.com\/site\/","name":"Notibras","description":"Not\u00edcias de Bras\u00edlia, do Brasil e do Mundo","publisher":{"@id":"https:\/\/www.notibras.com\/site\/#organization"},"potentialAction":[{"@type":"SearchAction","target":{"@type":"EntryPoint","urlTemplate":"https:\/\/www.notibras.com\/site\/?s={search_term_string}"},"query-input":{"@type":"PropertyValueSpecification","valueRequired":true,"valueName":"search_term_string"}}],"inLanguage":"pt-BR"},{"@type":"Organization","@id":"https:\/\/www.notibras.com\/site\/#organization","name":"Grupo Notibras de Comunica\u00e7\u00e3o","url":"https:\/\/www.notibras.com\/site\/","logo":{"@type":"ImageObject","inLanguage":"pt-BR","@id":"https:\/\/www.notibras.com\/site\/#\/schema\/logo\/image\/","url":"https:\/\/www.notibras.com\/site\/wp-content\/uploads\/2023\/01\/notibras23.png","contentUrl":"https:\/\/www.notibras.com\/site\/wp-content\/uploads\/2023\/01\/notibras23.png","width":350,"height":87,"caption":"Grupo Notibras de Comunica\u00e7\u00e3o"},"image":{"@id":"https:\/\/www.notibras.com\/site\/#\/schema\/logo\/image\/"},"sameAs":["https:\/\/www.facebook.com\/notibras\/","https:\/\/x.com\/Notibras","https:\/\/www.instagram.com\/notibras\/"]},{"@type":"Person","@id":"https:\/\/www.notibras.com\/site\/#\/schema\/person\/5b7fabf2aedc3ada2105f03b22b4d3dd","name":"Eduardo Mart\u00ednez","image":{"@type":"ImageObject","inLanguage":"pt-BR","@id":"https:\/\/secure.gravatar.com\/avatar\/7902f906289926289cbcda644b5197c796b893c6ffd7b9a536a42d290f7704a0?s=96&d=mm&r=g","url":"https:\/\/secure.gravatar.com\/avatar\/7902f906289926289cbcda644b5197c796b893c6ffd7b9a536a42d290f7704a0?s=96&d=mm&r=g","contentUrl":"https:\/\/secure.gravatar.com\/avatar\/7902f906289926289cbcda644b5197c796b893c6ffd7b9a536a42d290f7704a0?s=96&d=mm&r=g","caption":"Eduardo Mart\u00ednez"}}]}},"amp_enabled":true,"_links":{"self":[{"href":"https:\/\/www.notibras.com\/site\/wp-json\/wp\/v2\/posts\/385106","targetHints":{"allow":["GET"]}}],"collection":[{"href":"https:\/\/www.notibras.com\/site\/wp-json\/wp\/v2\/posts"}],"about":[{"href":"https:\/\/www.notibras.com\/site\/wp-json\/wp\/v2\/types\/post"}],"author":[{"embeddable":true,"href":"https:\/\/www.notibras.com\/site\/wp-json\/wp\/v2\/users\/21"}],"replies":[{"embeddable":true,"href":"https:\/\/www.notibras.com\/site\/wp-json\/wp\/v2\/comments?post=385106"}],"version-history":[{"count":5,"href":"https:\/\/www.notibras.com\/site\/wp-json\/wp\/v2\/posts\/385106\/revisions"}],"predecessor-version":[{"id":385192,"href":"https:\/\/www.notibras.com\/site\/wp-json\/wp\/v2\/posts\/385106\/revisions\/385192"}],"wp:featuredmedia":[{"embeddable":true,"href":"https:\/\/www.notibras.com\/site\/wp-json\/wp\/v2\/media\/385107"}],"wp:attachment":[{"href":"https:\/\/www.notibras.com\/site\/wp-json\/wp\/v2\/media?parent=385106"}],"wp:term":[{"taxonomy":"category","embeddable":true,"href":"https:\/\/www.notibras.com\/site\/wp-json\/wp\/v2\/categories?post=385106"},{"taxonomy":"post_tag","embeddable":true,"href":"https:\/\/www.notibras.com\/site\/wp-json\/wp\/v2\/tags?post=385106"}],"curies":[{"name":"wp","href":"https:\/\/api.w.org\/{rel}","templated":true}]}}