{"id":385150,"date":"2026-03-01T00:11:29","date_gmt":"2026-03-01T03:11:29","guid":{"rendered":"https:\/\/www.notibras.com\/site\/?p=385150"},"modified":"2026-03-01T06:13:07","modified_gmt":"2026-03-01T09:13:07","slug":"estado-de-sao-paulo-comeca-ano-com-aumento-de-feminicidios","status":"publish","type":"post","link":"https:\/\/www.notibras.com\/site\/estado-de-sao-paulo-comeca-ano-com-aumento-de-feminicidios\/","title":{"rendered":"Estado de S\u00e3o Paulo come\u00e7a ano com aumento de feminic\u00eddios"},"content":{"rendered":"<p>O n\u00famero de v\u00edtimas de feminic\u00eddio no estado de S\u00e3o Paulo aumentou em janeiro deste ano, em rela\u00e7\u00e3o ao mesmo per\u00edodo de 2025. Foram 27 mulheres assassinadas no m\u00eas, cinco v\u00edtimas a mais do que o n\u00famero registrado em janeiro do ano anterior. Os dados foram divulgados no portal da Secretaria da Seguran\u00e7a P\u00fablica do estado (SSP).<\/p>\n<p>Em 15 ocorr\u00eancias, os autores foram presos em flagrante, segundo a pasta. Nas cidades do interior paulista, foram 20 mortes no primeiro m\u00eas deste ano, com 12 pris\u00f5es em flagrante. As demais v\u00edtimas foram mortas na capital e na regi\u00e3o metropolitana.<\/p>\n<p>A pesquisadora Daiane Bertasso, do Laborat\u00f3rio de Estudos de Feminic\u00eddios (Lesfem), da Universidade Estadual de Londrina (Uel), explica que s\u00e3o v\u00e1rias as situa\u00e7\u00f5es que fazem com que o ciclo de viol\u00eancia contra as mulheres seja negligenciado e, ent\u00e3o, o crime de feminic\u00eddio aconte\u00e7a.<\/p>\n<p>\u201cO feminic\u00eddio n\u00e3o \u00e9 um crime inesperado. \u00c9 um crime que resulta de rela\u00e7\u00f5es familiares e \u00edntimas. E ele se d\u00e1 depois de um ciclo de viol\u00eancias de v\u00e1rios tipos. A pr\u00f3pria Lei Maria da Penha, que tipifica v\u00e1rios tipos de viol\u00eancia &#8211; psicol\u00f3gica, emocional, patrimonial &#8211; ela explica o quanto esse ciclo de viol\u00eancia vai se agravando\u201d, disse.<\/p>\n<p>A pesquisadora acrescenta que o machismo, a misoginia e uma sociedade voltada para os valores masculinos contribuem para que as pessoas ignorem os sinais de viol\u00eancia que precedem os feminic\u00eddios.<\/p>\n<p>\u201cMuitas vezes a mulher se sente intimidada, envergonhada, n\u00e3o socializa isso com a fam\u00edlia. Quando ela socializa, muitas vezes, a fam\u00edlia diz que \u00e9 [apenas] um momento, uma fase\u201d, relatou.<\/p>\n<p>Al\u00e9m disso, casos recentes de feminic\u00eddio que tiveram destaque na imprensa recentemente demonstram que, mesmo mulheres com medida protetiva contra seus agressores, n\u00e3o receberam efetivamente a prote\u00e7\u00e3o do Estado e acabaram mortas por eles.<\/p>\n<p>\u201cSeria importante a gente ter pol\u00edticas p\u00fablicas mais eficazes e que essas mulheres possam se sentir de fato acolhidas\u201d, disse Bertasso.<\/p>\n<p>A masculinidade t\u00f3xica \u00e9 mais um elemento que gera viol\u00eancia contra as mulheres no pa\u00eds. \u201cA gente tem uma linha de pesquisa que estuda a machosfera, e a gente tem percebido que essas redes t\u00eam fortalecido muito esses ideais [machistas e mis\u00f3ginos]. E isso, infelizmente, est\u00e1 formando jovens e crian\u00e7as com esse pensamento.\u201d<\/p>\n<p>\u201cPrecisaria ter uma educa\u00e7\u00e3o voltada para rela\u00e7\u00f5es de g\u00eanero nas escolas como obrigat\u00f3rio, para evitar que essas crian\u00e7as e jovens sejam cooptados por esse espa\u00e7o digital que n\u00e3o tem muito controle\u201d, avaliou.<\/p>\n<p><strong>Recorde de feminic\u00eddios<\/strong><br \/>\nO Brasil atingiu n\u00famero recorde de 1.518 v\u00edtimas de feminic\u00eddios em 2025, segundo Minist\u00e9rio da Justi\u00e7a e Seguran\u00e7a P\u00fablica, o que representa quatro mortes por dia. No ano anterior, em 2024, o pa\u00eds j\u00e1 havia atingido recorde, com 1.458 v\u00edtimas.<\/p>\n<p>Em 2025, o estado de S\u00e3o Paulo tamb\u00e9m registrou o maior n\u00famero de feminic\u00eddios desde o in\u00edcio da s\u00e9rie hist\u00f3rica, em 2018. Em todo o ano, as v\u00edtimas chegaram a 270, o que representa um aumento de 6,7% em rela\u00e7\u00e3o a 2024, quando o n\u00famero chegou a 253. Os dados est\u00e3o dispon\u00edveis no site da Secretaria da Seguran\u00e7a P\u00fablica do estado (SSP).<\/p>\n","protected":false},"excerpt":{"rendered":"<p>O n\u00famero de v\u00edtimas de feminic\u00eddio no estado de S\u00e3o Paulo aumentou em janeiro deste ano, em rela\u00e7\u00e3o ao mesmo per\u00edodo de 2025. Foram 27 mulheres assassinadas no m\u00eas, cinco v\u00edtimas a mais do que o n\u00famero registrado em janeiro do ano anterior. Os dados foram divulgados no portal da Secretaria da Seguran\u00e7a P\u00fablica do [&hellip;]<\/p>\n","protected":false},"author":2,"featured_media":385151,"comment_status":"closed","ping_status":"closed","sticky":false,"template":"","format":"standard","meta":{"_acf_changed":false,"footnotes":""},"categories":[16],"tags":[],"class_list":["post-385150","post","type-post","status-publish","format-standard","has-post-thumbnail","hentry","category-brasil"],"acf":[],"yoast_head":"<!-- This site is optimized with the Yoast SEO plugin v27.2 - https:\/\/yoast.com\/product\/yoast-seo-wordpress\/ -->\n<title>Estado de S\u00e3o Paulo come\u00e7a ano com aumento de feminic\u00eddios - Notibras<\/title>\n<meta name=\"robots\" content=\"index, follow, max-snippet:-1, max-image-preview:large, max-video-preview:-1\" \/>\n<link rel=\"canonical\" href=\"https:\/\/www.notibras.com\/site\/estado-de-sao-paulo-comeca-ano-com-aumento-de-feminicidios\/\" \/>\n<meta property=\"og:locale\" content=\"pt_BR\" \/>\n<meta property=\"og:type\" content=\"article\" \/>\n<meta property=\"og:title\" content=\"Estado de S\u00e3o Paulo come\u00e7a ano com aumento de feminic\u00eddios - Notibras\" \/>\n<meta property=\"og:description\" content=\"O n\u00famero de v\u00edtimas de feminic\u00eddio no estado de S\u00e3o Paulo aumentou em janeiro deste ano, em rela\u00e7\u00e3o ao mesmo per\u00edodo de 2025. Foram 27 mulheres assassinadas no m\u00eas, cinco v\u00edtimas a mais do que o n\u00famero registrado em janeiro do ano anterior. Os dados foram divulgados no portal da Secretaria da Seguran\u00e7a P\u00fablica do [&hellip;]\" \/>\n<meta property=\"og:url\" content=\"https:\/\/www.notibras.com\/site\/estado-de-sao-paulo-comeca-ano-com-aumento-de-feminicidios\/\" \/>\n<meta property=\"og:site_name\" content=\"Notibras\" \/>\n<meta property=\"article:publisher\" content=\"https:\/\/www.facebook.com\/notibras\/\" \/>\n<meta property=\"article:published_time\" content=\"2026-03-01T03:11:29+00:00\" \/>\n<meta property=\"article:modified_time\" content=\"2026-03-01T09:13:07+00:00\" \/>\n<meta property=\"og:image\" content=\"https:\/\/www.notibras.com\/site\/wp-content\/uploads\/2026\/03\/trbr0412.webp\" \/>\n\t<meta property=\"og:image:width\" content=\"1170\" \/>\n\t<meta property=\"og:image:height\" content=\"700\" \/>\n\t<meta property=\"og:image:type\" content=\"image\/webp\" \/>\n<meta name=\"author\" content=\"Reda\u00e7\u00e3o\" \/>\n<meta name=\"twitter:card\" content=\"summary_large_image\" \/>\n<meta name=\"twitter:creator\" content=\"@Notibras\" \/>\n<meta name=\"twitter:site\" content=\"@Notibras\" \/>\n<meta name=\"twitter:label1\" content=\"Escrito por\" \/>\n\t<meta name=\"twitter:data1\" content=\"Reda\u00e7\u00e3o\" \/>\n\t<meta name=\"twitter:label2\" content=\"Est. tempo de leitura\" \/>\n\t<meta name=\"twitter:data2\" content=\"4 minutos\" \/>\n<script type=\"application\/ld+json\" class=\"yoast-schema-graph\">{\"@context\":\"https:\/\/schema.org\",\"@graph\":[{\"@type\":\"Article\",\"@id\":\"https:\/\/www.notibras.com\/site\/estado-de-sao-paulo-comeca-ano-com-aumento-de-feminicidios\/#article\",\"isPartOf\":{\"@id\":\"https:\/\/www.notibras.com\/site\/estado-de-sao-paulo-comeca-ano-com-aumento-de-feminicidios\/\"},\"author\":{\"name\":\"Reda\u00e7\u00e3o\",\"@id\":\"https:\/\/www.notibras.com\/site\/#\/schema\/person\/36ab0979449956132d3e5b517ea76ac8\"},\"headline\":\"Estado de S\u00e3o Paulo come\u00e7a ano com aumento de feminic\u00eddios\",\"datePublished\":\"2026-03-01T03:11:29+00:00\",\"dateModified\":\"2026-03-01T09:13:07+00:00\",\"mainEntityOfPage\":{\"@id\":\"https:\/\/www.notibras.com\/site\/estado-de-sao-paulo-comeca-ano-com-aumento-de-feminicidios\/\"},\"wordCount\":582,\"publisher\":{\"@id\":\"https:\/\/www.notibras.com\/site\/#organization\"},\"image\":{\"@id\":\"https:\/\/www.notibras.com\/site\/estado-de-sao-paulo-comeca-ano-com-aumento-de-feminicidios\/#primaryimage\"},\"thumbnailUrl\":\"https:\/\/www.notibras.com\/site\/wp-content\/uploads\/2026\/03\/trbr0412.webp\",\"articleSection\":[\"Brasil\"],\"inLanguage\":\"pt-BR\"},{\"@type\":\"WebPage\",\"@id\":\"https:\/\/www.notibras.com\/site\/estado-de-sao-paulo-comeca-ano-com-aumento-de-feminicidios\/\",\"url\":\"https:\/\/www.notibras.com\/site\/estado-de-sao-paulo-comeca-ano-com-aumento-de-feminicidios\/\",\"name\":\"Estado de S\u00e3o Paulo come\u00e7a ano com aumento de feminic\u00eddios - Notibras\",\"isPartOf\":{\"@id\":\"https:\/\/www.notibras.com\/site\/#website\"},\"primaryImageOfPage\":{\"@id\":\"https:\/\/www.notibras.com\/site\/estado-de-sao-paulo-comeca-ano-com-aumento-de-feminicidios\/#primaryimage\"},\"image\":{\"@id\":\"https:\/\/www.notibras.com\/site\/estado-de-sao-paulo-comeca-ano-com-aumento-de-feminicidios\/#primaryimage\"},\"thumbnailUrl\":\"https:\/\/www.notibras.com\/site\/wp-content\/uploads\/2026\/03\/trbr0412.webp\",\"datePublished\":\"2026-03-01T03:11:29+00:00\",\"dateModified\":\"2026-03-01T09:13:07+00:00\",\"breadcrumb\":{\"@id\":\"https:\/\/www.notibras.com\/site\/estado-de-sao-paulo-comeca-ano-com-aumento-de-feminicidios\/#breadcrumb\"},\"inLanguage\":\"pt-BR\",\"potentialAction\":[{\"@type\":\"ReadAction\",\"target\":[\"https:\/\/www.notibras.com\/site\/estado-de-sao-paulo-comeca-ano-com-aumento-de-feminicidios\/\"]}]},{\"@type\":\"ImageObject\",\"inLanguage\":\"pt-BR\",\"@id\":\"https:\/\/www.notibras.com\/site\/estado-de-sao-paulo-comeca-ano-com-aumento-de-feminicidios\/#primaryimage\",\"url\":\"https:\/\/www.notibras.com\/site\/wp-content\/uploads\/2026\/03\/trbr0412.webp\",\"contentUrl\":\"https:\/\/www.notibras.com\/site\/wp-content\/uploads\/2026\/03\/trbr0412.webp\",\"width\":1170,\"height\":700},{\"@type\":\"BreadcrumbList\",\"@id\":\"https:\/\/www.notibras.com\/site\/estado-de-sao-paulo-comeca-ano-com-aumento-de-feminicidios\/#breadcrumb\",\"itemListElement\":[{\"@type\":\"ListItem\",\"position\":1,\"name\":\"In\u00edcio\",\"item\":\"https:\/\/www.notibras.com\/site\/\"},{\"@type\":\"ListItem\",\"position\":2,\"name\":\"Estado de S\u00e3o Paulo come\u00e7a ano com aumento de feminic\u00eddios\"}]},{\"@type\":\"WebSite\",\"@id\":\"https:\/\/www.notibras.com\/site\/#website\",\"url\":\"https:\/\/www.notibras.com\/site\/\",\"name\":\"Notibras\",\"description\":\"Not\u00edcias de Bras\u00edlia, do Brasil e do Mundo\",\"publisher\":{\"@id\":\"https:\/\/www.notibras.com\/site\/#organization\"},\"potentialAction\":[{\"@type\":\"SearchAction\",\"target\":{\"@type\":\"EntryPoint\",\"urlTemplate\":\"https:\/\/www.notibras.com\/site\/?s={search_term_string}\"},\"query-input\":{\"@type\":\"PropertyValueSpecification\",\"valueRequired\":true,\"valueName\":\"search_term_string\"}}],\"inLanguage\":\"pt-BR\"},{\"@type\":\"Organization\",\"@id\":\"https:\/\/www.notibras.com\/site\/#organization\",\"name\":\"Grupo Notibras de Comunica\u00e7\u00e3o\",\"url\":\"https:\/\/www.notibras.com\/site\/\",\"logo\":{\"@type\":\"ImageObject\",\"inLanguage\":\"pt-BR\",\"@id\":\"https:\/\/www.notibras.com\/site\/#\/schema\/logo\/image\/\",\"url\":\"https:\/\/www.notibras.com\/site\/wp-content\/uploads\/2023\/01\/notibras23.png\",\"contentUrl\":\"https:\/\/www.notibras.com\/site\/wp-content\/uploads\/2023\/01\/notibras23.png\",\"width\":350,\"height\":87,\"caption\":\"Grupo Notibras de Comunica\u00e7\u00e3o\"},\"image\":{\"@id\":\"https:\/\/www.notibras.com\/site\/#\/schema\/logo\/image\/\"},\"sameAs\":[\"https:\/\/www.facebook.com\/notibras\/\",\"https:\/\/x.com\/Notibras\",\"https:\/\/www.instagram.com\/notibras\/\"]},{\"@type\":\"Person\",\"@id\":\"https:\/\/www.notibras.com\/site\/#\/schema\/person\/36ab0979449956132d3e5b517ea76ac8\",\"name\":\"Reda\u00e7\u00e3o\",\"image\":{\"@type\":\"ImageObject\",\"inLanguage\":\"pt-BR\",\"@id\":\"https:\/\/secure.gravatar.com\/avatar\/e0a867bdedb85fd243eadf09663511f96fc81e0720a4a42581f334ad4303aa6b?s=96&d=mm&r=g\",\"url\":\"https:\/\/secure.gravatar.com\/avatar\/e0a867bdedb85fd243eadf09663511f96fc81e0720a4a42581f334ad4303aa6b?s=96&d=mm&r=g\",\"contentUrl\":\"https:\/\/secure.gravatar.com\/avatar\/e0a867bdedb85fd243eadf09663511f96fc81e0720a4a42581f334ad4303aa6b?s=96&d=mm&r=g\",\"caption\":\"Reda\u00e7\u00e3o\"}}]}<\/script>\n<!-- \/ Yoast SEO plugin. -->","yoast_head_json":{"title":"Estado de S\u00e3o Paulo come\u00e7a ano com aumento de feminic\u00eddios - Notibras","robots":{"index":"index","follow":"follow","max-snippet":"max-snippet:-1","max-image-preview":"max-image-preview:large","max-video-preview":"max-video-preview:-1"},"canonical":"https:\/\/www.notibras.com\/site\/estado-de-sao-paulo-comeca-ano-com-aumento-de-feminicidios\/","og_locale":"pt_BR","og_type":"article","og_title":"Estado de S\u00e3o Paulo come\u00e7a ano com aumento de feminic\u00eddios - Notibras","og_description":"O n\u00famero de v\u00edtimas de feminic\u00eddio no estado de S\u00e3o Paulo aumentou em janeiro deste ano, em rela\u00e7\u00e3o ao mesmo per\u00edodo de 2025. Foram 27 mulheres assassinadas no m\u00eas, cinco v\u00edtimas a mais do que o n\u00famero registrado em janeiro do ano anterior. Os dados foram divulgados no portal da Secretaria da Seguran\u00e7a P\u00fablica do [&hellip;]","og_url":"https:\/\/www.notibras.com\/site\/estado-de-sao-paulo-comeca-ano-com-aumento-de-feminicidios\/","og_site_name":"Notibras","article_publisher":"https:\/\/www.facebook.com\/notibras\/","article_published_time":"2026-03-01T03:11:29+00:00","article_modified_time":"2026-03-01T09:13:07+00:00","og_image":[{"width":1170,"height":700,"url":"https:\/\/www.notibras.com\/site\/wp-content\/uploads\/2026\/03\/trbr0412.webp","type":"image\/webp"}],"author":"Reda\u00e7\u00e3o","twitter_card":"summary_large_image","twitter_creator":"@Notibras","twitter_site":"@Notibras","twitter_misc":{"Escrito por":"Reda\u00e7\u00e3o","Est. tempo de leitura":"4 minutos"},"schema":{"@context":"https:\/\/schema.org","@graph":[{"@type":"Article","@id":"https:\/\/www.notibras.com\/site\/estado-de-sao-paulo-comeca-ano-com-aumento-de-feminicidios\/#article","isPartOf":{"@id":"https:\/\/www.notibras.com\/site\/estado-de-sao-paulo-comeca-ano-com-aumento-de-feminicidios\/"},"author":{"name":"Reda\u00e7\u00e3o","@id":"https:\/\/www.notibras.com\/site\/#\/schema\/person\/36ab0979449956132d3e5b517ea76ac8"},"headline":"Estado de S\u00e3o Paulo come\u00e7a ano com aumento de feminic\u00eddios","datePublished":"2026-03-01T03:11:29+00:00","dateModified":"2026-03-01T09:13:07+00:00","mainEntityOfPage":{"@id":"https:\/\/www.notibras.com\/site\/estado-de-sao-paulo-comeca-ano-com-aumento-de-feminicidios\/"},"wordCount":582,"publisher":{"@id":"https:\/\/www.notibras.com\/site\/#organization"},"image":{"@id":"https:\/\/www.notibras.com\/site\/estado-de-sao-paulo-comeca-ano-com-aumento-de-feminicidios\/#primaryimage"},"thumbnailUrl":"https:\/\/www.notibras.com\/site\/wp-content\/uploads\/2026\/03\/trbr0412.webp","articleSection":["Brasil"],"inLanguage":"pt-BR"},{"@type":"WebPage","@id":"https:\/\/www.notibras.com\/site\/estado-de-sao-paulo-comeca-ano-com-aumento-de-feminicidios\/","url":"https:\/\/www.notibras.com\/site\/estado-de-sao-paulo-comeca-ano-com-aumento-de-feminicidios\/","name":"Estado de S\u00e3o Paulo come\u00e7a ano com aumento de feminic\u00eddios - Notibras","isPartOf":{"@id":"https:\/\/www.notibras.com\/site\/#website"},"primaryImageOfPage":{"@id":"https:\/\/www.notibras.com\/site\/estado-de-sao-paulo-comeca-ano-com-aumento-de-feminicidios\/#primaryimage"},"image":{"@id":"https:\/\/www.notibras.com\/site\/estado-de-sao-paulo-comeca-ano-com-aumento-de-feminicidios\/#primaryimage"},"thumbnailUrl":"https:\/\/www.notibras.com\/site\/wp-content\/uploads\/2026\/03\/trbr0412.webp","datePublished":"2026-03-01T03:11:29+00:00","dateModified":"2026-03-01T09:13:07+00:00","breadcrumb":{"@id":"https:\/\/www.notibras.com\/site\/estado-de-sao-paulo-comeca-ano-com-aumento-de-feminicidios\/#breadcrumb"},"inLanguage":"pt-BR","potentialAction":[{"@type":"ReadAction","target":["https:\/\/www.notibras.com\/site\/estado-de-sao-paulo-comeca-ano-com-aumento-de-feminicidios\/"]}]},{"@type":"ImageObject","inLanguage":"pt-BR","@id":"https:\/\/www.notibras.com\/site\/estado-de-sao-paulo-comeca-ano-com-aumento-de-feminicidios\/#primaryimage","url":"https:\/\/www.notibras.com\/site\/wp-content\/uploads\/2026\/03\/trbr0412.webp","contentUrl":"https:\/\/www.notibras.com\/site\/wp-content\/uploads\/2026\/03\/trbr0412.webp","width":1170,"height":700},{"@type":"BreadcrumbList","@id":"https:\/\/www.notibras.com\/site\/estado-de-sao-paulo-comeca-ano-com-aumento-de-feminicidios\/#breadcrumb","itemListElement":[{"@type":"ListItem","position":1,"name":"In\u00edcio","item":"https:\/\/www.notibras.com\/site\/"},{"@type":"ListItem","position":2,"name":"Estado de S\u00e3o Paulo come\u00e7a ano com aumento de feminic\u00eddios"}]},{"@type":"WebSite","@id":"https:\/\/www.notibras.com\/site\/#website","url":"https:\/\/www.notibras.com\/site\/","name":"Notibras","description":"Not\u00edcias de Bras\u00edlia, do Brasil e do Mundo","publisher":{"@id":"https:\/\/www.notibras.com\/site\/#organization"},"potentialAction":[{"@type":"SearchAction","target":{"@type":"EntryPoint","urlTemplate":"https:\/\/www.notibras.com\/site\/?s={search_term_string}"},"query-input":{"@type":"PropertyValueSpecification","valueRequired":true,"valueName":"search_term_string"}}],"inLanguage":"pt-BR"},{"@type":"Organization","@id":"https:\/\/www.notibras.com\/site\/#organization","name":"Grupo Notibras de Comunica\u00e7\u00e3o","url":"https:\/\/www.notibras.com\/site\/","logo":{"@type":"ImageObject","inLanguage":"pt-BR","@id":"https:\/\/www.notibras.com\/site\/#\/schema\/logo\/image\/","url":"https:\/\/www.notibras.com\/site\/wp-content\/uploads\/2023\/01\/notibras23.png","contentUrl":"https:\/\/www.notibras.com\/site\/wp-content\/uploads\/2023\/01\/notibras23.png","width":350,"height":87,"caption":"Grupo Notibras de Comunica\u00e7\u00e3o"},"image":{"@id":"https:\/\/www.notibras.com\/site\/#\/schema\/logo\/image\/"},"sameAs":["https:\/\/www.facebook.com\/notibras\/","https:\/\/x.com\/Notibras","https:\/\/www.instagram.com\/notibras\/"]},{"@type":"Person","@id":"https:\/\/www.notibras.com\/site\/#\/schema\/person\/36ab0979449956132d3e5b517ea76ac8","name":"Reda\u00e7\u00e3o","image":{"@type":"ImageObject","inLanguage":"pt-BR","@id":"https:\/\/secure.gravatar.com\/avatar\/e0a867bdedb85fd243eadf09663511f96fc81e0720a4a42581f334ad4303aa6b?s=96&d=mm&r=g","url":"https:\/\/secure.gravatar.com\/avatar\/e0a867bdedb85fd243eadf09663511f96fc81e0720a4a42581f334ad4303aa6b?s=96&d=mm&r=g","contentUrl":"https:\/\/secure.gravatar.com\/avatar\/e0a867bdedb85fd243eadf09663511f96fc81e0720a4a42581f334ad4303aa6b?s=96&d=mm&r=g","caption":"Reda\u00e7\u00e3o"}}]}},"amp_enabled":true,"_links":{"self":[{"href":"https:\/\/www.notibras.com\/site\/wp-json\/wp\/v2\/posts\/385150","targetHints":{"allow":["GET"]}}],"collection":[{"href":"https:\/\/www.notibras.com\/site\/wp-json\/wp\/v2\/posts"}],"about":[{"href":"https:\/\/www.notibras.com\/site\/wp-json\/wp\/v2\/types\/post"}],"author":[{"embeddable":true,"href":"https:\/\/www.notibras.com\/site\/wp-json\/wp\/v2\/users\/2"}],"replies":[{"embeddable":true,"href":"https:\/\/www.notibras.com\/site\/wp-json\/wp\/v2\/comments?post=385150"}],"version-history":[{"count":1,"href":"https:\/\/www.notibras.com\/site\/wp-json\/wp\/v2\/posts\/385150\/revisions"}],"predecessor-version":[{"id":385152,"href":"https:\/\/www.notibras.com\/site\/wp-json\/wp\/v2\/posts\/385150\/revisions\/385152"}],"wp:featuredmedia":[{"embeddable":true,"href":"https:\/\/www.notibras.com\/site\/wp-json\/wp\/v2\/media\/385151"}],"wp:attachment":[{"href":"https:\/\/www.notibras.com\/site\/wp-json\/wp\/v2\/media?parent=385150"}],"wp:term":[{"taxonomy":"category","embeddable":true,"href":"https:\/\/www.notibras.com\/site\/wp-json\/wp\/v2\/categories?post=385150"},{"taxonomy":"post_tag","embeddable":true,"href":"https:\/\/www.notibras.com\/site\/wp-json\/wp\/v2\/tags?post=385150"}],"curies":[{"name":"wp","href":"https:\/\/api.w.org\/{rel}","templated":true}]}}