{"id":385163,"date":"2026-03-01T00:00:13","date_gmt":"2026-03-01T03:00:13","guid":{"rendered":"https:\/\/www.notibras.com\/site\/?p=385163"},"modified":"2026-03-01T06:40:25","modified_gmt":"2026-03-01T09:40:25","slug":"com-musica-e-tradicao-feira-na-praca-volta-ao-centro-de-teresina","status":"publish","type":"post","link":"https:\/\/www.notibras.com\/site\/com-musica-e-tradicao-feira-na-praca-volta-ao-centro-de-teresina\/","title":{"rendered":"Com m\u00fasica e tradi\u00e7\u00e3o, Feira na Pra\u00e7a volta ao centro de Teresina"},"content":{"rendered":"<p>A Feira na Pra\u00e7a est\u00e1 de volta e promete movimentar novamente o Centro da capital neste domingo (1\u00ba), na Pra\u00e7a Pedro II. Ap\u00f3s o sucesso da edi\u00e7\u00e3o especial de pr\u00e9-carnaval, o evento retorna \u00e0 sua programa\u00e7\u00e3o regular, sempre aos domingos, das 8h \u00e0s 13h, reunindo cultura, lazer e oportunidades de gera\u00e7\u00e3o de renda no cora\u00e7\u00e3o de Teresina.<\/p>\n<p>Nesta edi\u00e7\u00e3o, o p\u00fablico poder\u00e1 prestigiar o show do Grupo Carta Branca e uma apresenta\u00e7\u00e3o especial da quadrilha junina Chapad\u00e3o do Corisco, refor\u00e7ando a proposta da feira de valorizar os artistas locais e promover a diversidade cultural do estado.<\/p>\n<p>O secret\u00e1rio estadual da Cultura, Rodrigo Amorim, destaca que a iniciativa integra o projeto de revitaliza\u00e7\u00e3o do Centro da capital.<\/p>\n<p>\u201cA Feira na Pra\u00e7a \u00e9 uma a\u00e7\u00e3o estrat\u00e9gica dentro do nosso projeto de revitaliza\u00e7\u00e3o do Centro de Teresina. Estamos ocupando os espa\u00e7os p\u00fablicos com cultura, arte e conviv\u00eancia, estimulando a economia criativa e fortalecendo o sentimento de pertencimento da popula\u00e7\u00e3o. Nosso objetivo \u00e9 transformar o Centro em um espa\u00e7o cada vez mais vivo, seguro e atrativo para as fam\u00edlias piauienses\u201d, afirma o gestor.<\/p>\n<p>Al\u00e9m da programa\u00e7\u00e3o cultural, o evento tamb\u00e9m tem impacto direto na economia local. Feirantes relatam aumento na renda e maior visibilidade para seus produtos. O empreendedor H\u00edtalo Azevedo refor\u00e7a a import\u00e2ncia da iniciativa. \u201cParticipo de feiras h\u00e1 mais de cinco anos e posso afirmar que a Feira na Pra\u00e7a trouxe um novo \u00e2nimo para o Centro. A quantidade de pessoas circulando aumentou bastante, as vendas melhoraram e a gente percebe que o p\u00fablico voltou a ocupar esse espa\u00e7o. Antes, era dif\u00edcil ver um movimento assim por aqui\u201d, destacou.<\/p>\n<p>Promovida pela Secretaria de Estado da Cultura, a Feira na Pra\u00e7a reafirma o compromisso do Governo do Piau\u00ed com o fortalecimento da cultura e da economia criativa. Com entrada gratuita, o evento convida a popula\u00e7\u00e3o a aproveitar o domingo em um ambiente que une m\u00fasica, tradi\u00e7\u00e3o, gastronomia e conviv\u00eancia, celebrando a cultura piauiense em um dos espa\u00e7os mais simb\u00f3licos da capital.<\/p>\n","protected":false},"excerpt":{"rendered":"<p>A Feira na Pra\u00e7a est\u00e1 de volta e promete movimentar novamente o Centro da capital neste domingo (1\u00ba), na Pra\u00e7a Pedro II. Ap\u00f3s o sucesso da edi\u00e7\u00e3o especial de pr\u00e9-carnaval, o evento retorna \u00e0 sua programa\u00e7\u00e3o regular, sempre aos domingos, das 8h \u00e0s 13h, reunindo cultura, lazer e oportunidades de gera\u00e7\u00e3o de renda no cora\u00e7\u00e3o [&hellip;]<\/p>\n","protected":false},"author":2,"featured_media":385164,"comment_status":"closed","ping_status":"closed","sticky":false,"template":"","format":"standard","meta":{"_acf_changed":false,"footnotes":""},"categories":[165],"tags":[],"class_list":["post-385163","post","type-post","status-publish","format-standard","has-post-thumbnail","hentry","category-nordeste"],"acf":[],"yoast_head":"<!-- This site is optimized with the Yoast SEO plugin v27.2 - https:\/\/yoast.com\/product\/yoast-seo-wordpress\/ -->\n<title>Com m\u00fasica e tradi\u00e7\u00e3o, Feira na Pra\u00e7a volta ao centro de Teresina - Notibras<\/title>\n<meta name=\"robots\" content=\"index, follow, max-snippet:-1, max-image-preview:large, max-video-preview:-1\" \/>\n<link rel=\"canonical\" href=\"https:\/\/www.notibras.com\/site\/com-musica-e-tradicao-feira-na-praca-volta-ao-centro-de-teresina\/\" \/>\n<meta property=\"og:locale\" content=\"pt_BR\" \/>\n<meta property=\"og:type\" content=\"article\" \/>\n<meta property=\"og:title\" content=\"Com m\u00fasica e tradi\u00e7\u00e3o, Feira na Pra\u00e7a volta ao centro de Teresina - Notibras\" \/>\n<meta property=\"og:description\" content=\"A Feira na Pra\u00e7a est\u00e1 de volta e promete movimentar novamente o Centro da capital neste domingo (1\u00ba), na Pra\u00e7a Pedro II. Ap\u00f3s o sucesso da edi\u00e7\u00e3o especial de pr\u00e9-carnaval, o evento retorna \u00e0 sua programa\u00e7\u00e3o regular, sempre aos domingos, das 8h \u00e0s 13h, reunindo cultura, lazer e oportunidades de gera\u00e7\u00e3o de renda no cora\u00e7\u00e3o [&hellip;]\" \/>\n<meta property=\"og:url\" content=\"https:\/\/www.notibras.com\/site\/com-musica-e-tradicao-feira-na-praca-volta-ao-centro-de-teresina\/\" \/>\n<meta property=\"og:site_name\" content=\"Notibras\" \/>\n<meta property=\"article:publisher\" content=\"https:\/\/www.facebook.com\/notibras\/\" \/>\n<meta property=\"article:published_time\" content=\"2026-03-01T03:00:13+00:00\" \/>\n<meta property=\"article:modified_time\" content=\"2026-03-01T09:40:25+00:00\" \/>\n<meta property=\"og:image\" content=\"https:\/\/www.notibras.com\/site\/wp-content\/uploads\/2026\/03\/cd249d30-5187-4421-a09e-14cbc1929393.jpg\" \/>\n\t<meta property=\"og:image:width\" content=\"984\" \/>\n\t<meta property=\"og:image:height\" content=\"656\" \/>\n\t<meta property=\"og:image:type\" content=\"image\/jpeg\" \/>\n<meta name=\"author\" content=\"Reda\u00e7\u00e3o\" \/>\n<meta name=\"twitter:card\" content=\"summary_large_image\" \/>\n<meta name=\"twitter:creator\" content=\"@Notibras\" \/>\n<meta name=\"twitter:site\" content=\"@Notibras\" \/>\n<meta name=\"twitter:label1\" content=\"Escrito por\" \/>\n\t<meta name=\"twitter:data1\" content=\"Reda\u00e7\u00e3o\" \/>\n\t<meta name=\"twitter:label2\" content=\"Est. tempo de leitura\" \/>\n\t<meta name=\"twitter:data2\" content=\"3 minutos\" \/>\n<script type=\"application\/ld+json\" class=\"yoast-schema-graph\">{\"@context\":\"https:\/\/schema.org\",\"@graph\":[{\"@type\":\"Article\",\"@id\":\"https:\/\/www.notibras.com\/site\/com-musica-e-tradicao-feira-na-praca-volta-ao-centro-de-teresina\/#article\",\"isPartOf\":{\"@id\":\"https:\/\/www.notibras.com\/site\/com-musica-e-tradicao-feira-na-praca-volta-ao-centro-de-teresina\/\"},\"author\":{\"name\":\"Reda\u00e7\u00e3o\",\"@id\":\"https:\/\/www.notibras.com\/site\/#\/schema\/person\/36ab0979449956132d3e5b517ea76ac8\"},\"headline\":\"Com m\u00fasica e tradi\u00e7\u00e3o, Feira na Pra\u00e7a volta ao centro de Teresina\",\"datePublished\":\"2026-03-01T03:00:13+00:00\",\"dateModified\":\"2026-03-01T09:40:25+00:00\",\"mainEntityOfPage\":{\"@id\":\"https:\/\/www.notibras.com\/site\/com-musica-e-tradicao-feira-na-praca-volta-ao-centro-de-teresina\/\"},\"wordCount\":381,\"publisher\":{\"@id\":\"https:\/\/www.notibras.com\/site\/#organization\"},\"image\":{\"@id\":\"https:\/\/www.notibras.com\/site\/com-musica-e-tradicao-feira-na-praca-volta-ao-centro-de-teresina\/#primaryimage\"},\"thumbnailUrl\":\"https:\/\/www.notibras.com\/site\/wp-content\/uploads\/2026\/03\/cd249d30-5187-4421-a09e-14cbc1929393.jpg\",\"articleSection\":[\"Nordeste\"],\"inLanguage\":\"pt-BR\"},{\"@type\":\"WebPage\",\"@id\":\"https:\/\/www.notibras.com\/site\/com-musica-e-tradicao-feira-na-praca-volta-ao-centro-de-teresina\/\",\"url\":\"https:\/\/www.notibras.com\/site\/com-musica-e-tradicao-feira-na-praca-volta-ao-centro-de-teresina\/\",\"name\":\"Com m\u00fasica e tradi\u00e7\u00e3o, Feira na Pra\u00e7a volta ao centro de Teresina - Notibras\",\"isPartOf\":{\"@id\":\"https:\/\/www.notibras.com\/site\/#website\"},\"primaryImageOfPage\":{\"@id\":\"https:\/\/www.notibras.com\/site\/com-musica-e-tradicao-feira-na-praca-volta-ao-centro-de-teresina\/#primaryimage\"},\"image\":{\"@id\":\"https:\/\/www.notibras.com\/site\/com-musica-e-tradicao-feira-na-praca-volta-ao-centro-de-teresina\/#primaryimage\"},\"thumbnailUrl\":\"https:\/\/www.notibras.com\/site\/wp-content\/uploads\/2026\/03\/cd249d30-5187-4421-a09e-14cbc1929393.jpg\",\"datePublished\":\"2026-03-01T03:00:13+00:00\",\"dateModified\":\"2026-03-01T09:40:25+00:00\",\"breadcrumb\":{\"@id\":\"https:\/\/www.notibras.com\/site\/com-musica-e-tradicao-feira-na-praca-volta-ao-centro-de-teresina\/#breadcrumb\"},\"inLanguage\":\"pt-BR\",\"potentialAction\":[{\"@type\":\"ReadAction\",\"target\":[\"https:\/\/www.notibras.com\/site\/com-musica-e-tradicao-feira-na-praca-volta-ao-centro-de-teresina\/\"]}]},{\"@type\":\"ImageObject\",\"inLanguage\":\"pt-BR\",\"@id\":\"https:\/\/www.notibras.com\/site\/com-musica-e-tradicao-feira-na-praca-volta-ao-centro-de-teresina\/#primaryimage\",\"url\":\"https:\/\/www.notibras.com\/site\/wp-content\/uploads\/2026\/03\/cd249d30-5187-4421-a09e-14cbc1929393.jpg\",\"contentUrl\":\"https:\/\/www.notibras.com\/site\/wp-content\/uploads\/2026\/03\/cd249d30-5187-4421-a09e-14cbc1929393.jpg\",\"width\":984,\"height\":656},{\"@type\":\"BreadcrumbList\",\"@id\":\"https:\/\/www.notibras.com\/site\/com-musica-e-tradicao-feira-na-praca-volta-ao-centro-de-teresina\/#breadcrumb\",\"itemListElement\":[{\"@type\":\"ListItem\",\"position\":1,\"name\":\"In\u00edcio\",\"item\":\"https:\/\/www.notibras.com\/site\/\"},{\"@type\":\"ListItem\",\"position\":2,\"name\":\"Com m\u00fasica e tradi\u00e7\u00e3o, Feira na Pra\u00e7a volta ao centro de Teresina\"}]},{\"@type\":\"WebSite\",\"@id\":\"https:\/\/www.notibras.com\/site\/#website\",\"url\":\"https:\/\/www.notibras.com\/site\/\",\"name\":\"Notibras\",\"description\":\"Not\u00edcias de Bras\u00edlia, do Brasil e do Mundo\",\"publisher\":{\"@id\":\"https:\/\/www.notibras.com\/site\/#organization\"},\"potentialAction\":[{\"@type\":\"SearchAction\",\"target\":{\"@type\":\"EntryPoint\",\"urlTemplate\":\"https:\/\/www.notibras.com\/site\/?s={search_term_string}\"},\"query-input\":{\"@type\":\"PropertyValueSpecification\",\"valueRequired\":true,\"valueName\":\"search_term_string\"}}],\"inLanguage\":\"pt-BR\"},{\"@type\":\"Organization\",\"@id\":\"https:\/\/www.notibras.com\/site\/#organization\",\"name\":\"Grupo Notibras de Comunica\u00e7\u00e3o\",\"url\":\"https:\/\/www.notibras.com\/site\/\",\"logo\":{\"@type\":\"ImageObject\",\"inLanguage\":\"pt-BR\",\"@id\":\"https:\/\/www.notibras.com\/site\/#\/schema\/logo\/image\/\",\"url\":\"https:\/\/www.notibras.com\/site\/wp-content\/uploads\/2023\/01\/notibras23.png\",\"contentUrl\":\"https:\/\/www.notibras.com\/site\/wp-content\/uploads\/2023\/01\/notibras23.png\",\"width\":350,\"height\":87,\"caption\":\"Grupo Notibras de Comunica\u00e7\u00e3o\"},\"image\":{\"@id\":\"https:\/\/www.notibras.com\/site\/#\/schema\/logo\/image\/\"},\"sameAs\":[\"https:\/\/www.facebook.com\/notibras\/\",\"https:\/\/x.com\/Notibras\",\"https:\/\/www.instagram.com\/notibras\/\"]},{\"@type\":\"Person\",\"@id\":\"https:\/\/www.notibras.com\/site\/#\/schema\/person\/36ab0979449956132d3e5b517ea76ac8\",\"name\":\"Reda\u00e7\u00e3o\",\"image\":{\"@type\":\"ImageObject\",\"inLanguage\":\"pt-BR\",\"@id\":\"https:\/\/secure.gravatar.com\/avatar\/e0a867bdedb85fd243eadf09663511f96fc81e0720a4a42581f334ad4303aa6b?s=96&d=mm&r=g\",\"url\":\"https:\/\/secure.gravatar.com\/avatar\/e0a867bdedb85fd243eadf09663511f96fc81e0720a4a42581f334ad4303aa6b?s=96&d=mm&r=g\",\"contentUrl\":\"https:\/\/secure.gravatar.com\/avatar\/e0a867bdedb85fd243eadf09663511f96fc81e0720a4a42581f334ad4303aa6b?s=96&d=mm&r=g\",\"caption\":\"Reda\u00e7\u00e3o\"}}]}<\/script>\n<!-- \/ Yoast SEO plugin. -->","yoast_head_json":{"title":"Com m\u00fasica e tradi\u00e7\u00e3o, Feira na Pra\u00e7a volta ao centro de Teresina - Notibras","robots":{"index":"index","follow":"follow","max-snippet":"max-snippet:-1","max-image-preview":"max-image-preview:large","max-video-preview":"max-video-preview:-1"},"canonical":"https:\/\/www.notibras.com\/site\/com-musica-e-tradicao-feira-na-praca-volta-ao-centro-de-teresina\/","og_locale":"pt_BR","og_type":"article","og_title":"Com m\u00fasica e tradi\u00e7\u00e3o, Feira na Pra\u00e7a volta ao centro de Teresina - Notibras","og_description":"A Feira na Pra\u00e7a est\u00e1 de volta e promete movimentar novamente o Centro da capital neste domingo (1\u00ba), na Pra\u00e7a Pedro II. Ap\u00f3s o sucesso da edi\u00e7\u00e3o especial de pr\u00e9-carnaval, o evento retorna \u00e0 sua programa\u00e7\u00e3o regular, sempre aos domingos, das 8h \u00e0s 13h, reunindo cultura, lazer e oportunidades de gera\u00e7\u00e3o de renda no cora\u00e7\u00e3o [&hellip;]","og_url":"https:\/\/www.notibras.com\/site\/com-musica-e-tradicao-feira-na-praca-volta-ao-centro-de-teresina\/","og_site_name":"Notibras","article_publisher":"https:\/\/www.facebook.com\/notibras\/","article_published_time":"2026-03-01T03:00:13+00:00","article_modified_time":"2026-03-01T09:40:25+00:00","og_image":[{"width":984,"height":656,"url":"https:\/\/www.notibras.com\/site\/wp-content\/uploads\/2026\/03\/cd249d30-5187-4421-a09e-14cbc1929393.jpg","type":"image\/jpeg"}],"author":"Reda\u00e7\u00e3o","twitter_card":"summary_large_image","twitter_creator":"@Notibras","twitter_site":"@Notibras","twitter_misc":{"Escrito por":"Reda\u00e7\u00e3o","Est. tempo de leitura":"3 minutos"},"schema":{"@context":"https:\/\/schema.org","@graph":[{"@type":"Article","@id":"https:\/\/www.notibras.com\/site\/com-musica-e-tradicao-feira-na-praca-volta-ao-centro-de-teresina\/#article","isPartOf":{"@id":"https:\/\/www.notibras.com\/site\/com-musica-e-tradicao-feira-na-praca-volta-ao-centro-de-teresina\/"},"author":{"name":"Reda\u00e7\u00e3o","@id":"https:\/\/www.notibras.com\/site\/#\/schema\/person\/36ab0979449956132d3e5b517ea76ac8"},"headline":"Com m\u00fasica e tradi\u00e7\u00e3o, Feira na Pra\u00e7a volta ao centro de Teresina","datePublished":"2026-03-01T03:00:13+00:00","dateModified":"2026-03-01T09:40:25+00:00","mainEntityOfPage":{"@id":"https:\/\/www.notibras.com\/site\/com-musica-e-tradicao-feira-na-praca-volta-ao-centro-de-teresina\/"},"wordCount":381,"publisher":{"@id":"https:\/\/www.notibras.com\/site\/#organization"},"image":{"@id":"https:\/\/www.notibras.com\/site\/com-musica-e-tradicao-feira-na-praca-volta-ao-centro-de-teresina\/#primaryimage"},"thumbnailUrl":"https:\/\/www.notibras.com\/site\/wp-content\/uploads\/2026\/03\/cd249d30-5187-4421-a09e-14cbc1929393.jpg","articleSection":["Nordeste"],"inLanguage":"pt-BR"},{"@type":"WebPage","@id":"https:\/\/www.notibras.com\/site\/com-musica-e-tradicao-feira-na-praca-volta-ao-centro-de-teresina\/","url":"https:\/\/www.notibras.com\/site\/com-musica-e-tradicao-feira-na-praca-volta-ao-centro-de-teresina\/","name":"Com m\u00fasica e tradi\u00e7\u00e3o, Feira na Pra\u00e7a volta ao centro de Teresina - Notibras","isPartOf":{"@id":"https:\/\/www.notibras.com\/site\/#website"},"primaryImageOfPage":{"@id":"https:\/\/www.notibras.com\/site\/com-musica-e-tradicao-feira-na-praca-volta-ao-centro-de-teresina\/#primaryimage"},"image":{"@id":"https:\/\/www.notibras.com\/site\/com-musica-e-tradicao-feira-na-praca-volta-ao-centro-de-teresina\/#primaryimage"},"thumbnailUrl":"https:\/\/www.notibras.com\/site\/wp-content\/uploads\/2026\/03\/cd249d30-5187-4421-a09e-14cbc1929393.jpg","datePublished":"2026-03-01T03:00:13+00:00","dateModified":"2026-03-01T09:40:25+00:00","breadcrumb":{"@id":"https:\/\/www.notibras.com\/site\/com-musica-e-tradicao-feira-na-praca-volta-ao-centro-de-teresina\/#breadcrumb"},"inLanguage":"pt-BR","potentialAction":[{"@type":"ReadAction","target":["https:\/\/www.notibras.com\/site\/com-musica-e-tradicao-feira-na-praca-volta-ao-centro-de-teresina\/"]}]},{"@type":"ImageObject","inLanguage":"pt-BR","@id":"https:\/\/www.notibras.com\/site\/com-musica-e-tradicao-feira-na-praca-volta-ao-centro-de-teresina\/#primaryimage","url":"https:\/\/www.notibras.com\/site\/wp-content\/uploads\/2026\/03\/cd249d30-5187-4421-a09e-14cbc1929393.jpg","contentUrl":"https:\/\/www.notibras.com\/site\/wp-content\/uploads\/2026\/03\/cd249d30-5187-4421-a09e-14cbc1929393.jpg","width":984,"height":656},{"@type":"BreadcrumbList","@id":"https:\/\/www.notibras.com\/site\/com-musica-e-tradicao-feira-na-praca-volta-ao-centro-de-teresina\/#breadcrumb","itemListElement":[{"@type":"ListItem","position":1,"name":"In\u00edcio","item":"https:\/\/www.notibras.com\/site\/"},{"@type":"ListItem","position":2,"name":"Com m\u00fasica e tradi\u00e7\u00e3o, Feira na Pra\u00e7a volta ao centro de Teresina"}]},{"@type":"WebSite","@id":"https:\/\/www.notibras.com\/site\/#website","url":"https:\/\/www.notibras.com\/site\/","name":"Notibras","description":"Not\u00edcias de Bras\u00edlia, do Brasil e do Mundo","publisher":{"@id":"https:\/\/www.notibras.com\/site\/#organization"},"potentialAction":[{"@type":"SearchAction","target":{"@type":"EntryPoint","urlTemplate":"https:\/\/www.notibras.com\/site\/?s={search_term_string}"},"query-input":{"@type":"PropertyValueSpecification","valueRequired":true,"valueName":"search_term_string"}}],"inLanguage":"pt-BR"},{"@type":"Organization","@id":"https:\/\/www.notibras.com\/site\/#organization","name":"Grupo Notibras de Comunica\u00e7\u00e3o","url":"https:\/\/www.notibras.com\/site\/","logo":{"@type":"ImageObject","inLanguage":"pt-BR","@id":"https:\/\/www.notibras.com\/site\/#\/schema\/logo\/image\/","url":"https:\/\/www.notibras.com\/site\/wp-content\/uploads\/2023\/01\/notibras23.png","contentUrl":"https:\/\/www.notibras.com\/site\/wp-content\/uploads\/2023\/01\/notibras23.png","width":350,"height":87,"caption":"Grupo Notibras de Comunica\u00e7\u00e3o"},"image":{"@id":"https:\/\/www.notibras.com\/site\/#\/schema\/logo\/image\/"},"sameAs":["https:\/\/www.facebook.com\/notibras\/","https:\/\/x.com\/Notibras","https:\/\/www.instagram.com\/notibras\/"]},{"@type":"Person","@id":"https:\/\/www.notibras.com\/site\/#\/schema\/person\/36ab0979449956132d3e5b517ea76ac8","name":"Reda\u00e7\u00e3o","image":{"@type":"ImageObject","inLanguage":"pt-BR","@id":"https:\/\/secure.gravatar.com\/avatar\/e0a867bdedb85fd243eadf09663511f96fc81e0720a4a42581f334ad4303aa6b?s=96&d=mm&r=g","url":"https:\/\/secure.gravatar.com\/avatar\/e0a867bdedb85fd243eadf09663511f96fc81e0720a4a42581f334ad4303aa6b?s=96&d=mm&r=g","contentUrl":"https:\/\/secure.gravatar.com\/avatar\/e0a867bdedb85fd243eadf09663511f96fc81e0720a4a42581f334ad4303aa6b?s=96&d=mm&r=g","caption":"Reda\u00e7\u00e3o"}}]}},"amp_enabled":true,"_links":{"self":[{"href":"https:\/\/www.notibras.com\/site\/wp-json\/wp\/v2\/posts\/385163","targetHints":{"allow":["GET"]}}],"collection":[{"href":"https:\/\/www.notibras.com\/site\/wp-json\/wp\/v2\/posts"}],"about":[{"href":"https:\/\/www.notibras.com\/site\/wp-json\/wp\/v2\/types\/post"}],"author":[{"embeddable":true,"href":"https:\/\/www.notibras.com\/site\/wp-json\/wp\/v2\/users\/2"}],"replies":[{"embeddable":true,"href":"https:\/\/www.notibras.com\/site\/wp-json\/wp\/v2\/comments?post=385163"}],"version-history":[{"count":2,"href":"https:\/\/www.notibras.com\/site\/wp-json\/wp\/v2\/posts\/385163\/revisions"}],"predecessor-version":[{"id":385169,"href":"https:\/\/www.notibras.com\/site\/wp-json\/wp\/v2\/posts\/385163\/revisions\/385169"}],"wp:featuredmedia":[{"embeddable":true,"href":"https:\/\/www.notibras.com\/site\/wp-json\/wp\/v2\/media\/385164"}],"wp:attachment":[{"href":"https:\/\/www.notibras.com\/site\/wp-json\/wp\/v2\/media?parent=385163"}],"wp:term":[{"taxonomy":"category","embeddable":true,"href":"https:\/\/www.notibras.com\/site\/wp-json\/wp\/v2\/categories?post=385163"},{"taxonomy":"post_tag","embeddable":true,"href":"https:\/\/www.notibras.com\/site\/wp-json\/wp\/v2\/tags?post=385163"}],"curies":[{"name":"wp","href":"https:\/\/api.w.org\/{rel}","templated":true}]}}