{"id":385178,"date":"2026-03-03T02:00:08","date_gmt":"2026-03-03T05:00:08","guid":{"rendered":"https:\/\/www.notibras.com\/site\/?p=385178"},"modified":"2026-03-01T10:29:34","modified_gmt":"2026-03-01T13:29:34","slug":"meu-primeiro-dia-na-cadeia","status":"publish","type":"post","link":"https:\/\/www.notibras.com\/site\/meu-primeiro-dia-na-cadeia\/","title":{"rendered":"Meu primeiro dia na cadeia"},"content":{"rendered":"<p>Assim que cheguei \u00e0quele lugar onde a lei n\u00e3o parecia ter chegado, procurei me aproximar dos que, aos meus olhos ing\u00eanuos, me pareceram os que ditavam a ordem daquele caos. Esdras e Ronaldo, dois brutamontes que pareciam sa\u00eddos de um ringue de luta livre, me olharam com misto de surpresa e curiosidade. E foi Esdras, ligeiramente mais alto, que puxou conversa.<\/p>\n<p>\u2014 Tu \u00e9 novo aqui, \u00e9?<\/p>\n<p>Sem tempo para dizer algo mais elaborado, respondi a primeira coisa que me veio \u00e0 mente.<\/p>\n<p>\u2014 \u00c9.<\/p>\n<p>Os dois me pareceram desconfiados, como se eu pudesse apresentar alguma amea\u00e7a. Logo eu, um pacifista nos moldes de Mahatma Gandhi. Minha natureza, de t\u00e3o livre de impulsos b\u00e9licos, me fazia olhar para o ch\u00e3o com o intuito de n\u00e3o pisar, inadvertidamente, em alguma barata descuidada. E eis que Ronaldo, o mais parrudo, foi mais incisivo.<\/p>\n<p>\u2014 Qual \u00e9 a tua bronca?<\/p>\n<p>Eu, mesmo nunca tendo me encontrado naquela situa\u00e7\u00e3o, entendi. No entanto, na \u00e2nsia de me tornar respeitado, menti.<\/p>\n<p>\u2014 Latroc\u00ednio.<\/p>\n<p>Na verdade, estava ali por conta de fraude banc\u00e1ria. Todavia, parece que meu intento funcionou, pois os sujeitos arregalaram os olhos e, em seguida, me puxaram para mais perto. Esdras, quase sussurrando, disse que iria me apresentar ao chef\u00e3o do peda\u00e7o. Foi a\u00ed que percebi que nenhum dos dois comandava o pres\u00eddio ou, ao menos, a parte que eu havia ca\u00eddo.<\/p>\n<p>Atravessamos o p\u00e1tio, fiquei diante de um tipo t\u00e3o pequeno e desprovido de carnes, que at\u00e9 eu, que estou longe de ser conhecido pela estrutura corporal, imaginei estar em frente a um an\u00e3o ou algo parecido. Esdras me apresentou ao desprovido de altura.<\/p>\n<p>\u2014 Montanha, esse \u00e9 o J\u00falio.<\/p>\n<p>Apesar de ser pelo menos 15 cent\u00edmetros mais baixo do que eu, tive a n\u00edtida sensa\u00e7\u00e3o de que o tal Montanha estava me olhando de cima a baixo, como se fosse um gigante avaliando se esmagaria ou n\u00e3o aquela barata que eu me negava a pisar.<\/p>\n<p>\u2014 Hum! Qual \u00e9 mesmo o seu nome?<\/p>\n<p>\u2014 J\u00falio.<\/p>\n<p>\u2014 Hum! Conheci um J\u00falio, mas nossos santos n\u00e3o bateram muito bem.<\/p>\n<p>Tentei controlar os nervos da face, mas devo ter me denunciado por conta dos olhos arregalados. Digo isso porque o Montanha sorriu, ergueu as duas m\u00e3os em dire\u00e7\u00e3o ao meu rosto, o envolveu e, em seguida, desferiu dois amig\u00e1veis tapas e decretou:<\/p>\n<p>\u2014 Seja bem-vindo, J\u00falio.<\/p>\n<p>E foi assim que fui aceito no grupo que, at\u00e9 aquele momento, parecia dominar aquela ala da cadeia. Mesmo assim, algo me intrigava e, quando tive oportunidade, questionei o Esdras.<\/p>\n<p>\u2014 O Montanha n\u00e3o tem medo de ser morto por algum preso?<\/p>\n<p>\u2014 Medo?<\/p>\n<p>\u2014 \u00c9.<\/p>\n<p>\u2014 Hum! J\u00falio, quem janta com o Diabo n\u00e3o teme nem a Deus.<\/p>\n<p><strong>\u2026\u2026\u2026\u2026\u2026\u2026\u2026\u2026<\/strong><\/p>\n<p><strong>Eduardo Mart\u00ednez \u00e9 autor do livro \u201957 Contos e Cr\u00f4nicas por um Autor Muito Velho\u2019 (Vencedor do Pr\u00eamio Liter\u00e1rio Clarice Lispector \u2013 2025 na categoria livro de contos).<\/strong><\/p>\n<p><strong>Compre aqui<\/strong><\/p>\n<p><a href=\"https:\/\/www.joanineditora.com.br\/57-contos-e-cronicas-por-um-autor-muito-velho\"><strong>https:\/\/www.joanineditora.com.br\/57-contos-e-cronicas-por-um-autor-muito-velho<\/strong><\/a><\/p>\n","protected":false},"excerpt":{"rendered":"<p>Assim que cheguei \u00e0quele lugar onde a lei n\u00e3o parecia ter chegado, procurei me aproximar dos que, aos meus olhos ing\u00eanuos, me pareceram os que ditavam a ordem daquele caos. Esdras e Ronaldo, dois brutamontes que pareciam sa\u00eddos de um ringue de luta livre, me olharam com misto de surpresa e curiosidade. E foi Esdras, [&hellip;]<\/p>\n","protected":false},"author":21,"featured_media":385179,"comment_status":"closed","ping_status":"closed","sticky":false,"template":"","format":"standard","meta":{"_acf_changed":false,"footnotes":""},"categories":[161],"tags":[],"class_list":["post-385178","post","type-post","status-publish","format-standard","has-post-thumbnail","hentry","category-quadradinho-em-foco"],"acf":[],"yoast_head":"<!-- This site is optimized with the Yoast SEO plugin v27.2 - https:\/\/yoast.com\/product\/yoast-seo-wordpress\/ -->\n<title>Meu primeiro dia na cadeia - Notibras<\/title>\n<meta name=\"robots\" content=\"index, follow, max-snippet:-1, max-image-preview:large, max-video-preview:-1\" \/>\n<link rel=\"canonical\" href=\"https:\/\/www.notibras.com\/site\/meu-primeiro-dia-na-cadeia\/\" \/>\n<meta property=\"og:locale\" content=\"pt_BR\" \/>\n<meta property=\"og:type\" content=\"article\" \/>\n<meta property=\"og:title\" content=\"Meu primeiro dia na cadeia - Notibras\" \/>\n<meta property=\"og:description\" content=\"Assim que cheguei \u00e0quele lugar onde a lei n\u00e3o parecia ter chegado, procurei me aproximar dos que, aos meus olhos ing\u00eanuos, me pareceram os que ditavam a ordem daquele caos. Esdras e Ronaldo, dois brutamontes que pareciam sa\u00eddos de um ringue de luta livre, me olharam com misto de surpresa e curiosidade. E foi Esdras, [&hellip;]\" \/>\n<meta property=\"og:url\" content=\"https:\/\/www.notibras.com\/site\/meu-primeiro-dia-na-cadeia\/\" \/>\n<meta property=\"og:site_name\" content=\"Notibras\" \/>\n<meta property=\"article:publisher\" content=\"https:\/\/www.facebook.com\/notibras\/\" \/>\n<meta property=\"article:published_time\" content=\"2026-03-03T05:00:08+00:00\" \/>\n<meta property=\"og:image\" content=\"https:\/\/www.notibras.com\/site\/wp-content\/uploads\/2026\/03\/WhatsApp-Image-2026-03-01-at-05.33.37-1.jpeg\" \/>\n\t<meta property=\"og:image:width\" content=\"1024\" \/>\n\t<meta property=\"og:image:height\" content=\"559\" \/>\n\t<meta property=\"og:image:type\" content=\"image\/jpeg\" \/>\n<meta name=\"author\" content=\"Eduardo Mart\u00ednez\" \/>\n<meta name=\"twitter:card\" content=\"summary_large_image\" \/>\n<meta name=\"twitter:creator\" content=\"@Notibras\" \/>\n<meta name=\"twitter:site\" content=\"@Notibras\" \/>\n<meta name=\"twitter:label1\" content=\"Escrito por\" \/>\n\t<meta name=\"twitter:data1\" content=\"Eduardo Mart\u00ednez\" \/>\n\t<meta name=\"twitter:label2\" content=\"Est. tempo de leitura\" \/>\n\t<meta name=\"twitter:data2\" content=\"3 minutos\" \/>\n<script type=\"application\/ld+json\" class=\"yoast-schema-graph\">{\"@context\":\"https:\/\/schema.org\",\"@graph\":[{\"@type\":\"Article\",\"@id\":\"https:\/\/www.notibras.com\/site\/meu-primeiro-dia-na-cadeia\/#article\",\"isPartOf\":{\"@id\":\"https:\/\/www.notibras.com\/site\/meu-primeiro-dia-na-cadeia\/\"},\"author\":{\"name\":\"Eduardo Mart\u00ednez\",\"@id\":\"https:\/\/www.notibras.com\/site\/#\/schema\/person\/5b7fabf2aedc3ada2105f03b22b4d3dd\"},\"headline\":\"Meu primeiro dia na cadeia\",\"datePublished\":\"2026-03-03T05:00:08+00:00\",\"mainEntityOfPage\":{\"@id\":\"https:\/\/www.notibras.com\/site\/meu-primeiro-dia-na-cadeia\/\"},\"wordCount\":502,\"publisher\":{\"@id\":\"https:\/\/www.notibras.com\/site\/#organization\"},\"image\":{\"@id\":\"https:\/\/www.notibras.com\/site\/meu-primeiro-dia-na-cadeia\/#primaryimage\"},\"thumbnailUrl\":\"https:\/\/www.notibras.com\/site\/wp-content\/uploads\/2026\/03\/WhatsApp-Image-2026-03-01-at-05.33.37-1.jpeg\",\"articleSection\":[\"Quadradinho em Foco\"],\"inLanguage\":\"pt-BR\"},{\"@type\":\"WebPage\",\"@id\":\"https:\/\/www.notibras.com\/site\/meu-primeiro-dia-na-cadeia\/\",\"url\":\"https:\/\/www.notibras.com\/site\/meu-primeiro-dia-na-cadeia\/\",\"name\":\"Meu primeiro dia na cadeia - Notibras\",\"isPartOf\":{\"@id\":\"https:\/\/www.notibras.com\/site\/#website\"},\"primaryImageOfPage\":{\"@id\":\"https:\/\/www.notibras.com\/site\/meu-primeiro-dia-na-cadeia\/#primaryimage\"},\"image\":{\"@id\":\"https:\/\/www.notibras.com\/site\/meu-primeiro-dia-na-cadeia\/#primaryimage\"},\"thumbnailUrl\":\"https:\/\/www.notibras.com\/site\/wp-content\/uploads\/2026\/03\/WhatsApp-Image-2026-03-01-at-05.33.37-1.jpeg\",\"datePublished\":\"2026-03-03T05:00:08+00:00\",\"breadcrumb\":{\"@id\":\"https:\/\/www.notibras.com\/site\/meu-primeiro-dia-na-cadeia\/#breadcrumb\"},\"inLanguage\":\"pt-BR\",\"potentialAction\":[{\"@type\":\"ReadAction\",\"target\":[\"https:\/\/www.notibras.com\/site\/meu-primeiro-dia-na-cadeia\/\"]}]},{\"@type\":\"ImageObject\",\"inLanguage\":\"pt-BR\",\"@id\":\"https:\/\/www.notibras.com\/site\/meu-primeiro-dia-na-cadeia\/#primaryimage\",\"url\":\"https:\/\/www.notibras.com\/site\/wp-content\/uploads\/2026\/03\/WhatsApp-Image-2026-03-01-at-05.33.37-1.jpeg\",\"contentUrl\":\"https:\/\/www.notibras.com\/site\/wp-content\/uploads\/2026\/03\/WhatsApp-Image-2026-03-01-at-05.33.37-1.jpeg\",\"width\":1024,\"height\":559},{\"@type\":\"BreadcrumbList\",\"@id\":\"https:\/\/www.notibras.com\/site\/meu-primeiro-dia-na-cadeia\/#breadcrumb\",\"itemListElement\":[{\"@type\":\"ListItem\",\"position\":1,\"name\":\"In\u00edcio\",\"item\":\"https:\/\/www.notibras.com\/site\/\"},{\"@type\":\"ListItem\",\"position\":2,\"name\":\"Meu primeiro dia na cadeia\"}]},{\"@type\":\"WebSite\",\"@id\":\"https:\/\/www.notibras.com\/site\/#website\",\"url\":\"https:\/\/www.notibras.com\/site\/\",\"name\":\"Notibras\",\"description\":\"Not\u00edcias de Bras\u00edlia, do Brasil e do Mundo\",\"publisher\":{\"@id\":\"https:\/\/www.notibras.com\/site\/#organization\"},\"potentialAction\":[{\"@type\":\"SearchAction\",\"target\":{\"@type\":\"EntryPoint\",\"urlTemplate\":\"https:\/\/www.notibras.com\/site\/?s={search_term_string}\"},\"query-input\":{\"@type\":\"PropertyValueSpecification\",\"valueRequired\":true,\"valueName\":\"search_term_string\"}}],\"inLanguage\":\"pt-BR\"},{\"@type\":\"Organization\",\"@id\":\"https:\/\/www.notibras.com\/site\/#organization\",\"name\":\"Grupo Notibras de Comunica\u00e7\u00e3o\",\"url\":\"https:\/\/www.notibras.com\/site\/\",\"logo\":{\"@type\":\"ImageObject\",\"inLanguage\":\"pt-BR\",\"@id\":\"https:\/\/www.notibras.com\/site\/#\/schema\/logo\/image\/\",\"url\":\"https:\/\/www.notibras.com\/site\/wp-content\/uploads\/2023\/01\/notibras23.png\",\"contentUrl\":\"https:\/\/www.notibras.com\/site\/wp-content\/uploads\/2023\/01\/notibras23.png\",\"width\":350,\"height\":87,\"caption\":\"Grupo Notibras de Comunica\u00e7\u00e3o\"},\"image\":{\"@id\":\"https:\/\/www.notibras.com\/site\/#\/schema\/logo\/image\/\"},\"sameAs\":[\"https:\/\/www.facebook.com\/notibras\/\",\"https:\/\/x.com\/Notibras\",\"https:\/\/www.instagram.com\/notibras\/\"]},{\"@type\":\"Person\",\"@id\":\"https:\/\/www.notibras.com\/site\/#\/schema\/person\/5b7fabf2aedc3ada2105f03b22b4d3dd\",\"name\":\"Eduardo Mart\u00ednez\",\"image\":{\"@type\":\"ImageObject\",\"inLanguage\":\"pt-BR\",\"@id\":\"https:\/\/secure.gravatar.com\/avatar\/7902f906289926289cbcda644b5197c796b893c6ffd7b9a536a42d290f7704a0?s=96&d=mm&r=g\",\"url\":\"https:\/\/secure.gravatar.com\/avatar\/7902f906289926289cbcda644b5197c796b893c6ffd7b9a536a42d290f7704a0?s=96&d=mm&r=g\",\"contentUrl\":\"https:\/\/secure.gravatar.com\/avatar\/7902f906289926289cbcda644b5197c796b893c6ffd7b9a536a42d290f7704a0?s=96&d=mm&r=g\",\"caption\":\"Eduardo Mart\u00ednez\"}}]}<\/script>\n<!-- \/ Yoast SEO plugin. -->","yoast_head_json":{"title":"Meu primeiro dia na cadeia - Notibras","robots":{"index":"index","follow":"follow","max-snippet":"max-snippet:-1","max-image-preview":"max-image-preview:large","max-video-preview":"max-video-preview:-1"},"canonical":"https:\/\/www.notibras.com\/site\/meu-primeiro-dia-na-cadeia\/","og_locale":"pt_BR","og_type":"article","og_title":"Meu primeiro dia na cadeia - Notibras","og_description":"Assim que cheguei \u00e0quele lugar onde a lei n\u00e3o parecia ter chegado, procurei me aproximar dos que, aos meus olhos ing\u00eanuos, me pareceram os que ditavam a ordem daquele caos. Esdras e Ronaldo, dois brutamontes que pareciam sa\u00eddos de um ringue de luta livre, me olharam com misto de surpresa e curiosidade. E foi Esdras, [&hellip;]","og_url":"https:\/\/www.notibras.com\/site\/meu-primeiro-dia-na-cadeia\/","og_site_name":"Notibras","article_publisher":"https:\/\/www.facebook.com\/notibras\/","article_published_time":"2026-03-03T05:00:08+00:00","og_image":[{"width":1024,"height":559,"url":"https:\/\/www.notibras.com\/site\/wp-content\/uploads\/2026\/03\/WhatsApp-Image-2026-03-01-at-05.33.37-1.jpeg","type":"image\/jpeg"}],"author":"Eduardo Mart\u00ednez","twitter_card":"summary_large_image","twitter_creator":"@Notibras","twitter_site":"@Notibras","twitter_misc":{"Escrito por":"Eduardo Mart\u00ednez","Est. tempo de leitura":"3 minutos"},"schema":{"@context":"https:\/\/schema.org","@graph":[{"@type":"Article","@id":"https:\/\/www.notibras.com\/site\/meu-primeiro-dia-na-cadeia\/#article","isPartOf":{"@id":"https:\/\/www.notibras.com\/site\/meu-primeiro-dia-na-cadeia\/"},"author":{"name":"Eduardo Mart\u00ednez","@id":"https:\/\/www.notibras.com\/site\/#\/schema\/person\/5b7fabf2aedc3ada2105f03b22b4d3dd"},"headline":"Meu primeiro dia na cadeia","datePublished":"2026-03-03T05:00:08+00:00","mainEntityOfPage":{"@id":"https:\/\/www.notibras.com\/site\/meu-primeiro-dia-na-cadeia\/"},"wordCount":502,"publisher":{"@id":"https:\/\/www.notibras.com\/site\/#organization"},"image":{"@id":"https:\/\/www.notibras.com\/site\/meu-primeiro-dia-na-cadeia\/#primaryimage"},"thumbnailUrl":"https:\/\/www.notibras.com\/site\/wp-content\/uploads\/2026\/03\/WhatsApp-Image-2026-03-01-at-05.33.37-1.jpeg","articleSection":["Quadradinho em Foco"],"inLanguage":"pt-BR"},{"@type":"WebPage","@id":"https:\/\/www.notibras.com\/site\/meu-primeiro-dia-na-cadeia\/","url":"https:\/\/www.notibras.com\/site\/meu-primeiro-dia-na-cadeia\/","name":"Meu primeiro dia na cadeia - Notibras","isPartOf":{"@id":"https:\/\/www.notibras.com\/site\/#website"},"primaryImageOfPage":{"@id":"https:\/\/www.notibras.com\/site\/meu-primeiro-dia-na-cadeia\/#primaryimage"},"image":{"@id":"https:\/\/www.notibras.com\/site\/meu-primeiro-dia-na-cadeia\/#primaryimage"},"thumbnailUrl":"https:\/\/www.notibras.com\/site\/wp-content\/uploads\/2026\/03\/WhatsApp-Image-2026-03-01-at-05.33.37-1.jpeg","datePublished":"2026-03-03T05:00:08+00:00","breadcrumb":{"@id":"https:\/\/www.notibras.com\/site\/meu-primeiro-dia-na-cadeia\/#breadcrumb"},"inLanguage":"pt-BR","potentialAction":[{"@type":"ReadAction","target":["https:\/\/www.notibras.com\/site\/meu-primeiro-dia-na-cadeia\/"]}]},{"@type":"ImageObject","inLanguage":"pt-BR","@id":"https:\/\/www.notibras.com\/site\/meu-primeiro-dia-na-cadeia\/#primaryimage","url":"https:\/\/www.notibras.com\/site\/wp-content\/uploads\/2026\/03\/WhatsApp-Image-2026-03-01-at-05.33.37-1.jpeg","contentUrl":"https:\/\/www.notibras.com\/site\/wp-content\/uploads\/2026\/03\/WhatsApp-Image-2026-03-01-at-05.33.37-1.jpeg","width":1024,"height":559},{"@type":"BreadcrumbList","@id":"https:\/\/www.notibras.com\/site\/meu-primeiro-dia-na-cadeia\/#breadcrumb","itemListElement":[{"@type":"ListItem","position":1,"name":"In\u00edcio","item":"https:\/\/www.notibras.com\/site\/"},{"@type":"ListItem","position":2,"name":"Meu primeiro dia na cadeia"}]},{"@type":"WebSite","@id":"https:\/\/www.notibras.com\/site\/#website","url":"https:\/\/www.notibras.com\/site\/","name":"Notibras","description":"Not\u00edcias de Bras\u00edlia, do Brasil e do Mundo","publisher":{"@id":"https:\/\/www.notibras.com\/site\/#organization"},"potentialAction":[{"@type":"SearchAction","target":{"@type":"EntryPoint","urlTemplate":"https:\/\/www.notibras.com\/site\/?s={search_term_string}"},"query-input":{"@type":"PropertyValueSpecification","valueRequired":true,"valueName":"search_term_string"}}],"inLanguage":"pt-BR"},{"@type":"Organization","@id":"https:\/\/www.notibras.com\/site\/#organization","name":"Grupo Notibras de Comunica\u00e7\u00e3o","url":"https:\/\/www.notibras.com\/site\/","logo":{"@type":"ImageObject","inLanguage":"pt-BR","@id":"https:\/\/www.notibras.com\/site\/#\/schema\/logo\/image\/","url":"https:\/\/www.notibras.com\/site\/wp-content\/uploads\/2023\/01\/notibras23.png","contentUrl":"https:\/\/www.notibras.com\/site\/wp-content\/uploads\/2023\/01\/notibras23.png","width":350,"height":87,"caption":"Grupo Notibras de Comunica\u00e7\u00e3o"},"image":{"@id":"https:\/\/www.notibras.com\/site\/#\/schema\/logo\/image\/"},"sameAs":["https:\/\/www.facebook.com\/notibras\/","https:\/\/x.com\/Notibras","https:\/\/www.instagram.com\/notibras\/"]},{"@type":"Person","@id":"https:\/\/www.notibras.com\/site\/#\/schema\/person\/5b7fabf2aedc3ada2105f03b22b4d3dd","name":"Eduardo Mart\u00ednez","image":{"@type":"ImageObject","inLanguage":"pt-BR","@id":"https:\/\/secure.gravatar.com\/avatar\/7902f906289926289cbcda644b5197c796b893c6ffd7b9a536a42d290f7704a0?s=96&d=mm&r=g","url":"https:\/\/secure.gravatar.com\/avatar\/7902f906289926289cbcda644b5197c796b893c6ffd7b9a536a42d290f7704a0?s=96&d=mm&r=g","contentUrl":"https:\/\/secure.gravatar.com\/avatar\/7902f906289926289cbcda644b5197c796b893c6ffd7b9a536a42d290f7704a0?s=96&d=mm&r=g","caption":"Eduardo Mart\u00ednez"}}]}},"amp_enabled":true,"_links":{"self":[{"href":"https:\/\/www.notibras.com\/site\/wp-json\/wp\/v2\/posts\/385178","targetHints":{"allow":["GET"]}}],"collection":[{"href":"https:\/\/www.notibras.com\/site\/wp-json\/wp\/v2\/posts"}],"about":[{"href":"https:\/\/www.notibras.com\/site\/wp-json\/wp\/v2\/types\/post"}],"author":[{"embeddable":true,"href":"https:\/\/www.notibras.com\/site\/wp-json\/wp\/v2\/users\/21"}],"replies":[{"embeddable":true,"href":"https:\/\/www.notibras.com\/site\/wp-json\/wp\/v2\/comments?post=385178"}],"version-history":[{"count":2,"href":"https:\/\/www.notibras.com\/site\/wp-json\/wp\/v2\/posts\/385178\/revisions"}],"predecessor-version":[{"id":385181,"href":"https:\/\/www.notibras.com\/site\/wp-json\/wp\/v2\/posts\/385178\/revisions\/385181"}],"wp:featuredmedia":[{"embeddable":true,"href":"https:\/\/www.notibras.com\/site\/wp-json\/wp\/v2\/media\/385179"}],"wp:attachment":[{"href":"https:\/\/www.notibras.com\/site\/wp-json\/wp\/v2\/media?parent=385178"}],"wp:term":[{"taxonomy":"category","embeddable":true,"href":"https:\/\/www.notibras.com\/site\/wp-json\/wp\/v2\/categories?post=385178"},{"taxonomy":"post_tag","embeddable":true,"href":"https:\/\/www.notibras.com\/site\/wp-json\/wp\/v2\/tags?post=385178"}],"curies":[{"name":"wp","href":"https:\/\/api.w.org\/{rel}","templated":true}]}}