{"id":385194,"date":"2026-03-03T01:15:08","date_gmt":"2026-03-03T04:15:08","guid":{"rendered":"https:\/\/www.notibras.com\/site\/?p=385194"},"modified":"2026-03-01T17:41:53","modified_gmt":"2026-03-01T20:41:53","slug":"era-uma-casa-ninguem-podia-entrar-nela-nao","status":"publish","type":"post","link":"https:\/\/www.notibras.com\/site\/era-uma-casa-ninguem-podia-entrar-nela-nao\/","title":{"rendered":"&#8220;Era uma casa &#8230;\/Ningu\u00e9m podia entrar nela n\u00e3o&#8221;"},"content":{"rendered":"<p>Como eu j\u00e1 disse por aqui:<br \/>\nTenho mais livros que amigos<br \/>\nAgora, se realmente os leio &#8230;<br \/>\n\u00c9 conversa para outra hist\u00f3ria<br \/>\nOu est\u00f3rias, como queira<\/p>\n<p>A verdade \u00e9 que h\u00e1 um ac\u00famulo,<br \/>\num excesso<br \/>\nQue por vezes transborda aqui<br \/>\nNestas linhas<br \/>\nEntrelinhas, me percebo e<br \/>\nBusco, por assim dizer, novos sentidos<\/p>\n<p>Daqueles que ampliam a mente<br \/>\nDesafiam o sentir<br \/>\nDilatam a vis\u00e3o<br \/>\nE ampliam os horizontes<\/p>\n<p>De onde vim? Quem eu sou? Para onde vou?<br \/>\nSem r\u00f3tulos pr\u00e9-definidos<br \/>\nCabem aqui, nestes versos, todas as partes de mim<br \/>\nDaquelas que &#8220;varri&#8217; pra debaixo do tapete<br \/>\nDe outras que joguei direto na lixeira<br \/>\nOu, simplesmente, soterrei ao fim<\/p>\n<p>E que fim levou tudo isso?<br \/>\nAo aut\u00eantico desejo de habitar<br \/>\nem mim<br \/>\nDe fazer, assim, uma faxina<br \/>\n&#8220;na casa&#8221;, no EU<br \/>\nPara ressurgir, alfim<\/p>\n","protected":false},"excerpt":{"rendered":"<p>Como eu j\u00e1 disse por aqui: Tenho mais livros que amigos Agora, se realmente os leio &#8230; \u00c9 conversa para outra hist\u00f3ria Ou est\u00f3rias, como queira A verdade \u00e9 que h\u00e1 um ac\u00famulo, um excesso Que por vezes transborda aqui Nestas linhas Entrelinhas, me percebo e Busco, por assim dizer, novos sentidos Daqueles que ampliam [&hellip;]<\/p>\n","protected":false},"author":21,"featured_media":385195,"comment_status":"closed","ping_status":"closed","sticky":false,"template":"","format":"standard","meta":{"_acf_changed":false,"footnotes":""},"categories":[234],"tags":[],"class_list":["post-385194","post","type-post","status-publish","format-standard","has-post-thumbnail","hentry","category-cafe-literario"],"acf":[],"yoast_head":"<!-- This site is optimized with the Yoast SEO plugin v27.2 - https:\/\/yoast.com\/product\/yoast-seo-wordpress\/ -->\n<title>&quot;Era uma casa ...\/Ningu\u00e9m podia entrar nela n\u00e3o&quot; - Notibras<\/title>\n<meta name=\"robots\" content=\"index, follow, max-snippet:-1, max-image-preview:large, max-video-preview:-1\" \/>\n<link rel=\"canonical\" href=\"https:\/\/www.notibras.com\/site\/era-uma-casa-ninguem-podia-entrar-nela-nao\/\" \/>\n<meta property=\"og:locale\" content=\"pt_BR\" \/>\n<meta property=\"og:type\" content=\"article\" \/>\n<meta property=\"og:title\" content=\"&quot;Era uma casa ...\/Ningu\u00e9m podia entrar nela n\u00e3o&quot; - Notibras\" \/>\n<meta property=\"og:description\" content=\"Como eu j\u00e1 disse por aqui: Tenho mais livros que amigos Agora, se realmente os leio &#8230; \u00c9 conversa para outra hist\u00f3ria Ou est\u00f3rias, como queira A verdade \u00e9 que h\u00e1 um ac\u00famulo, um excesso Que por vezes transborda aqui Nestas linhas Entrelinhas, me percebo e Busco, por assim dizer, novos sentidos Daqueles que ampliam [&hellip;]\" \/>\n<meta property=\"og:url\" content=\"https:\/\/www.notibras.com\/site\/era-uma-casa-ninguem-podia-entrar-nela-nao\/\" \/>\n<meta property=\"og:site_name\" content=\"Notibras\" \/>\n<meta property=\"article:publisher\" content=\"https:\/\/www.facebook.com\/notibras\/\" \/>\n<meta property=\"article:published_time\" content=\"2026-03-03T04:15:08+00:00\" \/>\n<meta property=\"og:image\" content=\"https:\/\/www.notibras.com\/site\/wp-content\/uploads\/2026\/03\/440ab01f-18e8-4ace-b3ba-5ef4dba9aab1.jpg\" \/>\n\t<meta property=\"og:image:width\" content=\"877\" \/>\n\t<meta property=\"og:image:height\" content=\"559\" \/>\n\t<meta property=\"og:image:type\" content=\"image\/jpeg\" \/>\n<meta name=\"author\" content=\"Eduardo Mart\u00ednez\" \/>\n<meta name=\"twitter:card\" content=\"summary_large_image\" \/>\n<meta name=\"twitter:creator\" content=\"@Notibras\" \/>\n<meta name=\"twitter:site\" content=\"@Notibras\" \/>\n<meta name=\"twitter:label1\" content=\"Escrito por\" \/>\n\t<meta name=\"twitter:data1\" content=\"Eduardo Mart\u00ednez\" \/>\n\t<meta name=\"twitter:label2\" content=\"Est. tempo de leitura\" \/>\n\t<meta name=\"twitter:data2\" content=\"1 minuto\" \/>\n<script type=\"application\/ld+json\" class=\"yoast-schema-graph\">{\"@context\":\"https:\/\/schema.org\",\"@graph\":[{\"@type\":\"Article\",\"@id\":\"https:\/\/www.notibras.com\/site\/era-uma-casa-ninguem-podia-entrar-nela-nao\/#article\",\"isPartOf\":{\"@id\":\"https:\/\/www.notibras.com\/site\/era-uma-casa-ninguem-podia-entrar-nela-nao\/\"},\"author\":{\"name\":\"Eduardo Mart\u00ednez\",\"@id\":\"https:\/\/www.notibras.com\/site\/#\/schema\/person\/5b7fabf2aedc3ada2105f03b22b4d3dd\"},\"headline\":\"&#8220;Era uma casa &#8230;\/Ningu\u00e9m podia entrar nela n\u00e3o&#8221;\",\"datePublished\":\"2026-03-03T04:15:08+00:00\",\"mainEntityOfPage\":{\"@id\":\"https:\/\/www.notibras.com\/site\/era-uma-casa-ninguem-podia-entrar-nela-nao\/\"},\"wordCount\":146,\"publisher\":{\"@id\":\"https:\/\/www.notibras.com\/site\/#organization\"},\"image\":{\"@id\":\"https:\/\/www.notibras.com\/site\/era-uma-casa-ninguem-podia-entrar-nela-nao\/#primaryimage\"},\"thumbnailUrl\":\"https:\/\/www.notibras.com\/site\/wp-content\/uploads\/2026\/03\/440ab01f-18e8-4ace-b3ba-5ef4dba9aab1.jpg\",\"articleSection\":[\"Caf\u00e9 Liter\u00e1rio\"],\"inLanguage\":\"pt-BR\"},{\"@type\":\"WebPage\",\"@id\":\"https:\/\/www.notibras.com\/site\/era-uma-casa-ninguem-podia-entrar-nela-nao\/\",\"url\":\"https:\/\/www.notibras.com\/site\/era-uma-casa-ninguem-podia-entrar-nela-nao\/\",\"name\":\"\\\"Era uma casa ...\/Ningu\u00e9m podia entrar nela n\u00e3o\\\" - Notibras\",\"isPartOf\":{\"@id\":\"https:\/\/www.notibras.com\/site\/#website\"},\"primaryImageOfPage\":{\"@id\":\"https:\/\/www.notibras.com\/site\/era-uma-casa-ninguem-podia-entrar-nela-nao\/#primaryimage\"},\"image\":{\"@id\":\"https:\/\/www.notibras.com\/site\/era-uma-casa-ninguem-podia-entrar-nela-nao\/#primaryimage\"},\"thumbnailUrl\":\"https:\/\/www.notibras.com\/site\/wp-content\/uploads\/2026\/03\/440ab01f-18e8-4ace-b3ba-5ef4dba9aab1.jpg\",\"datePublished\":\"2026-03-03T04:15:08+00:00\",\"breadcrumb\":{\"@id\":\"https:\/\/www.notibras.com\/site\/era-uma-casa-ninguem-podia-entrar-nela-nao\/#breadcrumb\"},\"inLanguage\":\"pt-BR\",\"potentialAction\":[{\"@type\":\"ReadAction\",\"target\":[\"https:\/\/www.notibras.com\/site\/era-uma-casa-ninguem-podia-entrar-nela-nao\/\"]}]},{\"@type\":\"ImageObject\",\"inLanguage\":\"pt-BR\",\"@id\":\"https:\/\/www.notibras.com\/site\/era-uma-casa-ninguem-podia-entrar-nela-nao\/#primaryimage\",\"url\":\"https:\/\/www.notibras.com\/site\/wp-content\/uploads\/2026\/03\/440ab01f-18e8-4ace-b3ba-5ef4dba9aab1.jpg\",\"contentUrl\":\"https:\/\/www.notibras.com\/site\/wp-content\/uploads\/2026\/03\/440ab01f-18e8-4ace-b3ba-5ef4dba9aab1.jpg\",\"width\":877,\"height\":559},{\"@type\":\"BreadcrumbList\",\"@id\":\"https:\/\/www.notibras.com\/site\/era-uma-casa-ninguem-podia-entrar-nela-nao\/#breadcrumb\",\"itemListElement\":[{\"@type\":\"ListItem\",\"position\":1,\"name\":\"In\u00edcio\",\"item\":\"https:\/\/www.notibras.com\/site\/\"},{\"@type\":\"ListItem\",\"position\":2,\"name\":\"&#8220;Era uma casa &#8230;\/Ningu\u00e9m podia entrar nela n\u00e3o&#8221;\"}]},{\"@type\":\"WebSite\",\"@id\":\"https:\/\/www.notibras.com\/site\/#website\",\"url\":\"https:\/\/www.notibras.com\/site\/\",\"name\":\"Notibras\",\"description\":\"Not\u00edcias de Bras\u00edlia, do Brasil e do Mundo\",\"publisher\":{\"@id\":\"https:\/\/www.notibras.com\/site\/#organization\"},\"potentialAction\":[{\"@type\":\"SearchAction\",\"target\":{\"@type\":\"EntryPoint\",\"urlTemplate\":\"https:\/\/www.notibras.com\/site\/?s={search_term_string}\"},\"query-input\":{\"@type\":\"PropertyValueSpecification\",\"valueRequired\":true,\"valueName\":\"search_term_string\"}}],\"inLanguage\":\"pt-BR\"},{\"@type\":\"Organization\",\"@id\":\"https:\/\/www.notibras.com\/site\/#organization\",\"name\":\"Grupo Notibras de Comunica\u00e7\u00e3o\",\"url\":\"https:\/\/www.notibras.com\/site\/\",\"logo\":{\"@type\":\"ImageObject\",\"inLanguage\":\"pt-BR\",\"@id\":\"https:\/\/www.notibras.com\/site\/#\/schema\/logo\/image\/\",\"url\":\"https:\/\/www.notibras.com\/site\/wp-content\/uploads\/2023\/01\/notibras23.png\",\"contentUrl\":\"https:\/\/www.notibras.com\/site\/wp-content\/uploads\/2023\/01\/notibras23.png\",\"width\":350,\"height\":87,\"caption\":\"Grupo Notibras de Comunica\u00e7\u00e3o\"},\"image\":{\"@id\":\"https:\/\/www.notibras.com\/site\/#\/schema\/logo\/image\/\"},\"sameAs\":[\"https:\/\/www.facebook.com\/notibras\/\",\"https:\/\/x.com\/Notibras\",\"https:\/\/www.instagram.com\/notibras\/\"]},{\"@type\":\"Person\",\"@id\":\"https:\/\/www.notibras.com\/site\/#\/schema\/person\/5b7fabf2aedc3ada2105f03b22b4d3dd\",\"name\":\"Eduardo Mart\u00ednez\",\"image\":{\"@type\":\"ImageObject\",\"inLanguage\":\"pt-BR\",\"@id\":\"https:\/\/secure.gravatar.com\/avatar\/7902f906289926289cbcda644b5197c796b893c6ffd7b9a536a42d290f7704a0?s=96&d=mm&r=g\",\"url\":\"https:\/\/secure.gravatar.com\/avatar\/7902f906289926289cbcda644b5197c796b893c6ffd7b9a536a42d290f7704a0?s=96&d=mm&r=g\",\"contentUrl\":\"https:\/\/secure.gravatar.com\/avatar\/7902f906289926289cbcda644b5197c796b893c6ffd7b9a536a42d290f7704a0?s=96&d=mm&r=g\",\"caption\":\"Eduardo Mart\u00ednez\"}}]}<\/script>\n<!-- \/ Yoast SEO plugin. -->","yoast_head_json":{"title":"\"Era uma casa ...\/Ningu\u00e9m podia entrar nela n\u00e3o\" - Notibras","robots":{"index":"index","follow":"follow","max-snippet":"max-snippet:-1","max-image-preview":"max-image-preview:large","max-video-preview":"max-video-preview:-1"},"canonical":"https:\/\/www.notibras.com\/site\/era-uma-casa-ninguem-podia-entrar-nela-nao\/","og_locale":"pt_BR","og_type":"article","og_title":"\"Era uma casa ...\/Ningu\u00e9m podia entrar nela n\u00e3o\" - Notibras","og_description":"Como eu j\u00e1 disse por aqui: Tenho mais livros que amigos Agora, se realmente os leio &#8230; \u00c9 conversa para outra hist\u00f3ria Ou est\u00f3rias, como queira A verdade \u00e9 que h\u00e1 um ac\u00famulo, um excesso Que por vezes transborda aqui Nestas linhas Entrelinhas, me percebo e Busco, por assim dizer, novos sentidos Daqueles que ampliam [&hellip;]","og_url":"https:\/\/www.notibras.com\/site\/era-uma-casa-ninguem-podia-entrar-nela-nao\/","og_site_name":"Notibras","article_publisher":"https:\/\/www.facebook.com\/notibras\/","article_published_time":"2026-03-03T04:15:08+00:00","og_image":[{"width":877,"height":559,"url":"https:\/\/www.notibras.com\/site\/wp-content\/uploads\/2026\/03\/440ab01f-18e8-4ace-b3ba-5ef4dba9aab1.jpg","type":"image\/jpeg"}],"author":"Eduardo Mart\u00ednez","twitter_card":"summary_large_image","twitter_creator":"@Notibras","twitter_site":"@Notibras","twitter_misc":{"Escrito por":"Eduardo Mart\u00ednez","Est. tempo de leitura":"1 minuto"},"schema":{"@context":"https:\/\/schema.org","@graph":[{"@type":"Article","@id":"https:\/\/www.notibras.com\/site\/era-uma-casa-ninguem-podia-entrar-nela-nao\/#article","isPartOf":{"@id":"https:\/\/www.notibras.com\/site\/era-uma-casa-ninguem-podia-entrar-nela-nao\/"},"author":{"name":"Eduardo Mart\u00ednez","@id":"https:\/\/www.notibras.com\/site\/#\/schema\/person\/5b7fabf2aedc3ada2105f03b22b4d3dd"},"headline":"&#8220;Era uma casa &#8230;\/Ningu\u00e9m podia entrar nela n\u00e3o&#8221;","datePublished":"2026-03-03T04:15:08+00:00","mainEntityOfPage":{"@id":"https:\/\/www.notibras.com\/site\/era-uma-casa-ninguem-podia-entrar-nela-nao\/"},"wordCount":146,"publisher":{"@id":"https:\/\/www.notibras.com\/site\/#organization"},"image":{"@id":"https:\/\/www.notibras.com\/site\/era-uma-casa-ninguem-podia-entrar-nela-nao\/#primaryimage"},"thumbnailUrl":"https:\/\/www.notibras.com\/site\/wp-content\/uploads\/2026\/03\/440ab01f-18e8-4ace-b3ba-5ef4dba9aab1.jpg","articleSection":["Caf\u00e9 Liter\u00e1rio"],"inLanguage":"pt-BR"},{"@type":"WebPage","@id":"https:\/\/www.notibras.com\/site\/era-uma-casa-ninguem-podia-entrar-nela-nao\/","url":"https:\/\/www.notibras.com\/site\/era-uma-casa-ninguem-podia-entrar-nela-nao\/","name":"\"Era uma casa ...\/Ningu\u00e9m podia entrar nela n\u00e3o\" - Notibras","isPartOf":{"@id":"https:\/\/www.notibras.com\/site\/#website"},"primaryImageOfPage":{"@id":"https:\/\/www.notibras.com\/site\/era-uma-casa-ninguem-podia-entrar-nela-nao\/#primaryimage"},"image":{"@id":"https:\/\/www.notibras.com\/site\/era-uma-casa-ninguem-podia-entrar-nela-nao\/#primaryimage"},"thumbnailUrl":"https:\/\/www.notibras.com\/site\/wp-content\/uploads\/2026\/03\/440ab01f-18e8-4ace-b3ba-5ef4dba9aab1.jpg","datePublished":"2026-03-03T04:15:08+00:00","breadcrumb":{"@id":"https:\/\/www.notibras.com\/site\/era-uma-casa-ninguem-podia-entrar-nela-nao\/#breadcrumb"},"inLanguage":"pt-BR","potentialAction":[{"@type":"ReadAction","target":["https:\/\/www.notibras.com\/site\/era-uma-casa-ninguem-podia-entrar-nela-nao\/"]}]},{"@type":"ImageObject","inLanguage":"pt-BR","@id":"https:\/\/www.notibras.com\/site\/era-uma-casa-ninguem-podia-entrar-nela-nao\/#primaryimage","url":"https:\/\/www.notibras.com\/site\/wp-content\/uploads\/2026\/03\/440ab01f-18e8-4ace-b3ba-5ef4dba9aab1.jpg","contentUrl":"https:\/\/www.notibras.com\/site\/wp-content\/uploads\/2026\/03\/440ab01f-18e8-4ace-b3ba-5ef4dba9aab1.jpg","width":877,"height":559},{"@type":"BreadcrumbList","@id":"https:\/\/www.notibras.com\/site\/era-uma-casa-ninguem-podia-entrar-nela-nao\/#breadcrumb","itemListElement":[{"@type":"ListItem","position":1,"name":"In\u00edcio","item":"https:\/\/www.notibras.com\/site\/"},{"@type":"ListItem","position":2,"name":"&#8220;Era uma casa &#8230;\/Ningu\u00e9m podia entrar nela n\u00e3o&#8221;"}]},{"@type":"WebSite","@id":"https:\/\/www.notibras.com\/site\/#website","url":"https:\/\/www.notibras.com\/site\/","name":"Notibras","description":"Not\u00edcias de Bras\u00edlia, do Brasil e do Mundo","publisher":{"@id":"https:\/\/www.notibras.com\/site\/#organization"},"potentialAction":[{"@type":"SearchAction","target":{"@type":"EntryPoint","urlTemplate":"https:\/\/www.notibras.com\/site\/?s={search_term_string}"},"query-input":{"@type":"PropertyValueSpecification","valueRequired":true,"valueName":"search_term_string"}}],"inLanguage":"pt-BR"},{"@type":"Organization","@id":"https:\/\/www.notibras.com\/site\/#organization","name":"Grupo Notibras de Comunica\u00e7\u00e3o","url":"https:\/\/www.notibras.com\/site\/","logo":{"@type":"ImageObject","inLanguage":"pt-BR","@id":"https:\/\/www.notibras.com\/site\/#\/schema\/logo\/image\/","url":"https:\/\/www.notibras.com\/site\/wp-content\/uploads\/2023\/01\/notibras23.png","contentUrl":"https:\/\/www.notibras.com\/site\/wp-content\/uploads\/2023\/01\/notibras23.png","width":350,"height":87,"caption":"Grupo Notibras de Comunica\u00e7\u00e3o"},"image":{"@id":"https:\/\/www.notibras.com\/site\/#\/schema\/logo\/image\/"},"sameAs":["https:\/\/www.facebook.com\/notibras\/","https:\/\/x.com\/Notibras","https:\/\/www.instagram.com\/notibras\/"]},{"@type":"Person","@id":"https:\/\/www.notibras.com\/site\/#\/schema\/person\/5b7fabf2aedc3ada2105f03b22b4d3dd","name":"Eduardo Mart\u00ednez","image":{"@type":"ImageObject","inLanguage":"pt-BR","@id":"https:\/\/secure.gravatar.com\/avatar\/7902f906289926289cbcda644b5197c796b893c6ffd7b9a536a42d290f7704a0?s=96&d=mm&r=g","url":"https:\/\/secure.gravatar.com\/avatar\/7902f906289926289cbcda644b5197c796b893c6ffd7b9a536a42d290f7704a0?s=96&d=mm&r=g","contentUrl":"https:\/\/secure.gravatar.com\/avatar\/7902f906289926289cbcda644b5197c796b893c6ffd7b9a536a42d290f7704a0?s=96&d=mm&r=g","caption":"Eduardo Mart\u00ednez"}}]}},"amp_enabled":true,"_links":{"self":[{"href":"https:\/\/www.notibras.com\/site\/wp-json\/wp\/v2\/posts\/385194","targetHints":{"allow":["GET"]}}],"collection":[{"href":"https:\/\/www.notibras.com\/site\/wp-json\/wp\/v2\/posts"}],"about":[{"href":"https:\/\/www.notibras.com\/site\/wp-json\/wp\/v2\/types\/post"}],"author":[{"embeddable":true,"href":"https:\/\/www.notibras.com\/site\/wp-json\/wp\/v2\/users\/21"}],"replies":[{"embeddable":true,"href":"https:\/\/www.notibras.com\/site\/wp-json\/wp\/v2\/comments?post=385194"}],"version-history":[{"count":3,"href":"https:\/\/www.notibras.com\/site\/wp-json\/wp\/v2\/posts\/385194\/revisions"}],"predecessor-version":[{"id":385198,"href":"https:\/\/www.notibras.com\/site\/wp-json\/wp\/v2\/posts\/385194\/revisions\/385198"}],"wp:featuredmedia":[{"embeddable":true,"href":"https:\/\/www.notibras.com\/site\/wp-json\/wp\/v2\/media\/385195"}],"wp:attachment":[{"href":"https:\/\/www.notibras.com\/site\/wp-json\/wp\/v2\/media?parent=385194"}],"wp:term":[{"taxonomy":"category","embeddable":true,"href":"https:\/\/www.notibras.com\/site\/wp-json\/wp\/v2\/categories?post=385194"},{"taxonomy":"post_tag","embeddable":true,"href":"https:\/\/www.notibras.com\/site\/wp-json\/wp\/v2\/tags?post=385194"}],"curies":[{"name":"wp","href":"https:\/\/api.w.org\/{rel}","templated":true}]}}