{"id":385203,"date":"2026-03-03T00:45:40","date_gmt":"2026-03-03T03:45:40","guid":{"rendered":"https:\/\/www.notibras.com\/site\/?p=385203"},"modified":"2026-03-01T18:10:49","modified_gmt":"2026-03-01T21:10:49","slug":"um-dia-de-chuva","status":"publish","type":"post","link":"https:\/\/www.notibras.com\/site\/um-dia-de-chuva\/","title":{"rendered":"Um dia de chuva"},"content":{"rendered":"<p>Tr\u00eas dias de chuva, friozinho e eu come\u00e7ando a me incomodar, sou daquelas pessoas que amam chuva, desd eque n\u00e3o dure mais de dois dias inteiros.<\/p>\n<p>Opto por um filme, uma otima solu\u00e7a\u00f5 para um dia de chuva.<\/p>\n<p>Escolho, fa\u00e7o a pipoca e me sento, o telefone toca.<\/p>\n<p>\u2014 Vamos para a praia? Diz minha amiga do outro lado da linha.<\/p>\n<p>\u2014 \u00c9 louca. Penso, mas o que tenho a perder, ficar em casa?<\/p>\n<p>\u2014 Vamos!<\/p>\n<p>A confus\u00e3o come\u00e7a, ela retorna a liga\u00e7\u00e3o dizendo que n\u00e3o dava para sair ta\u00f5 cedo quanto ela planejava, tinha convidado mais duas amigas uma delas s\u00f3 poderia ir mais tarde.<\/p>\n<p>\u2014 Bom, n\u00e3o temos muito para fazer a n\u00e3o ser tomar uma cerveja e comer algo, n\u00e3o precisamos de pressa. Concluo.<\/p>\n<p>Termino o filme, a tarde cai e seguimos em dire\u00e7\u00e3o a Lagoa da Boa Vista em Marata\u00edzes.<\/p>\n<p>Cinco mulheres em um carro, n\u00e3o sei bem a raz\u00e3o, uma delas precisava passar nocentro de Presidente Kenedy, uma paradinha e fomos parar em um barzinho com m\u00fasica ao vivo, afinal o que temos a perder?<\/p>\n<p>O que seria meia hora se transformou em quatro, saimos do barzinho ap\u00f3s a meia noite.<\/p>\n<p>A motorista consciente n\u00e3o havia bebido, olha para a pista e pergunta<\/p>\n<p>\u2014 Qual \u00e9 o caminho?<\/p>\n<p>\u2014 \u00c9 esse, foi por aqui que n\u00f3s viemos. Diz Rayane.<\/p>\n<p>\u2014 N\u00e3o, o caminho \u00e9 por l\u00e1. Digo segura.<\/p>\n<p>\u2014 Acho que dever\u00edamos perguntar. Conclui Cla\u00fadia.<\/p>\n<p>Luciana para em frente a um senhorzinho e pergunta:<\/p>\n<p>\u2014 Mo\u00e7o, qual o caminho para chegar na Boa Vista?<\/p>\n<p>\u2014 \u00c9 aquele ali, s\u00f3 seguir.<\/p>\n<p>O senhor aponta um caminho completamente diferente.<\/p>\n<p>\u00c0s tr\u00eas da manh\u00e3 estavamos n\u00f3s perdidas no escuro e sem rede de celular.<\/p>\n<p>\u00d3bvio que nesse momento iniciamos as discuss\u00f5es.<\/p>\n<p>\u201cEu disse que era aquele caminho.\u201d<\/p>\n<p>\u201cVoc\u00ea disse que conhecia bem a regi\u00e3o.\u201d<\/p>\n<p>A discuss\u00e3o foi esquentando, quase uma briga.<\/p>\n<p>Luciana se zanga, manda todo mundo calar a boca, para o carro na entrada de uma casa e diz:<\/p>\n<p>\u2014 Eu me lembro dos dias de chuva na minha inf\u00e2ncia, eu e meus irm\u00e3os \u00edamos para o quintal tomar banho de piscininha, as po\u00e7as de lama que se formavam, o que acontece quando ficamos adultos, perdemos certos prazeres.<\/p>\n<p>\u2014 E nos temporais de granizo? Ficavamos escondidos atr\u00e1s da porta pegando as pedrinhas e chupando.diz Rayane.<\/p>\n<p>\u2014 Eu e meus irm\u00e3os andavamos o dia todo na chuva, no mato, al\u00e9m de ser muito gostoso o banho de chuva acho que eu nunca gostei de ficar em casa.<\/p>\n<p>Claudia percebe que seu celular tem rede e liga para o marido.<\/p>\n<p>\u2014 Aconteceu alguma coisa? S\u00e3o tr\u00eas e pouco da manh\u00e3.<\/p>\n<p>\u2014 Ent\u00e3o, estamos perdidas, pegamos a rua ao lado do barzinho que te falei, mas n\u00e3o sabemos onde estamos.<\/p>\n<p>\u2014 Est\u00e1 bem, vou te procurar.<\/p>\n<p>A conversa da chuva nos deixou saudosas e animadas, Rayane conclui.<\/p>\n<p>\u2014 J\u00e1 que Gustavo vem nos salvar, que tal um banho de chuva?<\/p>\n<p>Luciana encosta o carro atr\u00e1s de uma grande \u00e1rvore, descemos todas, pegamos uma garrafa de vinho e fomos dan\u00e7ar na chuva, ri, relembrar da inf\u00e2ncia, em pouco tempo o que era estressante deu um lugar a um miomento especial.<\/p>\n<p>Um carro surgiu ao longe, Luciana apagou os far\u00f3is, nos escondemos atr\u00e1s da \u00e1rvore e esperamos o carro passar.<\/p>\n<p>De volta a nossa dan\u00e7a, rimos, cantamos, deitamo-nos na grama molhada e o marido de Cla\u00fadia n\u00e3o aparecia.<\/p>\n<p>\u2014 N\u00f3s estamos muito perdidas. Concluimos.<\/p>\n<p>Gustavo liga.<\/p>\n<p>\u2014 Estou em Kenedy e n\u00e3o encontrei voc\u00eas, tem certeza da rua?<\/p>\n<p>\u2014 Sim tenho.<\/p>\n<p>O dia da os primeiros sinais de claridade, molhadas e rindo continuamos na beira da estrada.<\/p>\n<p>Rayane olha a cerca e diz:<\/p>\n<p>\u2014 Cla\u00fadia, essa n\u00e3o \u00e9 a cerca do seu s\u00edtio?<\/p>\n<p>\u2014 Uai, \u00e9 mesmo. Como viemos parar aqui?<\/p>\n<p>Passamos perdidas na entrada da sua casa? E seu marido disse que est\u00e1 em Kenedy, mas n\u00e3o passou por aqui?<\/p>\n<p>Entramos na casa, Cla\u00fadia ligou para Gustavo, era dele que t\u00ednhamos nos escondidos, tomamos um banho, colocamos roupas quentes e secas e Luciana conclui.<\/p>\n<p>Nem sempre estamos perdidas, \u00e0s vezes s\u00f3 precisamos de um banho de chuva para lembrar o quanto a vida \u00e9 engra\u00e7ada.<\/p>\n<p><strong>&#8230;&#8230;&#8230;&#8230;&#8230;&#8230;&#8230;&#8230;..<\/strong><\/p>\n<p><strong>&#8220;Apaixonada pela vida em todas as suas formas! M\u00e3e, av\u00f3, artes\u00e3 do croch\u00ea e escritora por voca\u00e7\u00e3o. Encontro inspira\u00e7\u00e3o na natureza e tranquilidade nas trilhas da montanha. Palavras e linhas s\u00e3o minhas ferramentas para criar e compartilhar amor.&#8221;<\/strong><br \/>\n<strong>Autora de tr\u00eas livros publicados, colunista e integrante de uma comunidade liter\u00e1ria.<\/strong><br \/>\n<strong>Atualmente reside em Cachoeiro de Itapemirim-ES.<\/strong><\/p>\n","protected":false},"excerpt":{"rendered":"<p>Tr\u00eas dias de chuva, friozinho e eu come\u00e7ando a me incomodar, sou daquelas pessoas que amam chuva, desd eque n\u00e3o dure mais de dois dias inteiros. Opto por um filme, uma otima solu\u00e7a\u00f5 para um dia de chuva. Escolho, fa\u00e7o a pipoca e me sento, o telefone toca. \u2014 Vamos para a praia? Diz minha [&hellip;]<\/p>\n","protected":false},"author":21,"featured_media":385204,"comment_status":"closed","ping_status":"closed","sticky":false,"template":"","format":"standard","meta":{"_acf_changed":false,"footnotes":""},"categories":[234],"tags":[],"class_list":["post-385203","post","type-post","status-publish","format-standard","has-post-thumbnail","hentry","category-cafe-literario"],"acf":[],"yoast_head":"<!-- This site is optimized with the Yoast SEO plugin v27.2 - https:\/\/yoast.com\/product\/yoast-seo-wordpress\/ -->\n<title>Um dia de chuva - Notibras<\/title>\n<meta name=\"robots\" content=\"index, follow, max-snippet:-1, max-image-preview:large, max-video-preview:-1\" \/>\n<link rel=\"canonical\" href=\"https:\/\/www.notibras.com\/site\/um-dia-de-chuva\/\" \/>\n<meta property=\"og:locale\" content=\"pt_BR\" \/>\n<meta property=\"og:type\" content=\"article\" \/>\n<meta property=\"og:title\" content=\"Um dia de chuva - Notibras\" \/>\n<meta property=\"og:description\" content=\"Tr\u00eas dias de chuva, friozinho e eu come\u00e7ando a me incomodar, sou daquelas pessoas que amam chuva, desd eque n\u00e3o dure mais de dois dias inteiros. Opto por um filme, uma otima solu\u00e7a\u00f5 para um dia de chuva. Escolho, fa\u00e7o a pipoca e me sento, o telefone toca. \u2014 Vamos para a praia? Diz minha [&hellip;]\" \/>\n<meta property=\"og:url\" content=\"https:\/\/www.notibras.com\/site\/um-dia-de-chuva\/\" \/>\n<meta property=\"og:site_name\" content=\"Notibras\" \/>\n<meta property=\"article:publisher\" content=\"https:\/\/www.facebook.com\/notibras\/\" \/>\n<meta property=\"article:published_time\" content=\"2026-03-03T03:45:40+00:00\" \/>\n<meta property=\"og:image\" content=\"https:\/\/www.notibras.com\/site\/wp-content\/uploads\/2026\/03\/WhatsApp-Image-2026-03-01-at-18.09.35.jpeg\" \/>\n\t<meta property=\"og:image:width\" content=\"1024\" \/>\n\t<meta property=\"og:image:height\" content=\"559\" \/>\n\t<meta property=\"og:image:type\" content=\"image\/jpeg\" \/>\n<meta name=\"author\" content=\"Eduardo Mart\u00ednez\" \/>\n<meta name=\"twitter:card\" content=\"summary_large_image\" \/>\n<meta name=\"twitter:creator\" content=\"@Notibras\" \/>\n<meta name=\"twitter:site\" content=\"@Notibras\" \/>\n<meta name=\"twitter:label1\" content=\"Escrito por\" \/>\n\t<meta name=\"twitter:data1\" content=\"Eduardo Mart\u00ednez\" \/>\n\t<meta name=\"twitter:label2\" content=\"Est. tempo de leitura\" \/>\n\t<meta name=\"twitter:data2\" content=\"5 minutos\" \/>\n<script type=\"application\/ld+json\" class=\"yoast-schema-graph\">{\"@context\":\"https:\/\/schema.org\",\"@graph\":[{\"@type\":\"Article\",\"@id\":\"https:\/\/www.notibras.com\/site\/um-dia-de-chuva\/#article\",\"isPartOf\":{\"@id\":\"https:\/\/www.notibras.com\/site\/um-dia-de-chuva\/\"},\"author\":{\"name\":\"Eduardo Mart\u00ednez\",\"@id\":\"https:\/\/www.notibras.com\/site\/#\/schema\/person\/5b7fabf2aedc3ada2105f03b22b4d3dd\"},\"headline\":\"Um dia de chuva\",\"datePublished\":\"2026-03-03T03:45:40+00:00\",\"mainEntityOfPage\":{\"@id\":\"https:\/\/www.notibras.com\/site\/um-dia-de-chuva\/\"},\"wordCount\":788,\"publisher\":{\"@id\":\"https:\/\/www.notibras.com\/site\/#organization\"},\"image\":{\"@id\":\"https:\/\/www.notibras.com\/site\/um-dia-de-chuva\/#primaryimage\"},\"thumbnailUrl\":\"https:\/\/www.notibras.com\/site\/wp-content\/uploads\/2026\/03\/WhatsApp-Image-2026-03-01-at-18.09.35.jpeg\",\"articleSection\":[\"Caf\u00e9 Liter\u00e1rio\"],\"inLanguage\":\"pt-BR\"},{\"@type\":\"WebPage\",\"@id\":\"https:\/\/www.notibras.com\/site\/um-dia-de-chuva\/\",\"url\":\"https:\/\/www.notibras.com\/site\/um-dia-de-chuva\/\",\"name\":\"Um dia de chuva - Notibras\",\"isPartOf\":{\"@id\":\"https:\/\/www.notibras.com\/site\/#website\"},\"primaryImageOfPage\":{\"@id\":\"https:\/\/www.notibras.com\/site\/um-dia-de-chuva\/#primaryimage\"},\"image\":{\"@id\":\"https:\/\/www.notibras.com\/site\/um-dia-de-chuva\/#primaryimage\"},\"thumbnailUrl\":\"https:\/\/www.notibras.com\/site\/wp-content\/uploads\/2026\/03\/WhatsApp-Image-2026-03-01-at-18.09.35.jpeg\",\"datePublished\":\"2026-03-03T03:45:40+00:00\",\"breadcrumb\":{\"@id\":\"https:\/\/www.notibras.com\/site\/um-dia-de-chuva\/#breadcrumb\"},\"inLanguage\":\"pt-BR\",\"potentialAction\":[{\"@type\":\"ReadAction\",\"target\":[\"https:\/\/www.notibras.com\/site\/um-dia-de-chuva\/\"]}]},{\"@type\":\"ImageObject\",\"inLanguage\":\"pt-BR\",\"@id\":\"https:\/\/www.notibras.com\/site\/um-dia-de-chuva\/#primaryimage\",\"url\":\"https:\/\/www.notibras.com\/site\/wp-content\/uploads\/2026\/03\/WhatsApp-Image-2026-03-01-at-18.09.35.jpeg\",\"contentUrl\":\"https:\/\/www.notibras.com\/site\/wp-content\/uploads\/2026\/03\/WhatsApp-Image-2026-03-01-at-18.09.35.jpeg\",\"width\":1024,\"height\":559},{\"@type\":\"BreadcrumbList\",\"@id\":\"https:\/\/www.notibras.com\/site\/um-dia-de-chuva\/#breadcrumb\",\"itemListElement\":[{\"@type\":\"ListItem\",\"position\":1,\"name\":\"In\u00edcio\",\"item\":\"https:\/\/www.notibras.com\/site\/\"},{\"@type\":\"ListItem\",\"position\":2,\"name\":\"Um dia de chuva\"}]},{\"@type\":\"WebSite\",\"@id\":\"https:\/\/www.notibras.com\/site\/#website\",\"url\":\"https:\/\/www.notibras.com\/site\/\",\"name\":\"Notibras\",\"description\":\"Not\u00edcias de Bras\u00edlia, do Brasil e do Mundo\",\"publisher\":{\"@id\":\"https:\/\/www.notibras.com\/site\/#organization\"},\"potentialAction\":[{\"@type\":\"SearchAction\",\"target\":{\"@type\":\"EntryPoint\",\"urlTemplate\":\"https:\/\/www.notibras.com\/site\/?s={search_term_string}\"},\"query-input\":{\"@type\":\"PropertyValueSpecification\",\"valueRequired\":true,\"valueName\":\"search_term_string\"}}],\"inLanguage\":\"pt-BR\"},{\"@type\":\"Organization\",\"@id\":\"https:\/\/www.notibras.com\/site\/#organization\",\"name\":\"Grupo Notibras de Comunica\u00e7\u00e3o\",\"url\":\"https:\/\/www.notibras.com\/site\/\",\"logo\":{\"@type\":\"ImageObject\",\"inLanguage\":\"pt-BR\",\"@id\":\"https:\/\/www.notibras.com\/site\/#\/schema\/logo\/image\/\",\"url\":\"https:\/\/www.notibras.com\/site\/wp-content\/uploads\/2023\/01\/notibras23.png\",\"contentUrl\":\"https:\/\/www.notibras.com\/site\/wp-content\/uploads\/2023\/01\/notibras23.png\",\"width\":350,\"height\":87,\"caption\":\"Grupo Notibras de Comunica\u00e7\u00e3o\"},\"image\":{\"@id\":\"https:\/\/www.notibras.com\/site\/#\/schema\/logo\/image\/\"},\"sameAs\":[\"https:\/\/www.facebook.com\/notibras\/\",\"https:\/\/x.com\/Notibras\",\"https:\/\/www.instagram.com\/notibras\/\"]},{\"@type\":\"Person\",\"@id\":\"https:\/\/www.notibras.com\/site\/#\/schema\/person\/5b7fabf2aedc3ada2105f03b22b4d3dd\",\"name\":\"Eduardo Mart\u00ednez\",\"image\":{\"@type\":\"ImageObject\",\"inLanguage\":\"pt-BR\",\"@id\":\"https:\/\/secure.gravatar.com\/avatar\/7902f906289926289cbcda644b5197c796b893c6ffd7b9a536a42d290f7704a0?s=96&d=mm&r=g\",\"url\":\"https:\/\/secure.gravatar.com\/avatar\/7902f906289926289cbcda644b5197c796b893c6ffd7b9a536a42d290f7704a0?s=96&d=mm&r=g\",\"contentUrl\":\"https:\/\/secure.gravatar.com\/avatar\/7902f906289926289cbcda644b5197c796b893c6ffd7b9a536a42d290f7704a0?s=96&d=mm&r=g\",\"caption\":\"Eduardo Mart\u00ednez\"}}]}<\/script>\n<!-- \/ Yoast SEO plugin. -->","yoast_head_json":{"title":"Um dia de chuva - Notibras","robots":{"index":"index","follow":"follow","max-snippet":"max-snippet:-1","max-image-preview":"max-image-preview:large","max-video-preview":"max-video-preview:-1"},"canonical":"https:\/\/www.notibras.com\/site\/um-dia-de-chuva\/","og_locale":"pt_BR","og_type":"article","og_title":"Um dia de chuva - Notibras","og_description":"Tr\u00eas dias de chuva, friozinho e eu come\u00e7ando a me incomodar, sou daquelas pessoas que amam chuva, desd eque n\u00e3o dure mais de dois dias inteiros. Opto por um filme, uma otima solu\u00e7a\u00f5 para um dia de chuva. Escolho, fa\u00e7o a pipoca e me sento, o telefone toca. \u2014 Vamos para a praia? Diz minha [&hellip;]","og_url":"https:\/\/www.notibras.com\/site\/um-dia-de-chuva\/","og_site_name":"Notibras","article_publisher":"https:\/\/www.facebook.com\/notibras\/","article_published_time":"2026-03-03T03:45:40+00:00","og_image":[{"width":1024,"height":559,"url":"https:\/\/www.notibras.com\/site\/wp-content\/uploads\/2026\/03\/WhatsApp-Image-2026-03-01-at-18.09.35.jpeg","type":"image\/jpeg"}],"author":"Eduardo Mart\u00ednez","twitter_card":"summary_large_image","twitter_creator":"@Notibras","twitter_site":"@Notibras","twitter_misc":{"Escrito por":"Eduardo Mart\u00ednez","Est. tempo de leitura":"5 minutos"},"schema":{"@context":"https:\/\/schema.org","@graph":[{"@type":"Article","@id":"https:\/\/www.notibras.com\/site\/um-dia-de-chuva\/#article","isPartOf":{"@id":"https:\/\/www.notibras.com\/site\/um-dia-de-chuva\/"},"author":{"name":"Eduardo Mart\u00ednez","@id":"https:\/\/www.notibras.com\/site\/#\/schema\/person\/5b7fabf2aedc3ada2105f03b22b4d3dd"},"headline":"Um dia de chuva","datePublished":"2026-03-03T03:45:40+00:00","mainEntityOfPage":{"@id":"https:\/\/www.notibras.com\/site\/um-dia-de-chuva\/"},"wordCount":788,"publisher":{"@id":"https:\/\/www.notibras.com\/site\/#organization"},"image":{"@id":"https:\/\/www.notibras.com\/site\/um-dia-de-chuva\/#primaryimage"},"thumbnailUrl":"https:\/\/www.notibras.com\/site\/wp-content\/uploads\/2026\/03\/WhatsApp-Image-2026-03-01-at-18.09.35.jpeg","articleSection":["Caf\u00e9 Liter\u00e1rio"],"inLanguage":"pt-BR"},{"@type":"WebPage","@id":"https:\/\/www.notibras.com\/site\/um-dia-de-chuva\/","url":"https:\/\/www.notibras.com\/site\/um-dia-de-chuva\/","name":"Um dia de chuva - Notibras","isPartOf":{"@id":"https:\/\/www.notibras.com\/site\/#website"},"primaryImageOfPage":{"@id":"https:\/\/www.notibras.com\/site\/um-dia-de-chuva\/#primaryimage"},"image":{"@id":"https:\/\/www.notibras.com\/site\/um-dia-de-chuva\/#primaryimage"},"thumbnailUrl":"https:\/\/www.notibras.com\/site\/wp-content\/uploads\/2026\/03\/WhatsApp-Image-2026-03-01-at-18.09.35.jpeg","datePublished":"2026-03-03T03:45:40+00:00","breadcrumb":{"@id":"https:\/\/www.notibras.com\/site\/um-dia-de-chuva\/#breadcrumb"},"inLanguage":"pt-BR","potentialAction":[{"@type":"ReadAction","target":["https:\/\/www.notibras.com\/site\/um-dia-de-chuva\/"]}]},{"@type":"ImageObject","inLanguage":"pt-BR","@id":"https:\/\/www.notibras.com\/site\/um-dia-de-chuva\/#primaryimage","url":"https:\/\/www.notibras.com\/site\/wp-content\/uploads\/2026\/03\/WhatsApp-Image-2026-03-01-at-18.09.35.jpeg","contentUrl":"https:\/\/www.notibras.com\/site\/wp-content\/uploads\/2026\/03\/WhatsApp-Image-2026-03-01-at-18.09.35.jpeg","width":1024,"height":559},{"@type":"BreadcrumbList","@id":"https:\/\/www.notibras.com\/site\/um-dia-de-chuva\/#breadcrumb","itemListElement":[{"@type":"ListItem","position":1,"name":"In\u00edcio","item":"https:\/\/www.notibras.com\/site\/"},{"@type":"ListItem","position":2,"name":"Um dia de chuva"}]},{"@type":"WebSite","@id":"https:\/\/www.notibras.com\/site\/#website","url":"https:\/\/www.notibras.com\/site\/","name":"Notibras","description":"Not\u00edcias de Bras\u00edlia, do Brasil e do Mundo","publisher":{"@id":"https:\/\/www.notibras.com\/site\/#organization"},"potentialAction":[{"@type":"SearchAction","target":{"@type":"EntryPoint","urlTemplate":"https:\/\/www.notibras.com\/site\/?s={search_term_string}"},"query-input":{"@type":"PropertyValueSpecification","valueRequired":true,"valueName":"search_term_string"}}],"inLanguage":"pt-BR"},{"@type":"Organization","@id":"https:\/\/www.notibras.com\/site\/#organization","name":"Grupo Notibras de Comunica\u00e7\u00e3o","url":"https:\/\/www.notibras.com\/site\/","logo":{"@type":"ImageObject","inLanguage":"pt-BR","@id":"https:\/\/www.notibras.com\/site\/#\/schema\/logo\/image\/","url":"https:\/\/www.notibras.com\/site\/wp-content\/uploads\/2023\/01\/notibras23.png","contentUrl":"https:\/\/www.notibras.com\/site\/wp-content\/uploads\/2023\/01\/notibras23.png","width":350,"height":87,"caption":"Grupo Notibras de Comunica\u00e7\u00e3o"},"image":{"@id":"https:\/\/www.notibras.com\/site\/#\/schema\/logo\/image\/"},"sameAs":["https:\/\/www.facebook.com\/notibras\/","https:\/\/x.com\/Notibras","https:\/\/www.instagram.com\/notibras\/"]},{"@type":"Person","@id":"https:\/\/www.notibras.com\/site\/#\/schema\/person\/5b7fabf2aedc3ada2105f03b22b4d3dd","name":"Eduardo Mart\u00ednez","image":{"@type":"ImageObject","inLanguage":"pt-BR","@id":"https:\/\/secure.gravatar.com\/avatar\/7902f906289926289cbcda644b5197c796b893c6ffd7b9a536a42d290f7704a0?s=96&d=mm&r=g","url":"https:\/\/secure.gravatar.com\/avatar\/7902f906289926289cbcda644b5197c796b893c6ffd7b9a536a42d290f7704a0?s=96&d=mm&r=g","contentUrl":"https:\/\/secure.gravatar.com\/avatar\/7902f906289926289cbcda644b5197c796b893c6ffd7b9a536a42d290f7704a0?s=96&d=mm&r=g","caption":"Eduardo Mart\u00ednez"}}]}},"amp_enabled":true,"_links":{"self":[{"href":"https:\/\/www.notibras.com\/site\/wp-json\/wp\/v2\/posts\/385203","targetHints":{"allow":["GET"]}}],"collection":[{"href":"https:\/\/www.notibras.com\/site\/wp-json\/wp\/v2\/posts"}],"about":[{"href":"https:\/\/www.notibras.com\/site\/wp-json\/wp\/v2\/types\/post"}],"author":[{"embeddable":true,"href":"https:\/\/www.notibras.com\/site\/wp-json\/wp\/v2\/users\/21"}],"replies":[{"embeddable":true,"href":"https:\/\/www.notibras.com\/site\/wp-json\/wp\/v2\/comments?post=385203"}],"version-history":[{"count":1,"href":"https:\/\/www.notibras.com\/site\/wp-json\/wp\/v2\/posts\/385203\/revisions"}],"predecessor-version":[{"id":385205,"href":"https:\/\/www.notibras.com\/site\/wp-json\/wp\/v2\/posts\/385203\/revisions\/385205"}],"wp:featuredmedia":[{"embeddable":true,"href":"https:\/\/www.notibras.com\/site\/wp-json\/wp\/v2\/media\/385204"}],"wp:attachment":[{"href":"https:\/\/www.notibras.com\/site\/wp-json\/wp\/v2\/media?parent=385203"}],"wp:term":[{"taxonomy":"category","embeddable":true,"href":"https:\/\/www.notibras.com\/site\/wp-json\/wp\/v2\/categories?post=385203"},{"taxonomy":"post_tag","embeddable":true,"href":"https:\/\/www.notibras.com\/site\/wp-json\/wp\/v2\/tags?post=385203"}],"curies":[{"name":"wp","href":"https:\/\/api.w.org\/{rel}","templated":true}]}}