{"id":385239,"date":"2026-03-03T00:30:48","date_gmt":"2026-03-03T03:30:48","guid":{"rendered":"https:\/\/www.notibras.com\/site\/?p=385239"},"modified":"2026-03-01T21:32:42","modified_gmt":"2026-03-02T00:32:42","slug":"desalento-urbano-e-desesperanca","status":"publish","type":"post","link":"https:\/\/www.notibras.com\/site\/desalento-urbano-e-desesperanca\/","title":{"rendered":"Desalento urbano e desesperan\u00e7a"},"content":{"rendered":"<p>Era um t\u00edpico s\u00e1bado de ver\u00e3o, manh\u00e3 ensolarada em que o espesso arvoredo protegia os abastados fregueses da pequena feira e sob uma atmosfera de contagiante alegria confraternizavam como os antigos alde\u00f5es. Coisa alguma distante do cen\u00e1rio comum de um bairro da cidade do Rio de Janeiro, ou de qualquer outra metr\u00f3pole, que n\u00e3o fosse o aglomerado feliz em torno das barracas para o rotineiro abastecimento familiar da semana vindoura.<\/p>\n<p>Enquanto refletia diante de frutas e hortali\u00e7as, escolhendo o que melhor conviesse, visando o preparo do almo\u00e7o sabatino, a cargo de minha amada Chef de Cuisine, deparei-me com um homem que, embora transitando na pra\u00e7a e envolto no pequeno alvoro\u00e7o dos fregueses em busca de frutas e hortali\u00e7as, das barracas passou ao longe, permitindo-se avizinhar apenas das lixeiras dentro das quais s\u00f3 havia o que obviamente se descartava, ingredientes apropriados para o alcance do desalento e da indignidade.<\/p>\n<p>L\u00e1 estava o simpl\u00f3rio indiv\u00edduo, igual a tantos outros que se tornaram lamentavelmente comuns na cidade do Rio de Janeiro, sem distin\u00e7\u00e3o geogr\u00e1fica de qualquer esp\u00e9cie: zona sul ou zona norte, e agora sudoeste. A mis\u00e9ria n\u00e3o conhece fronteiras, \u00e9 reconhecidamente democr\u00e1tica, ir\u00f4nica, in\u00edqua e generosa, agraciando os infelizes com a dose m\u00e1xima da indignidade; n\u00e3o permite o sonho ou mesmo a esperan\u00e7a, apenas constrange, mantendo a cabe\u00e7a baixa dos desvalidos, mancomunada com a tristeza, n\u00e3o lhes permitindo sequer soergu\u00ea-la para rogar aos c\u00e9us a infinita miseric\u00f3rdia divina.<\/p>\n<p>E assim deparei-me com aquele homem, revirando a lixeira, \u00e0 procura de \u201crecicl\u00e1veis\u201d, segundo a nova l\u00edngua portuguesa forjada no politicamente correto; em verdade, estava \u00e0 procura do lixo serv\u00edvel, latas e papel\u00e3o, cuja parca receita que porventura auferisse pudesse converter em provis\u00f3rio alimento, suficiente para n\u00e3o acoim\u00e1-lo de morte por inani\u00e7\u00e3o naquele dia.<\/p>\n<p>Deteve-se por um momento, levando uma das m\u00e3os \u00e0 cabe\u00e7a, como se fosse um gesto de desespero ou de quem procura uma dire\u00e7\u00e3o para a sua jornada urbana, entre ruas, pra\u00e7as, cal\u00e7adas e avenidas, vez que os citadinos encastelados, ornados com a bem-aventuran\u00e7a, optam por n\u00e3o enxerg\u00e1-lo, at\u00e9 aqueles que se aglomeravam nas barracas, comportando-se como alde\u00f5es, em que o animus de solidariedade e vizinhan\u00e7a manifestava-se apenas entre os iguais, espectadores das frutas e hortali\u00e7as, adoradores da magia culin\u00e1ria, que saciam a fome de modo l\u00fadico e imediato, sem o espectro da incerteza e da aventura.<\/p>\n<p>Pobre homem, carregando o fardo dos \u201crecicl\u00e1veis\u201d que naquela manh\u00e3 conseguiu juntar, esgueirando-se entre as trincheiras da metr\u00f3pole, o infort\u00fanio da mis\u00e9ria n\u00e3o lhe retira a coragem para dar continuidade \u00e0 luta di\u00e1ria contra a indignidade, embora acidentalmente o desalento venha golpe\u00e1-lo, fazendo com que leve uma das m\u00e3os \u00e0 soerguida cabe\u00e7a, quem sabe balbuciando uma prece, em busca de reden\u00e7\u00e3o.<\/p>\n<p>Certo que a nossa realidade citadina n\u00e3o me permite compar\u00e1-lo com o \u201cApanhador no campo de centeio\u201d (The Catcher in the Rye), t\u00edtulo da cl\u00e1ssica obra de autoria de J. D. Salinger, mas t\u00e3o somente enxerg\u00e1-lo sem qualquer glamour que a imagina\u00e7\u00e3o pudesse envolver e inspirar-me a descrev\u00ea-lo, de modo a compar\u00e1-lo com o personagem do livro.<\/p>\n<p>Assim, procurei descrever um apanhador no campo do desalento e da desesperan\u00e7a, mas que lutava corajosamente contra a fome, a indiferen\u00e7a e a implac\u00e1vel indignidade.<\/p>\n<p><strong>\u2026\u2026\u2026\u2026\u2026\u2026<\/strong><\/p>\n<p><strong>Durval Pimenta de Castro Filho, poeta, escritor, \u00e9 professor universit\u00e1rio e advogado no Rio de Janeiro.<\/strong><\/p>\n","protected":false},"excerpt":{"rendered":"<p>Era um t\u00edpico s\u00e1bado de ver\u00e3o, manh\u00e3 ensolarada em que o espesso arvoredo protegia os abastados fregueses da pequena feira e sob uma atmosfera de contagiante alegria confraternizavam como os antigos alde\u00f5es. Coisa alguma distante do cen\u00e1rio comum de um bairro da cidade do Rio de Janeiro, ou de qualquer outra metr\u00f3pole, que n\u00e3o fosse [&hellip;]<\/p>\n","protected":false},"author":21,"featured_media":385240,"comment_status":"closed","ping_status":"closed","sticky":false,"template":"","format":"standard","meta":{"_acf_changed":false,"footnotes":""},"categories":[234],"tags":[],"class_list":["post-385239","post","type-post","status-publish","format-standard","has-post-thumbnail","hentry","category-cafe-literario"],"acf":[],"yoast_head":"<!-- This site is optimized with the Yoast SEO plugin v27.2 - https:\/\/yoast.com\/product\/yoast-seo-wordpress\/ -->\n<title>Desalento urbano e desesperan\u00e7a - Notibras<\/title>\n<meta name=\"robots\" content=\"index, follow, max-snippet:-1, max-image-preview:large, max-video-preview:-1\" \/>\n<link rel=\"canonical\" href=\"https:\/\/www.notibras.com\/site\/desalento-urbano-e-desesperanca\/\" \/>\n<meta property=\"og:locale\" content=\"pt_BR\" \/>\n<meta property=\"og:type\" content=\"article\" \/>\n<meta property=\"og:title\" content=\"Desalento urbano e desesperan\u00e7a - Notibras\" \/>\n<meta property=\"og:description\" content=\"Era um t\u00edpico s\u00e1bado de ver\u00e3o, manh\u00e3 ensolarada em que o espesso arvoredo protegia os abastados fregueses da pequena feira e sob uma atmosfera de contagiante alegria confraternizavam como os antigos alde\u00f5es. Coisa alguma distante do cen\u00e1rio comum de um bairro da cidade do Rio de Janeiro, ou de qualquer outra metr\u00f3pole, que n\u00e3o fosse [&hellip;]\" \/>\n<meta property=\"og:url\" content=\"https:\/\/www.notibras.com\/site\/desalento-urbano-e-desesperanca\/\" \/>\n<meta property=\"og:site_name\" content=\"Notibras\" \/>\n<meta property=\"article:publisher\" content=\"https:\/\/www.facebook.com\/notibras\/\" \/>\n<meta property=\"article:published_time\" content=\"2026-03-03T03:30:48+00:00\" \/>\n<meta property=\"og:image\" content=\"https:\/\/www.notibras.com\/site\/wp-content\/uploads\/2026\/03\/ChatGPT-Image-1-de-mar.-de-2026-21_31_42-1024x683.png\" \/>\n\t<meta property=\"og:image:width\" content=\"1024\" \/>\n\t<meta property=\"og:image:height\" content=\"683\" \/>\n\t<meta property=\"og:image:type\" content=\"image\/png\" \/>\n<meta name=\"author\" content=\"Eduardo Mart\u00ednez\" \/>\n<meta name=\"twitter:card\" content=\"summary_large_image\" \/>\n<meta name=\"twitter:creator\" content=\"@Notibras\" \/>\n<meta name=\"twitter:site\" content=\"@Notibras\" \/>\n<meta name=\"twitter:label1\" content=\"Escrito por\" \/>\n\t<meta name=\"twitter:data1\" content=\"Eduardo Mart\u00ednez\" \/>\n\t<meta name=\"twitter:label2\" content=\"Est. tempo de leitura\" \/>\n\t<meta name=\"twitter:data2\" content=\"4 minutos\" \/>\n<script type=\"application\/ld+json\" class=\"yoast-schema-graph\">{\"@context\":\"https:\/\/schema.org\",\"@graph\":[{\"@type\":\"Article\",\"@id\":\"https:\/\/www.notibras.com\/site\/desalento-urbano-e-desesperanca\/#article\",\"isPartOf\":{\"@id\":\"https:\/\/www.notibras.com\/site\/desalento-urbano-e-desesperanca\/\"},\"author\":{\"name\":\"Eduardo Mart\u00ednez\",\"@id\":\"https:\/\/www.notibras.com\/site\/#\/schema\/person\/5b7fabf2aedc3ada2105f03b22b4d3dd\"},\"headline\":\"Desalento urbano e desesperan\u00e7a\",\"datePublished\":\"2026-03-03T03:30:48+00:00\",\"mainEntityOfPage\":{\"@id\":\"https:\/\/www.notibras.com\/site\/desalento-urbano-e-desesperanca\/\"},\"wordCount\":617,\"publisher\":{\"@id\":\"https:\/\/www.notibras.com\/site\/#organization\"},\"image\":{\"@id\":\"https:\/\/www.notibras.com\/site\/desalento-urbano-e-desesperanca\/#primaryimage\"},\"thumbnailUrl\":\"https:\/\/www.notibras.com\/site\/wp-content\/uploads\/2026\/03\/ChatGPT-Image-1-de-mar.-de-2026-21_31_42.png\",\"articleSection\":[\"Caf\u00e9 Liter\u00e1rio\"],\"inLanguage\":\"pt-BR\"},{\"@type\":\"WebPage\",\"@id\":\"https:\/\/www.notibras.com\/site\/desalento-urbano-e-desesperanca\/\",\"url\":\"https:\/\/www.notibras.com\/site\/desalento-urbano-e-desesperanca\/\",\"name\":\"Desalento urbano e desesperan\u00e7a - Notibras\",\"isPartOf\":{\"@id\":\"https:\/\/www.notibras.com\/site\/#website\"},\"primaryImageOfPage\":{\"@id\":\"https:\/\/www.notibras.com\/site\/desalento-urbano-e-desesperanca\/#primaryimage\"},\"image\":{\"@id\":\"https:\/\/www.notibras.com\/site\/desalento-urbano-e-desesperanca\/#primaryimage\"},\"thumbnailUrl\":\"https:\/\/www.notibras.com\/site\/wp-content\/uploads\/2026\/03\/ChatGPT-Image-1-de-mar.-de-2026-21_31_42.png\",\"datePublished\":\"2026-03-03T03:30:48+00:00\",\"breadcrumb\":{\"@id\":\"https:\/\/www.notibras.com\/site\/desalento-urbano-e-desesperanca\/#breadcrumb\"},\"inLanguage\":\"pt-BR\",\"potentialAction\":[{\"@type\":\"ReadAction\",\"target\":[\"https:\/\/www.notibras.com\/site\/desalento-urbano-e-desesperanca\/\"]}]},{\"@type\":\"ImageObject\",\"inLanguage\":\"pt-BR\",\"@id\":\"https:\/\/www.notibras.com\/site\/desalento-urbano-e-desesperanca\/#primaryimage\",\"url\":\"https:\/\/www.notibras.com\/site\/wp-content\/uploads\/2026\/03\/ChatGPT-Image-1-de-mar.-de-2026-21_31_42.png\",\"contentUrl\":\"https:\/\/www.notibras.com\/site\/wp-content\/uploads\/2026\/03\/ChatGPT-Image-1-de-mar.-de-2026-21_31_42.png\",\"width\":1536,\"height\":1024},{\"@type\":\"BreadcrumbList\",\"@id\":\"https:\/\/www.notibras.com\/site\/desalento-urbano-e-desesperanca\/#breadcrumb\",\"itemListElement\":[{\"@type\":\"ListItem\",\"position\":1,\"name\":\"In\u00edcio\",\"item\":\"https:\/\/www.notibras.com\/site\/\"},{\"@type\":\"ListItem\",\"position\":2,\"name\":\"Desalento urbano e desesperan\u00e7a\"}]},{\"@type\":\"WebSite\",\"@id\":\"https:\/\/www.notibras.com\/site\/#website\",\"url\":\"https:\/\/www.notibras.com\/site\/\",\"name\":\"Notibras\",\"description\":\"Not\u00edcias de Bras\u00edlia, do Brasil e do Mundo\",\"publisher\":{\"@id\":\"https:\/\/www.notibras.com\/site\/#organization\"},\"potentialAction\":[{\"@type\":\"SearchAction\",\"target\":{\"@type\":\"EntryPoint\",\"urlTemplate\":\"https:\/\/www.notibras.com\/site\/?s={search_term_string}\"},\"query-input\":{\"@type\":\"PropertyValueSpecification\",\"valueRequired\":true,\"valueName\":\"search_term_string\"}}],\"inLanguage\":\"pt-BR\"},{\"@type\":\"Organization\",\"@id\":\"https:\/\/www.notibras.com\/site\/#organization\",\"name\":\"Grupo Notibras de Comunica\u00e7\u00e3o\",\"url\":\"https:\/\/www.notibras.com\/site\/\",\"logo\":{\"@type\":\"ImageObject\",\"inLanguage\":\"pt-BR\",\"@id\":\"https:\/\/www.notibras.com\/site\/#\/schema\/logo\/image\/\",\"url\":\"https:\/\/www.notibras.com\/site\/wp-content\/uploads\/2023\/01\/notibras23.png\",\"contentUrl\":\"https:\/\/www.notibras.com\/site\/wp-content\/uploads\/2023\/01\/notibras23.png\",\"width\":350,\"height\":87,\"caption\":\"Grupo Notibras de Comunica\u00e7\u00e3o\"},\"image\":{\"@id\":\"https:\/\/www.notibras.com\/site\/#\/schema\/logo\/image\/\"},\"sameAs\":[\"https:\/\/www.facebook.com\/notibras\/\",\"https:\/\/x.com\/Notibras\",\"https:\/\/www.instagram.com\/notibras\/\"]},{\"@type\":\"Person\",\"@id\":\"https:\/\/www.notibras.com\/site\/#\/schema\/person\/5b7fabf2aedc3ada2105f03b22b4d3dd\",\"name\":\"Eduardo Mart\u00ednez\",\"image\":{\"@type\":\"ImageObject\",\"inLanguage\":\"pt-BR\",\"@id\":\"https:\/\/secure.gravatar.com\/avatar\/7902f906289926289cbcda644b5197c796b893c6ffd7b9a536a42d290f7704a0?s=96&d=mm&r=g\",\"url\":\"https:\/\/secure.gravatar.com\/avatar\/7902f906289926289cbcda644b5197c796b893c6ffd7b9a536a42d290f7704a0?s=96&d=mm&r=g\",\"contentUrl\":\"https:\/\/secure.gravatar.com\/avatar\/7902f906289926289cbcda644b5197c796b893c6ffd7b9a536a42d290f7704a0?s=96&d=mm&r=g\",\"caption\":\"Eduardo Mart\u00ednez\"}}]}<\/script>\n<!-- \/ Yoast SEO plugin. -->","yoast_head_json":{"title":"Desalento urbano e desesperan\u00e7a - Notibras","robots":{"index":"index","follow":"follow","max-snippet":"max-snippet:-1","max-image-preview":"max-image-preview:large","max-video-preview":"max-video-preview:-1"},"canonical":"https:\/\/www.notibras.com\/site\/desalento-urbano-e-desesperanca\/","og_locale":"pt_BR","og_type":"article","og_title":"Desalento urbano e desesperan\u00e7a - Notibras","og_description":"Era um t\u00edpico s\u00e1bado de ver\u00e3o, manh\u00e3 ensolarada em que o espesso arvoredo protegia os abastados fregueses da pequena feira e sob uma atmosfera de contagiante alegria confraternizavam como os antigos alde\u00f5es. Coisa alguma distante do cen\u00e1rio comum de um bairro da cidade do Rio de Janeiro, ou de qualquer outra metr\u00f3pole, que n\u00e3o fosse [&hellip;]","og_url":"https:\/\/www.notibras.com\/site\/desalento-urbano-e-desesperanca\/","og_site_name":"Notibras","article_publisher":"https:\/\/www.facebook.com\/notibras\/","article_published_time":"2026-03-03T03:30:48+00:00","og_image":[{"width":1024,"height":683,"url":"https:\/\/www.notibras.com\/site\/wp-content\/uploads\/2026\/03\/ChatGPT-Image-1-de-mar.-de-2026-21_31_42-1024x683.png","type":"image\/png"}],"author":"Eduardo Mart\u00ednez","twitter_card":"summary_large_image","twitter_creator":"@Notibras","twitter_site":"@Notibras","twitter_misc":{"Escrito por":"Eduardo Mart\u00ednez","Est. tempo de leitura":"4 minutos"},"schema":{"@context":"https:\/\/schema.org","@graph":[{"@type":"Article","@id":"https:\/\/www.notibras.com\/site\/desalento-urbano-e-desesperanca\/#article","isPartOf":{"@id":"https:\/\/www.notibras.com\/site\/desalento-urbano-e-desesperanca\/"},"author":{"name":"Eduardo Mart\u00ednez","@id":"https:\/\/www.notibras.com\/site\/#\/schema\/person\/5b7fabf2aedc3ada2105f03b22b4d3dd"},"headline":"Desalento urbano e desesperan\u00e7a","datePublished":"2026-03-03T03:30:48+00:00","mainEntityOfPage":{"@id":"https:\/\/www.notibras.com\/site\/desalento-urbano-e-desesperanca\/"},"wordCount":617,"publisher":{"@id":"https:\/\/www.notibras.com\/site\/#organization"},"image":{"@id":"https:\/\/www.notibras.com\/site\/desalento-urbano-e-desesperanca\/#primaryimage"},"thumbnailUrl":"https:\/\/www.notibras.com\/site\/wp-content\/uploads\/2026\/03\/ChatGPT-Image-1-de-mar.-de-2026-21_31_42.png","articleSection":["Caf\u00e9 Liter\u00e1rio"],"inLanguage":"pt-BR"},{"@type":"WebPage","@id":"https:\/\/www.notibras.com\/site\/desalento-urbano-e-desesperanca\/","url":"https:\/\/www.notibras.com\/site\/desalento-urbano-e-desesperanca\/","name":"Desalento urbano e desesperan\u00e7a - Notibras","isPartOf":{"@id":"https:\/\/www.notibras.com\/site\/#website"},"primaryImageOfPage":{"@id":"https:\/\/www.notibras.com\/site\/desalento-urbano-e-desesperanca\/#primaryimage"},"image":{"@id":"https:\/\/www.notibras.com\/site\/desalento-urbano-e-desesperanca\/#primaryimage"},"thumbnailUrl":"https:\/\/www.notibras.com\/site\/wp-content\/uploads\/2026\/03\/ChatGPT-Image-1-de-mar.-de-2026-21_31_42.png","datePublished":"2026-03-03T03:30:48+00:00","breadcrumb":{"@id":"https:\/\/www.notibras.com\/site\/desalento-urbano-e-desesperanca\/#breadcrumb"},"inLanguage":"pt-BR","potentialAction":[{"@type":"ReadAction","target":["https:\/\/www.notibras.com\/site\/desalento-urbano-e-desesperanca\/"]}]},{"@type":"ImageObject","inLanguage":"pt-BR","@id":"https:\/\/www.notibras.com\/site\/desalento-urbano-e-desesperanca\/#primaryimage","url":"https:\/\/www.notibras.com\/site\/wp-content\/uploads\/2026\/03\/ChatGPT-Image-1-de-mar.-de-2026-21_31_42.png","contentUrl":"https:\/\/www.notibras.com\/site\/wp-content\/uploads\/2026\/03\/ChatGPT-Image-1-de-mar.-de-2026-21_31_42.png","width":1536,"height":1024},{"@type":"BreadcrumbList","@id":"https:\/\/www.notibras.com\/site\/desalento-urbano-e-desesperanca\/#breadcrumb","itemListElement":[{"@type":"ListItem","position":1,"name":"In\u00edcio","item":"https:\/\/www.notibras.com\/site\/"},{"@type":"ListItem","position":2,"name":"Desalento urbano e desesperan\u00e7a"}]},{"@type":"WebSite","@id":"https:\/\/www.notibras.com\/site\/#website","url":"https:\/\/www.notibras.com\/site\/","name":"Notibras","description":"Not\u00edcias de Bras\u00edlia, do Brasil e do Mundo","publisher":{"@id":"https:\/\/www.notibras.com\/site\/#organization"},"potentialAction":[{"@type":"SearchAction","target":{"@type":"EntryPoint","urlTemplate":"https:\/\/www.notibras.com\/site\/?s={search_term_string}"},"query-input":{"@type":"PropertyValueSpecification","valueRequired":true,"valueName":"search_term_string"}}],"inLanguage":"pt-BR"},{"@type":"Organization","@id":"https:\/\/www.notibras.com\/site\/#organization","name":"Grupo Notibras de Comunica\u00e7\u00e3o","url":"https:\/\/www.notibras.com\/site\/","logo":{"@type":"ImageObject","inLanguage":"pt-BR","@id":"https:\/\/www.notibras.com\/site\/#\/schema\/logo\/image\/","url":"https:\/\/www.notibras.com\/site\/wp-content\/uploads\/2023\/01\/notibras23.png","contentUrl":"https:\/\/www.notibras.com\/site\/wp-content\/uploads\/2023\/01\/notibras23.png","width":350,"height":87,"caption":"Grupo Notibras de Comunica\u00e7\u00e3o"},"image":{"@id":"https:\/\/www.notibras.com\/site\/#\/schema\/logo\/image\/"},"sameAs":["https:\/\/www.facebook.com\/notibras\/","https:\/\/x.com\/Notibras","https:\/\/www.instagram.com\/notibras\/"]},{"@type":"Person","@id":"https:\/\/www.notibras.com\/site\/#\/schema\/person\/5b7fabf2aedc3ada2105f03b22b4d3dd","name":"Eduardo Mart\u00ednez","image":{"@type":"ImageObject","inLanguage":"pt-BR","@id":"https:\/\/secure.gravatar.com\/avatar\/7902f906289926289cbcda644b5197c796b893c6ffd7b9a536a42d290f7704a0?s=96&d=mm&r=g","url":"https:\/\/secure.gravatar.com\/avatar\/7902f906289926289cbcda644b5197c796b893c6ffd7b9a536a42d290f7704a0?s=96&d=mm&r=g","contentUrl":"https:\/\/secure.gravatar.com\/avatar\/7902f906289926289cbcda644b5197c796b893c6ffd7b9a536a42d290f7704a0?s=96&d=mm&r=g","caption":"Eduardo Mart\u00ednez"}}]}},"amp_enabled":true,"_links":{"self":[{"href":"https:\/\/www.notibras.com\/site\/wp-json\/wp\/v2\/posts\/385239","targetHints":{"allow":["GET"]}}],"collection":[{"href":"https:\/\/www.notibras.com\/site\/wp-json\/wp\/v2\/posts"}],"about":[{"href":"https:\/\/www.notibras.com\/site\/wp-json\/wp\/v2\/types\/post"}],"author":[{"embeddable":true,"href":"https:\/\/www.notibras.com\/site\/wp-json\/wp\/v2\/users\/21"}],"replies":[{"embeddable":true,"href":"https:\/\/www.notibras.com\/site\/wp-json\/wp\/v2\/comments?post=385239"}],"version-history":[{"count":2,"href":"https:\/\/www.notibras.com\/site\/wp-json\/wp\/v2\/posts\/385239\/revisions"}],"predecessor-version":[{"id":385242,"href":"https:\/\/www.notibras.com\/site\/wp-json\/wp\/v2\/posts\/385239\/revisions\/385242"}],"wp:featuredmedia":[{"embeddable":true,"href":"https:\/\/www.notibras.com\/site\/wp-json\/wp\/v2\/media\/385240"}],"wp:attachment":[{"href":"https:\/\/www.notibras.com\/site\/wp-json\/wp\/v2\/media?parent=385239"}],"wp:term":[{"taxonomy":"category","embeddable":true,"href":"https:\/\/www.notibras.com\/site\/wp-json\/wp\/v2\/categories?post=385239"},{"taxonomy":"post_tag","embeddable":true,"href":"https:\/\/www.notibras.com\/site\/wp-json\/wp\/v2\/tags?post=385239"}],"curies":[{"name":"wp","href":"https:\/\/api.w.org\/{rel}","templated":true}]}}