{"id":385255,"date":"2026-03-02T02:15:20","date_gmt":"2026-03-02T05:15:20","guid":{"rendered":"https:\/\/www.notibras.com\/site\/?p=385255"},"modified":"2026-03-02T06:04:37","modified_gmt":"2026-03-02T09:04:37","slug":"zema-e-o-demagogo-que-corta-a-vida-de-minas-para-alimentar-o-ego-em-sampa","status":"publish","type":"post","link":"https:\/\/www.notibras.com\/site\/zema-e-o-demagogo-que-corta-a-vida-de-minas-para-alimentar-o-ego-em-sampa\/","title":{"rendered":"Zema \u00e9 o demagogo que corta a vida de Minas para alimentar o ego em Sampa"},"content":{"rendered":"<p>Enquanto Romeu Zema circula por S\u00e3o Paulo e sobe em palanque em ato bolsonarista esvaziado, a popula\u00e7\u00e3o da Zona da Mata mineira enfrenta dias de medo, lama e perdas. S\u00e3o fam\u00edlias desalojadas, cidades parcialmente isoladas, com\u00e9rcios destru\u00eddos e vidas interrompidas pela for\u00e7a da chuva. Em momentos como esse, espera-se lideran\u00e7a, coordena\u00e7\u00e3o e presen\u00e7a efetiva do chefe do Executivo estadual. Mas o contraste entre o discurso pol\u00edtico fora de Minas e a realidade dram\u00e1tica dentro do estado fala por si.<\/p>\n<p>As prioridades da extrema-direita nunca foram as necessidades concretas do povo. A prova mais contundente disso est\u00e1 nos n\u00fameros: sob a gest\u00e3o de Zema, a verba destinada \u00e0 mitiga\u00e7\u00e3o dos efeitos das chuvas foi reduzida em impressionantes 96%. Quando se corta quase a totalidade dos recursos voltados \u00e0 preven\u00e7\u00e3o, o resultado \u00e9 previs\u00edvel: trag\u00e9dias que poderiam ser minimizadas tornam-se cat\u00e1strofes anunciadas.<\/p>\n<div id=\"attachment_385258\" style=\"width: 591px\" class=\"wp-caption aligncenter\"><img loading=\"lazy\" decoding=\"async\" aria-describedby=\"caption-attachment-385258\" class=\"wp-image-385258 \" src=\"https:\/\/www.notibras.com\/site\/wp-content\/uploads\/2026\/03\/69a196d3175fe-300x202.jpg\" alt=\"\" width=\"581\" height=\"391\" srcset=\"https:\/\/www.notibras.com\/site\/wp-content\/uploads\/2026\/03\/69a196d3175fe-300x202.jpg 300w, https:\/\/www.notibras.com\/site\/wp-content\/uploads\/2026\/03\/69a196d3175fe.jpg 708w\" sizes=\"auto, (max-width: 581px) 100vw, 581px\" \/><p id=\"caption-attachment-385258\" class=\"wp-caption-text\"><strong>Mais de 60 mortos em Minas Gerais enquanto Zema vai passear em S\u00e3o Paulo<\/strong><\/p><\/div>\n<p>Governar \u00e9, antes de tudo, definir prioridades. E quando a prioridade \u00e9 disputar espa\u00e7o em atos pol\u00edticos e fazer campanha antecipada para a presid\u00eancia, quem paga a conta \u00e9 a popula\u00e7\u00e3o mais vulner\u00e1vel. Minas Gerais precisa de planejamento, investimento em preven\u00e7\u00e3o e compromisso real com a vida das pessoas. E o Brasil n\u00e3o precisa de mais um demagogo.<\/p>\n","protected":false},"excerpt":{"rendered":"<p>Enquanto Romeu Zema circula por S\u00e3o Paulo e sobe em palanque em ato bolsonarista esvaziado, a popula\u00e7\u00e3o da Zona da Mata mineira enfrenta dias de medo, lama e perdas. S\u00e3o fam\u00edlias desalojadas, cidades parcialmente isoladas, com\u00e9rcios destru\u00eddos e vidas interrompidas pela for\u00e7a da chuva. Em momentos como esse, espera-se lideran\u00e7a, coordena\u00e7\u00e3o e presen\u00e7a efetiva do [&hellip;]<\/p>\n","protected":false},"author":21,"featured_media":385257,"comment_status":"closed","ping_status":"closed","sticky":false,"template":"","format":"standard","meta":{"_acf_changed":false,"footnotes":""},"categories":[235],"tags":[],"class_list":["post-385255","post","type-post","status-publish","format-standard","has-post-thumbnail","hentry","category-dona-irene"],"acf":[],"yoast_head":"<!-- This site is optimized with the Yoast SEO plugin v27.2 - https:\/\/yoast.com\/product\/yoast-seo-wordpress\/ -->\n<title>Zema \u00e9 o demagogo que corta a vida de Minas para alimentar o ego em Sampa - Notibras<\/title>\n<meta name=\"robots\" content=\"index, follow, max-snippet:-1, max-image-preview:large, max-video-preview:-1\" \/>\n<link rel=\"canonical\" href=\"https:\/\/www.notibras.com\/site\/zema-e-o-demagogo-que-corta-a-vida-de-minas-para-alimentar-o-ego-em-sampa\/\" \/>\n<meta property=\"og:locale\" content=\"pt_BR\" \/>\n<meta property=\"og:type\" content=\"article\" \/>\n<meta property=\"og:title\" content=\"Zema \u00e9 o demagogo que corta a vida de Minas para alimentar o ego em Sampa - Notibras\" \/>\n<meta property=\"og:description\" content=\"Enquanto Romeu Zema circula por S\u00e3o Paulo e sobe em palanque em ato bolsonarista esvaziado, a popula\u00e7\u00e3o da Zona da Mata mineira enfrenta dias de medo, lama e perdas. S\u00e3o fam\u00edlias desalojadas, cidades parcialmente isoladas, com\u00e9rcios destru\u00eddos e vidas interrompidas pela for\u00e7a da chuva. Em momentos como esse, espera-se lideran\u00e7a, coordena\u00e7\u00e3o e presen\u00e7a efetiva do [&hellip;]\" \/>\n<meta property=\"og:url\" content=\"https:\/\/www.notibras.com\/site\/zema-e-o-demagogo-que-corta-a-vida-de-minas-para-alimentar-o-ego-em-sampa\/\" \/>\n<meta property=\"og:site_name\" content=\"Notibras\" \/>\n<meta property=\"article:publisher\" content=\"https:\/\/www.facebook.com\/notibras\/\" \/>\n<meta property=\"article:published_time\" content=\"2026-03-02T05:15:20+00:00\" \/>\n<meta property=\"article:modified_time\" content=\"2026-03-02T09:04:37+00:00\" \/>\n<meta property=\"og:image\" content=\"https:\/\/www.notibras.com\/site\/wp-content\/uploads\/2026\/03\/WhatsApp-Image-2026-03-01-at-23.24.44.jpeg\" \/>\n\t<meta property=\"og:image:width\" content=\"1280\" \/>\n\t<meta property=\"og:image:height\" content=\"569\" \/>\n\t<meta property=\"og:image:type\" content=\"image\/jpeg\" \/>\n<meta name=\"author\" content=\"Eduardo Mart\u00ednez\" \/>\n<meta name=\"twitter:card\" content=\"summary_large_image\" \/>\n<meta name=\"twitter:creator\" content=\"@Notibras\" \/>\n<meta name=\"twitter:site\" content=\"@Notibras\" \/>\n<meta name=\"twitter:label1\" content=\"Escrito por\" \/>\n\t<meta name=\"twitter:data1\" content=\"Eduardo Mart\u00ednez\" \/>\n\t<meta name=\"twitter:label2\" content=\"Est. tempo de leitura\" \/>\n\t<meta name=\"twitter:data2\" content=\"2 minutos\" \/>\n<script type=\"application\/ld+json\" class=\"yoast-schema-graph\">{\"@context\":\"https:\/\/schema.org\",\"@graph\":[{\"@type\":\"Article\",\"@id\":\"https:\/\/www.notibras.com\/site\/zema-e-o-demagogo-que-corta-a-vida-de-minas-para-alimentar-o-ego-em-sampa\/#article\",\"isPartOf\":{\"@id\":\"https:\/\/www.notibras.com\/site\/zema-e-o-demagogo-que-corta-a-vida-de-minas-para-alimentar-o-ego-em-sampa\/\"},\"author\":{\"name\":\"Eduardo Mart\u00ednez\",\"@id\":\"https:\/\/www.notibras.com\/site\/#\/schema\/person\/5b7fabf2aedc3ada2105f03b22b4d3dd\"},\"headline\":\"Zema \u00e9 o demagogo que corta a vida de Minas para alimentar o ego em Sampa\",\"datePublished\":\"2026-03-02T05:15:20+00:00\",\"dateModified\":\"2026-03-02T09:04:37+00:00\",\"mainEntityOfPage\":{\"@id\":\"https:\/\/www.notibras.com\/site\/zema-e-o-demagogo-que-corta-a-vida-de-minas-para-alimentar-o-ego-em-sampa\/\"},\"wordCount\":253,\"publisher\":{\"@id\":\"https:\/\/www.notibras.com\/site\/#organization\"},\"image\":{\"@id\":\"https:\/\/www.notibras.com\/site\/zema-e-o-demagogo-que-corta-a-vida-de-minas-para-alimentar-o-ego-em-sampa\/#primaryimage\"},\"thumbnailUrl\":\"https:\/\/www.notibras.com\/site\/wp-content\/uploads\/2026\/03\/WhatsApp-Image-2026-03-01-at-23.24.44.jpeg\",\"articleSection\":[\"Dona Irene\"],\"inLanguage\":\"pt-BR\"},{\"@type\":\"WebPage\",\"@id\":\"https:\/\/www.notibras.com\/site\/zema-e-o-demagogo-que-corta-a-vida-de-minas-para-alimentar-o-ego-em-sampa\/\",\"url\":\"https:\/\/www.notibras.com\/site\/zema-e-o-demagogo-que-corta-a-vida-de-minas-para-alimentar-o-ego-em-sampa\/\",\"name\":\"Zema \u00e9 o demagogo que corta a vida de Minas para alimentar o ego em Sampa - Notibras\",\"isPartOf\":{\"@id\":\"https:\/\/www.notibras.com\/site\/#website\"},\"primaryImageOfPage\":{\"@id\":\"https:\/\/www.notibras.com\/site\/zema-e-o-demagogo-que-corta-a-vida-de-minas-para-alimentar-o-ego-em-sampa\/#primaryimage\"},\"image\":{\"@id\":\"https:\/\/www.notibras.com\/site\/zema-e-o-demagogo-que-corta-a-vida-de-minas-para-alimentar-o-ego-em-sampa\/#primaryimage\"},\"thumbnailUrl\":\"https:\/\/www.notibras.com\/site\/wp-content\/uploads\/2026\/03\/WhatsApp-Image-2026-03-01-at-23.24.44.jpeg\",\"datePublished\":\"2026-03-02T05:15:20+00:00\",\"dateModified\":\"2026-03-02T09:04:37+00:00\",\"breadcrumb\":{\"@id\":\"https:\/\/www.notibras.com\/site\/zema-e-o-demagogo-que-corta-a-vida-de-minas-para-alimentar-o-ego-em-sampa\/#breadcrumb\"},\"inLanguage\":\"pt-BR\",\"potentialAction\":[{\"@type\":\"ReadAction\",\"target\":[\"https:\/\/www.notibras.com\/site\/zema-e-o-demagogo-que-corta-a-vida-de-minas-para-alimentar-o-ego-em-sampa\/\"]}]},{\"@type\":\"ImageObject\",\"inLanguage\":\"pt-BR\",\"@id\":\"https:\/\/www.notibras.com\/site\/zema-e-o-demagogo-que-corta-a-vida-de-minas-para-alimentar-o-ego-em-sampa\/#primaryimage\",\"url\":\"https:\/\/www.notibras.com\/site\/wp-content\/uploads\/2026\/03\/WhatsApp-Image-2026-03-01-at-23.24.44.jpeg\",\"contentUrl\":\"https:\/\/www.notibras.com\/site\/wp-content\/uploads\/2026\/03\/WhatsApp-Image-2026-03-01-at-23.24.44.jpeg\",\"width\":1280,\"height\":569},{\"@type\":\"BreadcrumbList\",\"@id\":\"https:\/\/www.notibras.com\/site\/zema-e-o-demagogo-que-corta-a-vida-de-minas-para-alimentar-o-ego-em-sampa\/#breadcrumb\",\"itemListElement\":[{\"@type\":\"ListItem\",\"position\":1,\"name\":\"In\u00edcio\",\"item\":\"https:\/\/www.notibras.com\/site\/\"},{\"@type\":\"ListItem\",\"position\":2,\"name\":\"Zema \u00e9 o demagogo que corta a vida de Minas para alimentar o ego em Sampa\"}]},{\"@type\":\"WebSite\",\"@id\":\"https:\/\/www.notibras.com\/site\/#website\",\"url\":\"https:\/\/www.notibras.com\/site\/\",\"name\":\"Notibras\",\"description\":\"Not\u00edcias de Bras\u00edlia, do Brasil e do Mundo\",\"publisher\":{\"@id\":\"https:\/\/www.notibras.com\/site\/#organization\"},\"potentialAction\":[{\"@type\":\"SearchAction\",\"target\":{\"@type\":\"EntryPoint\",\"urlTemplate\":\"https:\/\/www.notibras.com\/site\/?s={search_term_string}\"},\"query-input\":{\"@type\":\"PropertyValueSpecification\",\"valueRequired\":true,\"valueName\":\"search_term_string\"}}],\"inLanguage\":\"pt-BR\"},{\"@type\":\"Organization\",\"@id\":\"https:\/\/www.notibras.com\/site\/#organization\",\"name\":\"Grupo Notibras de Comunica\u00e7\u00e3o\",\"url\":\"https:\/\/www.notibras.com\/site\/\",\"logo\":{\"@type\":\"ImageObject\",\"inLanguage\":\"pt-BR\",\"@id\":\"https:\/\/www.notibras.com\/site\/#\/schema\/logo\/image\/\",\"url\":\"https:\/\/www.notibras.com\/site\/wp-content\/uploads\/2023\/01\/notibras23.png\",\"contentUrl\":\"https:\/\/www.notibras.com\/site\/wp-content\/uploads\/2023\/01\/notibras23.png\",\"width\":350,\"height\":87,\"caption\":\"Grupo Notibras de Comunica\u00e7\u00e3o\"},\"image\":{\"@id\":\"https:\/\/www.notibras.com\/site\/#\/schema\/logo\/image\/\"},\"sameAs\":[\"https:\/\/www.facebook.com\/notibras\/\",\"https:\/\/x.com\/Notibras\",\"https:\/\/www.instagram.com\/notibras\/\"]},{\"@type\":\"Person\",\"@id\":\"https:\/\/www.notibras.com\/site\/#\/schema\/person\/5b7fabf2aedc3ada2105f03b22b4d3dd\",\"name\":\"Eduardo Mart\u00ednez\",\"image\":{\"@type\":\"ImageObject\",\"inLanguage\":\"pt-BR\",\"@id\":\"https:\/\/secure.gravatar.com\/avatar\/7902f906289926289cbcda644b5197c796b893c6ffd7b9a536a42d290f7704a0?s=96&d=mm&r=g\",\"url\":\"https:\/\/secure.gravatar.com\/avatar\/7902f906289926289cbcda644b5197c796b893c6ffd7b9a536a42d290f7704a0?s=96&d=mm&r=g\",\"contentUrl\":\"https:\/\/secure.gravatar.com\/avatar\/7902f906289926289cbcda644b5197c796b893c6ffd7b9a536a42d290f7704a0?s=96&d=mm&r=g\",\"caption\":\"Eduardo Mart\u00ednez\"}}]}<\/script>\n<!-- \/ Yoast SEO plugin. -->","yoast_head_json":{"title":"Zema \u00e9 o demagogo que corta a vida de Minas para alimentar o ego em Sampa - Notibras","robots":{"index":"index","follow":"follow","max-snippet":"max-snippet:-1","max-image-preview":"max-image-preview:large","max-video-preview":"max-video-preview:-1"},"canonical":"https:\/\/www.notibras.com\/site\/zema-e-o-demagogo-que-corta-a-vida-de-minas-para-alimentar-o-ego-em-sampa\/","og_locale":"pt_BR","og_type":"article","og_title":"Zema \u00e9 o demagogo que corta a vida de Minas para alimentar o ego em Sampa - Notibras","og_description":"Enquanto Romeu Zema circula por S\u00e3o Paulo e sobe em palanque em ato bolsonarista esvaziado, a popula\u00e7\u00e3o da Zona da Mata mineira enfrenta dias de medo, lama e perdas. S\u00e3o fam\u00edlias desalojadas, cidades parcialmente isoladas, com\u00e9rcios destru\u00eddos e vidas interrompidas pela for\u00e7a da chuva. Em momentos como esse, espera-se lideran\u00e7a, coordena\u00e7\u00e3o e presen\u00e7a efetiva do [&hellip;]","og_url":"https:\/\/www.notibras.com\/site\/zema-e-o-demagogo-que-corta-a-vida-de-minas-para-alimentar-o-ego-em-sampa\/","og_site_name":"Notibras","article_publisher":"https:\/\/www.facebook.com\/notibras\/","article_published_time":"2026-03-02T05:15:20+00:00","article_modified_time":"2026-03-02T09:04:37+00:00","og_image":[{"width":1280,"height":569,"url":"https:\/\/www.notibras.com\/site\/wp-content\/uploads\/2026\/03\/WhatsApp-Image-2026-03-01-at-23.24.44.jpeg","type":"image\/jpeg"}],"author":"Eduardo Mart\u00ednez","twitter_card":"summary_large_image","twitter_creator":"@Notibras","twitter_site":"@Notibras","twitter_misc":{"Escrito por":"Eduardo Mart\u00ednez","Est. tempo de leitura":"2 minutos"},"schema":{"@context":"https:\/\/schema.org","@graph":[{"@type":"Article","@id":"https:\/\/www.notibras.com\/site\/zema-e-o-demagogo-que-corta-a-vida-de-minas-para-alimentar-o-ego-em-sampa\/#article","isPartOf":{"@id":"https:\/\/www.notibras.com\/site\/zema-e-o-demagogo-que-corta-a-vida-de-minas-para-alimentar-o-ego-em-sampa\/"},"author":{"name":"Eduardo Mart\u00ednez","@id":"https:\/\/www.notibras.com\/site\/#\/schema\/person\/5b7fabf2aedc3ada2105f03b22b4d3dd"},"headline":"Zema \u00e9 o demagogo que corta a vida de Minas para alimentar o ego em Sampa","datePublished":"2026-03-02T05:15:20+00:00","dateModified":"2026-03-02T09:04:37+00:00","mainEntityOfPage":{"@id":"https:\/\/www.notibras.com\/site\/zema-e-o-demagogo-que-corta-a-vida-de-minas-para-alimentar-o-ego-em-sampa\/"},"wordCount":253,"publisher":{"@id":"https:\/\/www.notibras.com\/site\/#organization"},"image":{"@id":"https:\/\/www.notibras.com\/site\/zema-e-o-demagogo-que-corta-a-vida-de-minas-para-alimentar-o-ego-em-sampa\/#primaryimage"},"thumbnailUrl":"https:\/\/www.notibras.com\/site\/wp-content\/uploads\/2026\/03\/WhatsApp-Image-2026-03-01-at-23.24.44.jpeg","articleSection":["Dona Irene"],"inLanguage":"pt-BR"},{"@type":"WebPage","@id":"https:\/\/www.notibras.com\/site\/zema-e-o-demagogo-que-corta-a-vida-de-minas-para-alimentar-o-ego-em-sampa\/","url":"https:\/\/www.notibras.com\/site\/zema-e-o-demagogo-que-corta-a-vida-de-minas-para-alimentar-o-ego-em-sampa\/","name":"Zema \u00e9 o demagogo que corta a vida de Minas para alimentar o ego em Sampa - Notibras","isPartOf":{"@id":"https:\/\/www.notibras.com\/site\/#website"},"primaryImageOfPage":{"@id":"https:\/\/www.notibras.com\/site\/zema-e-o-demagogo-que-corta-a-vida-de-minas-para-alimentar-o-ego-em-sampa\/#primaryimage"},"image":{"@id":"https:\/\/www.notibras.com\/site\/zema-e-o-demagogo-que-corta-a-vida-de-minas-para-alimentar-o-ego-em-sampa\/#primaryimage"},"thumbnailUrl":"https:\/\/www.notibras.com\/site\/wp-content\/uploads\/2026\/03\/WhatsApp-Image-2026-03-01-at-23.24.44.jpeg","datePublished":"2026-03-02T05:15:20+00:00","dateModified":"2026-03-02T09:04:37+00:00","breadcrumb":{"@id":"https:\/\/www.notibras.com\/site\/zema-e-o-demagogo-que-corta-a-vida-de-minas-para-alimentar-o-ego-em-sampa\/#breadcrumb"},"inLanguage":"pt-BR","potentialAction":[{"@type":"ReadAction","target":["https:\/\/www.notibras.com\/site\/zema-e-o-demagogo-que-corta-a-vida-de-minas-para-alimentar-o-ego-em-sampa\/"]}]},{"@type":"ImageObject","inLanguage":"pt-BR","@id":"https:\/\/www.notibras.com\/site\/zema-e-o-demagogo-que-corta-a-vida-de-minas-para-alimentar-o-ego-em-sampa\/#primaryimage","url":"https:\/\/www.notibras.com\/site\/wp-content\/uploads\/2026\/03\/WhatsApp-Image-2026-03-01-at-23.24.44.jpeg","contentUrl":"https:\/\/www.notibras.com\/site\/wp-content\/uploads\/2026\/03\/WhatsApp-Image-2026-03-01-at-23.24.44.jpeg","width":1280,"height":569},{"@type":"BreadcrumbList","@id":"https:\/\/www.notibras.com\/site\/zema-e-o-demagogo-que-corta-a-vida-de-minas-para-alimentar-o-ego-em-sampa\/#breadcrumb","itemListElement":[{"@type":"ListItem","position":1,"name":"In\u00edcio","item":"https:\/\/www.notibras.com\/site\/"},{"@type":"ListItem","position":2,"name":"Zema \u00e9 o demagogo que corta a vida de Minas para alimentar o ego em Sampa"}]},{"@type":"WebSite","@id":"https:\/\/www.notibras.com\/site\/#website","url":"https:\/\/www.notibras.com\/site\/","name":"Notibras","description":"Not\u00edcias de Bras\u00edlia, do Brasil e do Mundo","publisher":{"@id":"https:\/\/www.notibras.com\/site\/#organization"},"potentialAction":[{"@type":"SearchAction","target":{"@type":"EntryPoint","urlTemplate":"https:\/\/www.notibras.com\/site\/?s={search_term_string}"},"query-input":{"@type":"PropertyValueSpecification","valueRequired":true,"valueName":"search_term_string"}}],"inLanguage":"pt-BR"},{"@type":"Organization","@id":"https:\/\/www.notibras.com\/site\/#organization","name":"Grupo Notibras de Comunica\u00e7\u00e3o","url":"https:\/\/www.notibras.com\/site\/","logo":{"@type":"ImageObject","inLanguage":"pt-BR","@id":"https:\/\/www.notibras.com\/site\/#\/schema\/logo\/image\/","url":"https:\/\/www.notibras.com\/site\/wp-content\/uploads\/2023\/01\/notibras23.png","contentUrl":"https:\/\/www.notibras.com\/site\/wp-content\/uploads\/2023\/01\/notibras23.png","width":350,"height":87,"caption":"Grupo Notibras de Comunica\u00e7\u00e3o"},"image":{"@id":"https:\/\/www.notibras.com\/site\/#\/schema\/logo\/image\/"},"sameAs":["https:\/\/www.facebook.com\/notibras\/","https:\/\/x.com\/Notibras","https:\/\/www.instagram.com\/notibras\/"]},{"@type":"Person","@id":"https:\/\/www.notibras.com\/site\/#\/schema\/person\/5b7fabf2aedc3ada2105f03b22b4d3dd","name":"Eduardo Mart\u00ednez","image":{"@type":"ImageObject","inLanguage":"pt-BR","@id":"https:\/\/secure.gravatar.com\/avatar\/7902f906289926289cbcda644b5197c796b893c6ffd7b9a536a42d290f7704a0?s=96&d=mm&r=g","url":"https:\/\/secure.gravatar.com\/avatar\/7902f906289926289cbcda644b5197c796b893c6ffd7b9a536a42d290f7704a0?s=96&d=mm&r=g","contentUrl":"https:\/\/secure.gravatar.com\/avatar\/7902f906289926289cbcda644b5197c796b893c6ffd7b9a536a42d290f7704a0?s=96&d=mm&r=g","caption":"Eduardo Mart\u00ednez"}}]}},"amp_enabled":true,"_links":{"self":[{"href":"https:\/\/www.notibras.com\/site\/wp-json\/wp\/v2\/posts\/385255","targetHints":{"allow":["GET"]}}],"collection":[{"href":"https:\/\/www.notibras.com\/site\/wp-json\/wp\/v2\/posts"}],"about":[{"href":"https:\/\/www.notibras.com\/site\/wp-json\/wp\/v2\/types\/post"}],"author":[{"embeddable":true,"href":"https:\/\/www.notibras.com\/site\/wp-json\/wp\/v2\/users\/21"}],"replies":[{"embeddable":true,"href":"https:\/\/www.notibras.com\/site\/wp-json\/wp\/v2\/comments?post=385255"}],"version-history":[{"count":6,"href":"https:\/\/www.notibras.com\/site\/wp-json\/wp\/v2\/posts\/385255\/revisions"}],"predecessor-version":[{"id":385269,"href":"https:\/\/www.notibras.com\/site\/wp-json\/wp\/v2\/posts\/385255\/revisions\/385269"}],"wp:featuredmedia":[{"embeddable":true,"href":"https:\/\/www.notibras.com\/site\/wp-json\/wp\/v2\/media\/385257"}],"wp:attachment":[{"href":"https:\/\/www.notibras.com\/site\/wp-json\/wp\/v2\/media?parent=385255"}],"wp:term":[{"taxonomy":"category","embeddable":true,"href":"https:\/\/www.notibras.com\/site\/wp-json\/wp\/v2\/categories?post=385255"},{"taxonomy":"post_tag","embeddable":true,"href":"https:\/\/www.notibras.com\/site\/wp-json\/wp\/v2\/tags?post=385255"}],"curies":[{"name":"wp","href":"https:\/\/api.w.org\/{rel}","templated":true}]}}