{"id":385311,"date":"2026-03-03T00:15:46","date_gmt":"2026-03-03T03:15:46","guid":{"rendered":"https:\/\/www.notibras.com\/site\/?p=385311"},"modified":"2026-03-02T11:44:26","modified_gmt":"2026-03-02T14:44:26","slug":"projeto-mulheres-no-campo-abre-100-vagas","status":"publish","type":"post","link":"https:\/\/www.notibras.com\/site\/projeto-mulheres-no-campo-abre-100-vagas\/","title":{"rendered":"Projeto Mulheres no Campo abre 100 vagas"},"content":{"rendered":"<p>O Governo do Distrito Federal (GDF), por meio da Secretaria de Desenvolvimento Econ\u00f4mico, Trabalho e Renda (Sedet-DF), reabriu o chamamento p\u00fablico para o preenchimento de 100 vagas destinadas aos cursos de qualifica\u00e7\u00e3o profissional do projeto Mulheres no Campo.<\/p>\n<p>A iniciativa tem como objetivo promover processo para selecionar mulheres interessadas em participar do projeto, que busca promover capacita\u00e7\u00e3o profissional e ampliar oportunidades no meio rural do Distrito Federal.<\/p>\n<p>As inscri\u00e7\u00f5es ser\u00e3o feitas exclusivamente de forma eletr\u00f4nica, por meio do <a href=\"https:\/\/app.setrab.df.gov.br\/acesso\">portal da Sedet-DF<\/a>, entre esta segunda (2) e a quarta-feira (4).<\/p>\n<p>O projeto Mulheres no Campo integra as a\u00e7\u00f5es do GDF voltadas \u00e0 qualifica\u00e7\u00e3o profissional e ao fortalecimento da autonomia econ\u00f4mica das mulheres, contribuindo para o desenvolvimento social e produtivo no campo.<\/p>\n<p>Clique<a href=\"http:\/\/documents\/d\/sedet\/sei_196066541_oficio_518-pdf\"> aqui<\/a> e confira o edital.<\/p>\n","protected":false},"excerpt":{"rendered":"<p>O Governo do Distrito Federal (GDF), por meio da Secretaria de Desenvolvimento Econ\u00f4mico, Trabalho e Renda (Sedet-DF), reabriu o chamamento p\u00fablico para o preenchimento de 100 vagas destinadas aos cursos de qualifica\u00e7\u00e3o profissional do projeto Mulheres no Campo. A iniciativa tem como objetivo promover processo para selecionar mulheres interessadas em participar do projeto, que busca [&hellip;]<\/p>\n","protected":false},"author":21,"featured_media":385312,"comment_status":"closed","ping_status":"closed","sticky":false,"template":"","format":"standard","meta":{"_acf_changed":false,"footnotes":""},"categories":[161],"tags":[],"class_list":["post-385311","post","type-post","status-publish","format-standard","has-post-thumbnail","hentry","category-quadradinho-em-foco"],"acf":[],"yoast_head":"<!-- This site is optimized with the Yoast SEO plugin v27.2 - https:\/\/yoast.com\/product\/yoast-seo-wordpress\/ -->\n<title>Projeto Mulheres no Campo abre 100 vagas - Notibras<\/title>\n<meta name=\"robots\" content=\"index, follow, max-snippet:-1, max-image-preview:large, max-video-preview:-1\" \/>\n<link rel=\"canonical\" href=\"https:\/\/www.notibras.com\/site\/projeto-mulheres-no-campo-abre-100-vagas\/\" \/>\n<meta property=\"og:locale\" content=\"pt_BR\" \/>\n<meta property=\"og:type\" content=\"article\" \/>\n<meta property=\"og:title\" content=\"Projeto Mulheres no Campo abre 100 vagas - Notibras\" \/>\n<meta property=\"og:description\" content=\"O Governo do Distrito Federal (GDF), por meio da Secretaria de Desenvolvimento Econ\u00f4mico, Trabalho e Renda (Sedet-DF), reabriu o chamamento p\u00fablico para o preenchimento de 100 vagas destinadas aos cursos de qualifica\u00e7\u00e3o profissional do projeto Mulheres no Campo. A iniciativa tem como objetivo promover processo para selecionar mulheres interessadas em participar do projeto, que busca [&hellip;]\" \/>\n<meta property=\"og:url\" content=\"https:\/\/www.notibras.com\/site\/projeto-mulheres-no-campo-abre-100-vagas\/\" \/>\n<meta property=\"og:site_name\" content=\"Notibras\" \/>\n<meta property=\"article:publisher\" content=\"https:\/\/www.facebook.com\/notibras\/\" \/>\n<meta property=\"article:published_time\" content=\"2026-03-03T03:15:46+00:00\" \/>\n<meta property=\"og:image\" content=\"https:\/\/www.notibras.com\/site\/wp-content\/uploads\/2026\/03\/25.4.-Feiras-de-produtores-rurais.-Foto-divulgacao-SETUR-DF.jpg\" \/>\n\t<meta property=\"og:image:width\" content=\"2315\" \/>\n\t<meta property=\"og:image:height\" content=\"1543\" \/>\n\t<meta property=\"og:image:type\" content=\"image\/jpeg\" \/>\n<meta name=\"author\" content=\"Eduardo Mart\u00ednez\" \/>\n<meta name=\"twitter:card\" content=\"summary_large_image\" \/>\n<meta name=\"twitter:creator\" content=\"@Notibras\" \/>\n<meta name=\"twitter:site\" content=\"@Notibras\" \/>\n<meta name=\"twitter:label1\" content=\"Escrito por\" \/>\n\t<meta name=\"twitter:data1\" content=\"Eduardo Mart\u00ednez\" \/>\n\t<meta name=\"twitter:label2\" content=\"Est. tempo de leitura\" \/>\n\t<meta name=\"twitter:data2\" content=\"1 minuto\" \/>\n<script type=\"application\/ld+json\" class=\"yoast-schema-graph\">{\"@context\":\"https:\/\/schema.org\",\"@graph\":[{\"@type\":\"Article\",\"@id\":\"https:\/\/www.notibras.com\/site\/projeto-mulheres-no-campo-abre-100-vagas\/#article\",\"isPartOf\":{\"@id\":\"https:\/\/www.notibras.com\/site\/projeto-mulheres-no-campo-abre-100-vagas\/\"},\"author\":{\"name\":\"Eduardo Mart\u00ednez\",\"@id\":\"https:\/\/www.notibras.com\/site\/#\/schema\/person\/5b7fabf2aedc3ada2105f03b22b4d3dd\"},\"headline\":\"Projeto Mulheres no Campo abre 100 vagas\",\"datePublished\":\"2026-03-03T03:15:46+00:00\",\"mainEntityOfPage\":{\"@id\":\"https:\/\/www.notibras.com\/site\/projeto-mulheres-no-campo-abre-100-vagas\/\"},\"wordCount\":138,\"publisher\":{\"@id\":\"https:\/\/www.notibras.com\/site\/#organization\"},\"image\":{\"@id\":\"https:\/\/www.notibras.com\/site\/projeto-mulheres-no-campo-abre-100-vagas\/#primaryimage\"},\"thumbnailUrl\":\"https:\/\/www.notibras.com\/site\/wp-content\/uploads\/2026\/03\/25.4.-Feiras-de-produtores-rurais.-Foto-divulgacao-SETUR-DF.jpg\",\"articleSection\":[\"Quadradinho em Foco\"],\"inLanguage\":\"pt-BR\"},{\"@type\":\"WebPage\",\"@id\":\"https:\/\/www.notibras.com\/site\/projeto-mulheres-no-campo-abre-100-vagas\/\",\"url\":\"https:\/\/www.notibras.com\/site\/projeto-mulheres-no-campo-abre-100-vagas\/\",\"name\":\"Projeto Mulheres no Campo abre 100 vagas - Notibras\",\"isPartOf\":{\"@id\":\"https:\/\/www.notibras.com\/site\/#website\"},\"primaryImageOfPage\":{\"@id\":\"https:\/\/www.notibras.com\/site\/projeto-mulheres-no-campo-abre-100-vagas\/#primaryimage\"},\"image\":{\"@id\":\"https:\/\/www.notibras.com\/site\/projeto-mulheres-no-campo-abre-100-vagas\/#primaryimage\"},\"thumbnailUrl\":\"https:\/\/www.notibras.com\/site\/wp-content\/uploads\/2026\/03\/25.4.-Feiras-de-produtores-rurais.-Foto-divulgacao-SETUR-DF.jpg\",\"datePublished\":\"2026-03-03T03:15:46+00:00\",\"breadcrumb\":{\"@id\":\"https:\/\/www.notibras.com\/site\/projeto-mulheres-no-campo-abre-100-vagas\/#breadcrumb\"},\"inLanguage\":\"pt-BR\",\"potentialAction\":[{\"@type\":\"ReadAction\",\"target\":[\"https:\/\/www.notibras.com\/site\/projeto-mulheres-no-campo-abre-100-vagas\/\"]}]},{\"@type\":\"ImageObject\",\"inLanguage\":\"pt-BR\",\"@id\":\"https:\/\/www.notibras.com\/site\/projeto-mulheres-no-campo-abre-100-vagas\/#primaryimage\",\"url\":\"https:\/\/www.notibras.com\/site\/wp-content\/uploads\/2026\/03\/25.4.-Feiras-de-produtores-rurais.-Foto-divulgacao-SETUR-DF.jpg\",\"contentUrl\":\"https:\/\/www.notibras.com\/site\/wp-content\/uploads\/2026\/03\/25.4.-Feiras-de-produtores-rurais.-Foto-divulgacao-SETUR-DF.jpg\",\"width\":2315,\"height\":1543},{\"@type\":\"BreadcrumbList\",\"@id\":\"https:\/\/www.notibras.com\/site\/projeto-mulheres-no-campo-abre-100-vagas\/#breadcrumb\",\"itemListElement\":[{\"@type\":\"ListItem\",\"position\":1,\"name\":\"In\u00edcio\",\"item\":\"https:\/\/www.notibras.com\/site\/\"},{\"@type\":\"ListItem\",\"position\":2,\"name\":\"Projeto Mulheres no Campo abre 100 vagas\"}]},{\"@type\":\"WebSite\",\"@id\":\"https:\/\/www.notibras.com\/site\/#website\",\"url\":\"https:\/\/www.notibras.com\/site\/\",\"name\":\"Notibras\",\"description\":\"Not\u00edcias de Bras\u00edlia, do Brasil e do Mundo\",\"publisher\":{\"@id\":\"https:\/\/www.notibras.com\/site\/#organization\"},\"potentialAction\":[{\"@type\":\"SearchAction\",\"target\":{\"@type\":\"EntryPoint\",\"urlTemplate\":\"https:\/\/www.notibras.com\/site\/?s={search_term_string}\"},\"query-input\":{\"@type\":\"PropertyValueSpecification\",\"valueRequired\":true,\"valueName\":\"search_term_string\"}}],\"inLanguage\":\"pt-BR\"},{\"@type\":\"Organization\",\"@id\":\"https:\/\/www.notibras.com\/site\/#organization\",\"name\":\"Grupo Notibras de Comunica\u00e7\u00e3o\",\"url\":\"https:\/\/www.notibras.com\/site\/\",\"logo\":{\"@type\":\"ImageObject\",\"inLanguage\":\"pt-BR\",\"@id\":\"https:\/\/www.notibras.com\/site\/#\/schema\/logo\/image\/\",\"url\":\"https:\/\/www.notibras.com\/site\/wp-content\/uploads\/2023\/01\/notibras23.png\",\"contentUrl\":\"https:\/\/www.notibras.com\/site\/wp-content\/uploads\/2023\/01\/notibras23.png\",\"width\":350,\"height\":87,\"caption\":\"Grupo Notibras de Comunica\u00e7\u00e3o\"},\"image\":{\"@id\":\"https:\/\/www.notibras.com\/site\/#\/schema\/logo\/image\/\"},\"sameAs\":[\"https:\/\/www.facebook.com\/notibras\/\",\"https:\/\/x.com\/Notibras\",\"https:\/\/www.instagram.com\/notibras\/\"]},{\"@type\":\"Person\",\"@id\":\"https:\/\/www.notibras.com\/site\/#\/schema\/person\/5b7fabf2aedc3ada2105f03b22b4d3dd\",\"name\":\"Eduardo Mart\u00ednez\",\"image\":{\"@type\":\"ImageObject\",\"inLanguage\":\"pt-BR\",\"@id\":\"https:\/\/secure.gravatar.com\/avatar\/7902f906289926289cbcda644b5197c796b893c6ffd7b9a536a42d290f7704a0?s=96&d=mm&r=g\",\"url\":\"https:\/\/secure.gravatar.com\/avatar\/7902f906289926289cbcda644b5197c796b893c6ffd7b9a536a42d290f7704a0?s=96&d=mm&r=g\",\"contentUrl\":\"https:\/\/secure.gravatar.com\/avatar\/7902f906289926289cbcda644b5197c796b893c6ffd7b9a536a42d290f7704a0?s=96&d=mm&r=g\",\"caption\":\"Eduardo Mart\u00ednez\"}}]}<\/script>\n<!-- \/ Yoast SEO plugin. -->","yoast_head_json":{"title":"Projeto Mulheres no Campo abre 100 vagas - Notibras","robots":{"index":"index","follow":"follow","max-snippet":"max-snippet:-1","max-image-preview":"max-image-preview:large","max-video-preview":"max-video-preview:-1"},"canonical":"https:\/\/www.notibras.com\/site\/projeto-mulheres-no-campo-abre-100-vagas\/","og_locale":"pt_BR","og_type":"article","og_title":"Projeto Mulheres no Campo abre 100 vagas - Notibras","og_description":"O Governo do Distrito Federal (GDF), por meio da Secretaria de Desenvolvimento Econ\u00f4mico, Trabalho e Renda (Sedet-DF), reabriu o chamamento p\u00fablico para o preenchimento de 100 vagas destinadas aos cursos de qualifica\u00e7\u00e3o profissional do projeto Mulheres no Campo. A iniciativa tem como objetivo promover processo para selecionar mulheres interessadas em participar do projeto, que busca [&hellip;]","og_url":"https:\/\/www.notibras.com\/site\/projeto-mulheres-no-campo-abre-100-vagas\/","og_site_name":"Notibras","article_publisher":"https:\/\/www.facebook.com\/notibras\/","article_published_time":"2026-03-03T03:15:46+00:00","og_image":[{"width":2315,"height":1543,"url":"https:\/\/www.notibras.com\/site\/wp-content\/uploads\/2026\/03\/25.4.-Feiras-de-produtores-rurais.-Foto-divulgacao-SETUR-DF.jpg","type":"image\/jpeg"}],"author":"Eduardo Mart\u00ednez","twitter_card":"summary_large_image","twitter_creator":"@Notibras","twitter_site":"@Notibras","twitter_misc":{"Escrito por":"Eduardo Mart\u00ednez","Est. tempo de leitura":"1 minuto"},"schema":{"@context":"https:\/\/schema.org","@graph":[{"@type":"Article","@id":"https:\/\/www.notibras.com\/site\/projeto-mulheres-no-campo-abre-100-vagas\/#article","isPartOf":{"@id":"https:\/\/www.notibras.com\/site\/projeto-mulheres-no-campo-abre-100-vagas\/"},"author":{"name":"Eduardo Mart\u00ednez","@id":"https:\/\/www.notibras.com\/site\/#\/schema\/person\/5b7fabf2aedc3ada2105f03b22b4d3dd"},"headline":"Projeto Mulheres no Campo abre 100 vagas","datePublished":"2026-03-03T03:15:46+00:00","mainEntityOfPage":{"@id":"https:\/\/www.notibras.com\/site\/projeto-mulheres-no-campo-abre-100-vagas\/"},"wordCount":138,"publisher":{"@id":"https:\/\/www.notibras.com\/site\/#organization"},"image":{"@id":"https:\/\/www.notibras.com\/site\/projeto-mulheres-no-campo-abre-100-vagas\/#primaryimage"},"thumbnailUrl":"https:\/\/www.notibras.com\/site\/wp-content\/uploads\/2026\/03\/25.4.-Feiras-de-produtores-rurais.-Foto-divulgacao-SETUR-DF.jpg","articleSection":["Quadradinho em Foco"],"inLanguage":"pt-BR"},{"@type":"WebPage","@id":"https:\/\/www.notibras.com\/site\/projeto-mulheres-no-campo-abre-100-vagas\/","url":"https:\/\/www.notibras.com\/site\/projeto-mulheres-no-campo-abre-100-vagas\/","name":"Projeto Mulheres no Campo abre 100 vagas - Notibras","isPartOf":{"@id":"https:\/\/www.notibras.com\/site\/#website"},"primaryImageOfPage":{"@id":"https:\/\/www.notibras.com\/site\/projeto-mulheres-no-campo-abre-100-vagas\/#primaryimage"},"image":{"@id":"https:\/\/www.notibras.com\/site\/projeto-mulheres-no-campo-abre-100-vagas\/#primaryimage"},"thumbnailUrl":"https:\/\/www.notibras.com\/site\/wp-content\/uploads\/2026\/03\/25.4.-Feiras-de-produtores-rurais.-Foto-divulgacao-SETUR-DF.jpg","datePublished":"2026-03-03T03:15:46+00:00","breadcrumb":{"@id":"https:\/\/www.notibras.com\/site\/projeto-mulheres-no-campo-abre-100-vagas\/#breadcrumb"},"inLanguage":"pt-BR","potentialAction":[{"@type":"ReadAction","target":["https:\/\/www.notibras.com\/site\/projeto-mulheres-no-campo-abre-100-vagas\/"]}]},{"@type":"ImageObject","inLanguage":"pt-BR","@id":"https:\/\/www.notibras.com\/site\/projeto-mulheres-no-campo-abre-100-vagas\/#primaryimage","url":"https:\/\/www.notibras.com\/site\/wp-content\/uploads\/2026\/03\/25.4.-Feiras-de-produtores-rurais.-Foto-divulgacao-SETUR-DF.jpg","contentUrl":"https:\/\/www.notibras.com\/site\/wp-content\/uploads\/2026\/03\/25.4.-Feiras-de-produtores-rurais.-Foto-divulgacao-SETUR-DF.jpg","width":2315,"height":1543},{"@type":"BreadcrumbList","@id":"https:\/\/www.notibras.com\/site\/projeto-mulheres-no-campo-abre-100-vagas\/#breadcrumb","itemListElement":[{"@type":"ListItem","position":1,"name":"In\u00edcio","item":"https:\/\/www.notibras.com\/site\/"},{"@type":"ListItem","position":2,"name":"Projeto Mulheres no Campo abre 100 vagas"}]},{"@type":"WebSite","@id":"https:\/\/www.notibras.com\/site\/#website","url":"https:\/\/www.notibras.com\/site\/","name":"Notibras","description":"Not\u00edcias de Bras\u00edlia, do Brasil e do Mundo","publisher":{"@id":"https:\/\/www.notibras.com\/site\/#organization"},"potentialAction":[{"@type":"SearchAction","target":{"@type":"EntryPoint","urlTemplate":"https:\/\/www.notibras.com\/site\/?s={search_term_string}"},"query-input":{"@type":"PropertyValueSpecification","valueRequired":true,"valueName":"search_term_string"}}],"inLanguage":"pt-BR"},{"@type":"Organization","@id":"https:\/\/www.notibras.com\/site\/#organization","name":"Grupo Notibras de Comunica\u00e7\u00e3o","url":"https:\/\/www.notibras.com\/site\/","logo":{"@type":"ImageObject","inLanguage":"pt-BR","@id":"https:\/\/www.notibras.com\/site\/#\/schema\/logo\/image\/","url":"https:\/\/www.notibras.com\/site\/wp-content\/uploads\/2023\/01\/notibras23.png","contentUrl":"https:\/\/www.notibras.com\/site\/wp-content\/uploads\/2023\/01\/notibras23.png","width":350,"height":87,"caption":"Grupo Notibras de Comunica\u00e7\u00e3o"},"image":{"@id":"https:\/\/www.notibras.com\/site\/#\/schema\/logo\/image\/"},"sameAs":["https:\/\/www.facebook.com\/notibras\/","https:\/\/x.com\/Notibras","https:\/\/www.instagram.com\/notibras\/"]},{"@type":"Person","@id":"https:\/\/www.notibras.com\/site\/#\/schema\/person\/5b7fabf2aedc3ada2105f03b22b4d3dd","name":"Eduardo Mart\u00ednez","image":{"@type":"ImageObject","inLanguage":"pt-BR","@id":"https:\/\/secure.gravatar.com\/avatar\/7902f906289926289cbcda644b5197c796b893c6ffd7b9a536a42d290f7704a0?s=96&d=mm&r=g","url":"https:\/\/secure.gravatar.com\/avatar\/7902f906289926289cbcda644b5197c796b893c6ffd7b9a536a42d290f7704a0?s=96&d=mm&r=g","contentUrl":"https:\/\/secure.gravatar.com\/avatar\/7902f906289926289cbcda644b5197c796b893c6ffd7b9a536a42d290f7704a0?s=96&d=mm&r=g","caption":"Eduardo Mart\u00ednez"}}]}},"amp_enabled":true,"_links":{"self":[{"href":"https:\/\/www.notibras.com\/site\/wp-json\/wp\/v2\/posts\/385311","targetHints":{"allow":["GET"]}}],"collection":[{"href":"https:\/\/www.notibras.com\/site\/wp-json\/wp\/v2\/posts"}],"about":[{"href":"https:\/\/www.notibras.com\/site\/wp-json\/wp\/v2\/types\/post"}],"author":[{"embeddable":true,"href":"https:\/\/www.notibras.com\/site\/wp-json\/wp\/v2\/users\/21"}],"replies":[{"embeddable":true,"href":"https:\/\/www.notibras.com\/site\/wp-json\/wp\/v2\/comments?post=385311"}],"version-history":[{"count":2,"href":"https:\/\/www.notibras.com\/site\/wp-json\/wp\/v2\/posts\/385311\/revisions"}],"predecessor-version":[{"id":385314,"href":"https:\/\/www.notibras.com\/site\/wp-json\/wp\/v2\/posts\/385311\/revisions\/385314"}],"wp:featuredmedia":[{"embeddable":true,"href":"https:\/\/www.notibras.com\/site\/wp-json\/wp\/v2\/media\/385312"}],"wp:attachment":[{"href":"https:\/\/www.notibras.com\/site\/wp-json\/wp\/v2\/media?parent=385311"}],"wp:term":[{"taxonomy":"category","embeddable":true,"href":"https:\/\/www.notibras.com\/site\/wp-json\/wp\/v2\/categories?post=385311"},{"taxonomy":"post_tag","embeddable":true,"href":"https:\/\/www.notibras.com\/site\/wp-json\/wp\/v2\/tags?post=385311"}],"curies":[{"name":"wp","href":"https:\/\/api.w.org\/{rel}","templated":true}]}}