{"id":385315,"date":"2026-03-03T00:30:51","date_gmt":"2026-03-03T03:30:51","guid":{"rendered":"https:\/\/www.notibras.com\/site\/?p=385315"},"modified":"2026-03-02T11:53:01","modified_gmt":"2026-03-02T14:53:01","slug":"equipe-do-helicoptero-sentinela-transporta-coracao-para-transplante","status":"publish","type":"post","link":"https:\/\/www.notibras.com\/site\/equipe-do-helicoptero-sentinela-transporta-coracao-para-transplante\/","title":{"rendered":"Equipe do helic\u00f3ptero Sentinela transporta cora\u00e7\u00e3o para transplante"},"content":{"rendered":"<p>Por volta das 11h de s\u00e1bado (28\/2), a equipe da Unidade de Opera\u00e7\u00e3o A\u00e9rea (Uopa) do Departamento de Tr\u00e2nsito do Distrito Federal (Detran-DF) foi acionada pela Secretaria de Sa\u00fade de Goi\u00e1s para apoiar no transporte da equipe m\u00e9dica e dos equipamentos que chegavam em um voo de S\u00e3o Paulo para Bras\u00edlia para capta\u00e7\u00e3o de mais um cora\u00e7\u00e3o para transplante.<\/p>\n<p>O caso exigia deslocamento imediato at\u00e9 a cidade de \u00c1guas Lindas de Goi\u00e1s, onde seria realizada a capta\u00e7\u00e3o do \u00f3rg\u00e3o. A equipe da Uopa levou a junta m\u00e9dica e os equipamentos necess\u00e1rios para a cirurgia do Aeroporto Internacional de Bras\u00edlia a \u00c1guas Lindas.<\/p>\n<p>E, no in\u00edcio da noite, a aeronave retornou a \u00c1guas Lindas para buscar o cora\u00e7\u00e3o e a equipe m\u00e9dica, conduzindo-os com seguran\u00e7a at\u00e9 o Aeroporto Internacional de Bras\u00edlia, onde uma aeronave particular j\u00e1 aguardava para o embarque imediato rumo a S\u00e3o Paulo.<\/p>\n<p>\u201cGra\u00e7as \u00e0 efici\u00eancia e \u00e0 agilidade da opera\u00e7\u00e3o, foi poss\u00edvel assegurar que o \u00f3rg\u00e3o chegasse em tempo h\u00e1bil, oferecendo ao receptor uma nova oportunidade de vida\u201d, comemora o chefe da Uopa, S\u00e9rgio Dolghi.<\/p>\n","protected":false},"excerpt":{"rendered":"<p>Por volta das 11h de s\u00e1bado (28\/2), a equipe da Unidade de Opera\u00e7\u00e3o A\u00e9rea (Uopa) do Departamento de Tr\u00e2nsito do Distrito Federal (Detran-DF) foi acionada pela Secretaria de Sa\u00fade de Goi\u00e1s para apoiar no transporte da equipe m\u00e9dica e dos equipamentos que chegavam em um voo de S\u00e3o Paulo para Bras\u00edlia para capta\u00e7\u00e3o de mais [&hellip;]<\/p>\n","protected":false},"author":21,"featured_media":385316,"comment_status":"closed","ping_status":"closed","sticky":false,"template":"","format":"standard","meta":{"_acf_changed":false,"footnotes":""},"categories":[161],"tags":[],"class_list":["post-385315","post","type-post","status-publish","format-standard","has-post-thumbnail","hentry","category-quadradinho-em-foco"],"acf":[],"yoast_head":"<!-- This site is optimized with the Yoast SEO plugin v27.2 - https:\/\/yoast.com\/product\/yoast-seo-wordpress\/ -->\n<title>Equipe do helic\u00f3ptero Sentinela transporta cora\u00e7\u00e3o para transplante - Notibras<\/title>\n<meta name=\"robots\" content=\"index, follow, max-snippet:-1, max-image-preview:large, max-video-preview:-1\" \/>\n<link rel=\"canonical\" href=\"https:\/\/www.notibras.com\/site\/equipe-do-helicoptero-sentinela-transporta-coracao-para-transplante\/\" \/>\n<meta property=\"og:locale\" content=\"pt_BR\" \/>\n<meta property=\"og:type\" content=\"article\" \/>\n<meta property=\"og:title\" content=\"Equipe do helic\u00f3ptero Sentinela transporta cora\u00e7\u00e3o para transplante - Notibras\" \/>\n<meta property=\"og:description\" content=\"Por volta das 11h de s\u00e1bado (28\/2), a equipe da Unidade de Opera\u00e7\u00e3o A\u00e9rea (Uopa) do Departamento de Tr\u00e2nsito do Distrito Federal (Detran-DF) foi acionada pela Secretaria de Sa\u00fade de Goi\u00e1s para apoiar no transporte da equipe m\u00e9dica e dos equipamentos que chegavam em um voo de S\u00e3o Paulo para Bras\u00edlia para capta\u00e7\u00e3o de mais [&hellip;]\" \/>\n<meta property=\"og:url\" content=\"https:\/\/www.notibras.com\/site\/equipe-do-helicoptero-sentinela-transporta-coracao-para-transplante\/\" \/>\n<meta property=\"og:site_name\" content=\"Notibras\" \/>\n<meta property=\"article:publisher\" content=\"https:\/\/www.facebook.com\/notibras\/\" \/>\n<meta property=\"article:published_time\" content=\"2026-03-03T03:30:51+00:00\" \/>\n<meta property=\"og:image\" content=\"https:\/\/www.notibras.com\/site\/wp-content\/uploads\/2026\/03\/IMG_5911-1-1024x978.png\" \/>\n\t<meta property=\"og:image:width\" content=\"1024\" \/>\n\t<meta property=\"og:image:height\" content=\"978\" \/>\n\t<meta property=\"og:image:type\" content=\"image\/png\" \/>\n<meta name=\"author\" content=\"Eduardo Mart\u00ednez\" \/>\n<meta name=\"twitter:card\" content=\"summary_large_image\" \/>\n<meta name=\"twitter:creator\" content=\"@Notibras\" \/>\n<meta name=\"twitter:site\" content=\"@Notibras\" \/>\n<meta name=\"twitter:label1\" content=\"Escrito por\" \/>\n\t<meta name=\"twitter:data1\" content=\"Eduardo Mart\u00ednez\" \/>\n\t<meta name=\"twitter:label2\" content=\"Est. tempo de leitura\" \/>\n\t<meta name=\"twitter:data2\" content=\"2 minutos\" \/>\n<script type=\"application\/ld+json\" class=\"yoast-schema-graph\">{\"@context\":\"https:\/\/schema.org\",\"@graph\":[{\"@type\":\"Article\",\"@id\":\"https:\/\/www.notibras.com\/site\/equipe-do-helicoptero-sentinela-transporta-coracao-para-transplante\/#article\",\"isPartOf\":{\"@id\":\"https:\/\/www.notibras.com\/site\/equipe-do-helicoptero-sentinela-transporta-coracao-para-transplante\/\"},\"author\":{\"name\":\"Eduardo Mart\u00ednez\",\"@id\":\"https:\/\/www.notibras.com\/site\/#\/schema\/person\/5b7fabf2aedc3ada2105f03b22b4d3dd\"},\"headline\":\"Equipe do helic\u00f3ptero Sentinela transporta cora\u00e7\u00e3o para transplante\",\"datePublished\":\"2026-03-03T03:30:51+00:00\",\"mainEntityOfPage\":{\"@id\":\"https:\/\/www.notibras.com\/site\/equipe-do-helicoptero-sentinela-transporta-coracao-para-transplante\/\"},\"wordCount\":214,\"publisher\":{\"@id\":\"https:\/\/www.notibras.com\/site\/#organization\"},\"image\":{\"@id\":\"https:\/\/www.notibras.com\/site\/equipe-do-helicoptero-sentinela-transporta-coracao-para-transplante\/#primaryimage\"},\"thumbnailUrl\":\"https:\/\/www.notibras.com\/site\/wp-content\/uploads\/2026\/03\/IMG_5911-1.png\",\"articleSection\":[\"Quadradinho em Foco\"],\"inLanguage\":\"pt-BR\"},{\"@type\":\"WebPage\",\"@id\":\"https:\/\/www.notibras.com\/site\/equipe-do-helicoptero-sentinela-transporta-coracao-para-transplante\/\",\"url\":\"https:\/\/www.notibras.com\/site\/equipe-do-helicoptero-sentinela-transporta-coracao-para-transplante\/\",\"name\":\"Equipe do helic\u00f3ptero Sentinela transporta cora\u00e7\u00e3o para transplante - Notibras\",\"isPartOf\":{\"@id\":\"https:\/\/www.notibras.com\/site\/#website\"},\"primaryImageOfPage\":{\"@id\":\"https:\/\/www.notibras.com\/site\/equipe-do-helicoptero-sentinela-transporta-coracao-para-transplante\/#primaryimage\"},\"image\":{\"@id\":\"https:\/\/www.notibras.com\/site\/equipe-do-helicoptero-sentinela-transporta-coracao-para-transplante\/#primaryimage\"},\"thumbnailUrl\":\"https:\/\/www.notibras.com\/site\/wp-content\/uploads\/2026\/03\/IMG_5911-1.png\",\"datePublished\":\"2026-03-03T03:30:51+00:00\",\"breadcrumb\":{\"@id\":\"https:\/\/www.notibras.com\/site\/equipe-do-helicoptero-sentinela-transporta-coracao-para-transplante\/#breadcrumb\"},\"inLanguage\":\"pt-BR\",\"potentialAction\":[{\"@type\":\"ReadAction\",\"target\":[\"https:\/\/www.notibras.com\/site\/equipe-do-helicoptero-sentinela-transporta-coracao-para-transplante\/\"]}]},{\"@type\":\"ImageObject\",\"inLanguage\":\"pt-BR\",\"@id\":\"https:\/\/www.notibras.com\/site\/equipe-do-helicoptero-sentinela-transporta-coracao-para-transplante\/#primaryimage\",\"url\":\"https:\/\/www.notibras.com\/site\/wp-content\/uploads\/2026\/03\/IMG_5911-1.png\",\"contentUrl\":\"https:\/\/www.notibras.com\/site\/wp-content\/uploads\/2026\/03\/IMG_5911-1.png\",\"width\":1980,\"height\":1892},{\"@type\":\"BreadcrumbList\",\"@id\":\"https:\/\/www.notibras.com\/site\/equipe-do-helicoptero-sentinela-transporta-coracao-para-transplante\/#breadcrumb\",\"itemListElement\":[{\"@type\":\"ListItem\",\"position\":1,\"name\":\"In\u00edcio\",\"item\":\"https:\/\/www.notibras.com\/site\/\"},{\"@type\":\"ListItem\",\"position\":2,\"name\":\"Equipe do helic\u00f3ptero Sentinela transporta cora\u00e7\u00e3o para transplante\"}]},{\"@type\":\"WebSite\",\"@id\":\"https:\/\/www.notibras.com\/site\/#website\",\"url\":\"https:\/\/www.notibras.com\/site\/\",\"name\":\"Notibras\",\"description\":\"Not\u00edcias de Bras\u00edlia, do Brasil e do Mundo\",\"publisher\":{\"@id\":\"https:\/\/www.notibras.com\/site\/#organization\"},\"potentialAction\":[{\"@type\":\"SearchAction\",\"target\":{\"@type\":\"EntryPoint\",\"urlTemplate\":\"https:\/\/www.notibras.com\/site\/?s={search_term_string}\"},\"query-input\":{\"@type\":\"PropertyValueSpecification\",\"valueRequired\":true,\"valueName\":\"search_term_string\"}}],\"inLanguage\":\"pt-BR\"},{\"@type\":\"Organization\",\"@id\":\"https:\/\/www.notibras.com\/site\/#organization\",\"name\":\"Grupo Notibras de Comunica\u00e7\u00e3o\",\"url\":\"https:\/\/www.notibras.com\/site\/\",\"logo\":{\"@type\":\"ImageObject\",\"inLanguage\":\"pt-BR\",\"@id\":\"https:\/\/www.notibras.com\/site\/#\/schema\/logo\/image\/\",\"url\":\"https:\/\/www.notibras.com\/site\/wp-content\/uploads\/2023\/01\/notibras23.png\",\"contentUrl\":\"https:\/\/www.notibras.com\/site\/wp-content\/uploads\/2023\/01\/notibras23.png\",\"width\":350,\"height\":87,\"caption\":\"Grupo Notibras de Comunica\u00e7\u00e3o\"},\"image\":{\"@id\":\"https:\/\/www.notibras.com\/site\/#\/schema\/logo\/image\/\"},\"sameAs\":[\"https:\/\/www.facebook.com\/notibras\/\",\"https:\/\/x.com\/Notibras\",\"https:\/\/www.instagram.com\/notibras\/\"]},{\"@type\":\"Person\",\"@id\":\"https:\/\/www.notibras.com\/site\/#\/schema\/person\/5b7fabf2aedc3ada2105f03b22b4d3dd\",\"name\":\"Eduardo Mart\u00ednez\",\"image\":{\"@type\":\"ImageObject\",\"inLanguage\":\"pt-BR\",\"@id\":\"https:\/\/secure.gravatar.com\/avatar\/7902f906289926289cbcda644b5197c796b893c6ffd7b9a536a42d290f7704a0?s=96&d=mm&r=g\",\"url\":\"https:\/\/secure.gravatar.com\/avatar\/7902f906289926289cbcda644b5197c796b893c6ffd7b9a536a42d290f7704a0?s=96&d=mm&r=g\",\"contentUrl\":\"https:\/\/secure.gravatar.com\/avatar\/7902f906289926289cbcda644b5197c796b893c6ffd7b9a536a42d290f7704a0?s=96&d=mm&r=g\",\"caption\":\"Eduardo Mart\u00ednez\"}}]}<\/script>\n<!-- \/ Yoast SEO plugin. -->","yoast_head_json":{"title":"Equipe do helic\u00f3ptero Sentinela transporta cora\u00e7\u00e3o para transplante - Notibras","robots":{"index":"index","follow":"follow","max-snippet":"max-snippet:-1","max-image-preview":"max-image-preview:large","max-video-preview":"max-video-preview:-1"},"canonical":"https:\/\/www.notibras.com\/site\/equipe-do-helicoptero-sentinela-transporta-coracao-para-transplante\/","og_locale":"pt_BR","og_type":"article","og_title":"Equipe do helic\u00f3ptero Sentinela transporta cora\u00e7\u00e3o para transplante - Notibras","og_description":"Por volta das 11h de s\u00e1bado (28\/2), a equipe da Unidade de Opera\u00e7\u00e3o A\u00e9rea (Uopa) do Departamento de Tr\u00e2nsito do Distrito Federal (Detran-DF) foi acionada pela Secretaria de Sa\u00fade de Goi\u00e1s para apoiar no transporte da equipe m\u00e9dica e dos equipamentos que chegavam em um voo de S\u00e3o Paulo para Bras\u00edlia para capta\u00e7\u00e3o de mais [&hellip;]","og_url":"https:\/\/www.notibras.com\/site\/equipe-do-helicoptero-sentinela-transporta-coracao-para-transplante\/","og_site_name":"Notibras","article_publisher":"https:\/\/www.facebook.com\/notibras\/","article_published_time":"2026-03-03T03:30:51+00:00","og_image":[{"width":1024,"height":978,"url":"https:\/\/www.notibras.com\/site\/wp-content\/uploads\/2026\/03\/IMG_5911-1-1024x978.png","type":"image\/png"}],"author":"Eduardo Mart\u00ednez","twitter_card":"summary_large_image","twitter_creator":"@Notibras","twitter_site":"@Notibras","twitter_misc":{"Escrito por":"Eduardo Mart\u00ednez","Est. tempo de leitura":"2 minutos"},"schema":{"@context":"https:\/\/schema.org","@graph":[{"@type":"Article","@id":"https:\/\/www.notibras.com\/site\/equipe-do-helicoptero-sentinela-transporta-coracao-para-transplante\/#article","isPartOf":{"@id":"https:\/\/www.notibras.com\/site\/equipe-do-helicoptero-sentinela-transporta-coracao-para-transplante\/"},"author":{"name":"Eduardo Mart\u00ednez","@id":"https:\/\/www.notibras.com\/site\/#\/schema\/person\/5b7fabf2aedc3ada2105f03b22b4d3dd"},"headline":"Equipe do helic\u00f3ptero Sentinela transporta cora\u00e7\u00e3o para transplante","datePublished":"2026-03-03T03:30:51+00:00","mainEntityOfPage":{"@id":"https:\/\/www.notibras.com\/site\/equipe-do-helicoptero-sentinela-transporta-coracao-para-transplante\/"},"wordCount":214,"publisher":{"@id":"https:\/\/www.notibras.com\/site\/#organization"},"image":{"@id":"https:\/\/www.notibras.com\/site\/equipe-do-helicoptero-sentinela-transporta-coracao-para-transplante\/#primaryimage"},"thumbnailUrl":"https:\/\/www.notibras.com\/site\/wp-content\/uploads\/2026\/03\/IMG_5911-1.png","articleSection":["Quadradinho em Foco"],"inLanguage":"pt-BR"},{"@type":"WebPage","@id":"https:\/\/www.notibras.com\/site\/equipe-do-helicoptero-sentinela-transporta-coracao-para-transplante\/","url":"https:\/\/www.notibras.com\/site\/equipe-do-helicoptero-sentinela-transporta-coracao-para-transplante\/","name":"Equipe do helic\u00f3ptero Sentinela transporta cora\u00e7\u00e3o para transplante - Notibras","isPartOf":{"@id":"https:\/\/www.notibras.com\/site\/#website"},"primaryImageOfPage":{"@id":"https:\/\/www.notibras.com\/site\/equipe-do-helicoptero-sentinela-transporta-coracao-para-transplante\/#primaryimage"},"image":{"@id":"https:\/\/www.notibras.com\/site\/equipe-do-helicoptero-sentinela-transporta-coracao-para-transplante\/#primaryimage"},"thumbnailUrl":"https:\/\/www.notibras.com\/site\/wp-content\/uploads\/2026\/03\/IMG_5911-1.png","datePublished":"2026-03-03T03:30:51+00:00","breadcrumb":{"@id":"https:\/\/www.notibras.com\/site\/equipe-do-helicoptero-sentinela-transporta-coracao-para-transplante\/#breadcrumb"},"inLanguage":"pt-BR","potentialAction":[{"@type":"ReadAction","target":["https:\/\/www.notibras.com\/site\/equipe-do-helicoptero-sentinela-transporta-coracao-para-transplante\/"]}]},{"@type":"ImageObject","inLanguage":"pt-BR","@id":"https:\/\/www.notibras.com\/site\/equipe-do-helicoptero-sentinela-transporta-coracao-para-transplante\/#primaryimage","url":"https:\/\/www.notibras.com\/site\/wp-content\/uploads\/2026\/03\/IMG_5911-1.png","contentUrl":"https:\/\/www.notibras.com\/site\/wp-content\/uploads\/2026\/03\/IMG_5911-1.png","width":1980,"height":1892},{"@type":"BreadcrumbList","@id":"https:\/\/www.notibras.com\/site\/equipe-do-helicoptero-sentinela-transporta-coracao-para-transplante\/#breadcrumb","itemListElement":[{"@type":"ListItem","position":1,"name":"In\u00edcio","item":"https:\/\/www.notibras.com\/site\/"},{"@type":"ListItem","position":2,"name":"Equipe do helic\u00f3ptero Sentinela transporta cora\u00e7\u00e3o para transplante"}]},{"@type":"WebSite","@id":"https:\/\/www.notibras.com\/site\/#website","url":"https:\/\/www.notibras.com\/site\/","name":"Notibras","description":"Not\u00edcias de Bras\u00edlia, do Brasil e do Mundo","publisher":{"@id":"https:\/\/www.notibras.com\/site\/#organization"},"potentialAction":[{"@type":"SearchAction","target":{"@type":"EntryPoint","urlTemplate":"https:\/\/www.notibras.com\/site\/?s={search_term_string}"},"query-input":{"@type":"PropertyValueSpecification","valueRequired":true,"valueName":"search_term_string"}}],"inLanguage":"pt-BR"},{"@type":"Organization","@id":"https:\/\/www.notibras.com\/site\/#organization","name":"Grupo Notibras de Comunica\u00e7\u00e3o","url":"https:\/\/www.notibras.com\/site\/","logo":{"@type":"ImageObject","inLanguage":"pt-BR","@id":"https:\/\/www.notibras.com\/site\/#\/schema\/logo\/image\/","url":"https:\/\/www.notibras.com\/site\/wp-content\/uploads\/2023\/01\/notibras23.png","contentUrl":"https:\/\/www.notibras.com\/site\/wp-content\/uploads\/2023\/01\/notibras23.png","width":350,"height":87,"caption":"Grupo Notibras de Comunica\u00e7\u00e3o"},"image":{"@id":"https:\/\/www.notibras.com\/site\/#\/schema\/logo\/image\/"},"sameAs":["https:\/\/www.facebook.com\/notibras\/","https:\/\/x.com\/Notibras","https:\/\/www.instagram.com\/notibras\/"]},{"@type":"Person","@id":"https:\/\/www.notibras.com\/site\/#\/schema\/person\/5b7fabf2aedc3ada2105f03b22b4d3dd","name":"Eduardo Mart\u00ednez","image":{"@type":"ImageObject","inLanguage":"pt-BR","@id":"https:\/\/secure.gravatar.com\/avatar\/7902f906289926289cbcda644b5197c796b893c6ffd7b9a536a42d290f7704a0?s=96&d=mm&r=g","url":"https:\/\/secure.gravatar.com\/avatar\/7902f906289926289cbcda644b5197c796b893c6ffd7b9a536a42d290f7704a0?s=96&d=mm&r=g","contentUrl":"https:\/\/secure.gravatar.com\/avatar\/7902f906289926289cbcda644b5197c796b893c6ffd7b9a536a42d290f7704a0?s=96&d=mm&r=g","caption":"Eduardo Mart\u00ednez"}}]}},"amp_enabled":true,"_links":{"self":[{"href":"https:\/\/www.notibras.com\/site\/wp-json\/wp\/v2\/posts\/385315","targetHints":{"allow":["GET"]}}],"collection":[{"href":"https:\/\/www.notibras.com\/site\/wp-json\/wp\/v2\/posts"}],"about":[{"href":"https:\/\/www.notibras.com\/site\/wp-json\/wp\/v2\/types\/post"}],"author":[{"embeddable":true,"href":"https:\/\/www.notibras.com\/site\/wp-json\/wp\/v2\/users\/21"}],"replies":[{"embeddable":true,"href":"https:\/\/www.notibras.com\/site\/wp-json\/wp\/v2\/comments?post=385315"}],"version-history":[{"count":4,"href":"https:\/\/www.notibras.com\/site\/wp-json\/wp\/v2\/posts\/385315\/revisions"}],"predecessor-version":[{"id":385320,"href":"https:\/\/www.notibras.com\/site\/wp-json\/wp\/v2\/posts\/385315\/revisions\/385320"}],"wp:featuredmedia":[{"embeddable":true,"href":"https:\/\/www.notibras.com\/site\/wp-json\/wp\/v2\/media\/385316"}],"wp:attachment":[{"href":"https:\/\/www.notibras.com\/site\/wp-json\/wp\/v2\/media?parent=385315"}],"wp:term":[{"taxonomy":"category","embeddable":true,"href":"https:\/\/www.notibras.com\/site\/wp-json\/wp\/v2\/categories?post=385315"},{"taxonomy":"post_tag","embeddable":true,"href":"https:\/\/www.notibras.com\/site\/wp-json\/wp\/v2\/tags?post=385315"}],"curies":[{"name":"wp","href":"https:\/\/api.w.org\/{rel}","templated":true}]}}