{"id":385321,"date":"2026-03-03T00:45:13","date_gmt":"2026-03-03T03:45:13","guid":{"rendered":"https:\/\/www.notibras.com\/site\/?p=385321"},"modified":"2026-03-02T12:13:26","modified_gmt":"2026-03-02T15:13:26","slug":"ii-conferencia-de-seguranca-publica-sera-realizada-em-brasilia-nesta-semana","status":"publish","type":"post","link":"https:\/\/www.notibras.com\/site\/ii-conferencia-de-seguranca-publica-sera-realizada-em-brasilia-nesta-semana\/","title":{"rendered":"II Confer\u00eancia de Seguran\u00e7a P\u00fablica ser\u00e1 realizada em Bras\u00edlia nesta semana"},"content":{"rendered":"<p>Na semana da vota\u00e7\u00e3o da PEC da Seguran\u00e7a P\u00fablica no Congresso Nacional, autoridades que formulam, aprovam e executam a pol\u00edtica nacional de seguran\u00e7a estar\u00e3o reunidas no Distrito Federal, entre esta ter\u00e7a (3) e a sexta-feira (6). Realizada no Centro Internacional de Conven\u00e7\u00f5es do Brasil (CICB), a II Confer\u00eancia de Seguran\u00e7a P\u00fablica \u2014 iLab Seguran\u00e7a 2026 ser\u00e1 um dos maiores eventos institucionais de seguran\u00e7a p\u00fablica j\u00e1 realizado.<\/p>\n<p>Com a presen\u00e7a confirmada de c\u00fapulas da seguran\u00e7a p\u00fablica de todo o pa\u00eds, a abertura do evento ocorre na ter\u00e7a, \u00e0s 19h, no CICB. O encontro reunir\u00e1 comandantes, delegados-gerais e chefes de intelig\u00eancia, ao lado de autoridades como o ministro da Justi\u00e7a, Wellington C\u00e9sar Lima e Silva, e o deputado Mendon\u00e7a Filho (relator da PEC da Seguran\u00e7a), entre outros, em um esfor\u00e7o conjunto para debater solu\u00e7\u00f5es integradas e definitivas. Durante o evento, ser\u00e1 realizada a 98\u00aa Reuni\u00e3o Ordin\u00e1ria do Conselho de Secret\u00e1rios de Seguran\u00e7a do pa\u00eds (Consesp).<\/p>\n<p>Para Sandro AVelar, secret\u00e1rio de Seguran\u00e7a P\u00fablica do DF e tamb\u00e9m vice-presidente regional do Centro-Oeste do Consesp, sediar um evento dessa magnitude, sem precedentes no pa\u00eds, \u00e9 um reconhecimento institucional hist\u00f3rico.<\/p>\n<p>\u201cBras\u00edlia ser\u00e1, nestes dias, a capital da seguran\u00e7a p\u00fablica brasileira. Estamos reunindo, no mesmo espa\u00e7o, todas as lideran\u00e7as respons\u00e1veis por pensar e executar a pol\u00edtica de seguran\u00e7a no pa\u00eds. Esse \u00e9 um momento hist\u00f3rico, porque n\u00e3o estamos falando apenas de debates, mas de decis\u00f5es estruturantes, de fortalecimento do pacto federativo e de constru\u00e7\u00e3o conjunta de solu\u00e7\u00f5es para enfrentar o crime organizado e proteger a popula\u00e7\u00e3o. Seguran\u00e7a p\u00fablica se faz com integra\u00e7\u00e3o, com intelig\u00eancia e com responsabilidade institucional\u201d, afirma o secret\u00e1rio.<\/p>\n<p><strong>Pol\u00edtica de Estado<\/strong><\/p>\n<p>Em 2026, a Confer\u00eancia iLab Seguran\u00e7a aprofunda o debate sobre o combate ao crime organizado nos setores produtivos, com foco na asfixia econ\u00f4mica das estruturas il\u00edcitas e na necessidade de novos marcos regulat\u00f3rios capazes de fortalecer o enfrentamento qualificado \u00e0s organiza\u00e7\u00f5es criminosas.<\/p>\n<p>O encontro tamb\u00e9m ter\u00e1 um dia dedicado exclusivamente ao Sistema \u00danico de Seguran\u00e7a P\u00fablica (Susp), com agenda institucional voltada a reuni\u00f5es t\u00e9cnicas, alinhamentos estrat\u00e9gicos e espa\u00e7os de tomada de decis\u00e3o entre a Secretaria Nacional de Seguran\u00e7a P\u00fablica e os gestores estaduais.<\/p>\n<p><strong>Programa\u00e7\u00e3o<\/strong><\/p>\n<p><strong>Ter\u00e7a-feira (3)<\/strong><\/p>\n<p>18h \u2013 Credenciamento<\/p>\n<p>19h \u2013 Solenidade de abertura com autoridades federais e estaduais<\/p>\n<p><strong>Quarta-feira (4)<\/strong><\/p>\n<p>9h \u00e0s 13h \u2013 Grande plen\u00e1ria dos conselhos<\/p>\n<p>13h \u00e0s 19h \u2013 \u00c1rea de exposi\u00e7\u00e3o e conte\u00fado no palco feira<\/p>\n<p><strong>Quinta-feira (5)<\/strong><\/p>\n<p>9h \u00e0s 19h \u2013 \u00c1rea de exposi\u00e7\u00e3o e conte\u00fado no palco feira<\/p>\n<p><strong>Sexta-feira (6 )<\/strong><\/p>\n<p>9h \u00e0s 19h \u2013 Susp Day.<\/p>\n","protected":false},"excerpt":{"rendered":"<p>Na semana da vota\u00e7\u00e3o da PEC da Seguran\u00e7a P\u00fablica no Congresso Nacional, autoridades que formulam, aprovam e executam a pol\u00edtica nacional de seguran\u00e7a estar\u00e3o reunidas no Distrito Federal, entre esta ter\u00e7a (3) e a sexta-feira (6). Realizada no Centro Internacional de Conven\u00e7\u00f5es do Brasil (CICB), a II Confer\u00eancia de Seguran\u00e7a P\u00fablica \u2014 iLab Seguran\u00e7a 2026 [&hellip;]<\/p>\n","protected":false},"author":21,"featured_media":385322,"comment_status":"closed","ping_status":"closed","sticky":false,"template":"","format":"standard","meta":{"_acf_changed":false,"footnotes":""},"categories":[161],"tags":[],"class_list":["post-385321","post","type-post","status-publish","format-standard","has-post-thumbnail","hentry","category-quadradinho-em-foco"],"acf":[],"yoast_head":"<!-- This site is optimized with the Yoast SEO plugin v27.2 - https:\/\/yoast.com\/product\/yoast-seo-wordpress\/ -->\n<title>II Confer\u00eancia de Seguran\u00e7a P\u00fablica ser\u00e1 realizada em Bras\u00edlia nesta semana - Notibras<\/title>\n<meta name=\"robots\" content=\"index, follow, max-snippet:-1, max-image-preview:large, max-video-preview:-1\" \/>\n<link rel=\"canonical\" href=\"https:\/\/www.notibras.com\/site\/ii-conferencia-de-seguranca-publica-sera-realizada-em-brasilia-nesta-semana\/\" \/>\n<meta property=\"og:locale\" content=\"pt_BR\" \/>\n<meta property=\"og:type\" content=\"article\" \/>\n<meta property=\"og:title\" content=\"II Confer\u00eancia de Seguran\u00e7a P\u00fablica ser\u00e1 realizada em Bras\u00edlia nesta semana - Notibras\" \/>\n<meta property=\"og:description\" content=\"Na semana da vota\u00e7\u00e3o da PEC da Seguran\u00e7a P\u00fablica no Congresso Nacional, autoridades que formulam, aprovam e executam a pol\u00edtica nacional de seguran\u00e7a estar\u00e3o reunidas no Distrito Federal, entre esta ter\u00e7a (3) e a sexta-feira (6). Realizada no Centro Internacional de Conven\u00e7\u00f5es do Brasil (CICB), a II Confer\u00eancia de Seguran\u00e7a P\u00fablica \u2014 iLab Seguran\u00e7a 2026 [&hellip;]\" \/>\n<meta property=\"og:url\" content=\"https:\/\/www.notibras.com\/site\/ii-conferencia-de-seguranca-publica-sera-realizada-em-brasilia-nesta-semana\/\" \/>\n<meta property=\"og:site_name\" content=\"Notibras\" \/>\n<meta property=\"article:publisher\" content=\"https:\/\/www.facebook.com\/notibras\/\" \/>\n<meta property=\"article:published_time\" content=\"2026-03-03T03:45:13+00:00\" \/>\n<meta property=\"og:image\" content=\"https:\/\/www.notibras.com\/site\/wp-content\/uploads\/2026\/03\/IMG_4011.jpeg\" \/>\n\t<meta property=\"og:image:width\" content=\"2560\" \/>\n\t<meta property=\"og:image:height\" content=\"1706\" \/>\n\t<meta property=\"og:image:type\" content=\"image\/jpeg\" \/>\n<meta name=\"author\" content=\"Eduardo Mart\u00ednez\" \/>\n<meta name=\"twitter:card\" content=\"summary_large_image\" \/>\n<meta name=\"twitter:creator\" content=\"@Notibras\" \/>\n<meta name=\"twitter:site\" content=\"@Notibras\" \/>\n<meta name=\"twitter:label1\" content=\"Escrito por\" \/>\n\t<meta name=\"twitter:data1\" content=\"Eduardo Mart\u00ednez\" \/>\n\t<meta name=\"twitter:label2\" content=\"Est. tempo de leitura\" \/>\n\t<meta name=\"twitter:data2\" content=\"3 minutos\" \/>\n<script type=\"application\/ld+json\" class=\"yoast-schema-graph\">{\"@context\":\"https:\/\/schema.org\",\"@graph\":[{\"@type\":\"Article\",\"@id\":\"https:\/\/www.notibras.com\/site\/ii-conferencia-de-seguranca-publica-sera-realizada-em-brasilia-nesta-semana\/#article\",\"isPartOf\":{\"@id\":\"https:\/\/www.notibras.com\/site\/ii-conferencia-de-seguranca-publica-sera-realizada-em-brasilia-nesta-semana\/\"},\"author\":{\"name\":\"Eduardo Mart\u00ednez\",\"@id\":\"https:\/\/www.notibras.com\/site\/#\/schema\/person\/5b7fabf2aedc3ada2105f03b22b4d3dd\"},\"headline\":\"II Confer\u00eancia de Seguran\u00e7a P\u00fablica ser\u00e1 realizada em Bras\u00edlia nesta semana\",\"datePublished\":\"2026-03-03T03:45:13+00:00\",\"mainEntityOfPage\":{\"@id\":\"https:\/\/www.notibras.com\/site\/ii-conferencia-de-seguranca-publica-sera-realizada-em-brasilia-nesta-semana\/\"},\"wordCount\":489,\"publisher\":{\"@id\":\"https:\/\/www.notibras.com\/site\/#organization\"},\"image\":{\"@id\":\"https:\/\/www.notibras.com\/site\/ii-conferencia-de-seguranca-publica-sera-realizada-em-brasilia-nesta-semana\/#primaryimage\"},\"thumbnailUrl\":\"https:\/\/www.notibras.com\/site\/wp-content\/uploads\/2026\/03\/IMG_4011.jpeg\",\"articleSection\":[\"Quadradinho em Foco\"],\"inLanguage\":\"pt-BR\"},{\"@type\":\"WebPage\",\"@id\":\"https:\/\/www.notibras.com\/site\/ii-conferencia-de-seguranca-publica-sera-realizada-em-brasilia-nesta-semana\/\",\"url\":\"https:\/\/www.notibras.com\/site\/ii-conferencia-de-seguranca-publica-sera-realizada-em-brasilia-nesta-semana\/\",\"name\":\"II Confer\u00eancia de Seguran\u00e7a P\u00fablica ser\u00e1 realizada em Bras\u00edlia nesta semana - Notibras\",\"isPartOf\":{\"@id\":\"https:\/\/www.notibras.com\/site\/#website\"},\"primaryImageOfPage\":{\"@id\":\"https:\/\/www.notibras.com\/site\/ii-conferencia-de-seguranca-publica-sera-realizada-em-brasilia-nesta-semana\/#primaryimage\"},\"image\":{\"@id\":\"https:\/\/www.notibras.com\/site\/ii-conferencia-de-seguranca-publica-sera-realizada-em-brasilia-nesta-semana\/#primaryimage\"},\"thumbnailUrl\":\"https:\/\/www.notibras.com\/site\/wp-content\/uploads\/2026\/03\/IMG_4011.jpeg\",\"datePublished\":\"2026-03-03T03:45:13+00:00\",\"breadcrumb\":{\"@id\":\"https:\/\/www.notibras.com\/site\/ii-conferencia-de-seguranca-publica-sera-realizada-em-brasilia-nesta-semana\/#breadcrumb\"},\"inLanguage\":\"pt-BR\",\"potentialAction\":[{\"@type\":\"ReadAction\",\"target\":[\"https:\/\/www.notibras.com\/site\/ii-conferencia-de-seguranca-publica-sera-realizada-em-brasilia-nesta-semana\/\"]}]},{\"@type\":\"ImageObject\",\"inLanguage\":\"pt-BR\",\"@id\":\"https:\/\/www.notibras.com\/site\/ii-conferencia-de-seguranca-publica-sera-realizada-em-brasilia-nesta-semana\/#primaryimage\",\"url\":\"https:\/\/www.notibras.com\/site\/wp-content\/uploads\/2026\/03\/IMG_4011.jpeg\",\"contentUrl\":\"https:\/\/www.notibras.com\/site\/wp-content\/uploads\/2026\/03\/IMG_4011.jpeg\",\"width\":2560,\"height\":1706},{\"@type\":\"BreadcrumbList\",\"@id\":\"https:\/\/www.notibras.com\/site\/ii-conferencia-de-seguranca-publica-sera-realizada-em-brasilia-nesta-semana\/#breadcrumb\",\"itemListElement\":[{\"@type\":\"ListItem\",\"position\":1,\"name\":\"In\u00edcio\",\"item\":\"https:\/\/www.notibras.com\/site\/\"},{\"@type\":\"ListItem\",\"position\":2,\"name\":\"II Confer\u00eancia de Seguran\u00e7a P\u00fablica ser\u00e1 realizada em Bras\u00edlia nesta semana\"}]},{\"@type\":\"WebSite\",\"@id\":\"https:\/\/www.notibras.com\/site\/#website\",\"url\":\"https:\/\/www.notibras.com\/site\/\",\"name\":\"Notibras\",\"description\":\"Not\u00edcias de Bras\u00edlia, do Brasil e do Mundo\",\"publisher\":{\"@id\":\"https:\/\/www.notibras.com\/site\/#organization\"},\"potentialAction\":[{\"@type\":\"SearchAction\",\"target\":{\"@type\":\"EntryPoint\",\"urlTemplate\":\"https:\/\/www.notibras.com\/site\/?s={search_term_string}\"},\"query-input\":{\"@type\":\"PropertyValueSpecification\",\"valueRequired\":true,\"valueName\":\"search_term_string\"}}],\"inLanguage\":\"pt-BR\"},{\"@type\":\"Organization\",\"@id\":\"https:\/\/www.notibras.com\/site\/#organization\",\"name\":\"Grupo Notibras de Comunica\u00e7\u00e3o\",\"url\":\"https:\/\/www.notibras.com\/site\/\",\"logo\":{\"@type\":\"ImageObject\",\"inLanguage\":\"pt-BR\",\"@id\":\"https:\/\/www.notibras.com\/site\/#\/schema\/logo\/image\/\",\"url\":\"https:\/\/www.notibras.com\/site\/wp-content\/uploads\/2023\/01\/notibras23.png\",\"contentUrl\":\"https:\/\/www.notibras.com\/site\/wp-content\/uploads\/2023\/01\/notibras23.png\",\"width\":350,\"height\":87,\"caption\":\"Grupo Notibras de Comunica\u00e7\u00e3o\"},\"image\":{\"@id\":\"https:\/\/www.notibras.com\/site\/#\/schema\/logo\/image\/\"},\"sameAs\":[\"https:\/\/www.facebook.com\/notibras\/\",\"https:\/\/x.com\/Notibras\",\"https:\/\/www.instagram.com\/notibras\/\"]},{\"@type\":\"Person\",\"@id\":\"https:\/\/www.notibras.com\/site\/#\/schema\/person\/5b7fabf2aedc3ada2105f03b22b4d3dd\",\"name\":\"Eduardo Mart\u00ednez\",\"image\":{\"@type\":\"ImageObject\",\"inLanguage\":\"pt-BR\",\"@id\":\"https:\/\/secure.gravatar.com\/avatar\/7902f906289926289cbcda644b5197c796b893c6ffd7b9a536a42d290f7704a0?s=96&d=mm&r=g\",\"url\":\"https:\/\/secure.gravatar.com\/avatar\/7902f906289926289cbcda644b5197c796b893c6ffd7b9a536a42d290f7704a0?s=96&d=mm&r=g\",\"contentUrl\":\"https:\/\/secure.gravatar.com\/avatar\/7902f906289926289cbcda644b5197c796b893c6ffd7b9a536a42d290f7704a0?s=96&d=mm&r=g\",\"caption\":\"Eduardo Mart\u00ednez\"}}]}<\/script>\n<!-- \/ Yoast SEO plugin. -->","yoast_head_json":{"title":"II Confer\u00eancia de Seguran\u00e7a P\u00fablica ser\u00e1 realizada em Bras\u00edlia nesta semana - Notibras","robots":{"index":"index","follow":"follow","max-snippet":"max-snippet:-1","max-image-preview":"max-image-preview:large","max-video-preview":"max-video-preview:-1"},"canonical":"https:\/\/www.notibras.com\/site\/ii-conferencia-de-seguranca-publica-sera-realizada-em-brasilia-nesta-semana\/","og_locale":"pt_BR","og_type":"article","og_title":"II Confer\u00eancia de Seguran\u00e7a P\u00fablica ser\u00e1 realizada em Bras\u00edlia nesta semana - Notibras","og_description":"Na semana da vota\u00e7\u00e3o da PEC da Seguran\u00e7a P\u00fablica no Congresso Nacional, autoridades que formulam, aprovam e executam a pol\u00edtica nacional de seguran\u00e7a estar\u00e3o reunidas no Distrito Federal, entre esta ter\u00e7a (3) e a sexta-feira (6). Realizada no Centro Internacional de Conven\u00e7\u00f5es do Brasil (CICB), a II Confer\u00eancia de Seguran\u00e7a P\u00fablica \u2014 iLab Seguran\u00e7a 2026 [&hellip;]","og_url":"https:\/\/www.notibras.com\/site\/ii-conferencia-de-seguranca-publica-sera-realizada-em-brasilia-nesta-semana\/","og_site_name":"Notibras","article_publisher":"https:\/\/www.facebook.com\/notibras\/","article_published_time":"2026-03-03T03:45:13+00:00","og_image":[{"width":2560,"height":1706,"url":"https:\/\/www.notibras.com\/site\/wp-content\/uploads\/2026\/03\/IMG_4011.jpeg","type":"image\/jpeg"}],"author":"Eduardo Mart\u00ednez","twitter_card":"summary_large_image","twitter_creator":"@Notibras","twitter_site":"@Notibras","twitter_misc":{"Escrito por":"Eduardo Mart\u00ednez","Est. tempo de leitura":"3 minutos"},"schema":{"@context":"https:\/\/schema.org","@graph":[{"@type":"Article","@id":"https:\/\/www.notibras.com\/site\/ii-conferencia-de-seguranca-publica-sera-realizada-em-brasilia-nesta-semana\/#article","isPartOf":{"@id":"https:\/\/www.notibras.com\/site\/ii-conferencia-de-seguranca-publica-sera-realizada-em-brasilia-nesta-semana\/"},"author":{"name":"Eduardo Mart\u00ednez","@id":"https:\/\/www.notibras.com\/site\/#\/schema\/person\/5b7fabf2aedc3ada2105f03b22b4d3dd"},"headline":"II Confer\u00eancia de Seguran\u00e7a P\u00fablica ser\u00e1 realizada em Bras\u00edlia nesta semana","datePublished":"2026-03-03T03:45:13+00:00","mainEntityOfPage":{"@id":"https:\/\/www.notibras.com\/site\/ii-conferencia-de-seguranca-publica-sera-realizada-em-brasilia-nesta-semana\/"},"wordCount":489,"publisher":{"@id":"https:\/\/www.notibras.com\/site\/#organization"},"image":{"@id":"https:\/\/www.notibras.com\/site\/ii-conferencia-de-seguranca-publica-sera-realizada-em-brasilia-nesta-semana\/#primaryimage"},"thumbnailUrl":"https:\/\/www.notibras.com\/site\/wp-content\/uploads\/2026\/03\/IMG_4011.jpeg","articleSection":["Quadradinho em Foco"],"inLanguage":"pt-BR"},{"@type":"WebPage","@id":"https:\/\/www.notibras.com\/site\/ii-conferencia-de-seguranca-publica-sera-realizada-em-brasilia-nesta-semana\/","url":"https:\/\/www.notibras.com\/site\/ii-conferencia-de-seguranca-publica-sera-realizada-em-brasilia-nesta-semana\/","name":"II Confer\u00eancia de Seguran\u00e7a P\u00fablica ser\u00e1 realizada em Bras\u00edlia nesta semana - Notibras","isPartOf":{"@id":"https:\/\/www.notibras.com\/site\/#website"},"primaryImageOfPage":{"@id":"https:\/\/www.notibras.com\/site\/ii-conferencia-de-seguranca-publica-sera-realizada-em-brasilia-nesta-semana\/#primaryimage"},"image":{"@id":"https:\/\/www.notibras.com\/site\/ii-conferencia-de-seguranca-publica-sera-realizada-em-brasilia-nesta-semana\/#primaryimage"},"thumbnailUrl":"https:\/\/www.notibras.com\/site\/wp-content\/uploads\/2026\/03\/IMG_4011.jpeg","datePublished":"2026-03-03T03:45:13+00:00","breadcrumb":{"@id":"https:\/\/www.notibras.com\/site\/ii-conferencia-de-seguranca-publica-sera-realizada-em-brasilia-nesta-semana\/#breadcrumb"},"inLanguage":"pt-BR","potentialAction":[{"@type":"ReadAction","target":["https:\/\/www.notibras.com\/site\/ii-conferencia-de-seguranca-publica-sera-realizada-em-brasilia-nesta-semana\/"]}]},{"@type":"ImageObject","inLanguage":"pt-BR","@id":"https:\/\/www.notibras.com\/site\/ii-conferencia-de-seguranca-publica-sera-realizada-em-brasilia-nesta-semana\/#primaryimage","url":"https:\/\/www.notibras.com\/site\/wp-content\/uploads\/2026\/03\/IMG_4011.jpeg","contentUrl":"https:\/\/www.notibras.com\/site\/wp-content\/uploads\/2026\/03\/IMG_4011.jpeg","width":2560,"height":1706},{"@type":"BreadcrumbList","@id":"https:\/\/www.notibras.com\/site\/ii-conferencia-de-seguranca-publica-sera-realizada-em-brasilia-nesta-semana\/#breadcrumb","itemListElement":[{"@type":"ListItem","position":1,"name":"In\u00edcio","item":"https:\/\/www.notibras.com\/site\/"},{"@type":"ListItem","position":2,"name":"II Confer\u00eancia de Seguran\u00e7a P\u00fablica ser\u00e1 realizada em Bras\u00edlia nesta semana"}]},{"@type":"WebSite","@id":"https:\/\/www.notibras.com\/site\/#website","url":"https:\/\/www.notibras.com\/site\/","name":"Notibras","description":"Not\u00edcias de Bras\u00edlia, do Brasil e do Mundo","publisher":{"@id":"https:\/\/www.notibras.com\/site\/#organization"},"potentialAction":[{"@type":"SearchAction","target":{"@type":"EntryPoint","urlTemplate":"https:\/\/www.notibras.com\/site\/?s={search_term_string}"},"query-input":{"@type":"PropertyValueSpecification","valueRequired":true,"valueName":"search_term_string"}}],"inLanguage":"pt-BR"},{"@type":"Organization","@id":"https:\/\/www.notibras.com\/site\/#organization","name":"Grupo Notibras de Comunica\u00e7\u00e3o","url":"https:\/\/www.notibras.com\/site\/","logo":{"@type":"ImageObject","inLanguage":"pt-BR","@id":"https:\/\/www.notibras.com\/site\/#\/schema\/logo\/image\/","url":"https:\/\/www.notibras.com\/site\/wp-content\/uploads\/2023\/01\/notibras23.png","contentUrl":"https:\/\/www.notibras.com\/site\/wp-content\/uploads\/2023\/01\/notibras23.png","width":350,"height":87,"caption":"Grupo Notibras de Comunica\u00e7\u00e3o"},"image":{"@id":"https:\/\/www.notibras.com\/site\/#\/schema\/logo\/image\/"},"sameAs":["https:\/\/www.facebook.com\/notibras\/","https:\/\/x.com\/Notibras","https:\/\/www.instagram.com\/notibras\/"]},{"@type":"Person","@id":"https:\/\/www.notibras.com\/site\/#\/schema\/person\/5b7fabf2aedc3ada2105f03b22b4d3dd","name":"Eduardo Mart\u00ednez","image":{"@type":"ImageObject","inLanguage":"pt-BR","@id":"https:\/\/secure.gravatar.com\/avatar\/7902f906289926289cbcda644b5197c796b893c6ffd7b9a536a42d290f7704a0?s=96&d=mm&r=g","url":"https:\/\/secure.gravatar.com\/avatar\/7902f906289926289cbcda644b5197c796b893c6ffd7b9a536a42d290f7704a0?s=96&d=mm&r=g","contentUrl":"https:\/\/secure.gravatar.com\/avatar\/7902f906289926289cbcda644b5197c796b893c6ffd7b9a536a42d290f7704a0?s=96&d=mm&r=g","caption":"Eduardo Mart\u00ednez"}}]}},"amp_enabled":true,"_links":{"self":[{"href":"https:\/\/www.notibras.com\/site\/wp-json\/wp\/v2\/posts\/385321","targetHints":{"allow":["GET"]}}],"collection":[{"href":"https:\/\/www.notibras.com\/site\/wp-json\/wp\/v2\/posts"}],"about":[{"href":"https:\/\/www.notibras.com\/site\/wp-json\/wp\/v2\/types\/post"}],"author":[{"embeddable":true,"href":"https:\/\/www.notibras.com\/site\/wp-json\/wp\/v2\/users\/21"}],"replies":[{"embeddable":true,"href":"https:\/\/www.notibras.com\/site\/wp-json\/wp\/v2\/comments?post=385321"}],"version-history":[{"count":3,"href":"https:\/\/www.notibras.com\/site\/wp-json\/wp\/v2\/posts\/385321\/revisions"}],"predecessor-version":[{"id":385325,"href":"https:\/\/www.notibras.com\/site\/wp-json\/wp\/v2\/posts\/385321\/revisions\/385325"}],"wp:featuredmedia":[{"embeddable":true,"href":"https:\/\/www.notibras.com\/site\/wp-json\/wp\/v2\/media\/385322"}],"wp:attachment":[{"href":"https:\/\/www.notibras.com\/site\/wp-json\/wp\/v2\/media?parent=385321"}],"wp:term":[{"taxonomy":"category","embeddable":true,"href":"https:\/\/www.notibras.com\/site\/wp-json\/wp\/v2\/categories?post=385321"},{"taxonomy":"post_tag","embeddable":true,"href":"https:\/\/www.notibras.com\/site\/wp-json\/wp\/v2\/tags?post=385321"}],"curies":[{"name":"wp","href":"https:\/\/api.w.org\/{rel}","templated":true}]}}