{"id":385326,"date":"2026-03-02T10:00:19","date_gmt":"2026-03-02T13:00:19","guid":{"rendered":"https:\/\/www.notibras.com\/site\/?p=385326"},"modified":"2026-03-02T14:02:20","modified_gmt":"2026-03-02T17:02:20","slug":"cearenses-elegem-prefeitos-apos-titulares-serem-cassados-por-corrupcao","status":"publish","type":"post","link":"https:\/\/www.notibras.com\/site\/cearenses-elegem-prefeitos-apos-titulares-serem-cassados-por-corrupcao\/","title":{"rendered":"Cearenses elegem prefeitos ap\u00f3s titulares serem cassados por corrup\u00e7\u00e3o"},"content":{"rendered":"<p>Cerca de 19 mil eleitores de tr\u00eas cidades cearenses foram \u00e0s urnas nesse domingo eleger os novos ocupantes para os cargos de prefeito e vice-prefeito. Chor\u00f3, Potiretama e Senador S\u00e1 realizaram as primeiras elei\u00e7\u00f5es suplementares de 2026 em raz\u00e3o da perda dos mandatos dos candidatos a prefeito e vice-prefeito, eleitos em 2024.<\/p>\n<p>Paulo George de Sousa Saraiva do PSB, foi eleito prefeito de Chor\u00f3, tendo Francisco Elcimar Lusia Ribeiro, o Cimar, do mesmo partido, como vice. J\u00e1 em Potiretama, Solange Holanda Campelo Balbino, do PT, foi eleita prefeita junto com Rog\u00e9rio Barbosa Diogenes, seu vice-prefeito na chapa.<\/p>\n<p>A cidade de Senador S\u00e1 teve chapa \u00fanica no pleito. Os eleitores optaram por eleger Sabrina Morais Lopes, do PP, conhecida como Sabrina do Bel como prefeita, junto com sua vice Maria Veriani Ara\u00fajo Costa, a Professora Maria, tamb\u00e9m do PP, como vice. Os mandatos dos novos gestores v\u00e3o at\u00e9 o dia 31 de dezembro de 2028.<\/p>\n<p>Segundo o calend\u00e1rio do Tribunal Superior Eleitoral, j\u00e1 est\u00e3o previstas mais cinco datas elei\u00e7\u00f5es suplementares ainda neste ano. Por enquanto, seis cidades brasileiras t\u00eam previs\u00e3o de pleitos para eleger novos prefeitos e vice. No dia 12 de abril, Cabedelo, na Para\u00edba; Oiapoque, no Amap\u00e1, e os munic\u00edpios ga\u00fachos de Cachoeirinha e Viam\u00e3o realizar\u00e3o elei\u00e7\u00f5es suplementares. J\u00e1 em 17 de maio, os eleitores de Ita\u00fa e Ouro Branco, no Rio Grande do Norte, voltar\u00e3o \u00e0s urnas.<\/p>\n<p>A possibilidade de realiza\u00e7\u00e3o de Elei\u00e7\u00f5es Suplementares est\u00e1 prevista no C\u00f3digo Eleitoral brasileiro e ocorre quando a Justi\u00e7a Eleitoral anula mais de 50% dos votos de uma elei\u00e7\u00e3o em raz\u00e3o do indeferimento do registro ou da cassa\u00e7\u00e3o do diploma dos candidatos eleitos para os cargos de prefeito, governador ou presidente da Rep\u00fablica. A legisla\u00e7\u00e3o tamb\u00e9m prev\u00ea a convoca\u00e7\u00e3o de novas elei\u00e7\u00f5es nos casos em que a Justi\u00e7a Eleitoral decida pelo indeferimento do registro, pela cassa\u00e7\u00e3o do diploma ou pela perda do mandato em disputas majorit\u00e1rias, independentemente do percentual de votos anulados.<\/p>\n","protected":false},"excerpt":{"rendered":"<p>Cerca de 19 mil eleitores de tr\u00eas cidades cearenses foram \u00e0s urnas nesse domingo eleger os novos ocupantes para os cargos de prefeito e vice-prefeito. Chor\u00f3, Potiretama e Senador S\u00e1 realizaram as primeiras elei\u00e7\u00f5es suplementares de 2026 em raz\u00e3o da perda dos mandatos dos candidatos a prefeito e vice-prefeito, eleitos em 2024. Paulo George de [&hellip;]<\/p>\n","protected":false},"author":2,"featured_media":385327,"comment_status":"closed","ping_status":"closed","sticky":false,"template":"","format":"standard","meta":{"_acf_changed":false,"footnotes":""},"categories":[165],"tags":[],"class_list":["post-385326","post","type-post","status-publish","format-standard","has-post-thumbnail","hentry","category-nordeste"],"acf":[],"yoast_head":"<!-- This site is optimized with the Yoast SEO plugin v27.2 - https:\/\/yoast.com\/product\/yoast-seo-wordpress\/ -->\n<title>Cearenses elegem prefeitos ap\u00f3s titulares serem cassados por corrup\u00e7\u00e3o - Notibras<\/title>\n<meta name=\"robots\" content=\"index, follow, max-snippet:-1, max-image-preview:large, max-video-preview:-1\" \/>\n<link rel=\"canonical\" href=\"https:\/\/www.notibras.com\/site\/cearenses-elegem-prefeitos-apos-titulares-serem-cassados-por-corrupcao\/\" \/>\n<meta property=\"og:locale\" content=\"pt_BR\" \/>\n<meta property=\"og:type\" content=\"article\" \/>\n<meta property=\"og:title\" content=\"Cearenses elegem prefeitos ap\u00f3s titulares serem cassados por corrup\u00e7\u00e3o - Notibras\" \/>\n<meta property=\"og:description\" content=\"Cerca de 19 mil eleitores de tr\u00eas cidades cearenses foram \u00e0s urnas nesse domingo eleger os novos ocupantes para os cargos de prefeito e vice-prefeito. Chor\u00f3, Potiretama e Senador S\u00e1 realizaram as primeiras elei\u00e7\u00f5es suplementares de 2026 em raz\u00e3o da perda dos mandatos dos candidatos a prefeito e vice-prefeito, eleitos em 2024. Paulo George de [&hellip;]\" \/>\n<meta property=\"og:url\" content=\"https:\/\/www.notibras.com\/site\/cearenses-elegem-prefeitos-apos-titulares-serem-cassados-por-corrupcao\/\" \/>\n<meta property=\"og:site_name\" content=\"Notibras\" \/>\n<meta property=\"article:publisher\" content=\"https:\/\/www.facebook.com\/notibras\/\" \/>\n<meta property=\"article:published_time\" content=\"2026-03-02T13:00:19+00:00\" \/>\n<meta property=\"article:modified_time\" content=\"2026-03-02T17:02:20+00:00\" \/>\n<meta property=\"og:image\" content=\"https:\/\/www.notibras.com\/site\/wp-content\/uploads\/2026\/03\/urna-eletronica.webp\" \/>\n\t<meta property=\"og:image:width\" content=\"1170\" \/>\n\t<meta property=\"og:image:height\" content=\"700\" \/>\n\t<meta property=\"og:image:type\" content=\"image\/webp\" \/>\n<meta name=\"author\" content=\"Reda\u00e7\u00e3o\" \/>\n<meta name=\"twitter:card\" content=\"summary_large_image\" \/>\n<meta name=\"twitter:creator\" content=\"@Notibras\" \/>\n<meta name=\"twitter:site\" content=\"@Notibras\" \/>\n<meta name=\"twitter:label1\" content=\"Escrito por\" \/>\n\t<meta name=\"twitter:data1\" content=\"Reda\u00e7\u00e3o\" \/>\n\t<meta name=\"twitter:label2\" content=\"Est. tempo de leitura\" \/>\n\t<meta name=\"twitter:data2\" content=\"3 minutos\" \/>\n<script type=\"application\/ld+json\" class=\"yoast-schema-graph\">{\"@context\":\"https:\/\/schema.org\",\"@graph\":[{\"@type\":\"Article\",\"@id\":\"https:\/\/www.notibras.com\/site\/cearenses-elegem-prefeitos-apos-titulares-serem-cassados-por-corrupcao\/#article\",\"isPartOf\":{\"@id\":\"https:\/\/www.notibras.com\/site\/cearenses-elegem-prefeitos-apos-titulares-serem-cassados-por-corrupcao\/\"},\"author\":{\"name\":\"Reda\u00e7\u00e3o\",\"@id\":\"https:\/\/www.notibras.com\/site\/#\/schema\/person\/36ab0979449956132d3e5b517ea76ac8\"},\"headline\":\"Cearenses elegem prefeitos ap\u00f3s titulares serem cassados por corrup\u00e7\u00e3o\",\"datePublished\":\"2026-03-02T13:00:19+00:00\",\"dateModified\":\"2026-03-02T17:02:20+00:00\",\"mainEntityOfPage\":{\"@id\":\"https:\/\/www.notibras.com\/site\/cearenses-elegem-prefeitos-apos-titulares-serem-cassados-por-corrupcao\/\"},\"wordCount\":357,\"publisher\":{\"@id\":\"https:\/\/www.notibras.com\/site\/#organization\"},\"image\":{\"@id\":\"https:\/\/www.notibras.com\/site\/cearenses-elegem-prefeitos-apos-titulares-serem-cassados-por-corrupcao\/#primaryimage\"},\"thumbnailUrl\":\"https:\/\/www.notibras.com\/site\/wp-content\/uploads\/2026\/03\/urna-eletronica.webp\",\"articleSection\":[\"Nordeste\"],\"inLanguage\":\"pt-BR\"},{\"@type\":\"WebPage\",\"@id\":\"https:\/\/www.notibras.com\/site\/cearenses-elegem-prefeitos-apos-titulares-serem-cassados-por-corrupcao\/\",\"url\":\"https:\/\/www.notibras.com\/site\/cearenses-elegem-prefeitos-apos-titulares-serem-cassados-por-corrupcao\/\",\"name\":\"Cearenses elegem prefeitos ap\u00f3s titulares serem cassados por corrup\u00e7\u00e3o - Notibras\",\"isPartOf\":{\"@id\":\"https:\/\/www.notibras.com\/site\/#website\"},\"primaryImageOfPage\":{\"@id\":\"https:\/\/www.notibras.com\/site\/cearenses-elegem-prefeitos-apos-titulares-serem-cassados-por-corrupcao\/#primaryimage\"},\"image\":{\"@id\":\"https:\/\/www.notibras.com\/site\/cearenses-elegem-prefeitos-apos-titulares-serem-cassados-por-corrupcao\/#primaryimage\"},\"thumbnailUrl\":\"https:\/\/www.notibras.com\/site\/wp-content\/uploads\/2026\/03\/urna-eletronica.webp\",\"datePublished\":\"2026-03-02T13:00:19+00:00\",\"dateModified\":\"2026-03-02T17:02:20+00:00\",\"breadcrumb\":{\"@id\":\"https:\/\/www.notibras.com\/site\/cearenses-elegem-prefeitos-apos-titulares-serem-cassados-por-corrupcao\/#breadcrumb\"},\"inLanguage\":\"pt-BR\",\"potentialAction\":[{\"@type\":\"ReadAction\",\"target\":[\"https:\/\/www.notibras.com\/site\/cearenses-elegem-prefeitos-apos-titulares-serem-cassados-por-corrupcao\/\"]}]},{\"@type\":\"ImageObject\",\"inLanguage\":\"pt-BR\",\"@id\":\"https:\/\/www.notibras.com\/site\/cearenses-elegem-prefeitos-apos-titulares-serem-cassados-por-corrupcao\/#primaryimage\",\"url\":\"https:\/\/www.notibras.com\/site\/wp-content\/uploads\/2026\/03\/urna-eletronica.webp\",\"contentUrl\":\"https:\/\/www.notibras.com\/site\/wp-content\/uploads\/2026\/03\/urna-eletronica.webp\",\"width\":1170,\"height\":700},{\"@type\":\"BreadcrumbList\",\"@id\":\"https:\/\/www.notibras.com\/site\/cearenses-elegem-prefeitos-apos-titulares-serem-cassados-por-corrupcao\/#breadcrumb\",\"itemListElement\":[{\"@type\":\"ListItem\",\"position\":1,\"name\":\"In\u00edcio\",\"item\":\"https:\/\/www.notibras.com\/site\/\"},{\"@type\":\"ListItem\",\"position\":2,\"name\":\"Cearenses elegem prefeitos ap\u00f3s titulares serem cassados por corrup\u00e7\u00e3o\"}]},{\"@type\":\"WebSite\",\"@id\":\"https:\/\/www.notibras.com\/site\/#website\",\"url\":\"https:\/\/www.notibras.com\/site\/\",\"name\":\"Notibras\",\"description\":\"Not\u00edcias de Bras\u00edlia, do Brasil e do Mundo\",\"publisher\":{\"@id\":\"https:\/\/www.notibras.com\/site\/#organization\"},\"potentialAction\":[{\"@type\":\"SearchAction\",\"target\":{\"@type\":\"EntryPoint\",\"urlTemplate\":\"https:\/\/www.notibras.com\/site\/?s={search_term_string}\"},\"query-input\":{\"@type\":\"PropertyValueSpecification\",\"valueRequired\":true,\"valueName\":\"search_term_string\"}}],\"inLanguage\":\"pt-BR\"},{\"@type\":\"Organization\",\"@id\":\"https:\/\/www.notibras.com\/site\/#organization\",\"name\":\"Grupo Notibras de Comunica\u00e7\u00e3o\",\"url\":\"https:\/\/www.notibras.com\/site\/\",\"logo\":{\"@type\":\"ImageObject\",\"inLanguage\":\"pt-BR\",\"@id\":\"https:\/\/www.notibras.com\/site\/#\/schema\/logo\/image\/\",\"url\":\"https:\/\/www.notibras.com\/site\/wp-content\/uploads\/2023\/01\/notibras23.png\",\"contentUrl\":\"https:\/\/www.notibras.com\/site\/wp-content\/uploads\/2023\/01\/notibras23.png\",\"width\":350,\"height\":87,\"caption\":\"Grupo Notibras de Comunica\u00e7\u00e3o\"},\"image\":{\"@id\":\"https:\/\/www.notibras.com\/site\/#\/schema\/logo\/image\/\"},\"sameAs\":[\"https:\/\/www.facebook.com\/notibras\/\",\"https:\/\/x.com\/Notibras\",\"https:\/\/www.instagram.com\/notibras\/\"]},{\"@type\":\"Person\",\"@id\":\"https:\/\/www.notibras.com\/site\/#\/schema\/person\/36ab0979449956132d3e5b517ea76ac8\",\"name\":\"Reda\u00e7\u00e3o\",\"image\":{\"@type\":\"ImageObject\",\"inLanguage\":\"pt-BR\",\"@id\":\"https:\/\/secure.gravatar.com\/avatar\/e0a867bdedb85fd243eadf09663511f96fc81e0720a4a42581f334ad4303aa6b?s=96&d=mm&r=g\",\"url\":\"https:\/\/secure.gravatar.com\/avatar\/e0a867bdedb85fd243eadf09663511f96fc81e0720a4a42581f334ad4303aa6b?s=96&d=mm&r=g\",\"contentUrl\":\"https:\/\/secure.gravatar.com\/avatar\/e0a867bdedb85fd243eadf09663511f96fc81e0720a4a42581f334ad4303aa6b?s=96&d=mm&r=g\",\"caption\":\"Reda\u00e7\u00e3o\"}}]}<\/script>\n<!-- \/ Yoast SEO plugin. -->","yoast_head_json":{"title":"Cearenses elegem prefeitos ap\u00f3s titulares serem cassados por corrup\u00e7\u00e3o - Notibras","robots":{"index":"index","follow":"follow","max-snippet":"max-snippet:-1","max-image-preview":"max-image-preview:large","max-video-preview":"max-video-preview:-1"},"canonical":"https:\/\/www.notibras.com\/site\/cearenses-elegem-prefeitos-apos-titulares-serem-cassados-por-corrupcao\/","og_locale":"pt_BR","og_type":"article","og_title":"Cearenses elegem prefeitos ap\u00f3s titulares serem cassados por corrup\u00e7\u00e3o - Notibras","og_description":"Cerca de 19 mil eleitores de tr\u00eas cidades cearenses foram \u00e0s urnas nesse domingo eleger os novos ocupantes para os cargos de prefeito e vice-prefeito. Chor\u00f3, Potiretama e Senador S\u00e1 realizaram as primeiras elei\u00e7\u00f5es suplementares de 2026 em raz\u00e3o da perda dos mandatos dos candidatos a prefeito e vice-prefeito, eleitos em 2024. Paulo George de [&hellip;]","og_url":"https:\/\/www.notibras.com\/site\/cearenses-elegem-prefeitos-apos-titulares-serem-cassados-por-corrupcao\/","og_site_name":"Notibras","article_publisher":"https:\/\/www.facebook.com\/notibras\/","article_published_time":"2026-03-02T13:00:19+00:00","article_modified_time":"2026-03-02T17:02:20+00:00","og_image":[{"width":1170,"height":700,"url":"https:\/\/www.notibras.com\/site\/wp-content\/uploads\/2026\/03\/urna-eletronica.webp","type":"image\/webp"}],"author":"Reda\u00e7\u00e3o","twitter_card":"summary_large_image","twitter_creator":"@Notibras","twitter_site":"@Notibras","twitter_misc":{"Escrito por":"Reda\u00e7\u00e3o","Est. tempo de leitura":"3 minutos"},"schema":{"@context":"https:\/\/schema.org","@graph":[{"@type":"Article","@id":"https:\/\/www.notibras.com\/site\/cearenses-elegem-prefeitos-apos-titulares-serem-cassados-por-corrupcao\/#article","isPartOf":{"@id":"https:\/\/www.notibras.com\/site\/cearenses-elegem-prefeitos-apos-titulares-serem-cassados-por-corrupcao\/"},"author":{"name":"Reda\u00e7\u00e3o","@id":"https:\/\/www.notibras.com\/site\/#\/schema\/person\/36ab0979449956132d3e5b517ea76ac8"},"headline":"Cearenses elegem prefeitos ap\u00f3s titulares serem cassados por corrup\u00e7\u00e3o","datePublished":"2026-03-02T13:00:19+00:00","dateModified":"2026-03-02T17:02:20+00:00","mainEntityOfPage":{"@id":"https:\/\/www.notibras.com\/site\/cearenses-elegem-prefeitos-apos-titulares-serem-cassados-por-corrupcao\/"},"wordCount":357,"publisher":{"@id":"https:\/\/www.notibras.com\/site\/#organization"},"image":{"@id":"https:\/\/www.notibras.com\/site\/cearenses-elegem-prefeitos-apos-titulares-serem-cassados-por-corrupcao\/#primaryimage"},"thumbnailUrl":"https:\/\/www.notibras.com\/site\/wp-content\/uploads\/2026\/03\/urna-eletronica.webp","articleSection":["Nordeste"],"inLanguage":"pt-BR"},{"@type":"WebPage","@id":"https:\/\/www.notibras.com\/site\/cearenses-elegem-prefeitos-apos-titulares-serem-cassados-por-corrupcao\/","url":"https:\/\/www.notibras.com\/site\/cearenses-elegem-prefeitos-apos-titulares-serem-cassados-por-corrupcao\/","name":"Cearenses elegem prefeitos ap\u00f3s titulares serem cassados por corrup\u00e7\u00e3o - Notibras","isPartOf":{"@id":"https:\/\/www.notibras.com\/site\/#website"},"primaryImageOfPage":{"@id":"https:\/\/www.notibras.com\/site\/cearenses-elegem-prefeitos-apos-titulares-serem-cassados-por-corrupcao\/#primaryimage"},"image":{"@id":"https:\/\/www.notibras.com\/site\/cearenses-elegem-prefeitos-apos-titulares-serem-cassados-por-corrupcao\/#primaryimage"},"thumbnailUrl":"https:\/\/www.notibras.com\/site\/wp-content\/uploads\/2026\/03\/urna-eletronica.webp","datePublished":"2026-03-02T13:00:19+00:00","dateModified":"2026-03-02T17:02:20+00:00","breadcrumb":{"@id":"https:\/\/www.notibras.com\/site\/cearenses-elegem-prefeitos-apos-titulares-serem-cassados-por-corrupcao\/#breadcrumb"},"inLanguage":"pt-BR","potentialAction":[{"@type":"ReadAction","target":["https:\/\/www.notibras.com\/site\/cearenses-elegem-prefeitos-apos-titulares-serem-cassados-por-corrupcao\/"]}]},{"@type":"ImageObject","inLanguage":"pt-BR","@id":"https:\/\/www.notibras.com\/site\/cearenses-elegem-prefeitos-apos-titulares-serem-cassados-por-corrupcao\/#primaryimage","url":"https:\/\/www.notibras.com\/site\/wp-content\/uploads\/2026\/03\/urna-eletronica.webp","contentUrl":"https:\/\/www.notibras.com\/site\/wp-content\/uploads\/2026\/03\/urna-eletronica.webp","width":1170,"height":700},{"@type":"BreadcrumbList","@id":"https:\/\/www.notibras.com\/site\/cearenses-elegem-prefeitos-apos-titulares-serem-cassados-por-corrupcao\/#breadcrumb","itemListElement":[{"@type":"ListItem","position":1,"name":"In\u00edcio","item":"https:\/\/www.notibras.com\/site\/"},{"@type":"ListItem","position":2,"name":"Cearenses elegem prefeitos ap\u00f3s titulares serem cassados por corrup\u00e7\u00e3o"}]},{"@type":"WebSite","@id":"https:\/\/www.notibras.com\/site\/#website","url":"https:\/\/www.notibras.com\/site\/","name":"Notibras","description":"Not\u00edcias de Bras\u00edlia, do Brasil e do Mundo","publisher":{"@id":"https:\/\/www.notibras.com\/site\/#organization"},"potentialAction":[{"@type":"SearchAction","target":{"@type":"EntryPoint","urlTemplate":"https:\/\/www.notibras.com\/site\/?s={search_term_string}"},"query-input":{"@type":"PropertyValueSpecification","valueRequired":true,"valueName":"search_term_string"}}],"inLanguage":"pt-BR"},{"@type":"Organization","@id":"https:\/\/www.notibras.com\/site\/#organization","name":"Grupo Notibras de Comunica\u00e7\u00e3o","url":"https:\/\/www.notibras.com\/site\/","logo":{"@type":"ImageObject","inLanguage":"pt-BR","@id":"https:\/\/www.notibras.com\/site\/#\/schema\/logo\/image\/","url":"https:\/\/www.notibras.com\/site\/wp-content\/uploads\/2023\/01\/notibras23.png","contentUrl":"https:\/\/www.notibras.com\/site\/wp-content\/uploads\/2023\/01\/notibras23.png","width":350,"height":87,"caption":"Grupo Notibras de Comunica\u00e7\u00e3o"},"image":{"@id":"https:\/\/www.notibras.com\/site\/#\/schema\/logo\/image\/"},"sameAs":["https:\/\/www.facebook.com\/notibras\/","https:\/\/x.com\/Notibras","https:\/\/www.instagram.com\/notibras\/"]},{"@type":"Person","@id":"https:\/\/www.notibras.com\/site\/#\/schema\/person\/36ab0979449956132d3e5b517ea76ac8","name":"Reda\u00e7\u00e3o","image":{"@type":"ImageObject","inLanguage":"pt-BR","@id":"https:\/\/secure.gravatar.com\/avatar\/e0a867bdedb85fd243eadf09663511f96fc81e0720a4a42581f334ad4303aa6b?s=96&d=mm&r=g","url":"https:\/\/secure.gravatar.com\/avatar\/e0a867bdedb85fd243eadf09663511f96fc81e0720a4a42581f334ad4303aa6b?s=96&d=mm&r=g","contentUrl":"https:\/\/secure.gravatar.com\/avatar\/e0a867bdedb85fd243eadf09663511f96fc81e0720a4a42581f334ad4303aa6b?s=96&d=mm&r=g","caption":"Reda\u00e7\u00e3o"}}]}},"amp_enabled":true,"_links":{"self":[{"href":"https:\/\/www.notibras.com\/site\/wp-json\/wp\/v2\/posts\/385326","targetHints":{"allow":["GET"]}}],"collection":[{"href":"https:\/\/www.notibras.com\/site\/wp-json\/wp\/v2\/posts"}],"about":[{"href":"https:\/\/www.notibras.com\/site\/wp-json\/wp\/v2\/types\/post"}],"author":[{"embeddable":true,"href":"https:\/\/www.notibras.com\/site\/wp-json\/wp\/v2\/users\/2"}],"replies":[{"embeddable":true,"href":"https:\/\/www.notibras.com\/site\/wp-json\/wp\/v2\/comments?post=385326"}],"version-history":[{"count":1,"href":"https:\/\/www.notibras.com\/site\/wp-json\/wp\/v2\/posts\/385326\/revisions"}],"predecessor-version":[{"id":385328,"href":"https:\/\/www.notibras.com\/site\/wp-json\/wp\/v2\/posts\/385326\/revisions\/385328"}],"wp:featuredmedia":[{"embeddable":true,"href":"https:\/\/www.notibras.com\/site\/wp-json\/wp\/v2\/media\/385327"}],"wp:attachment":[{"href":"https:\/\/www.notibras.com\/site\/wp-json\/wp\/v2\/media?parent=385326"}],"wp:term":[{"taxonomy":"category","embeddable":true,"href":"https:\/\/www.notibras.com\/site\/wp-json\/wp\/v2\/categories?post=385326"},{"taxonomy":"post_tag","embeddable":true,"href":"https:\/\/www.notibras.com\/site\/wp-json\/wp\/v2\/tags?post=385326"}],"curies":[{"name":"wp","href":"https:\/\/api.w.org\/{rel}","templated":true}]}}