{"id":385329,"date":"2026-03-03T01:00:12","date_gmt":"2026-03-03T04:00:12","guid":{"rendered":"https:\/\/www.notibras.com\/site\/?p=385329"},"modified":"2026-03-02T20:39:56","modified_gmt":"2026-03-02T23:39:56","slug":"df-assume-presidencia-inedita-na-primeira-reuniao-ordinaria-de-2026","status":"publish","type":"post","link":"https:\/\/www.notibras.com\/site\/df-assume-presidencia-inedita-na-primeira-reuniao-ordinaria-de-2026\/","title":{"rendered":"DF assume presid\u00eancia in\u00e9dita na primeira reuni\u00e3o ordin\u00e1ria de 2026"},"content":{"rendered":"<p>Bras\u00edlia recebe, at\u00e9 esta ter\u00e7a-feira (3), a primeira reuni\u00e3o ordin\u00e1ria de 2026 do Conselho Nacional de Secret\u00e1rios de Educa\u00e7\u00e3o (Consed). O encontro re\u00fane gestores estaduais, equipes t\u00e9cnicas e parceiros institucionais para alinhar estrat\u00e9gias e discutir pautas estruturantes para o fortalecimento das redes p\u00fablicas de ensino.<\/p>\n<p>A abertura do evento foi marcada por um momento hist\u00f3rico para o Distrito Federal, a primeira vez que Bras\u00edlia passa a liderar o conselho, com a transfer\u00eancia da presid\u00eancia do colegiado para a secret\u00e1ria de Educa\u00e7\u00e3o do DF, H\u00e9lvia Paranagu\u00e1. A gestora destacou que o encontro representa um marco institucional: \u201cEstamos sediando a primeira reuni\u00e3o ordin\u00e1ria do Consed aqui em Bras\u00edlia. \u00c9 uma honra que o Distrito Federal, pela primeira vez, tenha essa lideran\u00e7a nacional.\u201d<\/p>\n<p>O fato de a capital federal sediar a reuni\u00e3o justamente no in\u00edcio desse novo ciclo refor\u00e7a o papel do DF no cen\u00e1rio educacional brasileiro e amplia sua participa\u00e7\u00e3o nas decis\u00f5es que impactam diretamente as pol\u00edticas p\u00fablicas da \u00e1rea.<\/p>\n<p>Durante a sess\u00e3o de abertura, o momento de transi\u00e7\u00e3o da presid\u00eancia do Consed foi marcado por reconhecimento institucional e balan\u00e7o da gest\u00e3o. Ao transmitir o cargo \u00e0 secret\u00e1ria H\u00e9lvia, o secret\u00e1rio de Estado de Educa\u00e7\u00e3o de Sergipe, Zezinho Sobral, ressaltou o car\u00e1ter coletivo do trabalho desenvolvido no Consed.<\/p>\n<p>\u201cA experi\u00eancia vivida aqui no conselho foi muito rica e pr\u00f3spera. Tivemos o objetivo de mostrar ao MEC e ao Brasil que o Consed tem um prop\u00f3sito maior e re\u00fane algumas das melhores mentes do pa\u00eds para pensar e executar o processo educacional\u201d, afirmou.<\/p>\n<p>O gestor tamb\u00e9m enfatizou que as decis\u00f5es constru\u00eddas de forma conjunta contribu\u00edram para fortalecer a atua\u00e7\u00e3o do Conselho como espa\u00e7o de defini\u00e7\u00e3o de prioridades e de articula\u00e7\u00e3o pol\u00edtica na \u00e1rea educacional. Segundo ele, o di\u00e1logo permanente entre os membros foi essencial para consolidar o reconhecimento institucional do Consed. \u201cFico muito feliz ao saber que a secret\u00e1ria H\u00e9lvia dar\u00e1 continuidade a essa miss\u00e3o\u201d, celebrou.<\/p>\n<p><strong>Debates estruturantes<\/strong><\/p>\n<p>Ainda no primeiro dia, a programa\u00e7\u00e3o contemplou discuss\u00f5es sobre o avan\u00e7o do Sistema Nacional de Educa\u00e7\u00e3o (SNE) e a apresenta\u00e7\u00e3o das Diretrizes Operacionais do Ensino em Tempo Integral pelo Minist\u00e9rio da Educa\u00e7\u00e3o. A proposta do SNE busca consolidar um modelo integrado de acompanhamento da trajet\u00f3ria educacional dos estudantes em todo o pa\u00eds.<\/p>\n<p>A secret\u00e1ria H\u00e9lvia Paranagu\u00e1 ressaltou a relev\u00e2ncia do tema para a consolida\u00e7\u00e3o de pol\u00edticas p\u00fablicas mais articuladas: \u201cO Sistema Nacional de Educa\u00e7\u00e3o vem sendo debatido h\u00e1 mais de uma d\u00e9cada e pode representar um avan\u00e7o semelhante ao que o SUS promoveu na sa\u00fade, permitindo acompanhar o percurso dos estudantes em qualquer lugar do pa\u00eds\u201d, explicou a gestora.<\/p>\n<p>Nesta ter\u00e7a-feira (3), a agenda prossegue com o debate sobre o Programa de Pleno Pagamento de D\u00edvidas dos Estados (Propag), com participa\u00e7\u00e3o da Secretaria do Tesouro Nacional. Tamb\u00e9m est\u00e1 prevista a apresenta\u00e7\u00e3o do cronograma de forma\u00e7\u00e3o da Organiza\u00e7\u00e3o para a Coopera\u00e7\u00e3o e Desenvolvimento Econ\u00f4mico (OCDE) para 2026, conduzida pela Funda\u00e7\u00e3o Getulio Vargas (FGV).<\/p>\n<p><strong>Colabora\u00e7\u00e3o federativa<\/strong><\/p>\n<p>A realiza\u00e7\u00e3o da reuni\u00e3o na capital federal evidencia a import\u00e2ncia do di\u00e1logo entre os entes federados para a constru\u00e7\u00e3o de solu\u00e7\u00f5es conjuntas. O encontro busca fortalecer a coopera\u00e7\u00e3o entre estados e Distrito Federal, contribuindo para o desenvolvimento de pol\u00edticas que ampliem a equidade e elevem a qualidade da Educa\u00e7\u00e3o B\u00e1sica em todo o pa\u00eds.<\/p>\n<p>Criado em 1986, o Consed re\u00fane as secretarias estaduais de Educa\u00e7\u00e3o e atua como inst\u00e2ncia permanente de articula\u00e7\u00e3o federativa. Ao longo de sua trajet\u00f3ria, o colegiado consolidou-se como espa\u00e7o de coopera\u00e7\u00e3o institucional, promovendo o alinhamento entre diferentes realidades educacionais e fortalecendo a participa\u00e7\u00e3o dos estados na formula\u00e7\u00e3o das pol\u00edticas nacionais.<\/p>\n","protected":false},"excerpt":{"rendered":"<p>Bras\u00edlia recebe, at\u00e9 esta ter\u00e7a-feira (3), a primeira reuni\u00e3o ordin\u00e1ria de 2026 do Conselho Nacional de Secret\u00e1rios de Educa\u00e7\u00e3o (Consed). O encontro re\u00fane gestores estaduais, equipes t\u00e9cnicas e parceiros institucionais para alinhar estrat\u00e9gias e discutir pautas estruturantes para o fortalecimento das redes p\u00fablicas de ensino. A abertura do evento foi marcada por um momento hist\u00f3rico [&hellip;]<\/p>\n","protected":false},"author":21,"featured_media":385331,"comment_status":"closed","ping_status":"closed","sticky":false,"template":"","format":"standard","meta":{"_acf_changed":false,"footnotes":""},"categories":[161],"tags":[],"class_list":["post-385329","post","type-post","status-publish","format-standard","has-post-thumbnail","hentry","category-quadradinho-em-foco"],"acf":[],"yoast_head":"<!-- This site is optimized with the Yoast SEO plugin v27.2 - https:\/\/yoast.com\/product\/yoast-seo-wordpress\/ -->\n<title>DF assume presid\u00eancia in\u00e9dita na primeira reuni\u00e3o ordin\u00e1ria de 2026 - Notibras<\/title>\n<meta name=\"robots\" content=\"index, follow, max-snippet:-1, max-image-preview:large, max-video-preview:-1\" \/>\n<link rel=\"canonical\" href=\"https:\/\/www.notibras.com\/site\/df-assume-presidencia-inedita-na-primeira-reuniao-ordinaria-de-2026\/\" \/>\n<meta property=\"og:locale\" content=\"pt_BR\" \/>\n<meta property=\"og:type\" content=\"article\" \/>\n<meta property=\"og:title\" content=\"DF assume presid\u00eancia in\u00e9dita na primeira reuni\u00e3o ordin\u00e1ria de 2026 - Notibras\" \/>\n<meta property=\"og:description\" content=\"Bras\u00edlia recebe, at\u00e9 esta ter\u00e7a-feira (3), a primeira reuni\u00e3o ordin\u00e1ria de 2026 do Conselho Nacional de Secret\u00e1rios de Educa\u00e7\u00e3o (Consed). O encontro re\u00fane gestores estaduais, equipes t\u00e9cnicas e parceiros institucionais para alinhar estrat\u00e9gias e discutir pautas estruturantes para o fortalecimento das redes p\u00fablicas de ensino. A abertura do evento foi marcada por um momento hist\u00f3rico [&hellip;]\" \/>\n<meta property=\"og:url\" content=\"https:\/\/www.notibras.com\/site\/df-assume-presidencia-inedita-na-primeira-reuniao-ordinaria-de-2026\/\" \/>\n<meta property=\"og:site_name\" content=\"Notibras\" \/>\n<meta property=\"article:publisher\" content=\"https:\/\/www.facebook.com\/notibras\/\" \/>\n<meta property=\"article:published_time\" content=\"2026-03-03T04:00:12+00:00\" \/>\n<meta property=\"og:image\" content=\"https:\/\/www.notibras.com\/site\/wp-content\/uploads\/2026\/03\/Posse_Consed_Helvia_-Foto-2-Mary-Leal-scaled.jpg\" \/>\n\t<meta property=\"og:image:width\" content=\"2560\" \/>\n\t<meta property=\"og:image:height\" content=\"1707\" \/>\n\t<meta property=\"og:image:type\" content=\"image\/jpeg\" \/>\n<meta name=\"author\" content=\"Eduardo Mart\u00ednez\" \/>\n<meta name=\"twitter:card\" content=\"summary_large_image\" \/>\n<meta name=\"twitter:creator\" content=\"@Notibras\" \/>\n<meta name=\"twitter:site\" content=\"@Notibras\" \/>\n<meta name=\"twitter:label1\" content=\"Escrito por\" \/>\n\t<meta name=\"twitter:data1\" content=\"Eduardo Mart\u00ednez\" \/>\n\t<meta name=\"twitter:label2\" content=\"Est. tempo de leitura\" \/>\n\t<meta name=\"twitter:data2\" content=\"4 minutos\" \/>\n<script type=\"application\/ld+json\" class=\"yoast-schema-graph\">{\"@context\":\"https:\/\/schema.org\",\"@graph\":[{\"@type\":\"Article\",\"@id\":\"https:\/\/www.notibras.com\/site\/df-assume-presidencia-inedita-na-primeira-reuniao-ordinaria-de-2026\/#article\",\"isPartOf\":{\"@id\":\"https:\/\/www.notibras.com\/site\/df-assume-presidencia-inedita-na-primeira-reuniao-ordinaria-de-2026\/\"},\"author\":{\"name\":\"Eduardo Mart\u00ednez\",\"@id\":\"https:\/\/www.notibras.com\/site\/#\/schema\/person\/5b7fabf2aedc3ada2105f03b22b4d3dd\"},\"headline\":\"DF assume presid\u00eancia in\u00e9dita na primeira reuni\u00e3o ordin\u00e1ria de 2026\",\"datePublished\":\"2026-03-03T04:00:12+00:00\",\"mainEntityOfPage\":{\"@id\":\"https:\/\/www.notibras.com\/site\/df-assume-presidencia-inedita-na-primeira-reuniao-ordinaria-de-2026\/\"},\"wordCount\":698,\"publisher\":{\"@id\":\"https:\/\/www.notibras.com\/site\/#organization\"},\"image\":{\"@id\":\"https:\/\/www.notibras.com\/site\/df-assume-presidencia-inedita-na-primeira-reuniao-ordinaria-de-2026\/#primaryimage\"},\"thumbnailUrl\":\"https:\/\/www.notibras.com\/site\/wp-content\/uploads\/2026\/03\/Posse_Consed_Helvia_-Foto-2-Mary-Leal-scaled.jpg\",\"articleSection\":[\"Quadradinho em Foco\"],\"inLanguage\":\"pt-BR\"},{\"@type\":\"WebPage\",\"@id\":\"https:\/\/www.notibras.com\/site\/df-assume-presidencia-inedita-na-primeira-reuniao-ordinaria-de-2026\/\",\"url\":\"https:\/\/www.notibras.com\/site\/df-assume-presidencia-inedita-na-primeira-reuniao-ordinaria-de-2026\/\",\"name\":\"DF assume presid\u00eancia in\u00e9dita na primeira reuni\u00e3o ordin\u00e1ria de 2026 - Notibras\",\"isPartOf\":{\"@id\":\"https:\/\/www.notibras.com\/site\/#website\"},\"primaryImageOfPage\":{\"@id\":\"https:\/\/www.notibras.com\/site\/df-assume-presidencia-inedita-na-primeira-reuniao-ordinaria-de-2026\/#primaryimage\"},\"image\":{\"@id\":\"https:\/\/www.notibras.com\/site\/df-assume-presidencia-inedita-na-primeira-reuniao-ordinaria-de-2026\/#primaryimage\"},\"thumbnailUrl\":\"https:\/\/www.notibras.com\/site\/wp-content\/uploads\/2026\/03\/Posse_Consed_Helvia_-Foto-2-Mary-Leal-scaled.jpg\",\"datePublished\":\"2026-03-03T04:00:12+00:00\",\"breadcrumb\":{\"@id\":\"https:\/\/www.notibras.com\/site\/df-assume-presidencia-inedita-na-primeira-reuniao-ordinaria-de-2026\/#breadcrumb\"},\"inLanguage\":\"pt-BR\",\"potentialAction\":[{\"@type\":\"ReadAction\",\"target\":[\"https:\/\/www.notibras.com\/site\/df-assume-presidencia-inedita-na-primeira-reuniao-ordinaria-de-2026\/\"]}]},{\"@type\":\"ImageObject\",\"inLanguage\":\"pt-BR\",\"@id\":\"https:\/\/www.notibras.com\/site\/df-assume-presidencia-inedita-na-primeira-reuniao-ordinaria-de-2026\/#primaryimage\",\"url\":\"https:\/\/www.notibras.com\/site\/wp-content\/uploads\/2026\/03\/Posse_Consed_Helvia_-Foto-2-Mary-Leal-scaled.jpg\",\"contentUrl\":\"https:\/\/www.notibras.com\/site\/wp-content\/uploads\/2026\/03\/Posse_Consed_Helvia_-Foto-2-Mary-Leal-scaled.jpg\",\"width\":2560,\"height\":1707},{\"@type\":\"BreadcrumbList\",\"@id\":\"https:\/\/www.notibras.com\/site\/df-assume-presidencia-inedita-na-primeira-reuniao-ordinaria-de-2026\/#breadcrumb\",\"itemListElement\":[{\"@type\":\"ListItem\",\"position\":1,\"name\":\"In\u00edcio\",\"item\":\"https:\/\/www.notibras.com\/site\/\"},{\"@type\":\"ListItem\",\"position\":2,\"name\":\"DF assume presid\u00eancia in\u00e9dita na primeira reuni\u00e3o ordin\u00e1ria de 2026\"}]},{\"@type\":\"WebSite\",\"@id\":\"https:\/\/www.notibras.com\/site\/#website\",\"url\":\"https:\/\/www.notibras.com\/site\/\",\"name\":\"Notibras\",\"description\":\"Not\u00edcias de Bras\u00edlia, do Brasil e do Mundo\",\"publisher\":{\"@id\":\"https:\/\/www.notibras.com\/site\/#organization\"},\"potentialAction\":[{\"@type\":\"SearchAction\",\"target\":{\"@type\":\"EntryPoint\",\"urlTemplate\":\"https:\/\/www.notibras.com\/site\/?s={search_term_string}\"},\"query-input\":{\"@type\":\"PropertyValueSpecification\",\"valueRequired\":true,\"valueName\":\"search_term_string\"}}],\"inLanguage\":\"pt-BR\"},{\"@type\":\"Organization\",\"@id\":\"https:\/\/www.notibras.com\/site\/#organization\",\"name\":\"Grupo Notibras de Comunica\u00e7\u00e3o\",\"url\":\"https:\/\/www.notibras.com\/site\/\",\"logo\":{\"@type\":\"ImageObject\",\"inLanguage\":\"pt-BR\",\"@id\":\"https:\/\/www.notibras.com\/site\/#\/schema\/logo\/image\/\",\"url\":\"https:\/\/www.notibras.com\/site\/wp-content\/uploads\/2023\/01\/notibras23.png\",\"contentUrl\":\"https:\/\/www.notibras.com\/site\/wp-content\/uploads\/2023\/01\/notibras23.png\",\"width\":350,\"height\":87,\"caption\":\"Grupo Notibras de Comunica\u00e7\u00e3o\"},\"image\":{\"@id\":\"https:\/\/www.notibras.com\/site\/#\/schema\/logo\/image\/\"},\"sameAs\":[\"https:\/\/www.facebook.com\/notibras\/\",\"https:\/\/x.com\/Notibras\",\"https:\/\/www.instagram.com\/notibras\/\"]},{\"@type\":\"Person\",\"@id\":\"https:\/\/www.notibras.com\/site\/#\/schema\/person\/5b7fabf2aedc3ada2105f03b22b4d3dd\",\"name\":\"Eduardo Mart\u00ednez\",\"image\":{\"@type\":\"ImageObject\",\"inLanguage\":\"pt-BR\",\"@id\":\"https:\/\/secure.gravatar.com\/avatar\/7902f906289926289cbcda644b5197c796b893c6ffd7b9a536a42d290f7704a0?s=96&d=mm&r=g\",\"url\":\"https:\/\/secure.gravatar.com\/avatar\/7902f906289926289cbcda644b5197c796b893c6ffd7b9a536a42d290f7704a0?s=96&d=mm&r=g\",\"contentUrl\":\"https:\/\/secure.gravatar.com\/avatar\/7902f906289926289cbcda644b5197c796b893c6ffd7b9a536a42d290f7704a0?s=96&d=mm&r=g\",\"caption\":\"Eduardo Mart\u00ednez\"}}]}<\/script>\n<!-- \/ Yoast SEO plugin. -->","yoast_head_json":{"title":"DF assume presid\u00eancia in\u00e9dita na primeira reuni\u00e3o ordin\u00e1ria de 2026 - Notibras","robots":{"index":"index","follow":"follow","max-snippet":"max-snippet:-1","max-image-preview":"max-image-preview:large","max-video-preview":"max-video-preview:-1"},"canonical":"https:\/\/www.notibras.com\/site\/df-assume-presidencia-inedita-na-primeira-reuniao-ordinaria-de-2026\/","og_locale":"pt_BR","og_type":"article","og_title":"DF assume presid\u00eancia in\u00e9dita na primeira reuni\u00e3o ordin\u00e1ria de 2026 - Notibras","og_description":"Bras\u00edlia recebe, at\u00e9 esta ter\u00e7a-feira (3), a primeira reuni\u00e3o ordin\u00e1ria de 2026 do Conselho Nacional de Secret\u00e1rios de Educa\u00e7\u00e3o (Consed). O encontro re\u00fane gestores estaduais, equipes t\u00e9cnicas e parceiros institucionais para alinhar estrat\u00e9gias e discutir pautas estruturantes para o fortalecimento das redes p\u00fablicas de ensino. A abertura do evento foi marcada por um momento hist\u00f3rico [&hellip;]","og_url":"https:\/\/www.notibras.com\/site\/df-assume-presidencia-inedita-na-primeira-reuniao-ordinaria-de-2026\/","og_site_name":"Notibras","article_publisher":"https:\/\/www.facebook.com\/notibras\/","article_published_time":"2026-03-03T04:00:12+00:00","og_image":[{"width":2560,"height":1707,"url":"https:\/\/www.notibras.com\/site\/wp-content\/uploads\/2026\/03\/Posse_Consed_Helvia_-Foto-2-Mary-Leal-scaled.jpg","type":"image\/jpeg"}],"author":"Eduardo Mart\u00ednez","twitter_card":"summary_large_image","twitter_creator":"@Notibras","twitter_site":"@Notibras","twitter_misc":{"Escrito por":"Eduardo Mart\u00ednez","Est. tempo de leitura":"4 minutos"},"schema":{"@context":"https:\/\/schema.org","@graph":[{"@type":"Article","@id":"https:\/\/www.notibras.com\/site\/df-assume-presidencia-inedita-na-primeira-reuniao-ordinaria-de-2026\/#article","isPartOf":{"@id":"https:\/\/www.notibras.com\/site\/df-assume-presidencia-inedita-na-primeira-reuniao-ordinaria-de-2026\/"},"author":{"name":"Eduardo Mart\u00ednez","@id":"https:\/\/www.notibras.com\/site\/#\/schema\/person\/5b7fabf2aedc3ada2105f03b22b4d3dd"},"headline":"DF assume presid\u00eancia in\u00e9dita na primeira reuni\u00e3o ordin\u00e1ria de 2026","datePublished":"2026-03-03T04:00:12+00:00","mainEntityOfPage":{"@id":"https:\/\/www.notibras.com\/site\/df-assume-presidencia-inedita-na-primeira-reuniao-ordinaria-de-2026\/"},"wordCount":698,"publisher":{"@id":"https:\/\/www.notibras.com\/site\/#organization"},"image":{"@id":"https:\/\/www.notibras.com\/site\/df-assume-presidencia-inedita-na-primeira-reuniao-ordinaria-de-2026\/#primaryimage"},"thumbnailUrl":"https:\/\/www.notibras.com\/site\/wp-content\/uploads\/2026\/03\/Posse_Consed_Helvia_-Foto-2-Mary-Leal-scaled.jpg","articleSection":["Quadradinho em Foco"],"inLanguage":"pt-BR"},{"@type":"WebPage","@id":"https:\/\/www.notibras.com\/site\/df-assume-presidencia-inedita-na-primeira-reuniao-ordinaria-de-2026\/","url":"https:\/\/www.notibras.com\/site\/df-assume-presidencia-inedita-na-primeira-reuniao-ordinaria-de-2026\/","name":"DF assume presid\u00eancia in\u00e9dita na primeira reuni\u00e3o ordin\u00e1ria de 2026 - Notibras","isPartOf":{"@id":"https:\/\/www.notibras.com\/site\/#website"},"primaryImageOfPage":{"@id":"https:\/\/www.notibras.com\/site\/df-assume-presidencia-inedita-na-primeira-reuniao-ordinaria-de-2026\/#primaryimage"},"image":{"@id":"https:\/\/www.notibras.com\/site\/df-assume-presidencia-inedita-na-primeira-reuniao-ordinaria-de-2026\/#primaryimage"},"thumbnailUrl":"https:\/\/www.notibras.com\/site\/wp-content\/uploads\/2026\/03\/Posse_Consed_Helvia_-Foto-2-Mary-Leal-scaled.jpg","datePublished":"2026-03-03T04:00:12+00:00","breadcrumb":{"@id":"https:\/\/www.notibras.com\/site\/df-assume-presidencia-inedita-na-primeira-reuniao-ordinaria-de-2026\/#breadcrumb"},"inLanguage":"pt-BR","potentialAction":[{"@type":"ReadAction","target":["https:\/\/www.notibras.com\/site\/df-assume-presidencia-inedita-na-primeira-reuniao-ordinaria-de-2026\/"]}]},{"@type":"ImageObject","inLanguage":"pt-BR","@id":"https:\/\/www.notibras.com\/site\/df-assume-presidencia-inedita-na-primeira-reuniao-ordinaria-de-2026\/#primaryimage","url":"https:\/\/www.notibras.com\/site\/wp-content\/uploads\/2026\/03\/Posse_Consed_Helvia_-Foto-2-Mary-Leal-scaled.jpg","contentUrl":"https:\/\/www.notibras.com\/site\/wp-content\/uploads\/2026\/03\/Posse_Consed_Helvia_-Foto-2-Mary-Leal-scaled.jpg","width":2560,"height":1707},{"@type":"BreadcrumbList","@id":"https:\/\/www.notibras.com\/site\/df-assume-presidencia-inedita-na-primeira-reuniao-ordinaria-de-2026\/#breadcrumb","itemListElement":[{"@type":"ListItem","position":1,"name":"In\u00edcio","item":"https:\/\/www.notibras.com\/site\/"},{"@type":"ListItem","position":2,"name":"DF assume presid\u00eancia in\u00e9dita na primeira reuni\u00e3o ordin\u00e1ria de 2026"}]},{"@type":"WebSite","@id":"https:\/\/www.notibras.com\/site\/#website","url":"https:\/\/www.notibras.com\/site\/","name":"Notibras","description":"Not\u00edcias de Bras\u00edlia, do Brasil e do Mundo","publisher":{"@id":"https:\/\/www.notibras.com\/site\/#organization"},"potentialAction":[{"@type":"SearchAction","target":{"@type":"EntryPoint","urlTemplate":"https:\/\/www.notibras.com\/site\/?s={search_term_string}"},"query-input":{"@type":"PropertyValueSpecification","valueRequired":true,"valueName":"search_term_string"}}],"inLanguage":"pt-BR"},{"@type":"Organization","@id":"https:\/\/www.notibras.com\/site\/#organization","name":"Grupo Notibras de Comunica\u00e7\u00e3o","url":"https:\/\/www.notibras.com\/site\/","logo":{"@type":"ImageObject","inLanguage":"pt-BR","@id":"https:\/\/www.notibras.com\/site\/#\/schema\/logo\/image\/","url":"https:\/\/www.notibras.com\/site\/wp-content\/uploads\/2023\/01\/notibras23.png","contentUrl":"https:\/\/www.notibras.com\/site\/wp-content\/uploads\/2023\/01\/notibras23.png","width":350,"height":87,"caption":"Grupo Notibras de Comunica\u00e7\u00e3o"},"image":{"@id":"https:\/\/www.notibras.com\/site\/#\/schema\/logo\/image\/"},"sameAs":["https:\/\/www.facebook.com\/notibras\/","https:\/\/x.com\/Notibras","https:\/\/www.instagram.com\/notibras\/"]},{"@type":"Person","@id":"https:\/\/www.notibras.com\/site\/#\/schema\/person\/5b7fabf2aedc3ada2105f03b22b4d3dd","name":"Eduardo Mart\u00ednez","image":{"@type":"ImageObject","inLanguage":"pt-BR","@id":"https:\/\/secure.gravatar.com\/avatar\/7902f906289926289cbcda644b5197c796b893c6ffd7b9a536a42d290f7704a0?s=96&d=mm&r=g","url":"https:\/\/secure.gravatar.com\/avatar\/7902f906289926289cbcda644b5197c796b893c6ffd7b9a536a42d290f7704a0?s=96&d=mm&r=g","contentUrl":"https:\/\/secure.gravatar.com\/avatar\/7902f906289926289cbcda644b5197c796b893c6ffd7b9a536a42d290f7704a0?s=96&d=mm&r=g","caption":"Eduardo Mart\u00ednez"}}]}},"amp_enabled":true,"_links":{"self":[{"href":"https:\/\/www.notibras.com\/site\/wp-json\/wp\/v2\/posts\/385329","targetHints":{"allow":["GET"]}}],"collection":[{"href":"https:\/\/www.notibras.com\/site\/wp-json\/wp\/v2\/posts"}],"about":[{"href":"https:\/\/www.notibras.com\/site\/wp-json\/wp\/v2\/types\/post"}],"author":[{"embeddable":true,"href":"https:\/\/www.notibras.com\/site\/wp-json\/wp\/v2\/users\/21"}],"replies":[{"embeddable":true,"href":"https:\/\/www.notibras.com\/site\/wp-json\/wp\/v2\/comments?post=385329"}],"version-history":[{"count":3,"href":"https:\/\/www.notibras.com\/site\/wp-json\/wp\/v2\/posts\/385329\/revisions"}],"predecessor-version":[{"id":385333,"href":"https:\/\/www.notibras.com\/site\/wp-json\/wp\/v2\/posts\/385329\/revisions\/385333"}],"wp:featuredmedia":[{"embeddable":true,"href":"https:\/\/www.notibras.com\/site\/wp-json\/wp\/v2\/media\/385331"}],"wp:attachment":[{"href":"https:\/\/www.notibras.com\/site\/wp-json\/wp\/v2\/media?parent=385329"}],"wp:term":[{"taxonomy":"category","embeddable":true,"href":"https:\/\/www.notibras.com\/site\/wp-json\/wp\/v2\/categories?post=385329"},{"taxonomy":"post_tag","embeddable":true,"href":"https:\/\/www.notibras.com\/site\/wp-json\/wp\/v2\/tags?post=385329"}],"curies":[{"name":"wp","href":"https:\/\/api.w.org\/{rel}","templated":true}]}}