{"id":385334,"date":"2026-03-03T01:15:01","date_gmt":"2026-03-03T04:15:01","guid":{"rendered":"https:\/\/www.notibras.com\/site\/?p=385334"},"modified":"2026-03-02T20:47:24","modified_gmt":"2026-03-02T23:47:24","slug":"reabertura-acontece-neste-mes-apos-quatro-anos-com-etapa-nacional","status":"publish","type":"post","link":"https:\/\/www.notibras.com\/site\/reabertura-acontece-neste-mes-apos-quatro-anos-com-etapa-nacional\/","title":{"rendered":"\u00a0Reabertura acontece neste m\u00eas ap\u00f3s quatro anos, com etapa nacional"},"content":{"rendered":"<p>Durante quatro anos, o Kart\u00f3dromo Internacional de Bras\u00edlia permaneceu fechado, alimentando a expectativa de pilotos, equipes e f\u00e3s de velocidade. Agora, a espera est\u00e1 perto do fim: o ronco dos karts voltar\u00e1 a ecoar na cidade em mar\u00e7o.<\/p>\n<p>Localizado dentro do Aut\u00f3dromo Internacional de Bras\u00edlia, o kart\u00f3dromo ter\u00e1 1.100 metros de extens\u00e3o, com largura de 10 metros na reta e 8 metros nas curvas, e seis op\u00e7\u00f5es de tra\u00e7ado. A nova estrutura foi planejada para atender \u00e0s exig\u00eancias t\u00e9cnicas e de seguran\u00e7a internacionais.<\/p>\n<p>Segundo Fernando Distretti, a maior parte das obras j\u00e1 foi conclu\u00edda. \u201cA pista j\u00e1 est\u00e1 no padr\u00e3o internacional do kartismo. Estamos na fase final do paisagismo, com a coloca\u00e7\u00e3o da grama. O que falta agora \u00e9 a pintura com a sinaliza\u00e7\u00e3o, finalizar as zebras e concluir alguns pontos das barreiras\u201d, explica.<\/p>\n<p>A reinaugura\u00e7\u00e3o ser\u00e1 marcada pela primeira etapa do Bras\u00edlia Kart Series, competi\u00e7\u00e3o reconhecida pela Confedera\u00e7\u00e3o Brasileira de Automobilismo, com apoio da Federa\u00e7\u00e3o de Automobilismo do Distrito Federal.<\/p>\n<p>\u201cVamos montar um parque com lazer e conforto com pra\u00e7a de alimenta\u00e7\u00e3o, espa\u00e7o gourmet e sala de simuladores. O formato do campeonato \u00e9 muito interessante. Temos muitos pilotos de S\u00e3o Paulo, Tocantins e Goi\u00e2nia, mas a maioria \u00e9 aqui do DF\u201d, diz o presidente da Federa\u00e7\u00e3o de Automobilismo do Distrito Federal, Renato Constantino.<\/p>\n<p>Aproximadamente 100 pilotos v\u00e3o participar da competi\u00e7\u00e3o, distribu\u00eddos nas categorias mirim, cadete, j\u00fanior, graduado, novatos e psk, que s\u00e3o pilotos acima de 23 anos, j\u00e1 experientes no kart amador ou profissional. \u201cTemos pilotos de 8 a 72 anos, com grids completos em v\u00e1rias categorias\u201d, completa Renato Constantino.<\/p>\n<p>Para Fernando Distretti, a expectativa \u00e9 que o kart\u00f3dromo tenha impacto al\u00e9m das pistas. \u201cQueremos atender \u00e0 comunidade do kartismo e fomentar cultura, turismo, gera\u00e7\u00e3o de emprego e renda. O automobilismo ficou muitos anos sem estrutura adequada e agora queremos trazer grandes eventos, nacionais e internacionais, movimentando a economia e o turismo esportivo\u201d, destaca.<\/p>\n","protected":false},"excerpt":{"rendered":"<p>Durante quatro anos, o Kart\u00f3dromo Internacional de Bras\u00edlia permaneceu fechado, alimentando a expectativa de pilotos, equipes e f\u00e3s de velocidade. Agora, a espera est\u00e1 perto do fim: o ronco dos karts voltar\u00e1 a ecoar na cidade em mar\u00e7o. Localizado dentro do Aut\u00f3dromo Internacional de Bras\u00edlia, o kart\u00f3dromo ter\u00e1 1.100 metros de extens\u00e3o, com largura de [&hellip;]<\/p>\n","protected":false},"author":21,"featured_media":385335,"comment_status":"closed","ping_status":"closed","sticky":false,"template":"","format":"standard","meta":{"_acf_changed":false,"footnotes":""},"categories":[161],"tags":[],"class_list":["post-385334","post","type-post","status-publish","format-standard","has-post-thumbnail","hentry","category-quadradinho-em-foco"],"acf":[],"yoast_head":"<!-- This site is optimized with the Yoast SEO plugin v27.2 - https:\/\/yoast.com\/product\/yoast-seo-wordpress\/ -->\n<title>\u00a0Reabertura acontece neste m\u00eas ap\u00f3s quatro anos, com etapa nacional - Notibras<\/title>\n<meta name=\"robots\" content=\"index, follow, max-snippet:-1, max-image-preview:large, max-video-preview:-1\" \/>\n<link rel=\"canonical\" href=\"https:\/\/www.notibras.com\/site\/reabertura-acontece-neste-mes-apos-quatro-anos-com-etapa-nacional\/\" \/>\n<meta property=\"og:locale\" content=\"pt_BR\" \/>\n<meta property=\"og:type\" content=\"article\" \/>\n<meta property=\"og:title\" content=\"\u00a0Reabertura acontece neste m\u00eas ap\u00f3s quatro anos, com etapa nacional - Notibras\" \/>\n<meta property=\"og:description\" content=\"Durante quatro anos, o Kart\u00f3dromo Internacional de Bras\u00edlia permaneceu fechado, alimentando a expectativa de pilotos, equipes e f\u00e3s de velocidade. Agora, a espera est\u00e1 perto do fim: o ronco dos karts voltar\u00e1 a ecoar na cidade em mar\u00e7o. Localizado dentro do Aut\u00f3dromo Internacional de Bras\u00edlia, o kart\u00f3dromo ter\u00e1 1.100 metros de extens\u00e3o, com largura de [&hellip;]\" \/>\n<meta property=\"og:url\" content=\"https:\/\/www.notibras.com\/site\/reabertura-acontece-neste-mes-apos-quatro-anos-com-etapa-nacional\/\" \/>\n<meta property=\"og:site_name\" content=\"Notibras\" \/>\n<meta property=\"article:publisher\" content=\"https:\/\/www.facebook.com\/notibras\/\" \/>\n<meta property=\"article:published_time\" content=\"2026-03-03T04:15:01+00:00\" \/>\n<meta property=\"og:image\" content=\"https:\/\/www.notibras.com\/site\/wp-content\/uploads\/2026\/03\/Dentro-173.jpg\" \/>\n\t<meta property=\"og:image:width\" content=\"1181\" \/>\n\t<meta property=\"og:image:height\" content=\"787\" \/>\n\t<meta property=\"og:image:type\" content=\"image\/jpeg\" \/>\n<meta name=\"author\" content=\"Eduardo Mart\u00ednez\" \/>\n<meta name=\"twitter:card\" content=\"summary_large_image\" \/>\n<meta name=\"twitter:creator\" content=\"@Notibras\" \/>\n<meta name=\"twitter:site\" content=\"@Notibras\" \/>\n<meta name=\"twitter:label1\" content=\"Escrito por\" \/>\n\t<meta name=\"twitter:data1\" content=\"Eduardo Mart\u00ednez\" \/>\n\t<meta name=\"twitter:label2\" content=\"Est. tempo de leitura\" \/>\n\t<meta name=\"twitter:data2\" content=\"2 minutos\" \/>\n<script type=\"application\/ld+json\" class=\"yoast-schema-graph\">{\"@context\":\"https:\/\/schema.org\",\"@graph\":[{\"@type\":\"Article\",\"@id\":\"https:\/\/www.notibras.com\/site\/reabertura-acontece-neste-mes-apos-quatro-anos-com-etapa-nacional\/#article\",\"isPartOf\":{\"@id\":\"https:\/\/www.notibras.com\/site\/reabertura-acontece-neste-mes-apos-quatro-anos-com-etapa-nacional\/\"},\"author\":{\"name\":\"Eduardo Mart\u00ednez\",\"@id\":\"https:\/\/www.notibras.com\/site\/#\/schema\/person\/5b7fabf2aedc3ada2105f03b22b4d3dd\"},\"headline\":\"\u00a0Reabertura acontece neste m\u00eas ap\u00f3s quatro anos, com etapa nacional\",\"datePublished\":\"2026-03-03T04:15:01+00:00\",\"mainEntityOfPage\":{\"@id\":\"https:\/\/www.notibras.com\/site\/reabertura-acontece-neste-mes-apos-quatro-anos-com-etapa-nacional\/\"},\"wordCount\":352,\"publisher\":{\"@id\":\"https:\/\/www.notibras.com\/site\/#organization\"},\"image\":{\"@id\":\"https:\/\/www.notibras.com\/site\/reabertura-acontece-neste-mes-apos-quatro-anos-com-etapa-nacional\/#primaryimage\"},\"thumbnailUrl\":\"https:\/\/www.notibras.com\/site\/wp-content\/uploads\/2026\/03\/Dentro-173.jpg\",\"articleSection\":[\"Quadradinho em Foco\"],\"inLanguage\":\"pt-BR\"},{\"@type\":\"WebPage\",\"@id\":\"https:\/\/www.notibras.com\/site\/reabertura-acontece-neste-mes-apos-quatro-anos-com-etapa-nacional\/\",\"url\":\"https:\/\/www.notibras.com\/site\/reabertura-acontece-neste-mes-apos-quatro-anos-com-etapa-nacional\/\",\"name\":\"\u00a0Reabertura acontece neste m\u00eas ap\u00f3s quatro anos, com etapa nacional - Notibras\",\"isPartOf\":{\"@id\":\"https:\/\/www.notibras.com\/site\/#website\"},\"primaryImageOfPage\":{\"@id\":\"https:\/\/www.notibras.com\/site\/reabertura-acontece-neste-mes-apos-quatro-anos-com-etapa-nacional\/#primaryimage\"},\"image\":{\"@id\":\"https:\/\/www.notibras.com\/site\/reabertura-acontece-neste-mes-apos-quatro-anos-com-etapa-nacional\/#primaryimage\"},\"thumbnailUrl\":\"https:\/\/www.notibras.com\/site\/wp-content\/uploads\/2026\/03\/Dentro-173.jpg\",\"datePublished\":\"2026-03-03T04:15:01+00:00\",\"breadcrumb\":{\"@id\":\"https:\/\/www.notibras.com\/site\/reabertura-acontece-neste-mes-apos-quatro-anos-com-etapa-nacional\/#breadcrumb\"},\"inLanguage\":\"pt-BR\",\"potentialAction\":[{\"@type\":\"ReadAction\",\"target\":[\"https:\/\/www.notibras.com\/site\/reabertura-acontece-neste-mes-apos-quatro-anos-com-etapa-nacional\/\"]}]},{\"@type\":\"ImageObject\",\"inLanguage\":\"pt-BR\",\"@id\":\"https:\/\/www.notibras.com\/site\/reabertura-acontece-neste-mes-apos-quatro-anos-com-etapa-nacional\/#primaryimage\",\"url\":\"https:\/\/www.notibras.com\/site\/wp-content\/uploads\/2026\/03\/Dentro-173.jpg\",\"contentUrl\":\"https:\/\/www.notibras.com\/site\/wp-content\/uploads\/2026\/03\/Dentro-173.jpg\",\"width\":1181,\"height\":787},{\"@type\":\"BreadcrumbList\",\"@id\":\"https:\/\/www.notibras.com\/site\/reabertura-acontece-neste-mes-apos-quatro-anos-com-etapa-nacional\/#breadcrumb\",\"itemListElement\":[{\"@type\":\"ListItem\",\"position\":1,\"name\":\"In\u00edcio\",\"item\":\"https:\/\/www.notibras.com\/site\/\"},{\"@type\":\"ListItem\",\"position\":2,\"name\":\"\u00a0Reabertura acontece neste m\u00eas ap\u00f3s quatro anos, com etapa nacional\"}]},{\"@type\":\"WebSite\",\"@id\":\"https:\/\/www.notibras.com\/site\/#website\",\"url\":\"https:\/\/www.notibras.com\/site\/\",\"name\":\"Notibras\",\"description\":\"Not\u00edcias de Bras\u00edlia, do Brasil e do Mundo\",\"publisher\":{\"@id\":\"https:\/\/www.notibras.com\/site\/#organization\"},\"potentialAction\":[{\"@type\":\"SearchAction\",\"target\":{\"@type\":\"EntryPoint\",\"urlTemplate\":\"https:\/\/www.notibras.com\/site\/?s={search_term_string}\"},\"query-input\":{\"@type\":\"PropertyValueSpecification\",\"valueRequired\":true,\"valueName\":\"search_term_string\"}}],\"inLanguage\":\"pt-BR\"},{\"@type\":\"Organization\",\"@id\":\"https:\/\/www.notibras.com\/site\/#organization\",\"name\":\"Grupo Notibras de Comunica\u00e7\u00e3o\",\"url\":\"https:\/\/www.notibras.com\/site\/\",\"logo\":{\"@type\":\"ImageObject\",\"inLanguage\":\"pt-BR\",\"@id\":\"https:\/\/www.notibras.com\/site\/#\/schema\/logo\/image\/\",\"url\":\"https:\/\/www.notibras.com\/site\/wp-content\/uploads\/2023\/01\/notibras23.png\",\"contentUrl\":\"https:\/\/www.notibras.com\/site\/wp-content\/uploads\/2023\/01\/notibras23.png\",\"width\":350,\"height\":87,\"caption\":\"Grupo Notibras de Comunica\u00e7\u00e3o\"},\"image\":{\"@id\":\"https:\/\/www.notibras.com\/site\/#\/schema\/logo\/image\/\"},\"sameAs\":[\"https:\/\/www.facebook.com\/notibras\/\",\"https:\/\/x.com\/Notibras\",\"https:\/\/www.instagram.com\/notibras\/\"]},{\"@type\":\"Person\",\"@id\":\"https:\/\/www.notibras.com\/site\/#\/schema\/person\/5b7fabf2aedc3ada2105f03b22b4d3dd\",\"name\":\"Eduardo Mart\u00ednez\",\"image\":{\"@type\":\"ImageObject\",\"inLanguage\":\"pt-BR\",\"@id\":\"https:\/\/secure.gravatar.com\/avatar\/7902f906289926289cbcda644b5197c796b893c6ffd7b9a536a42d290f7704a0?s=96&d=mm&r=g\",\"url\":\"https:\/\/secure.gravatar.com\/avatar\/7902f906289926289cbcda644b5197c796b893c6ffd7b9a536a42d290f7704a0?s=96&d=mm&r=g\",\"contentUrl\":\"https:\/\/secure.gravatar.com\/avatar\/7902f906289926289cbcda644b5197c796b893c6ffd7b9a536a42d290f7704a0?s=96&d=mm&r=g\",\"caption\":\"Eduardo Mart\u00ednez\"}}]}<\/script>\n<!-- \/ Yoast SEO plugin. -->","yoast_head_json":{"title":"\u00a0Reabertura acontece neste m\u00eas ap\u00f3s quatro anos, com etapa nacional - Notibras","robots":{"index":"index","follow":"follow","max-snippet":"max-snippet:-1","max-image-preview":"max-image-preview:large","max-video-preview":"max-video-preview:-1"},"canonical":"https:\/\/www.notibras.com\/site\/reabertura-acontece-neste-mes-apos-quatro-anos-com-etapa-nacional\/","og_locale":"pt_BR","og_type":"article","og_title":"\u00a0Reabertura acontece neste m\u00eas ap\u00f3s quatro anos, com etapa nacional - Notibras","og_description":"Durante quatro anos, o Kart\u00f3dromo Internacional de Bras\u00edlia permaneceu fechado, alimentando a expectativa de pilotos, equipes e f\u00e3s de velocidade. Agora, a espera est\u00e1 perto do fim: o ronco dos karts voltar\u00e1 a ecoar na cidade em mar\u00e7o. Localizado dentro do Aut\u00f3dromo Internacional de Bras\u00edlia, o kart\u00f3dromo ter\u00e1 1.100 metros de extens\u00e3o, com largura de [&hellip;]","og_url":"https:\/\/www.notibras.com\/site\/reabertura-acontece-neste-mes-apos-quatro-anos-com-etapa-nacional\/","og_site_name":"Notibras","article_publisher":"https:\/\/www.facebook.com\/notibras\/","article_published_time":"2026-03-03T04:15:01+00:00","og_image":[{"width":1181,"height":787,"url":"https:\/\/www.notibras.com\/site\/wp-content\/uploads\/2026\/03\/Dentro-173.jpg","type":"image\/jpeg"}],"author":"Eduardo Mart\u00ednez","twitter_card":"summary_large_image","twitter_creator":"@Notibras","twitter_site":"@Notibras","twitter_misc":{"Escrito por":"Eduardo Mart\u00ednez","Est. tempo de leitura":"2 minutos"},"schema":{"@context":"https:\/\/schema.org","@graph":[{"@type":"Article","@id":"https:\/\/www.notibras.com\/site\/reabertura-acontece-neste-mes-apos-quatro-anos-com-etapa-nacional\/#article","isPartOf":{"@id":"https:\/\/www.notibras.com\/site\/reabertura-acontece-neste-mes-apos-quatro-anos-com-etapa-nacional\/"},"author":{"name":"Eduardo Mart\u00ednez","@id":"https:\/\/www.notibras.com\/site\/#\/schema\/person\/5b7fabf2aedc3ada2105f03b22b4d3dd"},"headline":"\u00a0Reabertura acontece neste m\u00eas ap\u00f3s quatro anos, com etapa nacional","datePublished":"2026-03-03T04:15:01+00:00","mainEntityOfPage":{"@id":"https:\/\/www.notibras.com\/site\/reabertura-acontece-neste-mes-apos-quatro-anos-com-etapa-nacional\/"},"wordCount":352,"publisher":{"@id":"https:\/\/www.notibras.com\/site\/#organization"},"image":{"@id":"https:\/\/www.notibras.com\/site\/reabertura-acontece-neste-mes-apos-quatro-anos-com-etapa-nacional\/#primaryimage"},"thumbnailUrl":"https:\/\/www.notibras.com\/site\/wp-content\/uploads\/2026\/03\/Dentro-173.jpg","articleSection":["Quadradinho em Foco"],"inLanguage":"pt-BR"},{"@type":"WebPage","@id":"https:\/\/www.notibras.com\/site\/reabertura-acontece-neste-mes-apos-quatro-anos-com-etapa-nacional\/","url":"https:\/\/www.notibras.com\/site\/reabertura-acontece-neste-mes-apos-quatro-anos-com-etapa-nacional\/","name":"\u00a0Reabertura acontece neste m\u00eas ap\u00f3s quatro anos, com etapa nacional - Notibras","isPartOf":{"@id":"https:\/\/www.notibras.com\/site\/#website"},"primaryImageOfPage":{"@id":"https:\/\/www.notibras.com\/site\/reabertura-acontece-neste-mes-apos-quatro-anos-com-etapa-nacional\/#primaryimage"},"image":{"@id":"https:\/\/www.notibras.com\/site\/reabertura-acontece-neste-mes-apos-quatro-anos-com-etapa-nacional\/#primaryimage"},"thumbnailUrl":"https:\/\/www.notibras.com\/site\/wp-content\/uploads\/2026\/03\/Dentro-173.jpg","datePublished":"2026-03-03T04:15:01+00:00","breadcrumb":{"@id":"https:\/\/www.notibras.com\/site\/reabertura-acontece-neste-mes-apos-quatro-anos-com-etapa-nacional\/#breadcrumb"},"inLanguage":"pt-BR","potentialAction":[{"@type":"ReadAction","target":["https:\/\/www.notibras.com\/site\/reabertura-acontece-neste-mes-apos-quatro-anos-com-etapa-nacional\/"]}]},{"@type":"ImageObject","inLanguage":"pt-BR","@id":"https:\/\/www.notibras.com\/site\/reabertura-acontece-neste-mes-apos-quatro-anos-com-etapa-nacional\/#primaryimage","url":"https:\/\/www.notibras.com\/site\/wp-content\/uploads\/2026\/03\/Dentro-173.jpg","contentUrl":"https:\/\/www.notibras.com\/site\/wp-content\/uploads\/2026\/03\/Dentro-173.jpg","width":1181,"height":787},{"@type":"BreadcrumbList","@id":"https:\/\/www.notibras.com\/site\/reabertura-acontece-neste-mes-apos-quatro-anos-com-etapa-nacional\/#breadcrumb","itemListElement":[{"@type":"ListItem","position":1,"name":"In\u00edcio","item":"https:\/\/www.notibras.com\/site\/"},{"@type":"ListItem","position":2,"name":"\u00a0Reabertura acontece neste m\u00eas ap\u00f3s quatro anos, com etapa nacional"}]},{"@type":"WebSite","@id":"https:\/\/www.notibras.com\/site\/#website","url":"https:\/\/www.notibras.com\/site\/","name":"Notibras","description":"Not\u00edcias de Bras\u00edlia, do Brasil e do Mundo","publisher":{"@id":"https:\/\/www.notibras.com\/site\/#organization"},"potentialAction":[{"@type":"SearchAction","target":{"@type":"EntryPoint","urlTemplate":"https:\/\/www.notibras.com\/site\/?s={search_term_string}"},"query-input":{"@type":"PropertyValueSpecification","valueRequired":true,"valueName":"search_term_string"}}],"inLanguage":"pt-BR"},{"@type":"Organization","@id":"https:\/\/www.notibras.com\/site\/#organization","name":"Grupo Notibras de Comunica\u00e7\u00e3o","url":"https:\/\/www.notibras.com\/site\/","logo":{"@type":"ImageObject","inLanguage":"pt-BR","@id":"https:\/\/www.notibras.com\/site\/#\/schema\/logo\/image\/","url":"https:\/\/www.notibras.com\/site\/wp-content\/uploads\/2023\/01\/notibras23.png","contentUrl":"https:\/\/www.notibras.com\/site\/wp-content\/uploads\/2023\/01\/notibras23.png","width":350,"height":87,"caption":"Grupo Notibras de Comunica\u00e7\u00e3o"},"image":{"@id":"https:\/\/www.notibras.com\/site\/#\/schema\/logo\/image\/"},"sameAs":["https:\/\/www.facebook.com\/notibras\/","https:\/\/x.com\/Notibras","https:\/\/www.instagram.com\/notibras\/"]},{"@type":"Person","@id":"https:\/\/www.notibras.com\/site\/#\/schema\/person\/5b7fabf2aedc3ada2105f03b22b4d3dd","name":"Eduardo Mart\u00ednez","image":{"@type":"ImageObject","inLanguage":"pt-BR","@id":"https:\/\/secure.gravatar.com\/avatar\/7902f906289926289cbcda644b5197c796b893c6ffd7b9a536a42d290f7704a0?s=96&d=mm&r=g","url":"https:\/\/secure.gravatar.com\/avatar\/7902f906289926289cbcda644b5197c796b893c6ffd7b9a536a42d290f7704a0?s=96&d=mm&r=g","contentUrl":"https:\/\/secure.gravatar.com\/avatar\/7902f906289926289cbcda644b5197c796b893c6ffd7b9a536a42d290f7704a0?s=96&d=mm&r=g","caption":"Eduardo Mart\u00ednez"}}]}},"amp_enabled":true,"_links":{"self":[{"href":"https:\/\/www.notibras.com\/site\/wp-json\/wp\/v2\/posts\/385334","targetHints":{"allow":["GET"]}}],"collection":[{"href":"https:\/\/www.notibras.com\/site\/wp-json\/wp\/v2\/posts"}],"about":[{"href":"https:\/\/www.notibras.com\/site\/wp-json\/wp\/v2\/types\/post"}],"author":[{"embeddable":true,"href":"https:\/\/www.notibras.com\/site\/wp-json\/wp\/v2\/users\/21"}],"replies":[{"embeddable":true,"href":"https:\/\/www.notibras.com\/site\/wp-json\/wp\/v2\/comments?post=385334"}],"version-history":[{"count":6,"href":"https:\/\/www.notibras.com\/site\/wp-json\/wp\/v2\/posts\/385334\/revisions"}],"predecessor-version":[{"id":385342,"href":"https:\/\/www.notibras.com\/site\/wp-json\/wp\/v2\/posts\/385334\/revisions\/385342"}],"wp:featuredmedia":[{"embeddable":true,"href":"https:\/\/www.notibras.com\/site\/wp-json\/wp\/v2\/media\/385335"}],"wp:attachment":[{"href":"https:\/\/www.notibras.com\/site\/wp-json\/wp\/v2\/media?parent=385334"}],"wp:term":[{"taxonomy":"category","embeddable":true,"href":"https:\/\/www.notibras.com\/site\/wp-json\/wp\/v2\/categories?post=385334"},{"taxonomy":"post_tag","embeddable":true,"href":"https:\/\/www.notibras.com\/site\/wp-json\/wp\/v2\/tags?post=385334"}],"curies":[{"name":"wp","href":"https:\/\/api.w.org\/{rel}","templated":true}]}}