{"id":38534,"date":"2015-03-01T11:31:46","date_gmt":"2015-03-01T14:31:46","guid":{"rendered":"http:\/\/www.notibras.com\/site\/?p=38534"},"modified":"2015-03-01T11:31:46","modified_gmt":"2015-03-01T14:31:46","slug":"fazer-a-minha-parte-e-pouco-juntos-podemos-fazer-bem-mais","status":"publish","type":"post","link":"https:\/\/www.notibras.com\/site\/fazer-a-minha-parte-e-pouco-juntos-podemos-fazer-bem-mais\/","title":{"rendered":"Fazer &#8216;a minha parte&#8217; \u00e9 pouco; juntos podemos fazer bem mais"},"content":{"rendered":"<p>Corrup\u00e7\u00e3o sist\u00eamica, viol\u00eancia urbana, sa\u00fade prec\u00e1ria, educa\u00e7\u00e3o arrasada, justi\u00e7a lenta, falta d\u00b4\u00e1gua, \u00f4nibus caro, fronteiras escancaradas, saneamento inexistente, pol\u00edcia despreparada, representantes pol\u00edticos escolhidos entre os piores da sociedade. Se isso lembrou um certo pa\u00eds que conhecemos, n\u00e3o \u00e9 mera coincid\u00eancia.<\/p>\n<p>&#8220;Tem culpa eu?&#8221;, como j\u00e1 perguntava o outro. Tem sim. Eu, voc\u00ea, eles, n\u00f3s e todos aqueles que fazem parte de uma elite intelectual, acad\u00eamica, social ou econ\u00f4mica que se omite na sua fun\u00e7\u00e3o primordial de esclarecer e mobilizar cidad\u00e3os. Uma elite\u00a0&#8211; na acep\u00e7\u00e3o dos mais respons\u00e1veis e n\u00e3o apenas dos mais ricos &#8211;\u00a0que at\u00e9 vislumbra essa obriga\u00e7\u00e3o, e realiza f\u00f3runs, escreve para a se\u00e7\u00e3o de &#8220;Cartas do Leitor&#8221; dos jornais, cobra as ouvidorias das institui\u00e7\u00f5es, participa de audi\u00eancias p\u00fablicas com ag\u00eancias reguladoras, participa de juris ou mesmo entra em contato com os gabinetes dos pol\u00edticos.<\/p>\n<p>Mas sabe qual \u00e9 o \u00edndice de sucesso de iniciativas desse tipo, numa perspectiva de desenvolvimento de uma cultura de plena cidadania? Muito pequeno. Min\u00fasculo. F\u00f3runs, semin\u00e1rios e correlatos t\u00eam um vi\u00e9s intrinsecamente setorial. Cartas do Leitor, convenhamos, n\u00e3o \u00e9 das se\u00e7\u00f5es mais lidas de um jornal. Ouvidorias &#8211;\u00a0se \u00e9 que querem realmente ouvir &#8211;\u00a0t\u00eam um alcance limitado a apenas uma organiza\u00e7\u00e3o. E desejamos boa sorte a quem tentar contato mais aprofundado e transparente com algum nobre parlamentar.<\/p>\n<p>Tradicionalmente, alguns dos principais sistemas de difus\u00e3o de valores s\u00e3o a fam\u00edlia, as igrejas, a educa\u00e7\u00e3o, a Justi\u00e7a e a m\u00eddia. Fam\u00edlia e igrejas t\u00eam alcance limitado a grupos restritos de influ\u00eancia, e s\u00e3o organiza\u00e7\u00f5es em processo de reinven\u00e7\u00e3o hoje em dia. Educa\u00e7\u00e3o e Justi\u00e7a n\u00e3o v\u00eam cumprindo seu papel h\u00e1 d\u00e9cadas, enquanto institui\u00e7\u00f5es-fim do poder p\u00fablico. Resta-nos a for\u00e7a avassaladora da m\u00eddia &#8211;\u00a0seja atrav\u00e9s do jornalismo, seja pelos seus espa\u00e7os e conte\u00fados de entretenimento &#8211;\u00a0e o seu efetivo poder como instrumento de qualifica\u00e7\u00e3o do debate p\u00fablico de interesse da cidadania.<\/p>\n<blockquote><p>De imediato, \u00e9 preciso um movimento para desfazer a confus\u00e3o, deliberada ou n\u00e3o, do que seja uma plena cidadania. Para al\u00e9m da simples solidariedade ou assistencialismo social, e para al\u00e9m da consci\u00eancia c\u00edvica individualista (e um tanto c\u00ednica) do tipo &#8220;eu fa\u00e7o a minha parte&#8221;, cidadania envolve ir mais al\u00e9m. \u00c9 n\u00e3o baixar a guarda nunca.<\/p><\/blockquote>\n<p>\u00c9 participar de espa\u00e7os cada vez mais amplos de troca de propostas de pol\u00edticas p\u00fablicas, dentro da \u00e1rea de conhecimento t\u00e9cnico ou de interesse profissional de cada um. \u00c9 ajudar a criar um &#8220;caldo de cultura&#8221; que come\u00e7a envolvendo milhares de cidad\u00e3os at\u00e9 mobilizar milh\u00f5es para pressionar por legisla\u00e7\u00f5es melhores e mais atuais, por mais probidade na execu\u00e7\u00e3o dos or\u00e7amentos p\u00fablicos, mais efic\u00e1cia das pol\u00edticas p\u00fablicas, mais respeito, enfim, aos cidad\u00e3os eleitores, os verdadeiros donos dos mandatos.<\/p>\n<p>Propostas existem. E s\u00e3o muitas e boas. E desenvolvidas por verdadeiros agentes de cidadania, que dedicaram anos de experi\u00eancia e conhecimento em cada uma delas. O que precisamos \u00e9 reuni-las, compil\u00e1-las e divulg\u00e1-las, para que n\u00f3s mesmos nos percebamos como fontes de soberania e de poder p\u00fablico.<\/p>\n<p>Esse \u00e9 um jogo simples, mas eu, voc\u00ea, eles, n\u00f3s n\u00e3o estamos jogando como dever\u00edamos. Pois, quem n\u00e3o participa da formula\u00e7\u00e3o e fiscaliza\u00e7\u00e3o de pol\u00edticas p\u00fablicas, faz parte do problema.<\/p>\n<p><strong>Jorge Maranh\u00e3o<\/strong><\/p>\n","protected":false},"excerpt":{"rendered":"<p>Corrup\u00e7\u00e3o sist\u00eamica, viol\u00eancia urbana, sa\u00fade prec\u00e1ria, educa\u00e7\u00e3o arrasada, justi\u00e7a lenta, falta d\u00b4\u00e1gua, \u00f4nibus caro, fronteiras escancaradas, saneamento inexistente, pol\u00edcia despreparada, representantes pol\u00edticos escolhidos entre os piores da sociedade. Se isso lembrou um certo pa\u00eds que conhecemos, n\u00e3o \u00e9 mera coincid\u00eancia. &#8220;Tem culpa eu?&#8221;, como j\u00e1 perguntava o outro. Tem sim. Eu, voc\u00ea, eles, n\u00f3s e [&hellip;]<\/p>\n","protected":false},"author":2,"featured_media":38535,"comment_status":"open","ping_status":"closed","sticky":false,"template":"","format":"standard","meta":{"_acf_changed":false,"footnotes":""},"categories":[25],"tags":[],"class_list":["post-38534","post","type-post","status-publish","format-standard","has-post-thumbnail","hentry","category-opina-ai"],"acf":[],"yoast_head":"<!-- This site is optimized with the Yoast SEO plugin v27.2 - https:\/\/yoast.com\/product\/yoast-seo-wordpress\/ -->\n<title>Fazer &#039;a minha parte&#039; \u00e9 pouco; juntos podemos fazer bem mais - Notibras<\/title>\n<meta name=\"robots\" content=\"index, follow, max-snippet:-1, max-image-preview:large, max-video-preview:-1\" \/>\n<link rel=\"canonical\" href=\"https:\/\/www.notibras.com\/site\/fazer-a-minha-parte-e-pouco-juntos-podemos-fazer-bem-mais\/\" \/>\n<meta property=\"og:locale\" content=\"pt_BR\" \/>\n<meta property=\"og:type\" content=\"article\" \/>\n<meta property=\"og:title\" content=\"Fazer &#039;a minha parte&#039; \u00e9 pouco; juntos podemos fazer bem mais - Notibras\" \/>\n<meta property=\"og:description\" content=\"Corrup\u00e7\u00e3o sist\u00eamica, viol\u00eancia urbana, sa\u00fade prec\u00e1ria, educa\u00e7\u00e3o arrasada, justi\u00e7a lenta, falta d\u00b4\u00e1gua, \u00f4nibus caro, fronteiras escancaradas, saneamento inexistente, pol\u00edcia despreparada, representantes pol\u00edticos escolhidos entre os piores da sociedade. Se isso lembrou um certo pa\u00eds que conhecemos, n\u00e3o \u00e9 mera coincid\u00eancia. &#8220;Tem culpa eu?&#8221;, como j\u00e1 perguntava o outro. Tem sim. Eu, voc\u00ea, eles, n\u00f3s e [&hellip;]\" \/>\n<meta property=\"og:url\" content=\"https:\/\/www.notibras.com\/site\/fazer-a-minha-parte-e-pouco-juntos-podemos-fazer-bem-mais\/\" \/>\n<meta property=\"og:site_name\" content=\"Notibras\" \/>\n<meta property=\"article:publisher\" content=\"https:\/\/www.facebook.com\/notibras\/\" \/>\n<meta property=\"article:published_time\" content=\"2015-03-01T14:31:46+00:00\" \/>\n<meta property=\"og:image\" content=\"https:\/\/www.notibras.com\/site\/wp-content\/uploads\/2015\/03\/hands-new-cropped.jpg\" \/>\n\t<meta property=\"og:image:width\" content=\"540\" \/>\n\t<meta property=\"og:image:height\" content=\"413\" \/>\n\t<meta property=\"og:image:type\" content=\"image\/jpeg\" \/>\n<meta name=\"author\" content=\"Reda\u00e7\u00e3o\" \/>\n<meta name=\"twitter:card\" content=\"summary_large_image\" \/>\n<meta name=\"twitter:creator\" content=\"@Notibras\" \/>\n<meta name=\"twitter:site\" content=\"@Notibras\" \/>\n<meta name=\"twitter:label1\" content=\"Escrito por\" \/>\n\t<meta name=\"twitter:data1\" content=\"Reda\u00e7\u00e3o\" \/>\n\t<meta name=\"twitter:label2\" content=\"Est. tempo de leitura\" \/>\n\t<meta name=\"twitter:data2\" content=\"3 minutos\" \/>\n<script type=\"application\/ld+json\" class=\"yoast-schema-graph\">{\"@context\":\"https:\/\/schema.org\",\"@graph\":[{\"@type\":\"Article\",\"@id\":\"https:\/\/www.notibras.com\/site\/fazer-a-minha-parte-e-pouco-juntos-podemos-fazer-bem-mais\/#article\",\"isPartOf\":{\"@id\":\"https:\/\/www.notibras.com\/site\/fazer-a-minha-parte-e-pouco-juntos-podemos-fazer-bem-mais\/\"},\"author\":{\"name\":\"Reda\u00e7\u00e3o\",\"@id\":\"https:\/\/www.notibras.com\/site\/#\/schema\/person\/36ab0979449956132d3e5b517ea76ac8\"},\"headline\":\"Fazer &#8216;a minha parte&#8217; \u00e9 pouco; juntos podemos fazer bem mais\",\"datePublished\":\"2015-03-01T14:31:46+00:00\",\"mainEntityOfPage\":{\"@id\":\"https:\/\/www.notibras.com\/site\/fazer-a-minha-parte-e-pouco-juntos-podemos-fazer-bem-mais\/\"},\"wordCount\":627,\"commentCount\":0,\"publisher\":{\"@id\":\"https:\/\/www.notibras.com\/site\/#organization\"},\"image\":{\"@id\":\"https:\/\/www.notibras.com\/site\/fazer-a-minha-parte-e-pouco-juntos-podemos-fazer-bem-mais\/#primaryimage\"},\"thumbnailUrl\":\"https:\/\/www.notibras.com\/site\/wp-content\/uploads\/2015\/03\/hands-new-cropped.jpg\",\"articleSection\":[\"Opina a\u00ed\"],\"inLanguage\":\"pt-BR\",\"potentialAction\":[{\"@type\":\"CommentAction\",\"name\":\"Comment\",\"target\":[\"https:\/\/www.notibras.com\/site\/fazer-a-minha-parte-e-pouco-juntos-podemos-fazer-bem-mais\/#respond\"]}]},{\"@type\":\"WebPage\",\"@id\":\"https:\/\/www.notibras.com\/site\/fazer-a-minha-parte-e-pouco-juntos-podemos-fazer-bem-mais\/\",\"url\":\"https:\/\/www.notibras.com\/site\/fazer-a-minha-parte-e-pouco-juntos-podemos-fazer-bem-mais\/\",\"name\":\"Fazer 'a minha parte' \u00e9 pouco; juntos podemos fazer bem mais - Notibras\",\"isPartOf\":{\"@id\":\"https:\/\/www.notibras.com\/site\/#website\"},\"primaryImageOfPage\":{\"@id\":\"https:\/\/www.notibras.com\/site\/fazer-a-minha-parte-e-pouco-juntos-podemos-fazer-bem-mais\/#primaryimage\"},\"image\":{\"@id\":\"https:\/\/www.notibras.com\/site\/fazer-a-minha-parte-e-pouco-juntos-podemos-fazer-bem-mais\/#primaryimage\"},\"thumbnailUrl\":\"https:\/\/www.notibras.com\/site\/wp-content\/uploads\/2015\/03\/hands-new-cropped.jpg\",\"datePublished\":\"2015-03-01T14:31:46+00:00\",\"breadcrumb\":{\"@id\":\"https:\/\/www.notibras.com\/site\/fazer-a-minha-parte-e-pouco-juntos-podemos-fazer-bem-mais\/#breadcrumb\"},\"inLanguage\":\"pt-BR\",\"potentialAction\":[{\"@type\":\"ReadAction\",\"target\":[\"https:\/\/www.notibras.com\/site\/fazer-a-minha-parte-e-pouco-juntos-podemos-fazer-bem-mais\/\"]}]},{\"@type\":\"ImageObject\",\"inLanguage\":\"pt-BR\",\"@id\":\"https:\/\/www.notibras.com\/site\/fazer-a-minha-parte-e-pouco-juntos-podemos-fazer-bem-mais\/#primaryimage\",\"url\":\"https:\/\/www.notibras.com\/site\/wp-content\/uploads\/2015\/03\/hands-new-cropped.jpg\",\"contentUrl\":\"https:\/\/www.notibras.com\/site\/wp-content\/uploads\/2015\/03\/hands-new-cropped.jpg\",\"width\":540,\"height\":413},{\"@type\":\"BreadcrumbList\",\"@id\":\"https:\/\/www.notibras.com\/site\/fazer-a-minha-parte-e-pouco-juntos-podemos-fazer-bem-mais\/#breadcrumb\",\"itemListElement\":[{\"@type\":\"ListItem\",\"position\":1,\"name\":\"In\u00edcio\",\"item\":\"https:\/\/www.notibras.com\/site\/\"},{\"@type\":\"ListItem\",\"position\":2,\"name\":\"Fazer &#8216;a minha parte&#8217; \u00e9 pouco; juntos podemos fazer bem mais\"}]},{\"@type\":\"WebSite\",\"@id\":\"https:\/\/www.notibras.com\/site\/#website\",\"url\":\"https:\/\/www.notibras.com\/site\/\",\"name\":\"Notibras\",\"description\":\"Not\u00edcias de Bras\u00edlia, do Brasil e do Mundo\",\"publisher\":{\"@id\":\"https:\/\/www.notibras.com\/site\/#organization\"},\"potentialAction\":[{\"@type\":\"SearchAction\",\"target\":{\"@type\":\"EntryPoint\",\"urlTemplate\":\"https:\/\/www.notibras.com\/site\/?s={search_term_string}\"},\"query-input\":{\"@type\":\"PropertyValueSpecification\",\"valueRequired\":true,\"valueName\":\"search_term_string\"}}],\"inLanguage\":\"pt-BR\"},{\"@type\":\"Organization\",\"@id\":\"https:\/\/www.notibras.com\/site\/#organization\",\"name\":\"Grupo Notibras de Comunica\u00e7\u00e3o\",\"url\":\"https:\/\/www.notibras.com\/site\/\",\"logo\":{\"@type\":\"ImageObject\",\"inLanguage\":\"pt-BR\",\"@id\":\"https:\/\/www.notibras.com\/site\/#\/schema\/logo\/image\/\",\"url\":\"https:\/\/www.notibras.com\/site\/wp-content\/uploads\/2023\/01\/notibras23.png\",\"contentUrl\":\"https:\/\/www.notibras.com\/site\/wp-content\/uploads\/2023\/01\/notibras23.png\",\"width\":350,\"height\":87,\"caption\":\"Grupo Notibras de Comunica\u00e7\u00e3o\"},\"image\":{\"@id\":\"https:\/\/www.notibras.com\/site\/#\/schema\/logo\/image\/\"},\"sameAs\":[\"https:\/\/www.facebook.com\/notibras\/\",\"https:\/\/x.com\/Notibras\",\"https:\/\/www.instagram.com\/notibras\/\"]},{\"@type\":\"Person\",\"@id\":\"https:\/\/www.notibras.com\/site\/#\/schema\/person\/36ab0979449956132d3e5b517ea76ac8\",\"name\":\"Reda\u00e7\u00e3o\",\"image\":{\"@type\":\"ImageObject\",\"inLanguage\":\"pt-BR\",\"@id\":\"https:\/\/secure.gravatar.com\/avatar\/e0a867bdedb85fd243eadf09663511f96fc81e0720a4a42581f334ad4303aa6b?s=96&d=mm&r=g\",\"url\":\"https:\/\/secure.gravatar.com\/avatar\/e0a867bdedb85fd243eadf09663511f96fc81e0720a4a42581f334ad4303aa6b?s=96&d=mm&r=g\",\"contentUrl\":\"https:\/\/secure.gravatar.com\/avatar\/e0a867bdedb85fd243eadf09663511f96fc81e0720a4a42581f334ad4303aa6b?s=96&d=mm&r=g\",\"caption\":\"Reda\u00e7\u00e3o\"}}]}<\/script>\n<!-- \/ Yoast SEO plugin. -->","yoast_head_json":{"title":"Fazer 'a minha parte' \u00e9 pouco; juntos podemos fazer bem mais - Notibras","robots":{"index":"index","follow":"follow","max-snippet":"max-snippet:-1","max-image-preview":"max-image-preview:large","max-video-preview":"max-video-preview:-1"},"canonical":"https:\/\/www.notibras.com\/site\/fazer-a-minha-parte-e-pouco-juntos-podemos-fazer-bem-mais\/","og_locale":"pt_BR","og_type":"article","og_title":"Fazer 'a minha parte' \u00e9 pouco; juntos podemos fazer bem mais - Notibras","og_description":"Corrup\u00e7\u00e3o sist\u00eamica, viol\u00eancia urbana, sa\u00fade prec\u00e1ria, educa\u00e7\u00e3o arrasada, justi\u00e7a lenta, falta d\u00b4\u00e1gua, \u00f4nibus caro, fronteiras escancaradas, saneamento inexistente, pol\u00edcia despreparada, representantes pol\u00edticos escolhidos entre os piores da sociedade. Se isso lembrou um certo pa\u00eds que conhecemos, n\u00e3o \u00e9 mera coincid\u00eancia. &#8220;Tem culpa eu?&#8221;, como j\u00e1 perguntava o outro. Tem sim. Eu, voc\u00ea, eles, n\u00f3s e [&hellip;]","og_url":"https:\/\/www.notibras.com\/site\/fazer-a-minha-parte-e-pouco-juntos-podemos-fazer-bem-mais\/","og_site_name":"Notibras","article_publisher":"https:\/\/www.facebook.com\/notibras\/","article_published_time":"2015-03-01T14:31:46+00:00","og_image":[{"width":540,"height":413,"url":"https:\/\/www.notibras.com\/site\/wp-content\/uploads\/2015\/03\/hands-new-cropped.jpg","type":"image\/jpeg"}],"author":"Reda\u00e7\u00e3o","twitter_card":"summary_large_image","twitter_creator":"@Notibras","twitter_site":"@Notibras","twitter_misc":{"Escrito por":"Reda\u00e7\u00e3o","Est. tempo de leitura":"3 minutos"},"schema":{"@context":"https:\/\/schema.org","@graph":[{"@type":"Article","@id":"https:\/\/www.notibras.com\/site\/fazer-a-minha-parte-e-pouco-juntos-podemos-fazer-bem-mais\/#article","isPartOf":{"@id":"https:\/\/www.notibras.com\/site\/fazer-a-minha-parte-e-pouco-juntos-podemos-fazer-bem-mais\/"},"author":{"name":"Reda\u00e7\u00e3o","@id":"https:\/\/www.notibras.com\/site\/#\/schema\/person\/36ab0979449956132d3e5b517ea76ac8"},"headline":"Fazer &#8216;a minha parte&#8217; \u00e9 pouco; juntos podemos fazer bem mais","datePublished":"2015-03-01T14:31:46+00:00","mainEntityOfPage":{"@id":"https:\/\/www.notibras.com\/site\/fazer-a-minha-parte-e-pouco-juntos-podemos-fazer-bem-mais\/"},"wordCount":627,"commentCount":0,"publisher":{"@id":"https:\/\/www.notibras.com\/site\/#organization"},"image":{"@id":"https:\/\/www.notibras.com\/site\/fazer-a-minha-parte-e-pouco-juntos-podemos-fazer-bem-mais\/#primaryimage"},"thumbnailUrl":"https:\/\/www.notibras.com\/site\/wp-content\/uploads\/2015\/03\/hands-new-cropped.jpg","articleSection":["Opina a\u00ed"],"inLanguage":"pt-BR","potentialAction":[{"@type":"CommentAction","name":"Comment","target":["https:\/\/www.notibras.com\/site\/fazer-a-minha-parte-e-pouco-juntos-podemos-fazer-bem-mais\/#respond"]}]},{"@type":"WebPage","@id":"https:\/\/www.notibras.com\/site\/fazer-a-minha-parte-e-pouco-juntos-podemos-fazer-bem-mais\/","url":"https:\/\/www.notibras.com\/site\/fazer-a-minha-parte-e-pouco-juntos-podemos-fazer-bem-mais\/","name":"Fazer 'a minha parte' \u00e9 pouco; juntos podemos fazer bem mais - Notibras","isPartOf":{"@id":"https:\/\/www.notibras.com\/site\/#website"},"primaryImageOfPage":{"@id":"https:\/\/www.notibras.com\/site\/fazer-a-minha-parte-e-pouco-juntos-podemos-fazer-bem-mais\/#primaryimage"},"image":{"@id":"https:\/\/www.notibras.com\/site\/fazer-a-minha-parte-e-pouco-juntos-podemos-fazer-bem-mais\/#primaryimage"},"thumbnailUrl":"https:\/\/www.notibras.com\/site\/wp-content\/uploads\/2015\/03\/hands-new-cropped.jpg","datePublished":"2015-03-01T14:31:46+00:00","breadcrumb":{"@id":"https:\/\/www.notibras.com\/site\/fazer-a-minha-parte-e-pouco-juntos-podemos-fazer-bem-mais\/#breadcrumb"},"inLanguage":"pt-BR","potentialAction":[{"@type":"ReadAction","target":["https:\/\/www.notibras.com\/site\/fazer-a-minha-parte-e-pouco-juntos-podemos-fazer-bem-mais\/"]}]},{"@type":"ImageObject","inLanguage":"pt-BR","@id":"https:\/\/www.notibras.com\/site\/fazer-a-minha-parte-e-pouco-juntos-podemos-fazer-bem-mais\/#primaryimage","url":"https:\/\/www.notibras.com\/site\/wp-content\/uploads\/2015\/03\/hands-new-cropped.jpg","contentUrl":"https:\/\/www.notibras.com\/site\/wp-content\/uploads\/2015\/03\/hands-new-cropped.jpg","width":540,"height":413},{"@type":"BreadcrumbList","@id":"https:\/\/www.notibras.com\/site\/fazer-a-minha-parte-e-pouco-juntos-podemos-fazer-bem-mais\/#breadcrumb","itemListElement":[{"@type":"ListItem","position":1,"name":"In\u00edcio","item":"https:\/\/www.notibras.com\/site\/"},{"@type":"ListItem","position":2,"name":"Fazer &#8216;a minha parte&#8217; \u00e9 pouco; juntos podemos fazer bem mais"}]},{"@type":"WebSite","@id":"https:\/\/www.notibras.com\/site\/#website","url":"https:\/\/www.notibras.com\/site\/","name":"Notibras","description":"Not\u00edcias de Bras\u00edlia, do Brasil e do Mundo","publisher":{"@id":"https:\/\/www.notibras.com\/site\/#organization"},"potentialAction":[{"@type":"SearchAction","target":{"@type":"EntryPoint","urlTemplate":"https:\/\/www.notibras.com\/site\/?s={search_term_string}"},"query-input":{"@type":"PropertyValueSpecification","valueRequired":true,"valueName":"search_term_string"}}],"inLanguage":"pt-BR"},{"@type":"Organization","@id":"https:\/\/www.notibras.com\/site\/#organization","name":"Grupo Notibras de Comunica\u00e7\u00e3o","url":"https:\/\/www.notibras.com\/site\/","logo":{"@type":"ImageObject","inLanguage":"pt-BR","@id":"https:\/\/www.notibras.com\/site\/#\/schema\/logo\/image\/","url":"https:\/\/www.notibras.com\/site\/wp-content\/uploads\/2023\/01\/notibras23.png","contentUrl":"https:\/\/www.notibras.com\/site\/wp-content\/uploads\/2023\/01\/notibras23.png","width":350,"height":87,"caption":"Grupo Notibras de Comunica\u00e7\u00e3o"},"image":{"@id":"https:\/\/www.notibras.com\/site\/#\/schema\/logo\/image\/"},"sameAs":["https:\/\/www.facebook.com\/notibras\/","https:\/\/x.com\/Notibras","https:\/\/www.instagram.com\/notibras\/"]},{"@type":"Person","@id":"https:\/\/www.notibras.com\/site\/#\/schema\/person\/36ab0979449956132d3e5b517ea76ac8","name":"Reda\u00e7\u00e3o","image":{"@type":"ImageObject","inLanguage":"pt-BR","@id":"https:\/\/secure.gravatar.com\/avatar\/e0a867bdedb85fd243eadf09663511f96fc81e0720a4a42581f334ad4303aa6b?s=96&d=mm&r=g","url":"https:\/\/secure.gravatar.com\/avatar\/e0a867bdedb85fd243eadf09663511f96fc81e0720a4a42581f334ad4303aa6b?s=96&d=mm&r=g","contentUrl":"https:\/\/secure.gravatar.com\/avatar\/e0a867bdedb85fd243eadf09663511f96fc81e0720a4a42581f334ad4303aa6b?s=96&d=mm&r=g","caption":"Reda\u00e7\u00e3o"}}]}},"amp_enabled":true,"_links":{"self":[{"href":"https:\/\/www.notibras.com\/site\/wp-json\/wp\/v2\/posts\/38534","targetHints":{"allow":["GET"]}}],"collection":[{"href":"https:\/\/www.notibras.com\/site\/wp-json\/wp\/v2\/posts"}],"about":[{"href":"https:\/\/www.notibras.com\/site\/wp-json\/wp\/v2\/types\/post"}],"author":[{"embeddable":true,"href":"https:\/\/www.notibras.com\/site\/wp-json\/wp\/v2\/users\/2"}],"replies":[{"embeddable":true,"href":"https:\/\/www.notibras.com\/site\/wp-json\/wp\/v2\/comments?post=38534"}],"version-history":[{"count":0,"href":"https:\/\/www.notibras.com\/site\/wp-json\/wp\/v2\/posts\/38534\/revisions"}],"wp:featuredmedia":[{"embeddable":true,"href":"https:\/\/www.notibras.com\/site\/wp-json\/wp\/v2\/media\/38535"}],"wp:attachment":[{"href":"https:\/\/www.notibras.com\/site\/wp-json\/wp\/v2\/media?parent=38534"}],"wp:term":[{"taxonomy":"category","embeddable":true,"href":"https:\/\/www.notibras.com\/site\/wp-json\/wp\/v2\/categories?post=38534"},{"taxonomy":"post_tag","embeddable":true,"href":"https:\/\/www.notibras.com\/site\/wp-json\/wp\/v2\/tags?post=38534"}],"curies":[{"name":"wp","href":"https:\/\/api.w.org\/{rel}","templated":true}]}}