{"id":385343,"date":"2026-03-03T02:00:06","date_gmt":"2026-03-03T05:00:06","guid":{"rendered":"https:\/\/www.notibras.com\/site\/?p=385343"},"modified":"2026-03-02T23:43:11","modified_gmt":"2026-03-03T02:43:11","slug":"flavio-bolsonaro-nao-convence-ao-pregar-a-alternancia-de-poder","status":"publish","type":"post","link":"https:\/\/www.notibras.com\/site\/flavio-bolsonaro-nao-convence-ao-pregar-a-alternancia-de-poder\/","title":{"rendered":"Fl\u00e1vio Bolsonaro n\u00e3o convence ao pregar a altern\u00e2ncia de poder"},"content":{"rendered":"<p>A PEC para acabar com a reelei\u00e7\u00e3o foi protocolada no Senado nesta segunda-feira (2), ap\u00f3s alcan\u00e7ar o n\u00famero necess\u00e1rio de assinaturas. A proposta, de autoria do senador Fl\u00e1vio Bolsonaro, pretende extinguir a possibilidade de um segundo mandato consecutivo para cargos do Executivo, como presidente da Rep\u00fablica, governador e prefeito. O tema n\u00e3o \u00e9 novo no debate p\u00fablico brasileiro, mas volta \u00e0 cena agora com forte carga simb\u00f3lica e evidente c\u00e1lculo pol\u00edtico.<\/p>\n<p>Fl\u00e1vio tem apresentado a iniciativa como um \u201csinal de boa-f\u00e9\u201d de sua pr\u00e9-candidatura \u00e0 Presid\u00eancia. Argumenta que, se eleito em 2026, ele pr\u00f3prio seria atingido pela mudan\u00e7a e n\u00e3o poderia disputar a reelei\u00e7\u00e3o em 2030. A estrat\u00e9gia busca construir a imagem de algu\u00e9m disposto a abrir m\u00e3o de vantagens pessoais em nome de uma reforma institucional. No discurso, a proposta aparece como gesto de desprendimento e compromisso com a altern\u00e2ncia de poder. Na pr\u00e1tica, vemos outra coisa.<\/p>\n<p>O que ele n\u00e3o diz \u00e9 que a democracia vai muito al\u00e9m do texto constitucional. Fl\u00e1vio j\u00e1 flertou com rupturas institucionais e questionou o resultado das urnas. Fl\u00e1vio segue ordens do pai, que est\u00e1 preso por tentativa de golpe de estado. Parece bastante \u00f3bvio que para ele pouco importa o que est\u00e1 escrito na lei. A hist\u00f3ria mostra que n\u00e3o \u00e9 a aus\u00eancia ou a presen\u00e7a da reelei\u00e7\u00e3o que garante estabilidade democr\u00e1tica, mas o respeito efetivo \u00e0s regras do jogo e \u00e0s institui\u00e7\u00f5es.<\/p>\n<p>Se o pai n\u00e3o respeitou as leis do pa\u00eds, n\u00e3o temos qualquer motivo para acreditar que o filho respeitar\u00e1.<\/p>\n<p>Pelo que sabemos, em momento algum Fl\u00e1vio declarou que Jair estava errado e merecia estar preso.<\/p>\n","protected":false},"excerpt":{"rendered":"<p>A PEC para acabar com a reelei\u00e7\u00e3o foi protocolada no Senado nesta segunda-feira (2), ap\u00f3s alcan\u00e7ar o n\u00famero necess\u00e1rio de assinaturas. A proposta, de autoria do senador Fl\u00e1vio Bolsonaro, pretende extinguir a possibilidade de um segundo mandato consecutivo para cargos do Executivo, como presidente da Rep\u00fablica, governador e prefeito. O tema n\u00e3o \u00e9 novo no [&hellip;]<\/p>\n","protected":false},"author":21,"featured_media":385346,"comment_status":"closed","ping_status":"closed","sticky":false,"template":"","format":"standard","meta":{"_acf_changed":false,"footnotes":""},"categories":[235],"tags":[],"class_list":["post-385343","post","type-post","status-publish","format-standard","has-post-thumbnail","hentry","category-dona-irene"],"acf":[],"yoast_head":"<!-- This site is optimized with the Yoast SEO plugin v27.2 - https:\/\/yoast.com\/product\/yoast-seo-wordpress\/ -->\n<title>Fl\u00e1vio Bolsonaro n\u00e3o convence ao pregar a altern\u00e2ncia de poder - Notibras<\/title>\n<meta name=\"robots\" content=\"index, follow, max-snippet:-1, max-image-preview:large, max-video-preview:-1\" \/>\n<link rel=\"canonical\" href=\"https:\/\/www.notibras.com\/site\/flavio-bolsonaro-nao-convence-ao-pregar-a-alternancia-de-poder\/\" \/>\n<meta property=\"og:locale\" content=\"pt_BR\" \/>\n<meta property=\"og:type\" content=\"article\" \/>\n<meta property=\"og:title\" content=\"Fl\u00e1vio Bolsonaro n\u00e3o convence ao pregar a altern\u00e2ncia de poder - Notibras\" \/>\n<meta property=\"og:description\" content=\"A PEC para acabar com a reelei\u00e7\u00e3o foi protocolada no Senado nesta segunda-feira (2), ap\u00f3s alcan\u00e7ar o n\u00famero necess\u00e1rio de assinaturas. A proposta, de autoria do senador Fl\u00e1vio Bolsonaro, pretende extinguir a possibilidade de um segundo mandato consecutivo para cargos do Executivo, como presidente da Rep\u00fablica, governador e prefeito. O tema n\u00e3o \u00e9 novo no [&hellip;]\" \/>\n<meta property=\"og:url\" content=\"https:\/\/www.notibras.com\/site\/flavio-bolsonaro-nao-convence-ao-pregar-a-alternancia-de-poder\/\" \/>\n<meta property=\"og:site_name\" content=\"Notibras\" \/>\n<meta property=\"article:publisher\" content=\"https:\/\/www.facebook.com\/notibras\/\" \/>\n<meta property=\"article:published_time\" content=\"2026-03-03T05:00:06+00:00\" \/>\n<meta property=\"og:image\" content=\"https:\/\/www.notibras.com\/site\/wp-content\/uploads\/2026\/03\/IMG_1548.jpg\" \/>\n\t<meta property=\"og:image:width\" content=\"1170\" \/>\n\t<meta property=\"og:image:height\" content=\"616\" \/>\n\t<meta property=\"og:image:type\" content=\"image\/jpeg\" \/>\n<meta name=\"author\" content=\"Eduardo Mart\u00ednez\" \/>\n<meta name=\"twitter:card\" content=\"summary_large_image\" \/>\n<meta name=\"twitter:creator\" content=\"@Notibras\" \/>\n<meta name=\"twitter:site\" content=\"@Notibras\" \/>\n<meta name=\"twitter:label1\" content=\"Escrito por\" \/>\n\t<meta name=\"twitter:data1\" content=\"Eduardo Mart\u00ednez\" \/>\n\t<meta name=\"twitter:label2\" content=\"Est. tempo de leitura\" \/>\n\t<meta name=\"twitter:data2\" content=\"2 minutos\" \/>\n<script type=\"application\/ld+json\" class=\"yoast-schema-graph\">{\"@context\":\"https:\/\/schema.org\",\"@graph\":[{\"@type\":\"Article\",\"@id\":\"https:\/\/www.notibras.com\/site\/flavio-bolsonaro-nao-convence-ao-pregar-a-alternancia-de-poder\/#article\",\"isPartOf\":{\"@id\":\"https:\/\/www.notibras.com\/site\/flavio-bolsonaro-nao-convence-ao-pregar-a-alternancia-de-poder\/\"},\"author\":{\"name\":\"Eduardo Mart\u00ednez\",\"@id\":\"https:\/\/www.notibras.com\/site\/#\/schema\/person\/5b7fabf2aedc3ada2105f03b22b4d3dd\"},\"headline\":\"Fl\u00e1vio Bolsonaro n\u00e3o convence ao pregar a altern\u00e2ncia de poder\",\"datePublished\":\"2026-03-03T05:00:06+00:00\",\"mainEntityOfPage\":{\"@id\":\"https:\/\/www.notibras.com\/site\/flavio-bolsonaro-nao-convence-ao-pregar-a-alternancia-de-poder\/\"},\"wordCount\":310,\"publisher\":{\"@id\":\"https:\/\/www.notibras.com\/site\/#organization\"},\"image\":{\"@id\":\"https:\/\/www.notibras.com\/site\/flavio-bolsonaro-nao-convence-ao-pregar-a-alternancia-de-poder\/#primaryimage\"},\"thumbnailUrl\":\"https:\/\/www.notibras.com\/site\/wp-content\/uploads\/2026\/03\/IMG_1548.jpg\",\"articleSection\":[\"Dona Irene\"],\"inLanguage\":\"pt-BR\"},{\"@type\":\"WebPage\",\"@id\":\"https:\/\/www.notibras.com\/site\/flavio-bolsonaro-nao-convence-ao-pregar-a-alternancia-de-poder\/\",\"url\":\"https:\/\/www.notibras.com\/site\/flavio-bolsonaro-nao-convence-ao-pregar-a-alternancia-de-poder\/\",\"name\":\"Fl\u00e1vio Bolsonaro n\u00e3o convence ao pregar a altern\u00e2ncia de poder - Notibras\",\"isPartOf\":{\"@id\":\"https:\/\/www.notibras.com\/site\/#website\"},\"primaryImageOfPage\":{\"@id\":\"https:\/\/www.notibras.com\/site\/flavio-bolsonaro-nao-convence-ao-pregar-a-alternancia-de-poder\/#primaryimage\"},\"image\":{\"@id\":\"https:\/\/www.notibras.com\/site\/flavio-bolsonaro-nao-convence-ao-pregar-a-alternancia-de-poder\/#primaryimage\"},\"thumbnailUrl\":\"https:\/\/www.notibras.com\/site\/wp-content\/uploads\/2026\/03\/IMG_1548.jpg\",\"datePublished\":\"2026-03-03T05:00:06+00:00\",\"breadcrumb\":{\"@id\":\"https:\/\/www.notibras.com\/site\/flavio-bolsonaro-nao-convence-ao-pregar-a-alternancia-de-poder\/#breadcrumb\"},\"inLanguage\":\"pt-BR\",\"potentialAction\":[{\"@type\":\"ReadAction\",\"target\":[\"https:\/\/www.notibras.com\/site\/flavio-bolsonaro-nao-convence-ao-pregar-a-alternancia-de-poder\/\"]}]},{\"@type\":\"ImageObject\",\"inLanguage\":\"pt-BR\",\"@id\":\"https:\/\/www.notibras.com\/site\/flavio-bolsonaro-nao-convence-ao-pregar-a-alternancia-de-poder\/#primaryimage\",\"url\":\"https:\/\/www.notibras.com\/site\/wp-content\/uploads\/2026\/03\/IMG_1548.jpg\",\"contentUrl\":\"https:\/\/www.notibras.com\/site\/wp-content\/uploads\/2026\/03\/IMG_1548.jpg\",\"width\":1170,\"height\":616,\"caption\":\"Screenshot\"},{\"@type\":\"BreadcrumbList\",\"@id\":\"https:\/\/www.notibras.com\/site\/flavio-bolsonaro-nao-convence-ao-pregar-a-alternancia-de-poder\/#breadcrumb\",\"itemListElement\":[{\"@type\":\"ListItem\",\"position\":1,\"name\":\"In\u00edcio\",\"item\":\"https:\/\/www.notibras.com\/site\/\"},{\"@type\":\"ListItem\",\"position\":2,\"name\":\"Fl\u00e1vio Bolsonaro n\u00e3o convence ao pregar a altern\u00e2ncia de poder\"}]},{\"@type\":\"WebSite\",\"@id\":\"https:\/\/www.notibras.com\/site\/#website\",\"url\":\"https:\/\/www.notibras.com\/site\/\",\"name\":\"Notibras\",\"description\":\"Not\u00edcias de Bras\u00edlia, do Brasil e do Mundo\",\"publisher\":{\"@id\":\"https:\/\/www.notibras.com\/site\/#organization\"},\"potentialAction\":[{\"@type\":\"SearchAction\",\"target\":{\"@type\":\"EntryPoint\",\"urlTemplate\":\"https:\/\/www.notibras.com\/site\/?s={search_term_string}\"},\"query-input\":{\"@type\":\"PropertyValueSpecification\",\"valueRequired\":true,\"valueName\":\"search_term_string\"}}],\"inLanguage\":\"pt-BR\"},{\"@type\":\"Organization\",\"@id\":\"https:\/\/www.notibras.com\/site\/#organization\",\"name\":\"Grupo Notibras de Comunica\u00e7\u00e3o\",\"url\":\"https:\/\/www.notibras.com\/site\/\",\"logo\":{\"@type\":\"ImageObject\",\"inLanguage\":\"pt-BR\",\"@id\":\"https:\/\/www.notibras.com\/site\/#\/schema\/logo\/image\/\",\"url\":\"https:\/\/www.notibras.com\/site\/wp-content\/uploads\/2023\/01\/notibras23.png\",\"contentUrl\":\"https:\/\/www.notibras.com\/site\/wp-content\/uploads\/2023\/01\/notibras23.png\",\"width\":350,\"height\":87,\"caption\":\"Grupo Notibras de Comunica\u00e7\u00e3o\"},\"image\":{\"@id\":\"https:\/\/www.notibras.com\/site\/#\/schema\/logo\/image\/\"},\"sameAs\":[\"https:\/\/www.facebook.com\/notibras\/\",\"https:\/\/x.com\/Notibras\",\"https:\/\/www.instagram.com\/notibras\/\"]},{\"@type\":\"Person\",\"@id\":\"https:\/\/www.notibras.com\/site\/#\/schema\/person\/5b7fabf2aedc3ada2105f03b22b4d3dd\",\"name\":\"Eduardo Mart\u00ednez\",\"image\":{\"@type\":\"ImageObject\",\"inLanguage\":\"pt-BR\",\"@id\":\"https:\/\/secure.gravatar.com\/avatar\/7902f906289926289cbcda644b5197c796b893c6ffd7b9a536a42d290f7704a0?s=96&d=mm&r=g\",\"url\":\"https:\/\/secure.gravatar.com\/avatar\/7902f906289926289cbcda644b5197c796b893c6ffd7b9a536a42d290f7704a0?s=96&d=mm&r=g\",\"contentUrl\":\"https:\/\/secure.gravatar.com\/avatar\/7902f906289926289cbcda644b5197c796b893c6ffd7b9a536a42d290f7704a0?s=96&d=mm&r=g\",\"caption\":\"Eduardo Mart\u00ednez\"}}]}<\/script>\n<!-- \/ Yoast SEO plugin. -->","yoast_head_json":{"title":"Fl\u00e1vio Bolsonaro n\u00e3o convence ao pregar a altern\u00e2ncia de poder - Notibras","robots":{"index":"index","follow":"follow","max-snippet":"max-snippet:-1","max-image-preview":"max-image-preview:large","max-video-preview":"max-video-preview:-1"},"canonical":"https:\/\/www.notibras.com\/site\/flavio-bolsonaro-nao-convence-ao-pregar-a-alternancia-de-poder\/","og_locale":"pt_BR","og_type":"article","og_title":"Fl\u00e1vio Bolsonaro n\u00e3o convence ao pregar a altern\u00e2ncia de poder - Notibras","og_description":"A PEC para acabar com a reelei\u00e7\u00e3o foi protocolada no Senado nesta segunda-feira (2), ap\u00f3s alcan\u00e7ar o n\u00famero necess\u00e1rio de assinaturas. A proposta, de autoria do senador Fl\u00e1vio Bolsonaro, pretende extinguir a possibilidade de um segundo mandato consecutivo para cargos do Executivo, como presidente da Rep\u00fablica, governador e prefeito. O tema n\u00e3o \u00e9 novo no [&hellip;]","og_url":"https:\/\/www.notibras.com\/site\/flavio-bolsonaro-nao-convence-ao-pregar-a-alternancia-de-poder\/","og_site_name":"Notibras","article_publisher":"https:\/\/www.facebook.com\/notibras\/","article_published_time":"2026-03-03T05:00:06+00:00","og_image":[{"width":1170,"height":616,"url":"https:\/\/www.notibras.com\/site\/wp-content\/uploads\/2026\/03\/IMG_1548.jpg","type":"image\/jpeg"}],"author":"Eduardo Mart\u00ednez","twitter_card":"summary_large_image","twitter_creator":"@Notibras","twitter_site":"@Notibras","twitter_misc":{"Escrito por":"Eduardo Mart\u00ednez","Est. tempo de leitura":"2 minutos"},"schema":{"@context":"https:\/\/schema.org","@graph":[{"@type":"Article","@id":"https:\/\/www.notibras.com\/site\/flavio-bolsonaro-nao-convence-ao-pregar-a-alternancia-de-poder\/#article","isPartOf":{"@id":"https:\/\/www.notibras.com\/site\/flavio-bolsonaro-nao-convence-ao-pregar-a-alternancia-de-poder\/"},"author":{"name":"Eduardo Mart\u00ednez","@id":"https:\/\/www.notibras.com\/site\/#\/schema\/person\/5b7fabf2aedc3ada2105f03b22b4d3dd"},"headline":"Fl\u00e1vio Bolsonaro n\u00e3o convence ao pregar a altern\u00e2ncia de poder","datePublished":"2026-03-03T05:00:06+00:00","mainEntityOfPage":{"@id":"https:\/\/www.notibras.com\/site\/flavio-bolsonaro-nao-convence-ao-pregar-a-alternancia-de-poder\/"},"wordCount":310,"publisher":{"@id":"https:\/\/www.notibras.com\/site\/#organization"},"image":{"@id":"https:\/\/www.notibras.com\/site\/flavio-bolsonaro-nao-convence-ao-pregar-a-alternancia-de-poder\/#primaryimage"},"thumbnailUrl":"https:\/\/www.notibras.com\/site\/wp-content\/uploads\/2026\/03\/IMG_1548.jpg","articleSection":["Dona Irene"],"inLanguage":"pt-BR"},{"@type":"WebPage","@id":"https:\/\/www.notibras.com\/site\/flavio-bolsonaro-nao-convence-ao-pregar-a-alternancia-de-poder\/","url":"https:\/\/www.notibras.com\/site\/flavio-bolsonaro-nao-convence-ao-pregar-a-alternancia-de-poder\/","name":"Fl\u00e1vio Bolsonaro n\u00e3o convence ao pregar a altern\u00e2ncia de poder - Notibras","isPartOf":{"@id":"https:\/\/www.notibras.com\/site\/#website"},"primaryImageOfPage":{"@id":"https:\/\/www.notibras.com\/site\/flavio-bolsonaro-nao-convence-ao-pregar-a-alternancia-de-poder\/#primaryimage"},"image":{"@id":"https:\/\/www.notibras.com\/site\/flavio-bolsonaro-nao-convence-ao-pregar-a-alternancia-de-poder\/#primaryimage"},"thumbnailUrl":"https:\/\/www.notibras.com\/site\/wp-content\/uploads\/2026\/03\/IMG_1548.jpg","datePublished":"2026-03-03T05:00:06+00:00","breadcrumb":{"@id":"https:\/\/www.notibras.com\/site\/flavio-bolsonaro-nao-convence-ao-pregar-a-alternancia-de-poder\/#breadcrumb"},"inLanguage":"pt-BR","potentialAction":[{"@type":"ReadAction","target":["https:\/\/www.notibras.com\/site\/flavio-bolsonaro-nao-convence-ao-pregar-a-alternancia-de-poder\/"]}]},{"@type":"ImageObject","inLanguage":"pt-BR","@id":"https:\/\/www.notibras.com\/site\/flavio-bolsonaro-nao-convence-ao-pregar-a-alternancia-de-poder\/#primaryimage","url":"https:\/\/www.notibras.com\/site\/wp-content\/uploads\/2026\/03\/IMG_1548.jpg","contentUrl":"https:\/\/www.notibras.com\/site\/wp-content\/uploads\/2026\/03\/IMG_1548.jpg","width":1170,"height":616,"caption":"Screenshot"},{"@type":"BreadcrumbList","@id":"https:\/\/www.notibras.com\/site\/flavio-bolsonaro-nao-convence-ao-pregar-a-alternancia-de-poder\/#breadcrumb","itemListElement":[{"@type":"ListItem","position":1,"name":"In\u00edcio","item":"https:\/\/www.notibras.com\/site\/"},{"@type":"ListItem","position":2,"name":"Fl\u00e1vio Bolsonaro n\u00e3o convence ao pregar a altern\u00e2ncia de poder"}]},{"@type":"WebSite","@id":"https:\/\/www.notibras.com\/site\/#website","url":"https:\/\/www.notibras.com\/site\/","name":"Notibras","description":"Not\u00edcias de Bras\u00edlia, do Brasil e do Mundo","publisher":{"@id":"https:\/\/www.notibras.com\/site\/#organization"},"potentialAction":[{"@type":"SearchAction","target":{"@type":"EntryPoint","urlTemplate":"https:\/\/www.notibras.com\/site\/?s={search_term_string}"},"query-input":{"@type":"PropertyValueSpecification","valueRequired":true,"valueName":"search_term_string"}}],"inLanguage":"pt-BR"},{"@type":"Organization","@id":"https:\/\/www.notibras.com\/site\/#organization","name":"Grupo Notibras de Comunica\u00e7\u00e3o","url":"https:\/\/www.notibras.com\/site\/","logo":{"@type":"ImageObject","inLanguage":"pt-BR","@id":"https:\/\/www.notibras.com\/site\/#\/schema\/logo\/image\/","url":"https:\/\/www.notibras.com\/site\/wp-content\/uploads\/2023\/01\/notibras23.png","contentUrl":"https:\/\/www.notibras.com\/site\/wp-content\/uploads\/2023\/01\/notibras23.png","width":350,"height":87,"caption":"Grupo Notibras de Comunica\u00e7\u00e3o"},"image":{"@id":"https:\/\/www.notibras.com\/site\/#\/schema\/logo\/image\/"},"sameAs":["https:\/\/www.facebook.com\/notibras\/","https:\/\/x.com\/Notibras","https:\/\/www.instagram.com\/notibras\/"]},{"@type":"Person","@id":"https:\/\/www.notibras.com\/site\/#\/schema\/person\/5b7fabf2aedc3ada2105f03b22b4d3dd","name":"Eduardo Mart\u00ednez","image":{"@type":"ImageObject","inLanguage":"pt-BR","@id":"https:\/\/secure.gravatar.com\/avatar\/7902f906289926289cbcda644b5197c796b893c6ffd7b9a536a42d290f7704a0?s=96&d=mm&r=g","url":"https:\/\/secure.gravatar.com\/avatar\/7902f906289926289cbcda644b5197c796b893c6ffd7b9a536a42d290f7704a0?s=96&d=mm&r=g","contentUrl":"https:\/\/secure.gravatar.com\/avatar\/7902f906289926289cbcda644b5197c796b893c6ffd7b9a536a42d290f7704a0?s=96&d=mm&r=g","caption":"Eduardo Mart\u00ednez"}}]}},"amp_enabled":true,"_links":{"self":[{"href":"https:\/\/www.notibras.com\/site\/wp-json\/wp\/v2\/posts\/385343","targetHints":{"allow":["GET"]}}],"collection":[{"href":"https:\/\/www.notibras.com\/site\/wp-json\/wp\/v2\/posts"}],"about":[{"href":"https:\/\/www.notibras.com\/site\/wp-json\/wp\/v2\/types\/post"}],"author":[{"embeddable":true,"href":"https:\/\/www.notibras.com\/site\/wp-json\/wp\/v2\/users\/21"}],"replies":[{"embeddable":true,"href":"https:\/\/www.notibras.com\/site\/wp-json\/wp\/v2\/comments?post=385343"}],"version-history":[{"count":2,"href":"https:\/\/www.notibras.com\/site\/wp-json\/wp\/v2\/posts\/385343\/revisions"}],"predecessor-version":[{"id":385347,"href":"https:\/\/www.notibras.com\/site\/wp-json\/wp\/v2\/posts\/385343\/revisions\/385347"}],"wp:featuredmedia":[{"embeddable":true,"href":"https:\/\/www.notibras.com\/site\/wp-json\/wp\/v2\/media\/385346"}],"wp:attachment":[{"href":"https:\/\/www.notibras.com\/site\/wp-json\/wp\/v2\/media?parent=385343"}],"wp:term":[{"taxonomy":"category","embeddable":true,"href":"https:\/\/www.notibras.com\/site\/wp-json\/wp\/v2\/categories?post=385343"},{"taxonomy":"post_tag","embeddable":true,"href":"https:\/\/www.notibras.com\/site\/wp-json\/wp\/v2\/tags?post=385343"}],"curies":[{"name":"wp","href":"https:\/\/api.w.org\/{rel}","templated":true}]}}