{"id":385349,"date":"2026-03-03T02:15:21","date_gmt":"2026-03-03T05:15:21","guid":{"rendered":"https:\/\/www.notibras.com\/site\/?p=385349"},"modified":"2026-03-02T23:47:15","modified_gmt":"2026-03-03T02:47:15","slug":"marilia-arraes-consolida-lideranca-rumo-ao-senado-com-nova-etapa-no-pdt","status":"publish","type":"post","link":"https:\/\/www.notibras.com\/site\/marilia-arraes-consolida-lideranca-rumo-ao-senado-com-nova-etapa-no-pdt\/","title":{"rendered":"Mar\u00edlia Arraes consolida lideran\u00e7a rumo ao Senado com nova etapa no PDT"},"content":{"rendered":"<p>A movimenta\u00e7\u00e3o pol\u00edtica em Pernambuco ganhou um novo cap\u00edtulo com a decis\u00e3o de Mar\u00edlia Arraes de deixar o Solidariedade, disputar o Senado e selar sua ida ao PDT. A filia\u00e7\u00e3o deve ocorrer ainda em mar\u00e7o, segundo anunciou Carlos Lupi, presidente nacional da legenda. L\u00edder nas pesquisas eleitorais, Mar\u00edlia consolida-se como um dos nomes mais fortes do cen\u00e1rio pernambucano e demonstra, mais uma vez, habilidade estrat\u00e9gica ao reposicionar seu projeto pol\u00edtico em um partido com maior estrutura nacional.<\/p>\n<p>Ao mesmo tempo, Mar\u00edlia j\u00e1 afirmou que apoiar\u00e1 a candidatura do primo Jo\u00e3o Campos ao governo do estado. A decis\u00e3o \u00e9 pragm\u00e1tica e coerente com o cen\u00e1rio atual: Jo\u00e3o \u00e9 amplamente popular e desponta como favorito. N\u00e3o faria sentido para ela construir uma oposi\u00e7\u00e3o ou mesmo neutralidade a algu\u00e9m que re\u00fane alto \u00edndice de aprova\u00e7\u00e3o e forte capilaridade pol\u00edtica. Ao optar pelo apoio, Mar\u00edlia evita desgaste desnecess\u00e1rio e concentra energia na pr\u00f3pria disputa ao Senado, onde aparece em posi\u00e7\u00e3o confort\u00e1vel.<\/p>\n<p>Com essa estrat\u00e9gia, ela preserva pontes e mant\u00e9m seu protagonismo. Mar\u00edlia segue sendo um dos principais nomes de oposi\u00e7\u00e3o ao governo de Raquel Lyra, capitalizando o sentimento de insatisfa\u00e7\u00e3o de parte do eleitorado. Ao mesmo tempo, ao apoiar Jo\u00e3o Campos, amplia seu campo de alian\u00e7as e fortalece uma frente pol\u00edtica capaz de redesenhar o equil\u00edbrio de for\u00e7as em Pernambuco nas pr\u00f3ximas elei\u00e7\u00f5es.<\/p>\n","protected":false},"excerpt":{"rendered":"<p>A movimenta\u00e7\u00e3o pol\u00edtica em Pernambuco ganhou um novo cap\u00edtulo com a decis\u00e3o de Mar\u00edlia Arraes de deixar o Solidariedade, disputar o Senado e selar sua ida ao PDT. A filia\u00e7\u00e3o deve ocorrer ainda em mar\u00e7o, segundo anunciou Carlos Lupi, presidente nacional da legenda. L\u00edder nas pesquisas eleitorais, Mar\u00edlia consolida-se como um dos nomes mais fortes [&hellip;]<\/p>\n","protected":false},"author":21,"featured_media":385350,"comment_status":"closed","ping_status":"closed","sticky":false,"template":"","format":"standard","meta":{"_acf_changed":false,"footnotes":""},"categories":[235],"tags":[],"class_list":["post-385349","post","type-post","status-publish","format-standard","has-post-thumbnail","hentry","category-dona-irene"],"acf":[],"yoast_head":"<!-- This site is optimized with the Yoast SEO plugin v27.2 - https:\/\/yoast.com\/product\/yoast-seo-wordpress\/ -->\n<title>Mar\u00edlia Arraes consolida lideran\u00e7a rumo ao Senado com nova etapa no PDT - Notibras<\/title>\n<meta name=\"robots\" content=\"index, follow, max-snippet:-1, max-image-preview:large, max-video-preview:-1\" \/>\n<link rel=\"canonical\" href=\"https:\/\/www.notibras.com\/site\/marilia-arraes-consolida-lideranca-rumo-ao-senado-com-nova-etapa-no-pdt\/\" \/>\n<meta property=\"og:locale\" content=\"pt_BR\" \/>\n<meta property=\"og:type\" content=\"article\" \/>\n<meta property=\"og:title\" content=\"Mar\u00edlia Arraes consolida lideran\u00e7a rumo ao Senado com nova etapa no PDT - Notibras\" \/>\n<meta property=\"og:description\" content=\"A movimenta\u00e7\u00e3o pol\u00edtica em Pernambuco ganhou um novo cap\u00edtulo com a decis\u00e3o de Mar\u00edlia Arraes de deixar o Solidariedade, disputar o Senado e selar sua ida ao PDT. A filia\u00e7\u00e3o deve ocorrer ainda em mar\u00e7o, segundo anunciou Carlos Lupi, presidente nacional da legenda. L\u00edder nas pesquisas eleitorais, Mar\u00edlia consolida-se como um dos nomes mais fortes [&hellip;]\" \/>\n<meta property=\"og:url\" content=\"https:\/\/www.notibras.com\/site\/marilia-arraes-consolida-lideranca-rumo-ao-senado-com-nova-etapa-no-pdt\/\" \/>\n<meta property=\"og:site_name\" content=\"Notibras\" \/>\n<meta property=\"article:publisher\" content=\"https:\/\/www.facebook.com\/notibras\/\" \/>\n<meta property=\"article:published_time\" content=\"2026-03-03T05:15:21+00:00\" \/>\n<meta property=\"og:image\" content=\"https:\/\/www.notibras.com\/site\/wp-content\/uploads\/2026\/03\/foto18pol-201-recife-a11.webp\" \/>\n\t<meta property=\"og:image:width\" content=\"984\" \/>\n\t<meta property=\"og:image:height\" content=\"701\" \/>\n\t<meta property=\"og:image:type\" content=\"image\/webp\" \/>\n<meta name=\"author\" content=\"Eduardo Mart\u00ednez\" \/>\n<meta name=\"twitter:card\" content=\"summary_large_image\" \/>\n<meta name=\"twitter:creator\" content=\"@Notibras\" \/>\n<meta name=\"twitter:site\" content=\"@Notibras\" \/>\n<meta name=\"twitter:label1\" content=\"Escrito por\" \/>\n\t<meta name=\"twitter:data1\" content=\"Eduardo Mart\u00ednez\" \/>\n\t<meta name=\"twitter:label2\" content=\"Est. tempo de leitura\" \/>\n\t<meta name=\"twitter:data2\" content=\"2 minutos\" \/>\n<script type=\"application\/ld+json\" class=\"yoast-schema-graph\">{\"@context\":\"https:\/\/schema.org\",\"@graph\":[{\"@type\":\"Article\",\"@id\":\"https:\/\/www.notibras.com\/site\/marilia-arraes-consolida-lideranca-rumo-ao-senado-com-nova-etapa-no-pdt\/#article\",\"isPartOf\":{\"@id\":\"https:\/\/www.notibras.com\/site\/marilia-arraes-consolida-lideranca-rumo-ao-senado-com-nova-etapa-no-pdt\/\"},\"author\":{\"name\":\"Eduardo Mart\u00ednez\",\"@id\":\"https:\/\/www.notibras.com\/site\/#\/schema\/person\/5b7fabf2aedc3ada2105f03b22b4d3dd\"},\"headline\":\"Mar\u00edlia Arraes consolida lideran\u00e7a rumo ao Senado com nova etapa no PDT\",\"datePublished\":\"2026-03-03T05:15:21+00:00\",\"mainEntityOfPage\":{\"@id\":\"https:\/\/www.notibras.com\/site\/marilia-arraes-consolida-lideranca-rumo-ao-senado-com-nova-etapa-no-pdt\/\"},\"wordCount\":272,\"publisher\":{\"@id\":\"https:\/\/www.notibras.com\/site\/#organization\"},\"image\":{\"@id\":\"https:\/\/www.notibras.com\/site\/marilia-arraes-consolida-lideranca-rumo-ao-senado-com-nova-etapa-no-pdt\/#primaryimage\"},\"thumbnailUrl\":\"https:\/\/www.notibras.com\/site\/wp-content\/uploads\/2026\/03\/foto18pol-201-recife-a11.webp\",\"articleSection\":[\"Dona Irene\"],\"inLanguage\":\"pt-BR\"},{\"@type\":\"WebPage\",\"@id\":\"https:\/\/www.notibras.com\/site\/marilia-arraes-consolida-lideranca-rumo-ao-senado-com-nova-etapa-no-pdt\/\",\"url\":\"https:\/\/www.notibras.com\/site\/marilia-arraes-consolida-lideranca-rumo-ao-senado-com-nova-etapa-no-pdt\/\",\"name\":\"Mar\u00edlia Arraes consolida lideran\u00e7a rumo ao Senado com nova etapa no PDT - Notibras\",\"isPartOf\":{\"@id\":\"https:\/\/www.notibras.com\/site\/#website\"},\"primaryImageOfPage\":{\"@id\":\"https:\/\/www.notibras.com\/site\/marilia-arraes-consolida-lideranca-rumo-ao-senado-com-nova-etapa-no-pdt\/#primaryimage\"},\"image\":{\"@id\":\"https:\/\/www.notibras.com\/site\/marilia-arraes-consolida-lideranca-rumo-ao-senado-com-nova-etapa-no-pdt\/#primaryimage\"},\"thumbnailUrl\":\"https:\/\/www.notibras.com\/site\/wp-content\/uploads\/2026\/03\/foto18pol-201-recife-a11.webp\",\"datePublished\":\"2026-03-03T05:15:21+00:00\",\"breadcrumb\":{\"@id\":\"https:\/\/www.notibras.com\/site\/marilia-arraes-consolida-lideranca-rumo-ao-senado-com-nova-etapa-no-pdt\/#breadcrumb\"},\"inLanguage\":\"pt-BR\",\"potentialAction\":[{\"@type\":\"ReadAction\",\"target\":[\"https:\/\/www.notibras.com\/site\/marilia-arraes-consolida-lideranca-rumo-ao-senado-com-nova-etapa-no-pdt\/\"]}]},{\"@type\":\"ImageObject\",\"inLanguage\":\"pt-BR\",\"@id\":\"https:\/\/www.notibras.com\/site\/marilia-arraes-consolida-lideranca-rumo-ao-senado-com-nova-etapa-no-pdt\/#primaryimage\",\"url\":\"https:\/\/www.notibras.com\/site\/wp-content\/uploads\/2026\/03\/foto18pol-201-recife-a11.webp\",\"contentUrl\":\"https:\/\/www.notibras.com\/site\/wp-content\/uploads\/2026\/03\/foto18pol-201-recife-a11.webp\",\"width\":984,\"height\":701},{\"@type\":\"BreadcrumbList\",\"@id\":\"https:\/\/www.notibras.com\/site\/marilia-arraes-consolida-lideranca-rumo-ao-senado-com-nova-etapa-no-pdt\/#breadcrumb\",\"itemListElement\":[{\"@type\":\"ListItem\",\"position\":1,\"name\":\"In\u00edcio\",\"item\":\"https:\/\/www.notibras.com\/site\/\"},{\"@type\":\"ListItem\",\"position\":2,\"name\":\"Mar\u00edlia Arraes consolida lideran\u00e7a rumo ao Senado com nova etapa no PDT\"}]},{\"@type\":\"WebSite\",\"@id\":\"https:\/\/www.notibras.com\/site\/#website\",\"url\":\"https:\/\/www.notibras.com\/site\/\",\"name\":\"Notibras\",\"description\":\"Not\u00edcias de Bras\u00edlia, do Brasil e do Mundo\",\"publisher\":{\"@id\":\"https:\/\/www.notibras.com\/site\/#organization\"},\"potentialAction\":[{\"@type\":\"SearchAction\",\"target\":{\"@type\":\"EntryPoint\",\"urlTemplate\":\"https:\/\/www.notibras.com\/site\/?s={search_term_string}\"},\"query-input\":{\"@type\":\"PropertyValueSpecification\",\"valueRequired\":true,\"valueName\":\"search_term_string\"}}],\"inLanguage\":\"pt-BR\"},{\"@type\":\"Organization\",\"@id\":\"https:\/\/www.notibras.com\/site\/#organization\",\"name\":\"Grupo Notibras de Comunica\u00e7\u00e3o\",\"url\":\"https:\/\/www.notibras.com\/site\/\",\"logo\":{\"@type\":\"ImageObject\",\"inLanguage\":\"pt-BR\",\"@id\":\"https:\/\/www.notibras.com\/site\/#\/schema\/logo\/image\/\",\"url\":\"https:\/\/www.notibras.com\/site\/wp-content\/uploads\/2023\/01\/notibras23.png\",\"contentUrl\":\"https:\/\/www.notibras.com\/site\/wp-content\/uploads\/2023\/01\/notibras23.png\",\"width\":350,\"height\":87,\"caption\":\"Grupo Notibras de Comunica\u00e7\u00e3o\"},\"image\":{\"@id\":\"https:\/\/www.notibras.com\/site\/#\/schema\/logo\/image\/\"},\"sameAs\":[\"https:\/\/www.facebook.com\/notibras\/\",\"https:\/\/x.com\/Notibras\",\"https:\/\/www.instagram.com\/notibras\/\"]},{\"@type\":\"Person\",\"@id\":\"https:\/\/www.notibras.com\/site\/#\/schema\/person\/5b7fabf2aedc3ada2105f03b22b4d3dd\",\"name\":\"Eduardo Mart\u00ednez\",\"image\":{\"@type\":\"ImageObject\",\"inLanguage\":\"pt-BR\",\"@id\":\"https:\/\/secure.gravatar.com\/avatar\/7902f906289926289cbcda644b5197c796b893c6ffd7b9a536a42d290f7704a0?s=96&d=mm&r=g\",\"url\":\"https:\/\/secure.gravatar.com\/avatar\/7902f906289926289cbcda644b5197c796b893c6ffd7b9a536a42d290f7704a0?s=96&d=mm&r=g\",\"contentUrl\":\"https:\/\/secure.gravatar.com\/avatar\/7902f906289926289cbcda644b5197c796b893c6ffd7b9a536a42d290f7704a0?s=96&d=mm&r=g\",\"caption\":\"Eduardo Mart\u00ednez\"}}]}<\/script>\n<!-- \/ Yoast SEO plugin. -->","yoast_head_json":{"title":"Mar\u00edlia Arraes consolida lideran\u00e7a rumo ao Senado com nova etapa no PDT - Notibras","robots":{"index":"index","follow":"follow","max-snippet":"max-snippet:-1","max-image-preview":"max-image-preview:large","max-video-preview":"max-video-preview:-1"},"canonical":"https:\/\/www.notibras.com\/site\/marilia-arraes-consolida-lideranca-rumo-ao-senado-com-nova-etapa-no-pdt\/","og_locale":"pt_BR","og_type":"article","og_title":"Mar\u00edlia Arraes consolida lideran\u00e7a rumo ao Senado com nova etapa no PDT - Notibras","og_description":"A movimenta\u00e7\u00e3o pol\u00edtica em Pernambuco ganhou um novo cap\u00edtulo com a decis\u00e3o de Mar\u00edlia Arraes de deixar o Solidariedade, disputar o Senado e selar sua ida ao PDT. A filia\u00e7\u00e3o deve ocorrer ainda em mar\u00e7o, segundo anunciou Carlos Lupi, presidente nacional da legenda. L\u00edder nas pesquisas eleitorais, Mar\u00edlia consolida-se como um dos nomes mais fortes [&hellip;]","og_url":"https:\/\/www.notibras.com\/site\/marilia-arraes-consolida-lideranca-rumo-ao-senado-com-nova-etapa-no-pdt\/","og_site_name":"Notibras","article_publisher":"https:\/\/www.facebook.com\/notibras\/","article_published_time":"2026-03-03T05:15:21+00:00","og_image":[{"width":984,"height":701,"url":"https:\/\/www.notibras.com\/site\/wp-content\/uploads\/2026\/03\/foto18pol-201-recife-a11.webp","type":"image\/webp"}],"author":"Eduardo Mart\u00ednez","twitter_card":"summary_large_image","twitter_creator":"@Notibras","twitter_site":"@Notibras","twitter_misc":{"Escrito por":"Eduardo Mart\u00ednez","Est. tempo de leitura":"2 minutos"},"schema":{"@context":"https:\/\/schema.org","@graph":[{"@type":"Article","@id":"https:\/\/www.notibras.com\/site\/marilia-arraes-consolida-lideranca-rumo-ao-senado-com-nova-etapa-no-pdt\/#article","isPartOf":{"@id":"https:\/\/www.notibras.com\/site\/marilia-arraes-consolida-lideranca-rumo-ao-senado-com-nova-etapa-no-pdt\/"},"author":{"name":"Eduardo Mart\u00ednez","@id":"https:\/\/www.notibras.com\/site\/#\/schema\/person\/5b7fabf2aedc3ada2105f03b22b4d3dd"},"headline":"Mar\u00edlia Arraes consolida lideran\u00e7a rumo ao Senado com nova etapa no PDT","datePublished":"2026-03-03T05:15:21+00:00","mainEntityOfPage":{"@id":"https:\/\/www.notibras.com\/site\/marilia-arraes-consolida-lideranca-rumo-ao-senado-com-nova-etapa-no-pdt\/"},"wordCount":272,"publisher":{"@id":"https:\/\/www.notibras.com\/site\/#organization"},"image":{"@id":"https:\/\/www.notibras.com\/site\/marilia-arraes-consolida-lideranca-rumo-ao-senado-com-nova-etapa-no-pdt\/#primaryimage"},"thumbnailUrl":"https:\/\/www.notibras.com\/site\/wp-content\/uploads\/2026\/03\/foto18pol-201-recife-a11.webp","articleSection":["Dona Irene"],"inLanguage":"pt-BR"},{"@type":"WebPage","@id":"https:\/\/www.notibras.com\/site\/marilia-arraes-consolida-lideranca-rumo-ao-senado-com-nova-etapa-no-pdt\/","url":"https:\/\/www.notibras.com\/site\/marilia-arraes-consolida-lideranca-rumo-ao-senado-com-nova-etapa-no-pdt\/","name":"Mar\u00edlia Arraes consolida lideran\u00e7a rumo ao Senado com nova etapa no PDT - Notibras","isPartOf":{"@id":"https:\/\/www.notibras.com\/site\/#website"},"primaryImageOfPage":{"@id":"https:\/\/www.notibras.com\/site\/marilia-arraes-consolida-lideranca-rumo-ao-senado-com-nova-etapa-no-pdt\/#primaryimage"},"image":{"@id":"https:\/\/www.notibras.com\/site\/marilia-arraes-consolida-lideranca-rumo-ao-senado-com-nova-etapa-no-pdt\/#primaryimage"},"thumbnailUrl":"https:\/\/www.notibras.com\/site\/wp-content\/uploads\/2026\/03\/foto18pol-201-recife-a11.webp","datePublished":"2026-03-03T05:15:21+00:00","breadcrumb":{"@id":"https:\/\/www.notibras.com\/site\/marilia-arraes-consolida-lideranca-rumo-ao-senado-com-nova-etapa-no-pdt\/#breadcrumb"},"inLanguage":"pt-BR","potentialAction":[{"@type":"ReadAction","target":["https:\/\/www.notibras.com\/site\/marilia-arraes-consolida-lideranca-rumo-ao-senado-com-nova-etapa-no-pdt\/"]}]},{"@type":"ImageObject","inLanguage":"pt-BR","@id":"https:\/\/www.notibras.com\/site\/marilia-arraes-consolida-lideranca-rumo-ao-senado-com-nova-etapa-no-pdt\/#primaryimage","url":"https:\/\/www.notibras.com\/site\/wp-content\/uploads\/2026\/03\/foto18pol-201-recife-a11.webp","contentUrl":"https:\/\/www.notibras.com\/site\/wp-content\/uploads\/2026\/03\/foto18pol-201-recife-a11.webp","width":984,"height":701},{"@type":"BreadcrumbList","@id":"https:\/\/www.notibras.com\/site\/marilia-arraes-consolida-lideranca-rumo-ao-senado-com-nova-etapa-no-pdt\/#breadcrumb","itemListElement":[{"@type":"ListItem","position":1,"name":"In\u00edcio","item":"https:\/\/www.notibras.com\/site\/"},{"@type":"ListItem","position":2,"name":"Mar\u00edlia Arraes consolida lideran\u00e7a rumo ao Senado com nova etapa no PDT"}]},{"@type":"WebSite","@id":"https:\/\/www.notibras.com\/site\/#website","url":"https:\/\/www.notibras.com\/site\/","name":"Notibras","description":"Not\u00edcias de Bras\u00edlia, do Brasil e do Mundo","publisher":{"@id":"https:\/\/www.notibras.com\/site\/#organization"},"potentialAction":[{"@type":"SearchAction","target":{"@type":"EntryPoint","urlTemplate":"https:\/\/www.notibras.com\/site\/?s={search_term_string}"},"query-input":{"@type":"PropertyValueSpecification","valueRequired":true,"valueName":"search_term_string"}}],"inLanguage":"pt-BR"},{"@type":"Organization","@id":"https:\/\/www.notibras.com\/site\/#organization","name":"Grupo Notibras de Comunica\u00e7\u00e3o","url":"https:\/\/www.notibras.com\/site\/","logo":{"@type":"ImageObject","inLanguage":"pt-BR","@id":"https:\/\/www.notibras.com\/site\/#\/schema\/logo\/image\/","url":"https:\/\/www.notibras.com\/site\/wp-content\/uploads\/2023\/01\/notibras23.png","contentUrl":"https:\/\/www.notibras.com\/site\/wp-content\/uploads\/2023\/01\/notibras23.png","width":350,"height":87,"caption":"Grupo Notibras de Comunica\u00e7\u00e3o"},"image":{"@id":"https:\/\/www.notibras.com\/site\/#\/schema\/logo\/image\/"},"sameAs":["https:\/\/www.facebook.com\/notibras\/","https:\/\/x.com\/Notibras","https:\/\/www.instagram.com\/notibras\/"]},{"@type":"Person","@id":"https:\/\/www.notibras.com\/site\/#\/schema\/person\/5b7fabf2aedc3ada2105f03b22b4d3dd","name":"Eduardo Mart\u00ednez","image":{"@type":"ImageObject","inLanguage":"pt-BR","@id":"https:\/\/secure.gravatar.com\/avatar\/7902f906289926289cbcda644b5197c796b893c6ffd7b9a536a42d290f7704a0?s=96&d=mm&r=g","url":"https:\/\/secure.gravatar.com\/avatar\/7902f906289926289cbcda644b5197c796b893c6ffd7b9a536a42d290f7704a0?s=96&d=mm&r=g","contentUrl":"https:\/\/secure.gravatar.com\/avatar\/7902f906289926289cbcda644b5197c796b893c6ffd7b9a536a42d290f7704a0?s=96&d=mm&r=g","caption":"Eduardo Mart\u00ednez"}}]}},"amp_enabled":true,"_links":{"self":[{"href":"https:\/\/www.notibras.com\/site\/wp-json\/wp\/v2\/posts\/385349","targetHints":{"allow":["GET"]}}],"collection":[{"href":"https:\/\/www.notibras.com\/site\/wp-json\/wp\/v2\/posts"}],"about":[{"href":"https:\/\/www.notibras.com\/site\/wp-json\/wp\/v2\/types\/post"}],"author":[{"embeddable":true,"href":"https:\/\/www.notibras.com\/site\/wp-json\/wp\/v2\/users\/21"}],"replies":[{"embeddable":true,"href":"https:\/\/www.notibras.com\/site\/wp-json\/wp\/v2\/comments?post=385349"}],"version-history":[{"count":2,"href":"https:\/\/www.notibras.com\/site\/wp-json\/wp\/v2\/posts\/385349\/revisions"}],"predecessor-version":[{"id":385352,"href":"https:\/\/www.notibras.com\/site\/wp-json\/wp\/v2\/posts\/385349\/revisions\/385352"}],"wp:featuredmedia":[{"embeddable":true,"href":"https:\/\/www.notibras.com\/site\/wp-json\/wp\/v2\/media\/385350"}],"wp:attachment":[{"href":"https:\/\/www.notibras.com\/site\/wp-json\/wp\/v2\/media?parent=385349"}],"wp:term":[{"taxonomy":"category","embeddable":true,"href":"https:\/\/www.notibras.com\/site\/wp-json\/wp\/v2\/categories?post=385349"},{"taxonomy":"post_tag","embeddable":true,"href":"https:\/\/www.notibras.com\/site\/wp-json\/wp\/v2\/tags?post=385349"}],"curies":[{"name":"wp","href":"https:\/\/api.w.org\/{rel}","templated":true}]}}