{"id":385354,"date":"2026-03-03T06:10:51","date_gmt":"2026-03-03T09:10:51","guid":{"rendered":"https:\/\/www.notibras.com\/site\/?p=385354"},"modified":"2026-03-03T06:14:05","modified_gmt":"2026-03-03T09:14:05","slug":"misseis-do-ira-obrigam-trump-a-rever-acao-e-evacuar-embaixadas","status":"publish","type":"post","link":"https:\/\/www.notibras.com\/site\/misseis-do-ira-obrigam-trump-a-rever-acao-e-evacuar-embaixadas\/","title":{"rendered":"M\u00edsseis do Ir\u00e3 obrigam Trump a rever a\u00e7\u00e3o e evacuar embaixadas"},"content":{"rendered":"<p data-start=\"196\" data-end=\"451\">A escalada do conflito no Oriente M\u00e9dio ganhou um novo e contundente cap\u00edtulo nas primeiras horas da manh\u00e3 desta ter\u00e7a, 3 (hor\u00e1rio local), quando for\u00e7as navais da Guarda Revolucion\u00e1ria do Ir\u00e3 anunciaram um ataque de grande escala contra a base a\u00e9rea americana em Sheikh Isa, no Bahrein.<\/p>\n<p data-start=\"453\" data-end=\"793\">Segundo comunicado divulgado pela ag\u00eancia oficial IRNA, a ofensiva teria empregado 20 drones e tr\u00eas m\u00edsseis, atingindo alvos estrat\u00e9gicos e destruindo o principal posto de comando da instala\u00e7\u00e3o militar. As informa\u00e7\u00f5es n\u00e3o foram acompanhadas de provas independentes, mas sinalizam uma clara demonstra\u00e7\u00e3o de for\u00e7a de Teer\u00e3 na regi\u00e3o do Golfo.<\/p>\n<p data-start=\"795\" data-end=\"841\">O impacto pol\u00edtico e diplom\u00e1tico foi imediato.<\/p>\n<p data-start=\"887\" data-end=\"1122\">A embaixada dos Estados Unidos no Kuwait anunciou fechamento por tempo indeterminado em raz\u00e3o das \u201ctens\u00f5es regionais\u201d. Funcion\u00e1rios foram orientados a permanecer em confinamento, e cidad\u00e3os americanos receberam recomenda\u00e7\u00e3o semelhante.<\/p>\n<p data-start=\"1124\" data-end=\"1369\">No mesmo movimento, o Departamento de Estado determinou a retirada de todo o pessoal diplom\u00e1tico considerado \u201cn\u00e3o essencial\u201d do Iraque, Jord\u00e2nia e Bahrein. Alertas de viagem foram atualizados para refletir a deteriora\u00e7\u00e3o do cen\u00e1rio de seguran\u00e7a.<\/p>\n<p data-start=\"1371\" data-end=\"1571\">Em comunicado espec\u00edfico sobre o Iraque, Washington informou que a sa\u00edda do pessoal n\u00e3o essencial ocorreu \u201cpor motivos de seguran\u00e7a\u201d, evidenciando o receio de novos ataques ou retalia\u00e7\u00f5es coordenadas.<\/p>\n<p data-start=\"1619\" data-end=\"1923\">A rede CNN informou que o primeiro dos seis militares americanos mortos desde o in\u00edcio do conflito teria sido v\u00edtima de um ataque iraniano contra um centro de opera\u00e7\u00f5es improvisado em um porto da regi\u00e3o. O epis\u00f3dio elevou o grau de tens\u00e3o entre Washington e Teer\u00e3 e ampliou o risco de confrontos diretos.<\/p>\n<p data-start=\"1925\" data-end=\"2273\">Na Ar\u00e1bia Saudita, a embaixada americana em Riad confirmou ter sido alvo de ataque ap\u00f3s o Minist\u00e9rio da Defesa saudita relatar um inc\u00eandio \u201climitado\u201d causado por dois drones. A miss\u00e3o diplom\u00e1tica anunciou o cancelamento de todos os atendimentos consulares \u2014 de rotina e emergenciais \u2014 e orientou cidad\u00e3os a evitarem as instala\u00e7\u00f5es \u201cat\u00e9 novo aviso\u201d.<\/p>\n<p data-start=\"2305\" data-end=\"2552\">A sucess\u00e3o de ataques e o fechamento de representa\u00e7\u00f5es diplom\u00e1ticas indicam que o Ir\u00e3 conseguiu projetar instabilidade suficiente para obrigar os Estados Unidos a reverem sua presen\u00e7a civil e administrativa em pontos estrat\u00e9gicos do Oriente M\u00e9dio.<\/p>\n<p data-start=\"2554\" data-end=\"2741\">Embora o governo americano n\u00e3o reconhe\u00e7a publicamente perda de controle, a retirada de diplomatas e o fechamento de embaixadas representam, na pr\u00e1tica, uma medida defensiva significativa.<\/p>\n<p data-start=\"2743\" data-end=\"2933\">O epis\u00f3dio marca uma nova fase da crise regional: menos simb\u00f3lica e mais operacional, com efeitos concretos sobre a presen\u00e7a americana no Golfo e nas monarquias \u00e1rabes aliadas de Washington.<\/p>\n<p data-start=\"2935\" data-end=\"3141\" data-is-last-node=\"\" data-is-only-node=\"\">O tabuleiro geopol\u00edtico entra, assim, em um est\u00e1gio de maior imprevisibilidade \u2014 no qual a\u00e7\u00f5es assim\u00e9tricas, ataques com drones e decis\u00f5es diplom\u00e1ticas emergenciais passam a definir o ritmo da confronta\u00e7\u00e3o.<\/p>\n","protected":false},"excerpt":{"rendered":"<p>A escalada do conflito no Oriente M\u00e9dio ganhou um novo e contundente cap\u00edtulo nas primeiras horas da manh\u00e3 desta ter\u00e7a, 3 (hor\u00e1rio local), quando for\u00e7as navais da Guarda Revolucion\u00e1ria do Ir\u00e3 anunciaram um ataque de grande escala contra a base a\u00e9rea americana em Sheikh Isa, no Bahrein. Segundo comunicado divulgado pela ag\u00eancia oficial IRNA, a [&hellip;]<\/p>\n","protected":false},"author":2,"featured_media":385355,"comment_status":"closed","ping_status":"closed","sticky":false,"template":"","format":"standard","meta":{"_acf_changed":false,"footnotes":""},"categories":[159],"tags":[95],"class_list":["post-385354","post","type-post","status-publish","format-standard","has-post-thumbnail","hentry","category-apocalipse","tag-capa"],"acf":[],"yoast_head":"<!-- This site is optimized with the Yoast SEO plugin v27.2 - https:\/\/yoast.com\/product\/yoast-seo-wordpress\/ -->\n<title>M\u00edsseis do Ir\u00e3 obrigam Trump a rever a\u00e7\u00e3o e evacuar embaixadas - Notibras<\/title>\n<meta name=\"robots\" content=\"index, follow, max-snippet:-1, max-image-preview:large, max-video-preview:-1\" \/>\n<link rel=\"canonical\" href=\"https:\/\/www.notibras.com\/site\/misseis-do-ira-obrigam-trump-a-rever-acao-e-evacuar-embaixadas\/\" \/>\n<meta property=\"og:locale\" content=\"pt_BR\" \/>\n<meta property=\"og:type\" content=\"article\" \/>\n<meta property=\"og:title\" content=\"M\u00edsseis do Ir\u00e3 obrigam Trump a rever a\u00e7\u00e3o e evacuar embaixadas - Notibras\" \/>\n<meta property=\"og:description\" content=\"A escalada do conflito no Oriente M\u00e9dio ganhou um novo e contundente cap\u00edtulo nas primeiras horas da manh\u00e3 desta ter\u00e7a, 3 (hor\u00e1rio local), quando for\u00e7as navais da Guarda Revolucion\u00e1ria do Ir\u00e3 anunciaram um ataque de grande escala contra a base a\u00e9rea americana em Sheikh Isa, no Bahrein. Segundo comunicado divulgado pela ag\u00eancia oficial IRNA, a [&hellip;]\" \/>\n<meta property=\"og:url\" content=\"https:\/\/www.notibras.com\/site\/misseis-do-ira-obrigam-trump-a-rever-acao-e-evacuar-embaixadas\/\" \/>\n<meta property=\"og:site_name\" content=\"Notibras\" \/>\n<meta property=\"article:publisher\" content=\"https:\/\/www.facebook.com\/notibras\/\" \/>\n<meta property=\"article:published_time\" content=\"2026-03-03T09:10:51+00:00\" \/>\n<meta property=\"article:modified_time\" content=\"2026-03-03T09:14:05+00:00\" \/>\n<meta property=\"og:image\" content=\"https:\/\/www.notibras.com\/site\/wp-content\/uploads\/2026\/03\/misseis.ira_.retirada.webp\" \/>\n\t<meta property=\"og:image:width\" content=\"1920\" \/>\n\t<meta property=\"og:image:height\" content=\"1082\" \/>\n\t<meta property=\"og:image:type\" content=\"image\/webp\" \/>\n<meta name=\"author\" content=\"Reda\u00e7\u00e3o\" \/>\n<meta name=\"twitter:card\" content=\"summary_large_image\" \/>\n<meta name=\"twitter:creator\" content=\"@Notibras\" \/>\n<meta name=\"twitter:site\" content=\"@Notibras\" \/>\n<meta name=\"twitter:label1\" content=\"Escrito por\" \/>\n\t<meta name=\"twitter:data1\" content=\"Reda\u00e7\u00e3o\" \/>\n\t<meta name=\"twitter:label2\" content=\"Est. tempo de leitura\" \/>\n\t<meta name=\"twitter:data2\" content=\"3 minutos\" \/>\n<script type=\"application\/ld+json\" class=\"yoast-schema-graph\">{\"@context\":\"https:\/\/schema.org\",\"@graph\":[{\"@type\":\"Article\",\"@id\":\"https:\/\/www.notibras.com\/site\/misseis-do-ira-obrigam-trump-a-rever-acao-e-evacuar-embaixadas\/#article\",\"isPartOf\":{\"@id\":\"https:\/\/www.notibras.com\/site\/misseis-do-ira-obrigam-trump-a-rever-acao-e-evacuar-embaixadas\/\"},\"author\":{\"name\":\"Reda\u00e7\u00e3o\",\"@id\":\"https:\/\/www.notibras.com\/site\/#\/schema\/person\/36ab0979449956132d3e5b517ea76ac8\"},\"headline\":\"M\u00edsseis do Ir\u00e3 obrigam Trump a rever a\u00e7\u00e3o e evacuar embaixadas\",\"datePublished\":\"2026-03-03T09:10:51+00:00\",\"dateModified\":\"2026-03-03T09:14:05+00:00\",\"mainEntityOfPage\":{\"@id\":\"https:\/\/www.notibras.com\/site\/misseis-do-ira-obrigam-trump-a-rever-acao-e-evacuar-embaixadas\/\"},\"wordCount\":505,\"publisher\":{\"@id\":\"https:\/\/www.notibras.com\/site\/#organization\"},\"image\":{\"@id\":\"https:\/\/www.notibras.com\/site\/misseis-do-ira-obrigam-trump-a-rever-acao-e-evacuar-embaixadas\/#primaryimage\"},\"thumbnailUrl\":\"https:\/\/www.notibras.com\/site\/wp-content\/uploads\/2026\/03\/misseis.ira_.retirada.webp\",\"keywords\":[\"capa\"],\"articleSection\":[\"Apocalipse\"],\"inLanguage\":\"pt-BR\"},{\"@type\":\"WebPage\",\"@id\":\"https:\/\/www.notibras.com\/site\/misseis-do-ira-obrigam-trump-a-rever-acao-e-evacuar-embaixadas\/\",\"url\":\"https:\/\/www.notibras.com\/site\/misseis-do-ira-obrigam-trump-a-rever-acao-e-evacuar-embaixadas\/\",\"name\":\"M\u00edsseis do Ir\u00e3 obrigam Trump a rever a\u00e7\u00e3o e evacuar embaixadas - Notibras\",\"isPartOf\":{\"@id\":\"https:\/\/www.notibras.com\/site\/#website\"},\"primaryImageOfPage\":{\"@id\":\"https:\/\/www.notibras.com\/site\/misseis-do-ira-obrigam-trump-a-rever-acao-e-evacuar-embaixadas\/#primaryimage\"},\"image\":{\"@id\":\"https:\/\/www.notibras.com\/site\/misseis-do-ira-obrigam-trump-a-rever-acao-e-evacuar-embaixadas\/#primaryimage\"},\"thumbnailUrl\":\"https:\/\/www.notibras.com\/site\/wp-content\/uploads\/2026\/03\/misseis.ira_.retirada.webp\",\"datePublished\":\"2026-03-03T09:10:51+00:00\",\"dateModified\":\"2026-03-03T09:14:05+00:00\",\"breadcrumb\":{\"@id\":\"https:\/\/www.notibras.com\/site\/misseis-do-ira-obrigam-trump-a-rever-acao-e-evacuar-embaixadas\/#breadcrumb\"},\"inLanguage\":\"pt-BR\",\"potentialAction\":[{\"@type\":\"ReadAction\",\"target\":[\"https:\/\/www.notibras.com\/site\/misseis-do-ira-obrigam-trump-a-rever-acao-e-evacuar-embaixadas\/\"]}]},{\"@type\":\"ImageObject\",\"inLanguage\":\"pt-BR\",\"@id\":\"https:\/\/www.notibras.com\/site\/misseis-do-ira-obrigam-trump-a-rever-acao-e-evacuar-embaixadas\/#primaryimage\",\"url\":\"https:\/\/www.notibras.com\/site\/wp-content\/uploads\/2026\/03\/misseis.ira_.retirada.webp\",\"contentUrl\":\"https:\/\/www.notibras.com\/site\/wp-content\/uploads\/2026\/03\/misseis.ira_.retirada.webp\",\"width\":1920,\"height\":1082},{\"@type\":\"BreadcrumbList\",\"@id\":\"https:\/\/www.notibras.com\/site\/misseis-do-ira-obrigam-trump-a-rever-acao-e-evacuar-embaixadas\/#breadcrumb\",\"itemListElement\":[{\"@type\":\"ListItem\",\"position\":1,\"name\":\"In\u00edcio\",\"item\":\"https:\/\/www.notibras.com\/site\/\"},{\"@type\":\"ListItem\",\"position\":2,\"name\":\"M\u00edsseis do Ir\u00e3 obrigam Trump a rever a\u00e7\u00e3o e evacuar embaixadas\"}]},{\"@type\":\"WebSite\",\"@id\":\"https:\/\/www.notibras.com\/site\/#website\",\"url\":\"https:\/\/www.notibras.com\/site\/\",\"name\":\"Notibras\",\"description\":\"Not\u00edcias de Bras\u00edlia, do Brasil e do Mundo\",\"publisher\":{\"@id\":\"https:\/\/www.notibras.com\/site\/#organization\"},\"potentialAction\":[{\"@type\":\"SearchAction\",\"target\":{\"@type\":\"EntryPoint\",\"urlTemplate\":\"https:\/\/www.notibras.com\/site\/?s={search_term_string}\"},\"query-input\":{\"@type\":\"PropertyValueSpecification\",\"valueRequired\":true,\"valueName\":\"search_term_string\"}}],\"inLanguage\":\"pt-BR\"},{\"@type\":\"Organization\",\"@id\":\"https:\/\/www.notibras.com\/site\/#organization\",\"name\":\"Grupo Notibras de Comunica\u00e7\u00e3o\",\"url\":\"https:\/\/www.notibras.com\/site\/\",\"logo\":{\"@type\":\"ImageObject\",\"inLanguage\":\"pt-BR\",\"@id\":\"https:\/\/www.notibras.com\/site\/#\/schema\/logo\/image\/\",\"url\":\"https:\/\/www.notibras.com\/site\/wp-content\/uploads\/2023\/01\/notibras23.png\",\"contentUrl\":\"https:\/\/www.notibras.com\/site\/wp-content\/uploads\/2023\/01\/notibras23.png\",\"width\":350,\"height\":87,\"caption\":\"Grupo Notibras de Comunica\u00e7\u00e3o\"},\"image\":{\"@id\":\"https:\/\/www.notibras.com\/site\/#\/schema\/logo\/image\/\"},\"sameAs\":[\"https:\/\/www.facebook.com\/notibras\/\",\"https:\/\/x.com\/Notibras\",\"https:\/\/www.instagram.com\/notibras\/\"]},{\"@type\":\"Person\",\"@id\":\"https:\/\/www.notibras.com\/site\/#\/schema\/person\/36ab0979449956132d3e5b517ea76ac8\",\"name\":\"Reda\u00e7\u00e3o\",\"image\":{\"@type\":\"ImageObject\",\"inLanguage\":\"pt-BR\",\"@id\":\"https:\/\/secure.gravatar.com\/avatar\/e0a867bdedb85fd243eadf09663511f96fc81e0720a4a42581f334ad4303aa6b?s=96&d=mm&r=g\",\"url\":\"https:\/\/secure.gravatar.com\/avatar\/e0a867bdedb85fd243eadf09663511f96fc81e0720a4a42581f334ad4303aa6b?s=96&d=mm&r=g\",\"contentUrl\":\"https:\/\/secure.gravatar.com\/avatar\/e0a867bdedb85fd243eadf09663511f96fc81e0720a4a42581f334ad4303aa6b?s=96&d=mm&r=g\",\"caption\":\"Reda\u00e7\u00e3o\"}}]}<\/script>\n<!-- \/ Yoast SEO plugin. -->","yoast_head_json":{"title":"M\u00edsseis do Ir\u00e3 obrigam Trump a rever a\u00e7\u00e3o e evacuar embaixadas - Notibras","robots":{"index":"index","follow":"follow","max-snippet":"max-snippet:-1","max-image-preview":"max-image-preview:large","max-video-preview":"max-video-preview:-1"},"canonical":"https:\/\/www.notibras.com\/site\/misseis-do-ira-obrigam-trump-a-rever-acao-e-evacuar-embaixadas\/","og_locale":"pt_BR","og_type":"article","og_title":"M\u00edsseis do Ir\u00e3 obrigam Trump a rever a\u00e7\u00e3o e evacuar embaixadas - Notibras","og_description":"A escalada do conflito no Oriente M\u00e9dio ganhou um novo e contundente cap\u00edtulo nas primeiras horas da manh\u00e3 desta ter\u00e7a, 3 (hor\u00e1rio local), quando for\u00e7as navais da Guarda Revolucion\u00e1ria do Ir\u00e3 anunciaram um ataque de grande escala contra a base a\u00e9rea americana em Sheikh Isa, no Bahrein. Segundo comunicado divulgado pela ag\u00eancia oficial IRNA, a [&hellip;]","og_url":"https:\/\/www.notibras.com\/site\/misseis-do-ira-obrigam-trump-a-rever-acao-e-evacuar-embaixadas\/","og_site_name":"Notibras","article_publisher":"https:\/\/www.facebook.com\/notibras\/","article_published_time":"2026-03-03T09:10:51+00:00","article_modified_time":"2026-03-03T09:14:05+00:00","og_image":[{"width":1920,"height":1082,"url":"https:\/\/www.notibras.com\/site\/wp-content\/uploads\/2026\/03\/misseis.ira_.retirada.webp","type":"image\/webp"}],"author":"Reda\u00e7\u00e3o","twitter_card":"summary_large_image","twitter_creator":"@Notibras","twitter_site":"@Notibras","twitter_misc":{"Escrito por":"Reda\u00e7\u00e3o","Est. tempo de leitura":"3 minutos"},"schema":{"@context":"https:\/\/schema.org","@graph":[{"@type":"Article","@id":"https:\/\/www.notibras.com\/site\/misseis-do-ira-obrigam-trump-a-rever-acao-e-evacuar-embaixadas\/#article","isPartOf":{"@id":"https:\/\/www.notibras.com\/site\/misseis-do-ira-obrigam-trump-a-rever-acao-e-evacuar-embaixadas\/"},"author":{"name":"Reda\u00e7\u00e3o","@id":"https:\/\/www.notibras.com\/site\/#\/schema\/person\/36ab0979449956132d3e5b517ea76ac8"},"headline":"M\u00edsseis do Ir\u00e3 obrigam Trump a rever a\u00e7\u00e3o e evacuar embaixadas","datePublished":"2026-03-03T09:10:51+00:00","dateModified":"2026-03-03T09:14:05+00:00","mainEntityOfPage":{"@id":"https:\/\/www.notibras.com\/site\/misseis-do-ira-obrigam-trump-a-rever-acao-e-evacuar-embaixadas\/"},"wordCount":505,"publisher":{"@id":"https:\/\/www.notibras.com\/site\/#organization"},"image":{"@id":"https:\/\/www.notibras.com\/site\/misseis-do-ira-obrigam-trump-a-rever-acao-e-evacuar-embaixadas\/#primaryimage"},"thumbnailUrl":"https:\/\/www.notibras.com\/site\/wp-content\/uploads\/2026\/03\/misseis.ira_.retirada.webp","keywords":["capa"],"articleSection":["Apocalipse"],"inLanguage":"pt-BR"},{"@type":"WebPage","@id":"https:\/\/www.notibras.com\/site\/misseis-do-ira-obrigam-trump-a-rever-acao-e-evacuar-embaixadas\/","url":"https:\/\/www.notibras.com\/site\/misseis-do-ira-obrigam-trump-a-rever-acao-e-evacuar-embaixadas\/","name":"M\u00edsseis do Ir\u00e3 obrigam Trump a rever a\u00e7\u00e3o e evacuar embaixadas - Notibras","isPartOf":{"@id":"https:\/\/www.notibras.com\/site\/#website"},"primaryImageOfPage":{"@id":"https:\/\/www.notibras.com\/site\/misseis-do-ira-obrigam-trump-a-rever-acao-e-evacuar-embaixadas\/#primaryimage"},"image":{"@id":"https:\/\/www.notibras.com\/site\/misseis-do-ira-obrigam-trump-a-rever-acao-e-evacuar-embaixadas\/#primaryimage"},"thumbnailUrl":"https:\/\/www.notibras.com\/site\/wp-content\/uploads\/2026\/03\/misseis.ira_.retirada.webp","datePublished":"2026-03-03T09:10:51+00:00","dateModified":"2026-03-03T09:14:05+00:00","breadcrumb":{"@id":"https:\/\/www.notibras.com\/site\/misseis-do-ira-obrigam-trump-a-rever-acao-e-evacuar-embaixadas\/#breadcrumb"},"inLanguage":"pt-BR","potentialAction":[{"@type":"ReadAction","target":["https:\/\/www.notibras.com\/site\/misseis-do-ira-obrigam-trump-a-rever-acao-e-evacuar-embaixadas\/"]}]},{"@type":"ImageObject","inLanguage":"pt-BR","@id":"https:\/\/www.notibras.com\/site\/misseis-do-ira-obrigam-trump-a-rever-acao-e-evacuar-embaixadas\/#primaryimage","url":"https:\/\/www.notibras.com\/site\/wp-content\/uploads\/2026\/03\/misseis.ira_.retirada.webp","contentUrl":"https:\/\/www.notibras.com\/site\/wp-content\/uploads\/2026\/03\/misseis.ira_.retirada.webp","width":1920,"height":1082},{"@type":"BreadcrumbList","@id":"https:\/\/www.notibras.com\/site\/misseis-do-ira-obrigam-trump-a-rever-acao-e-evacuar-embaixadas\/#breadcrumb","itemListElement":[{"@type":"ListItem","position":1,"name":"In\u00edcio","item":"https:\/\/www.notibras.com\/site\/"},{"@type":"ListItem","position":2,"name":"M\u00edsseis do Ir\u00e3 obrigam Trump a rever a\u00e7\u00e3o e evacuar embaixadas"}]},{"@type":"WebSite","@id":"https:\/\/www.notibras.com\/site\/#website","url":"https:\/\/www.notibras.com\/site\/","name":"Notibras","description":"Not\u00edcias de Bras\u00edlia, do Brasil e do Mundo","publisher":{"@id":"https:\/\/www.notibras.com\/site\/#organization"},"potentialAction":[{"@type":"SearchAction","target":{"@type":"EntryPoint","urlTemplate":"https:\/\/www.notibras.com\/site\/?s={search_term_string}"},"query-input":{"@type":"PropertyValueSpecification","valueRequired":true,"valueName":"search_term_string"}}],"inLanguage":"pt-BR"},{"@type":"Organization","@id":"https:\/\/www.notibras.com\/site\/#organization","name":"Grupo Notibras de Comunica\u00e7\u00e3o","url":"https:\/\/www.notibras.com\/site\/","logo":{"@type":"ImageObject","inLanguage":"pt-BR","@id":"https:\/\/www.notibras.com\/site\/#\/schema\/logo\/image\/","url":"https:\/\/www.notibras.com\/site\/wp-content\/uploads\/2023\/01\/notibras23.png","contentUrl":"https:\/\/www.notibras.com\/site\/wp-content\/uploads\/2023\/01\/notibras23.png","width":350,"height":87,"caption":"Grupo Notibras de Comunica\u00e7\u00e3o"},"image":{"@id":"https:\/\/www.notibras.com\/site\/#\/schema\/logo\/image\/"},"sameAs":["https:\/\/www.facebook.com\/notibras\/","https:\/\/x.com\/Notibras","https:\/\/www.instagram.com\/notibras\/"]},{"@type":"Person","@id":"https:\/\/www.notibras.com\/site\/#\/schema\/person\/36ab0979449956132d3e5b517ea76ac8","name":"Reda\u00e7\u00e3o","image":{"@type":"ImageObject","inLanguage":"pt-BR","@id":"https:\/\/secure.gravatar.com\/avatar\/e0a867bdedb85fd243eadf09663511f96fc81e0720a4a42581f334ad4303aa6b?s=96&d=mm&r=g","url":"https:\/\/secure.gravatar.com\/avatar\/e0a867bdedb85fd243eadf09663511f96fc81e0720a4a42581f334ad4303aa6b?s=96&d=mm&r=g","contentUrl":"https:\/\/secure.gravatar.com\/avatar\/e0a867bdedb85fd243eadf09663511f96fc81e0720a4a42581f334ad4303aa6b?s=96&d=mm&r=g","caption":"Reda\u00e7\u00e3o"}}]}},"amp_enabled":true,"_links":{"self":[{"href":"https:\/\/www.notibras.com\/site\/wp-json\/wp\/v2\/posts\/385354","targetHints":{"allow":["GET"]}}],"collection":[{"href":"https:\/\/www.notibras.com\/site\/wp-json\/wp\/v2\/posts"}],"about":[{"href":"https:\/\/www.notibras.com\/site\/wp-json\/wp\/v2\/types\/post"}],"author":[{"embeddable":true,"href":"https:\/\/www.notibras.com\/site\/wp-json\/wp\/v2\/users\/2"}],"replies":[{"embeddable":true,"href":"https:\/\/www.notibras.com\/site\/wp-json\/wp\/v2\/comments?post=385354"}],"version-history":[{"count":3,"href":"https:\/\/www.notibras.com\/site\/wp-json\/wp\/v2\/posts\/385354\/revisions"}],"predecessor-version":[{"id":385358,"href":"https:\/\/www.notibras.com\/site\/wp-json\/wp\/v2\/posts\/385354\/revisions\/385358"}],"wp:featuredmedia":[{"embeddable":true,"href":"https:\/\/www.notibras.com\/site\/wp-json\/wp\/v2\/media\/385355"}],"wp:attachment":[{"href":"https:\/\/www.notibras.com\/site\/wp-json\/wp\/v2\/media?parent=385354"}],"wp:term":[{"taxonomy":"category","embeddable":true,"href":"https:\/\/www.notibras.com\/site\/wp-json\/wp\/v2\/categories?post=385354"},{"taxonomy":"post_tag","embeddable":true,"href":"https:\/\/www.notibras.com\/site\/wp-json\/wp\/v2\/tags?post=385354"}],"curies":[{"name":"wp","href":"https:\/\/api.w.org\/{rel}","templated":true}]}}