{"id":385359,"date":"2026-03-03T06:23:57","date_gmt":"2026-03-03T09:23:57","guid":{"rendered":"https:\/\/www.notibras.com\/site\/?p=385359"},"modified":"2026-03-03T06:23:57","modified_gmt":"2026-03-03T09:23:57","slug":"cresce-numero-de-mulheres-que-temem-ser-estupradas","status":"publish","type":"post","link":"https:\/\/www.notibras.com\/site\/cresce-numero-de-mulheres-que-temem-ser-estupradas\/","title":{"rendered":"Cresce n\u00famero de mulheres que temem ser estupradas"},"content":{"rendered":"<p>O percentual de mulheres que declararam ter medo de sofrer um estupro cresceu em uma pesquisa realizada pelo Instituto Patricia Galv\u00e3o e pelo Instituto Locomotiva. Em 2020, 78% das mulheres ouvidas pelos pesquisadores disseram ter &#8220;muito medo de ser v\u00edtimas de um estupro&#8221;. Esse percentual cresceu para 80%, em 2022, e chegou a 82% segundo os dados obtidos em 2025.<\/p>\n<p>Al\u00e9m das que declararam ter muito medo, 15% disseram ter &#8220;um pouco de medo&#8221;, o que significa um total de 97% de mulheres que vivem com algum grau de temor da viol\u00eancia sexual.<\/p>\n<p>Em dois grupos, a propor\u00e7\u00e3o das que sentem &#8220;muito medo&#8221; \u00e9 ainda maior, chegando a 87% no caso das jovens, entre 16 e 24 anos, e 88% entre as mulheres negras.<\/p>\n<p>A diretora de conte\u00fado do Instituto Patr\u00edcia Galv\u00e3o, Marisa Sanematsu, ressalta que al\u00e9m de o medo ser constante, nenhum espa\u00e7o \u00e9 considerado, de fato, seguro.<\/p>\n<p>&#8220;O medo assombra as mulheres brasileiras o tempo todo, desde pequenas e em todos os lugares: a casa \u00e9 insegura, assim como sair e voltar, esperar o transporte, enfrentar a condu\u00e7\u00e3o lotada ou pedir um carro por aplicativo&#8221;, disse.<\/p>\n<p>&#8220;Esse medo constante faz com que elas desenvolvam suas pr\u00f3prias estrat\u00e9gias de prote\u00e7\u00e3o: evitam sair \u00e0 noite ou usar alguns tipos de roupas e acess\u00f3rios, procuram estar sempre acompanhadas e at\u00e9 escolhem trajetos mais longos para se sentirem um pouco mais seguras&#8221;.<\/p>\n<p><strong>Viol\u00eancia em casa<\/strong><br \/>\nOs institutos divulgam, nesta segunda-feira (2), a segunda onda de dados da pesquisa de 2025. A primeira onda, publicada em setembro de 2025, j\u00e1 havia mostrado que 15% das entrevistadas eram sobreviventes de estupro, e oito em cada dez v\u00edtimas sofreu a viol\u00eancia com 13 anos ou menos.<\/p>\n<p>Os dados divulgados hoje acrescentam que, entre as v\u00edtimas com at\u00e9 13 anos, 72% foram violentadas dentro da pr\u00f3pria casa. Em metade dos casos, o abusador foi um familiar e, em um ter\u00e7o dos relatos, foi um amigo ou conhecido da fam\u00edlia.<\/p>\n<p>No total, 84% dos estupros foram cometidos por um homem do c\u00edrculo social da v\u00edtima.<\/p>\n<p>Essa porcentagem diminui no caso das mulheres violentadas com 14 anos ou mais, por\u00e9m os conhecidos ou membros da fam\u00edlia se mant\u00eam como a maioria: 76% dos abusadores eram pessoas conhecidas, incluindo amigos, parceiros \u00edntimos, familiares e ex-companheiros. Al\u00e9m disso, 59% sofreram a viol\u00eancia dentro de casa.<\/p>\n<p><strong>Apoio \u00e0s v\u00edtimas<\/strong><br \/>\nA pesquisa Percep\u00e7\u00f5es sobre direitos de meninas e mulheres gr\u00e1vidas p\u00f3s-estupro teve a participa\u00e7\u00e3o de 1,2 mil pessoas, homens e mulheres, de todas as regi\u00f5es do pa\u00eds.<\/p>\n<p>Al\u00e9m de perguntar para as mulheres sobre suas pr\u00f3prias experi\u00eancias com a viol\u00eancia sexual, as entrevistas tamb\u00e9m ouviram a percep\u00e7\u00e3o geral dos entrevistados sobre o assunto.<\/p>\n<p>Nas respostas, foi praticamente un\u00e2nime o entendimento de que as mulheres t\u00eam medo de estupro: 99% dos entrevistados concordam.<\/p>\n<p>Apesar disso, 80% das pessoas acreditam que as v\u00edtimas nunca, ou quase nunca, revelam para outras pessoas a viol\u00eancia sofrida, principalmente por sofrer amea\u00e7as do agressor, por terem medo de n\u00e3o serem ouvidas ou por sentirem vergonha.<\/p>\n<p>Os resultados gerais se assemelham ao que foi dito pelas entrevistadas que relataram ter sido v\u00edtimas, conforme a primeira divulga\u00e7\u00e3o da pesquisa.<\/p>\n<p>Cerca de 60% das mulheres que foram v\u00edtimas antes dos 14 anos n\u00e3o contaram para ningu\u00e9m sobre o abuso. Al\u00e9m disso, apenas 15% foram levadas a uma delegacia, e 9%, a uma unidade de sa\u00fade.<\/p>\n<p>O apoio a pol\u00edticas de apoio \u00e0s v\u00edtimas tamb\u00e9m foi amplo: 93% concordam que o Estado deve fornecer acompanhamento psicol\u00f3gico imediato para meninas e mulheres v\u00edtimas de estupro, e a mesma porcentagem acredita que as prefeituras e governos devem aumentar a divulga\u00e7\u00e3o de servi\u00e7os de sa\u00fade que atendem v\u00edtimas.<\/p>\n<p><strong>Depoimentos<\/strong><br \/>\nAl\u00e9m dos percentuais obtidos com as respostas, os institutos tamb\u00e9m divulgam nesta segunda-feira depoimentos de mulheres que sofreram viol\u00eancia sexual.<\/p>\n<p>Uma mulher parda, moradora do Sudeste, com idade entre 25 e 44 anos, contou:<\/p>\n<p>\u201cComecei a ser abusada crian\u00e7a, com 6 anos, sem nem entender o que acontecia, e o abusador me fazia acreditar que eu era culpada e que, se eu contasse para algu\u00e9m, ningu\u00e9m acreditaria em mim. Meu abusador era o meu pai.\u201d<\/p>\n<p>J\u00e1 outra v\u00edtima, uma mulher preta, moradora da regi\u00e3o Sudeste, com 45 anos ou mais, at\u00e9 tentou pedir socorro mas n\u00e3o foi acolhida.<\/p>\n<p>\u201cEu tinha apenas 11 anos, foi horr\u00edvel, n\u00e3o entendia direito o que estava acontecendo. Tentei falar com a minha m\u00e3e, mas ela n\u00e3o acreditava em mim, dizia que eu queria acabar com o casamento dela. Ainda bem que minha av\u00f3 percebeu algo estranho e me trouxe de volta pra casa dela&#8221;.<\/p>\n<p>A gravidez e a falta de suporte para o abortamento adequado tamb\u00e9m aparecem nos depoimentos, como o de uma jovem parda, moradora da regi\u00e3o Sudeste, com idade entre 16 e 24 anos.<\/p>\n<p>\u201cEu sofri um abuso e engravidei por causa desse ato. Eu, com 13 anos, n\u00e3o poderia ser m\u00e3e e ia interromper minha vida, eu estava estudando, ent\u00e3o, eu decidi n\u00e3o contar para os meus pais e pedir ajuda de uma amiga pr\u00f3xima minha. Ent\u00e3o, ela me levou a um aborto clandestino e l\u00e1 eu fiz o procedimento&#8221;.<\/p>\n<p><strong>Acolhimento garantido<\/strong><br \/>\nA diretora de conte\u00fado do Instituto Patr\u00edcia Galv\u00e3o explica que o atendimento imediato e integral \u00e0s v\u00edtimas de viol\u00eancia sexual em todos os hospitais do Sistema \u00danico de Sa\u00fade (SUS), sem exig\u00eancia de boletim de ocorr\u00eancia, \u00e9 garantido por lei no Brasil desde 2013.<\/p>\n<p>&#8220;\u00c9 fundamental que o Estado, em todos os n\u00edveis de governo, invista na divulga\u00e7\u00e3o de informa\u00e7\u00f5es sobre os direitos da v\u00edtima de estupro e de como ela pode acess\u00e1-los para proteger sua sa\u00fade f\u00edsica e mental, para que essas meninas e mulheres possam retomar suas vidas ap\u00f3s o trauma da viol\u00eancia&#8221;, complementa Marisa Sanematsu.<\/p>\n<p>A ampla maioria tamb\u00e9m foi favor\u00e1vel aos servi\u00e7os que realizam a interrup\u00e7\u00e3o da gravidez nos casos previstos em lei, como o estupro. Nove em cada dez entrevistados concordam que todas as v\u00edtimas devem ser informadas, nas delegacias ou servi\u00e7os m\u00e9dicos, sobre os protocolos para evitar infec\u00e7\u00f5es sexualmente transmiss\u00edveis e gravidez indesejada.<\/p>\n<p>Al\u00e9m disso, 86% acreditam que devem existir servi\u00e7os p\u00fablicos em todas as cidades para a interrup\u00e7\u00e3o da gesta\u00e7\u00e3o em casos de estupro. No entanto, apenas metade dos entrevistados conhece algum servi\u00e7o que promova esse atendimento.<\/p>\n<p>De acordo com a diretora de pesquisa do Instituto Locomotiva, Ma\u00edra Saru\u00ea Machado, a pesquisa evidencia a necessidade de ampliar e preparar melhor os servi\u00e7os de acolhimento.<\/p>\n<p>&#8220;Existe amplo apoio da popula\u00e7\u00e3o para que v\u00edtimas de estupro tenham acesso aos direitos garantidos por lei, mas essas informa\u00e7\u00f5es ainda n\u00e3o chegam a quem mais precisa&#8221;.<\/p>\n<p>&#8220;O estupro \u00e9 uma viol\u00eancia pr\u00f3xima da realidade da maioria das mulheres, e romper o sil\u00eancio por meio da informa\u00e7\u00e3o \u00e9 um passo fundamental para garantir prote\u00e7\u00e3o e acesso a direitos a todas as mulheres\u201d, defendeu.<\/p>\n<p><strong>Direitos sob amea\u00e7a<\/strong><br \/>\nDe acordo com a comunicadora social e ativista Angela Freitas, co-diretora da campanha &#8220;Nem Presa Nem Morta&#8221;, o cumprimento da legisla\u00e7\u00e3o que prev\u00ea atendimento e prote\u00e7\u00e3o das v\u00edtimas ainda depende da disposi\u00e7\u00e3o de gestores pol\u00edticos.<\/p>\n<p>&#8220;A maior parte dos munic\u00edpios n\u00e3o disp\u00f5e desse servi\u00e7o, as pessoas t\u00eam que viajar longas dist\u00e2ncias e nem todo mundo pode fazer isso. \u00c9 uma car\u00eancia muito grande. O Brasil passou por um processo de democratiza\u00e7\u00e3o, fez a sua Constituinte, criou o Sistema \u00danico de Sa\u00fade, o Sistema \u00danico de Assist\u00eancia Social, criou pol\u00edticas p\u00fablicas, mas todos esses avan\u00e7os vivem amea\u00e7as constantes de retrocesso. Eles ainda n\u00e3o se consolidaram como direitos que s\u00e3o dados e que ningu\u00e9m contesta&#8221;.<\/p>\n<p>Angela Freitas tamb\u00e9m foi uma das articuladoras da campanha &#8220;Crian\u00e7a n\u00e3o \u00e9 m\u00e3e&#8221;, contra o projeto de lei que pretendia equiparar o aborto ao crime de homic\u00eddio, mesmo nos casos previstos por lei. Ela acrescenta que essas car\u00eancias s\u00e3o particularmente danosas para as crian\u00e7as e adolescentes que engravidam ap\u00f3s a viol\u00eancia<\/p>\n<p>&#8220;Em grande parte, esses epis\u00f3dios n\u00e3o s\u00e3o revelados de imediato. At\u00e9 porque elas n\u00e3o s\u00e3o preparadas para entender que o corpo delas deve ser respeitado, inclusive por pessoas da conviv\u00eancia familiar e comunit\u00e1ria. H\u00e1 uma falta de di\u00e1logo e de informa\u00e7\u00e3o e uma condescend\u00eancia muito grande com essas situa\u00e7\u00f5es&#8221;.<\/p>\n<p>&#8220;Com isso, muitas vezes, a gravidez n\u00e3o \u00e9 percebida pela crian\u00e7a nem pelos familiares que est\u00e3o em volta. Ela s\u00f3 vai ser percebida muito tarde e, quando essas meninas chegam ao servi\u00e7o de sa\u00fade para buscar atendimento, e o direito de interromper aquela gravidez, elas encontram dificuldades dentro do pr\u00f3prio sistema&#8221;.<\/p>\n","protected":false},"excerpt":{"rendered":"<p>O percentual de mulheres que declararam ter medo de sofrer um estupro cresceu em uma pesquisa realizada pelo Instituto Patricia Galv\u00e3o e pelo Instituto Locomotiva. Em 2020, 78% das mulheres ouvidas pelos pesquisadores disseram ter &#8220;muito medo de ser v\u00edtimas de um estupro&#8221;. Esse percentual cresceu para 80%, em 2022, e chegou a 82% segundo [&hellip;]<\/p>\n","protected":false},"author":2,"featured_media":385360,"comment_status":"closed","ping_status":"closed","sticky":false,"template":"","format":"standard","meta":{"_acf_changed":false,"footnotes":""},"categories":[16],"tags":[],"class_list":["post-385359","post","type-post","status-publish","format-standard","has-post-thumbnail","hentry","category-brasil"],"acf":[],"yoast_head":"<!-- This site is optimized with the Yoast SEO plugin v27.2 - https:\/\/yoast.com\/product\/yoast-seo-wordpress\/ -->\n<title>Cresce n\u00famero de mulheres que temem ser estupradas - Notibras<\/title>\n<meta name=\"robots\" content=\"index, follow, max-snippet:-1, max-image-preview:large, max-video-preview:-1\" \/>\n<link rel=\"canonical\" href=\"https:\/\/www.notibras.com\/site\/cresce-numero-de-mulheres-que-temem-ser-estupradas\/\" \/>\n<meta property=\"og:locale\" content=\"pt_BR\" \/>\n<meta property=\"og:type\" content=\"article\" \/>\n<meta property=\"og:title\" content=\"Cresce n\u00famero de mulheres que temem ser estupradas - Notibras\" \/>\n<meta property=\"og:description\" content=\"O percentual de mulheres que declararam ter medo de sofrer um estupro cresceu em uma pesquisa realizada pelo Instituto Patricia Galv\u00e3o e pelo Instituto Locomotiva. Em 2020, 78% das mulheres ouvidas pelos pesquisadores disseram ter &#8220;muito medo de ser v\u00edtimas de um estupro&#8221;. Esse percentual cresceu para 80%, em 2022, e chegou a 82% segundo [&hellip;]\" \/>\n<meta property=\"og:url\" content=\"https:\/\/www.notibras.com\/site\/cresce-numero-de-mulheres-que-temem-ser-estupradas\/\" \/>\n<meta property=\"og:site_name\" content=\"Notibras\" \/>\n<meta property=\"article:publisher\" content=\"https:\/\/www.facebook.com\/notibras\/\" \/>\n<meta property=\"article:published_time\" content=\"2026-03-03T09:23:57+00:00\" \/>\n<meta property=\"og:image\" content=\"https:\/\/www.notibras.com\/site\/wp-content\/uploads\/2026\/03\/1024489-08062016-dsc_8673_1.webp\" \/>\n\t<meta property=\"og:image:width\" content=\"754\" \/>\n\t<meta property=\"og:image:height\" content=\"560\" \/>\n\t<meta property=\"og:image:type\" content=\"image\/webp\" \/>\n<meta name=\"author\" content=\"Reda\u00e7\u00e3o\" \/>\n<meta name=\"twitter:card\" content=\"summary_large_image\" \/>\n<meta name=\"twitter:creator\" content=\"@Notibras\" \/>\n<meta name=\"twitter:site\" content=\"@Notibras\" \/>\n<meta name=\"twitter:label1\" content=\"Escrito por\" \/>\n\t<meta name=\"twitter:data1\" content=\"Reda\u00e7\u00e3o\" \/>\n\t<meta name=\"twitter:label2\" content=\"Est. tempo de leitura\" \/>\n\t<meta name=\"twitter:data2\" content=\"8 minutos\" \/>\n<script type=\"application\/ld+json\" class=\"yoast-schema-graph\">{\"@context\":\"https:\/\/schema.org\",\"@graph\":[{\"@type\":\"Article\",\"@id\":\"https:\/\/www.notibras.com\/site\/cresce-numero-de-mulheres-que-temem-ser-estupradas\/#article\",\"isPartOf\":{\"@id\":\"https:\/\/www.notibras.com\/site\/cresce-numero-de-mulheres-que-temem-ser-estupradas\/\"},\"author\":{\"name\":\"Reda\u00e7\u00e3o\",\"@id\":\"https:\/\/www.notibras.com\/site\/#\/schema\/person\/36ab0979449956132d3e5b517ea76ac8\"},\"headline\":\"Cresce n\u00famero de mulheres que temem ser estupradas\",\"datePublished\":\"2026-03-03T09:23:57+00:00\",\"mainEntityOfPage\":{\"@id\":\"https:\/\/www.notibras.com\/site\/cresce-numero-de-mulheres-que-temem-ser-estupradas\/\"},\"wordCount\":1520,\"publisher\":{\"@id\":\"https:\/\/www.notibras.com\/site\/#organization\"},\"image\":{\"@id\":\"https:\/\/www.notibras.com\/site\/cresce-numero-de-mulheres-que-temem-ser-estupradas\/#primaryimage\"},\"thumbnailUrl\":\"https:\/\/www.notibras.com\/site\/wp-content\/uploads\/2026\/03\/1024489-08062016-dsc_8673_1.webp\",\"articleSection\":[\"Brasil\"],\"inLanguage\":\"pt-BR\"},{\"@type\":\"WebPage\",\"@id\":\"https:\/\/www.notibras.com\/site\/cresce-numero-de-mulheres-que-temem-ser-estupradas\/\",\"url\":\"https:\/\/www.notibras.com\/site\/cresce-numero-de-mulheres-que-temem-ser-estupradas\/\",\"name\":\"Cresce n\u00famero de mulheres que temem ser estupradas - Notibras\",\"isPartOf\":{\"@id\":\"https:\/\/www.notibras.com\/site\/#website\"},\"primaryImageOfPage\":{\"@id\":\"https:\/\/www.notibras.com\/site\/cresce-numero-de-mulheres-que-temem-ser-estupradas\/#primaryimage\"},\"image\":{\"@id\":\"https:\/\/www.notibras.com\/site\/cresce-numero-de-mulheres-que-temem-ser-estupradas\/#primaryimage\"},\"thumbnailUrl\":\"https:\/\/www.notibras.com\/site\/wp-content\/uploads\/2026\/03\/1024489-08062016-dsc_8673_1.webp\",\"datePublished\":\"2026-03-03T09:23:57+00:00\",\"breadcrumb\":{\"@id\":\"https:\/\/www.notibras.com\/site\/cresce-numero-de-mulheres-que-temem-ser-estupradas\/#breadcrumb\"},\"inLanguage\":\"pt-BR\",\"potentialAction\":[{\"@type\":\"ReadAction\",\"target\":[\"https:\/\/www.notibras.com\/site\/cresce-numero-de-mulheres-que-temem-ser-estupradas\/\"]}]},{\"@type\":\"ImageObject\",\"inLanguage\":\"pt-BR\",\"@id\":\"https:\/\/www.notibras.com\/site\/cresce-numero-de-mulheres-que-temem-ser-estupradas\/#primaryimage\",\"url\":\"https:\/\/www.notibras.com\/site\/wp-content\/uploads\/2026\/03\/1024489-08062016-dsc_8673_1.webp\",\"contentUrl\":\"https:\/\/www.notibras.com\/site\/wp-content\/uploads\/2026\/03\/1024489-08062016-dsc_8673_1.webp\",\"width\":754,\"height\":560},{\"@type\":\"BreadcrumbList\",\"@id\":\"https:\/\/www.notibras.com\/site\/cresce-numero-de-mulheres-que-temem-ser-estupradas\/#breadcrumb\",\"itemListElement\":[{\"@type\":\"ListItem\",\"position\":1,\"name\":\"In\u00edcio\",\"item\":\"https:\/\/www.notibras.com\/site\/\"},{\"@type\":\"ListItem\",\"position\":2,\"name\":\"Cresce n\u00famero de mulheres que temem ser estupradas\"}]},{\"@type\":\"WebSite\",\"@id\":\"https:\/\/www.notibras.com\/site\/#website\",\"url\":\"https:\/\/www.notibras.com\/site\/\",\"name\":\"Notibras\",\"description\":\"Not\u00edcias de Bras\u00edlia, do Brasil e do Mundo\",\"publisher\":{\"@id\":\"https:\/\/www.notibras.com\/site\/#organization\"},\"potentialAction\":[{\"@type\":\"SearchAction\",\"target\":{\"@type\":\"EntryPoint\",\"urlTemplate\":\"https:\/\/www.notibras.com\/site\/?s={search_term_string}\"},\"query-input\":{\"@type\":\"PropertyValueSpecification\",\"valueRequired\":true,\"valueName\":\"search_term_string\"}}],\"inLanguage\":\"pt-BR\"},{\"@type\":\"Organization\",\"@id\":\"https:\/\/www.notibras.com\/site\/#organization\",\"name\":\"Grupo Notibras de Comunica\u00e7\u00e3o\",\"url\":\"https:\/\/www.notibras.com\/site\/\",\"logo\":{\"@type\":\"ImageObject\",\"inLanguage\":\"pt-BR\",\"@id\":\"https:\/\/www.notibras.com\/site\/#\/schema\/logo\/image\/\",\"url\":\"https:\/\/www.notibras.com\/site\/wp-content\/uploads\/2023\/01\/notibras23.png\",\"contentUrl\":\"https:\/\/www.notibras.com\/site\/wp-content\/uploads\/2023\/01\/notibras23.png\",\"width\":350,\"height\":87,\"caption\":\"Grupo Notibras de Comunica\u00e7\u00e3o\"},\"image\":{\"@id\":\"https:\/\/www.notibras.com\/site\/#\/schema\/logo\/image\/\"},\"sameAs\":[\"https:\/\/www.facebook.com\/notibras\/\",\"https:\/\/x.com\/Notibras\",\"https:\/\/www.instagram.com\/notibras\/\"]},{\"@type\":\"Person\",\"@id\":\"https:\/\/www.notibras.com\/site\/#\/schema\/person\/36ab0979449956132d3e5b517ea76ac8\",\"name\":\"Reda\u00e7\u00e3o\",\"image\":{\"@type\":\"ImageObject\",\"inLanguage\":\"pt-BR\",\"@id\":\"https:\/\/secure.gravatar.com\/avatar\/e0a867bdedb85fd243eadf09663511f96fc81e0720a4a42581f334ad4303aa6b?s=96&d=mm&r=g\",\"url\":\"https:\/\/secure.gravatar.com\/avatar\/e0a867bdedb85fd243eadf09663511f96fc81e0720a4a42581f334ad4303aa6b?s=96&d=mm&r=g\",\"contentUrl\":\"https:\/\/secure.gravatar.com\/avatar\/e0a867bdedb85fd243eadf09663511f96fc81e0720a4a42581f334ad4303aa6b?s=96&d=mm&r=g\",\"caption\":\"Reda\u00e7\u00e3o\"}}]}<\/script>\n<!-- \/ Yoast SEO plugin. -->","yoast_head_json":{"title":"Cresce n\u00famero de mulheres que temem ser estupradas - Notibras","robots":{"index":"index","follow":"follow","max-snippet":"max-snippet:-1","max-image-preview":"max-image-preview:large","max-video-preview":"max-video-preview:-1"},"canonical":"https:\/\/www.notibras.com\/site\/cresce-numero-de-mulheres-que-temem-ser-estupradas\/","og_locale":"pt_BR","og_type":"article","og_title":"Cresce n\u00famero de mulheres que temem ser estupradas - Notibras","og_description":"O percentual de mulheres que declararam ter medo de sofrer um estupro cresceu em uma pesquisa realizada pelo Instituto Patricia Galv\u00e3o e pelo Instituto Locomotiva. Em 2020, 78% das mulheres ouvidas pelos pesquisadores disseram ter &#8220;muito medo de ser v\u00edtimas de um estupro&#8221;. Esse percentual cresceu para 80%, em 2022, e chegou a 82% segundo [&hellip;]","og_url":"https:\/\/www.notibras.com\/site\/cresce-numero-de-mulheres-que-temem-ser-estupradas\/","og_site_name":"Notibras","article_publisher":"https:\/\/www.facebook.com\/notibras\/","article_published_time":"2026-03-03T09:23:57+00:00","og_image":[{"width":754,"height":560,"url":"https:\/\/www.notibras.com\/site\/wp-content\/uploads\/2026\/03\/1024489-08062016-dsc_8673_1.webp","type":"image\/webp"}],"author":"Reda\u00e7\u00e3o","twitter_card":"summary_large_image","twitter_creator":"@Notibras","twitter_site":"@Notibras","twitter_misc":{"Escrito por":"Reda\u00e7\u00e3o","Est. tempo de leitura":"8 minutos"},"schema":{"@context":"https:\/\/schema.org","@graph":[{"@type":"Article","@id":"https:\/\/www.notibras.com\/site\/cresce-numero-de-mulheres-que-temem-ser-estupradas\/#article","isPartOf":{"@id":"https:\/\/www.notibras.com\/site\/cresce-numero-de-mulheres-que-temem-ser-estupradas\/"},"author":{"name":"Reda\u00e7\u00e3o","@id":"https:\/\/www.notibras.com\/site\/#\/schema\/person\/36ab0979449956132d3e5b517ea76ac8"},"headline":"Cresce n\u00famero de mulheres que temem ser estupradas","datePublished":"2026-03-03T09:23:57+00:00","mainEntityOfPage":{"@id":"https:\/\/www.notibras.com\/site\/cresce-numero-de-mulheres-que-temem-ser-estupradas\/"},"wordCount":1520,"publisher":{"@id":"https:\/\/www.notibras.com\/site\/#organization"},"image":{"@id":"https:\/\/www.notibras.com\/site\/cresce-numero-de-mulheres-que-temem-ser-estupradas\/#primaryimage"},"thumbnailUrl":"https:\/\/www.notibras.com\/site\/wp-content\/uploads\/2026\/03\/1024489-08062016-dsc_8673_1.webp","articleSection":["Brasil"],"inLanguage":"pt-BR"},{"@type":"WebPage","@id":"https:\/\/www.notibras.com\/site\/cresce-numero-de-mulheres-que-temem-ser-estupradas\/","url":"https:\/\/www.notibras.com\/site\/cresce-numero-de-mulheres-que-temem-ser-estupradas\/","name":"Cresce n\u00famero de mulheres que temem ser estupradas - Notibras","isPartOf":{"@id":"https:\/\/www.notibras.com\/site\/#website"},"primaryImageOfPage":{"@id":"https:\/\/www.notibras.com\/site\/cresce-numero-de-mulheres-que-temem-ser-estupradas\/#primaryimage"},"image":{"@id":"https:\/\/www.notibras.com\/site\/cresce-numero-de-mulheres-que-temem-ser-estupradas\/#primaryimage"},"thumbnailUrl":"https:\/\/www.notibras.com\/site\/wp-content\/uploads\/2026\/03\/1024489-08062016-dsc_8673_1.webp","datePublished":"2026-03-03T09:23:57+00:00","breadcrumb":{"@id":"https:\/\/www.notibras.com\/site\/cresce-numero-de-mulheres-que-temem-ser-estupradas\/#breadcrumb"},"inLanguage":"pt-BR","potentialAction":[{"@type":"ReadAction","target":["https:\/\/www.notibras.com\/site\/cresce-numero-de-mulheres-que-temem-ser-estupradas\/"]}]},{"@type":"ImageObject","inLanguage":"pt-BR","@id":"https:\/\/www.notibras.com\/site\/cresce-numero-de-mulheres-que-temem-ser-estupradas\/#primaryimage","url":"https:\/\/www.notibras.com\/site\/wp-content\/uploads\/2026\/03\/1024489-08062016-dsc_8673_1.webp","contentUrl":"https:\/\/www.notibras.com\/site\/wp-content\/uploads\/2026\/03\/1024489-08062016-dsc_8673_1.webp","width":754,"height":560},{"@type":"BreadcrumbList","@id":"https:\/\/www.notibras.com\/site\/cresce-numero-de-mulheres-que-temem-ser-estupradas\/#breadcrumb","itemListElement":[{"@type":"ListItem","position":1,"name":"In\u00edcio","item":"https:\/\/www.notibras.com\/site\/"},{"@type":"ListItem","position":2,"name":"Cresce n\u00famero de mulheres que temem ser estupradas"}]},{"@type":"WebSite","@id":"https:\/\/www.notibras.com\/site\/#website","url":"https:\/\/www.notibras.com\/site\/","name":"Notibras","description":"Not\u00edcias de Bras\u00edlia, do Brasil e do Mundo","publisher":{"@id":"https:\/\/www.notibras.com\/site\/#organization"},"potentialAction":[{"@type":"SearchAction","target":{"@type":"EntryPoint","urlTemplate":"https:\/\/www.notibras.com\/site\/?s={search_term_string}"},"query-input":{"@type":"PropertyValueSpecification","valueRequired":true,"valueName":"search_term_string"}}],"inLanguage":"pt-BR"},{"@type":"Organization","@id":"https:\/\/www.notibras.com\/site\/#organization","name":"Grupo Notibras de Comunica\u00e7\u00e3o","url":"https:\/\/www.notibras.com\/site\/","logo":{"@type":"ImageObject","inLanguage":"pt-BR","@id":"https:\/\/www.notibras.com\/site\/#\/schema\/logo\/image\/","url":"https:\/\/www.notibras.com\/site\/wp-content\/uploads\/2023\/01\/notibras23.png","contentUrl":"https:\/\/www.notibras.com\/site\/wp-content\/uploads\/2023\/01\/notibras23.png","width":350,"height":87,"caption":"Grupo Notibras de Comunica\u00e7\u00e3o"},"image":{"@id":"https:\/\/www.notibras.com\/site\/#\/schema\/logo\/image\/"},"sameAs":["https:\/\/www.facebook.com\/notibras\/","https:\/\/x.com\/Notibras","https:\/\/www.instagram.com\/notibras\/"]},{"@type":"Person","@id":"https:\/\/www.notibras.com\/site\/#\/schema\/person\/36ab0979449956132d3e5b517ea76ac8","name":"Reda\u00e7\u00e3o","image":{"@type":"ImageObject","inLanguage":"pt-BR","@id":"https:\/\/secure.gravatar.com\/avatar\/e0a867bdedb85fd243eadf09663511f96fc81e0720a4a42581f334ad4303aa6b?s=96&d=mm&r=g","url":"https:\/\/secure.gravatar.com\/avatar\/e0a867bdedb85fd243eadf09663511f96fc81e0720a4a42581f334ad4303aa6b?s=96&d=mm&r=g","contentUrl":"https:\/\/secure.gravatar.com\/avatar\/e0a867bdedb85fd243eadf09663511f96fc81e0720a4a42581f334ad4303aa6b?s=96&d=mm&r=g","caption":"Reda\u00e7\u00e3o"}}]}},"amp_enabled":true,"_links":{"self":[{"href":"https:\/\/www.notibras.com\/site\/wp-json\/wp\/v2\/posts\/385359","targetHints":{"allow":["GET"]}}],"collection":[{"href":"https:\/\/www.notibras.com\/site\/wp-json\/wp\/v2\/posts"}],"about":[{"href":"https:\/\/www.notibras.com\/site\/wp-json\/wp\/v2\/types\/post"}],"author":[{"embeddable":true,"href":"https:\/\/www.notibras.com\/site\/wp-json\/wp\/v2\/users\/2"}],"replies":[{"embeddable":true,"href":"https:\/\/www.notibras.com\/site\/wp-json\/wp\/v2\/comments?post=385359"}],"version-history":[{"count":1,"href":"https:\/\/www.notibras.com\/site\/wp-json\/wp\/v2\/posts\/385359\/revisions"}],"predecessor-version":[{"id":385361,"href":"https:\/\/www.notibras.com\/site\/wp-json\/wp\/v2\/posts\/385359\/revisions\/385361"}],"wp:featuredmedia":[{"embeddable":true,"href":"https:\/\/www.notibras.com\/site\/wp-json\/wp\/v2\/media\/385360"}],"wp:attachment":[{"href":"https:\/\/www.notibras.com\/site\/wp-json\/wp\/v2\/media?parent=385359"}],"wp:term":[{"taxonomy":"category","embeddable":true,"href":"https:\/\/www.notibras.com\/site\/wp-json\/wp\/v2\/categories?post=385359"},{"taxonomy":"post_tag","embeddable":true,"href":"https:\/\/www.notibras.com\/site\/wp-json\/wp\/v2\/tags?post=385359"}],"curies":[{"name":"wp","href":"https:\/\/api.w.org\/{rel}","templated":true}]}}