{"id":385362,"date":"2026-03-03T06:00:26","date_gmt":"2026-03-03T09:00:26","guid":{"rendered":"https:\/\/www.notibras.com\/site\/?p=385362"},"modified":"2026-03-03T06:30:09","modified_gmt":"2026-03-03T09:30:09","slug":"se-quer-voltar-ao-poder-bolsonarismo-precisa-abandonar-as-mentiras","status":"publish","type":"post","link":"https:\/\/www.notibras.com\/site\/se-quer-voltar-ao-poder-bolsonarismo-precisa-abandonar-as-mentiras\/","title":{"rendered":"Se quer voltar ao poder, bolsonarismo precisa abandonar as mentiras"},"content":{"rendered":"<p>Arte de exigir dos outros aquilo que n\u00e3o se pratica, a hipocrisia \u00e9, de fato, o ato de fingir qualidades, ideias e sentimentos que n\u00e3o se tem. No Brasil da hipocrisia, dizer a verdade \u00e9 ser incoerente. Sem medo das conclus\u00f5es de terceiros, \u00e9 melhor ser verdadeiro e solit\u00e1rio do que viver em falsidade e estar sempre acompanhado. Em princ\u00edpio, quero dizer em tese, independentemente de sua ideologia e colora\u00e7\u00e3o partid\u00e1ria, todo ser humano merece respeito e considera\u00e7\u00e3o. Os bolsonaristas fantasiados de extremistas n\u00e3o pensam assim. Por isso, \u00e9 mais f\u00e1cil respond\u00ea-los com eles a sapi\u00eancia do deboche.<\/p>\n<p>Juntar meia d\u00fazia ou dez d\u00fazias na orla de Copacabana e na Avenida Paulista para pedir a liberdade de Jair Bolsonaro, urrar pela pris\u00e3o de Luiz In\u00e1cio e manifestar apoio a Donald Trump na guerra contra os aiatol\u00e1s do Ir\u00e3 \u00e9 a prova de que os hip\u00f3critas vivem ostentando o seu mundo perfeito, embora, na pr\u00e1tica, o objetivo seja se vangloriar de suas vidas de mentiras. Depois desse povo do mal passar recibo da falta de c\u00e9rebro, resta a mim e aos que t\u00eam tutano achar engra\u00e7ado pessoas que n\u00e3o s\u00e3o exemplos para ningu\u00e9m se achar no direito de opinar dar li\u00e7\u00e3o de moral na vida dos outros.<\/p>\n<p>Imaginei que perderia meu tempo assistindo pela TV a \u201cruidosa\u201d manifesta\u00e7\u00f5es dos bolsonaristas por algumas pra\u00e7as do pa\u00eds. Me enganei. Passar algumas horas ouvindo as desconexas, descabidas e inoportunas palavras de ordem contra o que est\u00e1 definido desde meados do ano passado acabou por me dar a n\u00edtida impress\u00e3o de que Satan\u00e1s passou de todos os limites com a s\u00facia que jura morrer de amores pelo Brasil. S\u00e3o t\u00e3o amorosos que, antes de qualquer an\u00e1lise sobre o efeito interno, apoiaram integralmente o tarifa\u00e7o sugerido pelo sem-emprego e sem mandato Eduardo Bolsonaro e efetivado por Donald Trump.<\/p>\n<p>O mais relevante foi perceber que a menor preocupa\u00e7\u00e3o dos organizadores da manifesta\u00e7\u00e3o de domingo, entre eles o filho do ex-presidente e seus principais limpa-trilhos, atendia por Jair Bolsonaro. O objetivo escancarado era desqualificar Lula, seu governo e, principalmente, seus n\u00fameros eleitorais. Falam mal, mas s\u00f3 sabem falar dele. Me fez lembrar os cr\u00edticos da TV Globo. Falam mal, mas n\u00e3o conseguem viver sem ela. Iguais aos \u201cinimigos\u201d do Flamengo. Ainda que para chorar ou sorrir com o resultado, n\u00e3o perdem um jogo do Meng\u00e3o. Depois de Lula, o foco do protesto da extrema-direita foi o apoio mequetrefe \u00e0 invas\u00e3o norte-americana do Ir\u00e3.<\/p>\n<p>Ali\u00e1s, apoiar uma guerra que nada tem de santa, defender um usurpador tupiniquim de poder e pedir socorro de longe ao presidente dos Estados Unidos talvez n\u00e3o seja o melhor caminho. Papo reto. As lideran\u00e7as iranianas s\u00e3o assumidamente assassinas matam e mandam matar. Qual a diferen\u00e7a entre eles e quem os mata em busca de mais poder? Se os fan\u00e1ticos por Jair Messias se acham t\u00e3o superiores, por que n\u00e3o pedem apoio a Elon Musk ou demais aliados e se juntam aos soldados norte-americanos na luta armada contra os iranianos?<\/p>\n<p>Sei que \u00e9 demais, pois as guerras s\u00e3o demasiadamente graves para serem confiadas aos covardes, aqueles que combinam golpes contra a democracia, mas choram, esperneiam ou fogem do pa\u00eds ao primeiro sinal da Justi\u00e7a. Se querem o mandato de Lula da Silva, lutem por ele nas urnas. Mas lutem com sabedoria, com a verdade, com toler\u00e2ncia e, obviamente, sem \u00f3dio. Se \u00e9 isso que querem, aguardem outubro, respeitem a\u00a0 urna eletr\u00f4nica, votem e mostrem ao povo brasileiro que raciocina os valores que n\u00e3o conseguiram mostrar entre 2018 e 2022.<\/p>\n<p>&#8230;&#8230;&#8230;.<\/p>\n<p><strong>Mathuzal\u00e9m J\u00fanior \u00e9 jornalista profissional desde 1978<\/strong><\/p>\n","protected":false},"excerpt":{"rendered":"<p>Arte de exigir dos outros aquilo que n\u00e3o se pratica, a hipocrisia \u00e9, de fato, o ato de fingir qualidades, ideias e sentimentos que n\u00e3o se tem. No Brasil da hipocrisia, dizer a verdade \u00e9 ser incoerente. Sem medo das conclus\u00f5es de terceiros, \u00e9 melhor ser verdadeiro e solit\u00e1rio do que viver em falsidade e [&hellip;]<\/p>\n","protected":false},"author":2,"featured_media":293007,"comment_status":"closed","ping_status":"closed","sticky":false,"template":"","format":"standard","meta":{"_acf_changed":false,"footnotes":""},"categories":[16],"tags":[],"class_list":["post-385362","post","type-post","status-publish","format-standard","has-post-thumbnail","hentry","category-brasil"],"acf":[],"yoast_head":"<!-- This site is optimized with the Yoast SEO plugin v27.2 - https:\/\/yoast.com\/product\/yoast-seo-wordpress\/ -->\n<title>Se quer voltar ao poder, bolsonarismo precisa abandonar as mentiras - Notibras<\/title>\n<meta name=\"robots\" content=\"index, follow, max-snippet:-1, max-image-preview:large, max-video-preview:-1\" \/>\n<link rel=\"canonical\" href=\"https:\/\/www.notibras.com\/site\/se-quer-voltar-ao-poder-bolsonarismo-precisa-abandonar-as-mentiras\/\" \/>\n<meta property=\"og:locale\" content=\"pt_BR\" \/>\n<meta property=\"og:type\" content=\"article\" \/>\n<meta property=\"og:title\" content=\"Se quer voltar ao poder, bolsonarismo precisa abandonar as mentiras - Notibras\" \/>\n<meta property=\"og:description\" content=\"Arte de exigir dos outros aquilo que n\u00e3o se pratica, a hipocrisia \u00e9, de fato, o ato de fingir qualidades, ideias e sentimentos que n\u00e3o se tem. No Brasil da hipocrisia, dizer a verdade \u00e9 ser incoerente. Sem medo das conclus\u00f5es de terceiros, \u00e9 melhor ser verdadeiro e solit\u00e1rio do que viver em falsidade e [&hellip;]\" \/>\n<meta property=\"og:url\" content=\"https:\/\/www.notibras.com\/site\/se-quer-voltar-ao-poder-bolsonarismo-precisa-abandonar-as-mentiras\/\" \/>\n<meta property=\"og:site_name\" content=\"Notibras\" \/>\n<meta property=\"article:publisher\" content=\"https:\/\/www.facebook.com\/notibras\/\" \/>\n<meta property=\"article:published_time\" content=\"2026-03-03T09:00:26+00:00\" \/>\n<meta property=\"article:modified_time\" content=\"2026-03-03T09:30:09+00:00\" \/>\n<meta property=\"og:image\" content=\"https:\/\/www.notibras.com\/site\/wp-content\/uploads\/2022\/10\/Bolsonarismo-no-Brasil.jpg\" \/>\n\t<meta property=\"og:image:width\" content=\"1060\" \/>\n\t<meta property=\"og:image:height\" content=\"589\" \/>\n\t<meta property=\"og:image:type\" content=\"image\/jpeg\" \/>\n<meta name=\"author\" content=\"Reda\u00e7\u00e3o\" \/>\n<meta name=\"twitter:card\" content=\"summary_large_image\" \/>\n<meta name=\"twitter:creator\" content=\"@Notibras\" \/>\n<meta name=\"twitter:site\" content=\"@Notibras\" \/>\n<meta name=\"twitter:label1\" content=\"Escrito por\" \/>\n\t<meta name=\"twitter:data1\" content=\"Reda\u00e7\u00e3o\" \/>\n\t<meta name=\"twitter:label2\" content=\"Est. tempo de leitura\" \/>\n\t<meta name=\"twitter:data2\" content=\"4 minutos\" \/>\n<script type=\"application\/ld+json\" class=\"yoast-schema-graph\">{\"@context\":\"https:\/\/schema.org\",\"@graph\":[{\"@type\":\"Article\",\"@id\":\"https:\/\/www.notibras.com\/site\/se-quer-voltar-ao-poder-bolsonarismo-precisa-abandonar-as-mentiras\/#article\",\"isPartOf\":{\"@id\":\"https:\/\/www.notibras.com\/site\/se-quer-voltar-ao-poder-bolsonarismo-precisa-abandonar-as-mentiras\/\"},\"author\":{\"name\":\"Reda\u00e7\u00e3o\",\"@id\":\"https:\/\/www.notibras.com\/site\/#\/schema\/person\/36ab0979449956132d3e5b517ea76ac8\"},\"headline\":\"Se quer voltar ao poder, bolsonarismo precisa abandonar as mentiras\",\"datePublished\":\"2026-03-03T09:00:26+00:00\",\"dateModified\":\"2026-03-03T09:30:09+00:00\",\"mainEntityOfPage\":{\"@id\":\"https:\/\/www.notibras.com\/site\/se-quer-voltar-ao-poder-bolsonarismo-precisa-abandonar-as-mentiras\/\"},\"wordCount\":650,\"publisher\":{\"@id\":\"https:\/\/www.notibras.com\/site\/#organization\"},\"image\":{\"@id\":\"https:\/\/www.notibras.com\/site\/se-quer-voltar-ao-poder-bolsonarismo-precisa-abandonar-as-mentiras\/#primaryimage\"},\"thumbnailUrl\":\"https:\/\/www.notibras.com\/site\/wp-content\/uploads\/2022\/10\/Bolsonarismo-no-Brasil.jpg\",\"articleSection\":[\"Brasil\"],\"inLanguage\":\"pt-BR\"},{\"@type\":\"WebPage\",\"@id\":\"https:\/\/www.notibras.com\/site\/se-quer-voltar-ao-poder-bolsonarismo-precisa-abandonar-as-mentiras\/\",\"url\":\"https:\/\/www.notibras.com\/site\/se-quer-voltar-ao-poder-bolsonarismo-precisa-abandonar-as-mentiras\/\",\"name\":\"Se quer voltar ao poder, bolsonarismo precisa abandonar as mentiras - Notibras\",\"isPartOf\":{\"@id\":\"https:\/\/www.notibras.com\/site\/#website\"},\"primaryImageOfPage\":{\"@id\":\"https:\/\/www.notibras.com\/site\/se-quer-voltar-ao-poder-bolsonarismo-precisa-abandonar-as-mentiras\/#primaryimage\"},\"image\":{\"@id\":\"https:\/\/www.notibras.com\/site\/se-quer-voltar-ao-poder-bolsonarismo-precisa-abandonar-as-mentiras\/#primaryimage\"},\"thumbnailUrl\":\"https:\/\/www.notibras.com\/site\/wp-content\/uploads\/2022\/10\/Bolsonarismo-no-Brasil.jpg\",\"datePublished\":\"2026-03-03T09:00:26+00:00\",\"dateModified\":\"2026-03-03T09:30:09+00:00\",\"breadcrumb\":{\"@id\":\"https:\/\/www.notibras.com\/site\/se-quer-voltar-ao-poder-bolsonarismo-precisa-abandonar-as-mentiras\/#breadcrumb\"},\"inLanguage\":\"pt-BR\",\"potentialAction\":[{\"@type\":\"ReadAction\",\"target\":[\"https:\/\/www.notibras.com\/site\/se-quer-voltar-ao-poder-bolsonarismo-precisa-abandonar-as-mentiras\/\"]}]},{\"@type\":\"ImageObject\",\"inLanguage\":\"pt-BR\",\"@id\":\"https:\/\/www.notibras.com\/site\/se-quer-voltar-ao-poder-bolsonarismo-precisa-abandonar-as-mentiras\/#primaryimage\",\"url\":\"https:\/\/www.notibras.com\/site\/wp-content\/uploads\/2022\/10\/Bolsonarismo-no-Brasil.jpg\",\"contentUrl\":\"https:\/\/www.notibras.com\/site\/wp-content\/uploads\/2022\/10\/Bolsonarismo-no-Brasil.jpg\",\"width\":1060,\"height\":589},{\"@type\":\"BreadcrumbList\",\"@id\":\"https:\/\/www.notibras.com\/site\/se-quer-voltar-ao-poder-bolsonarismo-precisa-abandonar-as-mentiras\/#breadcrumb\",\"itemListElement\":[{\"@type\":\"ListItem\",\"position\":1,\"name\":\"In\u00edcio\",\"item\":\"https:\/\/www.notibras.com\/site\/\"},{\"@type\":\"ListItem\",\"position\":2,\"name\":\"Se quer voltar ao poder, bolsonarismo precisa abandonar as mentiras\"}]},{\"@type\":\"WebSite\",\"@id\":\"https:\/\/www.notibras.com\/site\/#website\",\"url\":\"https:\/\/www.notibras.com\/site\/\",\"name\":\"Notibras\",\"description\":\"Not\u00edcias de Bras\u00edlia, do Brasil e do Mundo\",\"publisher\":{\"@id\":\"https:\/\/www.notibras.com\/site\/#organization\"},\"potentialAction\":[{\"@type\":\"SearchAction\",\"target\":{\"@type\":\"EntryPoint\",\"urlTemplate\":\"https:\/\/www.notibras.com\/site\/?s={search_term_string}\"},\"query-input\":{\"@type\":\"PropertyValueSpecification\",\"valueRequired\":true,\"valueName\":\"search_term_string\"}}],\"inLanguage\":\"pt-BR\"},{\"@type\":\"Organization\",\"@id\":\"https:\/\/www.notibras.com\/site\/#organization\",\"name\":\"Grupo Notibras de Comunica\u00e7\u00e3o\",\"url\":\"https:\/\/www.notibras.com\/site\/\",\"logo\":{\"@type\":\"ImageObject\",\"inLanguage\":\"pt-BR\",\"@id\":\"https:\/\/www.notibras.com\/site\/#\/schema\/logo\/image\/\",\"url\":\"https:\/\/www.notibras.com\/site\/wp-content\/uploads\/2023\/01\/notibras23.png\",\"contentUrl\":\"https:\/\/www.notibras.com\/site\/wp-content\/uploads\/2023\/01\/notibras23.png\",\"width\":350,\"height\":87,\"caption\":\"Grupo Notibras de Comunica\u00e7\u00e3o\"},\"image\":{\"@id\":\"https:\/\/www.notibras.com\/site\/#\/schema\/logo\/image\/\"},\"sameAs\":[\"https:\/\/www.facebook.com\/notibras\/\",\"https:\/\/x.com\/Notibras\",\"https:\/\/www.instagram.com\/notibras\/\"]},{\"@type\":\"Person\",\"@id\":\"https:\/\/www.notibras.com\/site\/#\/schema\/person\/36ab0979449956132d3e5b517ea76ac8\",\"name\":\"Reda\u00e7\u00e3o\",\"image\":{\"@type\":\"ImageObject\",\"inLanguage\":\"pt-BR\",\"@id\":\"https:\/\/secure.gravatar.com\/avatar\/e0a867bdedb85fd243eadf09663511f96fc81e0720a4a42581f334ad4303aa6b?s=96&d=mm&r=g\",\"url\":\"https:\/\/secure.gravatar.com\/avatar\/e0a867bdedb85fd243eadf09663511f96fc81e0720a4a42581f334ad4303aa6b?s=96&d=mm&r=g\",\"contentUrl\":\"https:\/\/secure.gravatar.com\/avatar\/e0a867bdedb85fd243eadf09663511f96fc81e0720a4a42581f334ad4303aa6b?s=96&d=mm&r=g\",\"caption\":\"Reda\u00e7\u00e3o\"}}]}<\/script>\n<!-- \/ Yoast SEO plugin. -->","yoast_head_json":{"title":"Se quer voltar ao poder, bolsonarismo precisa abandonar as mentiras - Notibras","robots":{"index":"index","follow":"follow","max-snippet":"max-snippet:-1","max-image-preview":"max-image-preview:large","max-video-preview":"max-video-preview:-1"},"canonical":"https:\/\/www.notibras.com\/site\/se-quer-voltar-ao-poder-bolsonarismo-precisa-abandonar-as-mentiras\/","og_locale":"pt_BR","og_type":"article","og_title":"Se quer voltar ao poder, bolsonarismo precisa abandonar as mentiras - Notibras","og_description":"Arte de exigir dos outros aquilo que n\u00e3o se pratica, a hipocrisia \u00e9, de fato, o ato de fingir qualidades, ideias e sentimentos que n\u00e3o se tem. No Brasil da hipocrisia, dizer a verdade \u00e9 ser incoerente. Sem medo das conclus\u00f5es de terceiros, \u00e9 melhor ser verdadeiro e solit\u00e1rio do que viver em falsidade e [&hellip;]","og_url":"https:\/\/www.notibras.com\/site\/se-quer-voltar-ao-poder-bolsonarismo-precisa-abandonar-as-mentiras\/","og_site_name":"Notibras","article_publisher":"https:\/\/www.facebook.com\/notibras\/","article_published_time":"2026-03-03T09:00:26+00:00","article_modified_time":"2026-03-03T09:30:09+00:00","og_image":[{"width":1060,"height":589,"url":"https:\/\/www.notibras.com\/site\/wp-content\/uploads\/2022\/10\/Bolsonarismo-no-Brasil.jpg","type":"image\/jpeg"}],"author":"Reda\u00e7\u00e3o","twitter_card":"summary_large_image","twitter_creator":"@Notibras","twitter_site":"@Notibras","twitter_misc":{"Escrito por":"Reda\u00e7\u00e3o","Est. tempo de leitura":"4 minutos"},"schema":{"@context":"https:\/\/schema.org","@graph":[{"@type":"Article","@id":"https:\/\/www.notibras.com\/site\/se-quer-voltar-ao-poder-bolsonarismo-precisa-abandonar-as-mentiras\/#article","isPartOf":{"@id":"https:\/\/www.notibras.com\/site\/se-quer-voltar-ao-poder-bolsonarismo-precisa-abandonar-as-mentiras\/"},"author":{"name":"Reda\u00e7\u00e3o","@id":"https:\/\/www.notibras.com\/site\/#\/schema\/person\/36ab0979449956132d3e5b517ea76ac8"},"headline":"Se quer voltar ao poder, bolsonarismo precisa abandonar as mentiras","datePublished":"2026-03-03T09:00:26+00:00","dateModified":"2026-03-03T09:30:09+00:00","mainEntityOfPage":{"@id":"https:\/\/www.notibras.com\/site\/se-quer-voltar-ao-poder-bolsonarismo-precisa-abandonar-as-mentiras\/"},"wordCount":650,"publisher":{"@id":"https:\/\/www.notibras.com\/site\/#organization"},"image":{"@id":"https:\/\/www.notibras.com\/site\/se-quer-voltar-ao-poder-bolsonarismo-precisa-abandonar-as-mentiras\/#primaryimage"},"thumbnailUrl":"https:\/\/www.notibras.com\/site\/wp-content\/uploads\/2022\/10\/Bolsonarismo-no-Brasil.jpg","articleSection":["Brasil"],"inLanguage":"pt-BR"},{"@type":"WebPage","@id":"https:\/\/www.notibras.com\/site\/se-quer-voltar-ao-poder-bolsonarismo-precisa-abandonar-as-mentiras\/","url":"https:\/\/www.notibras.com\/site\/se-quer-voltar-ao-poder-bolsonarismo-precisa-abandonar-as-mentiras\/","name":"Se quer voltar ao poder, bolsonarismo precisa abandonar as mentiras - Notibras","isPartOf":{"@id":"https:\/\/www.notibras.com\/site\/#website"},"primaryImageOfPage":{"@id":"https:\/\/www.notibras.com\/site\/se-quer-voltar-ao-poder-bolsonarismo-precisa-abandonar-as-mentiras\/#primaryimage"},"image":{"@id":"https:\/\/www.notibras.com\/site\/se-quer-voltar-ao-poder-bolsonarismo-precisa-abandonar-as-mentiras\/#primaryimage"},"thumbnailUrl":"https:\/\/www.notibras.com\/site\/wp-content\/uploads\/2022\/10\/Bolsonarismo-no-Brasil.jpg","datePublished":"2026-03-03T09:00:26+00:00","dateModified":"2026-03-03T09:30:09+00:00","breadcrumb":{"@id":"https:\/\/www.notibras.com\/site\/se-quer-voltar-ao-poder-bolsonarismo-precisa-abandonar-as-mentiras\/#breadcrumb"},"inLanguage":"pt-BR","potentialAction":[{"@type":"ReadAction","target":["https:\/\/www.notibras.com\/site\/se-quer-voltar-ao-poder-bolsonarismo-precisa-abandonar-as-mentiras\/"]}]},{"@type":"ImageObject","inLanguage":"pt-BR","@id":"https:\/\/www.notibras.com\/site\/se-quer-voltar-ao-poder-bolsonarismo-precisa-abandonar-as-mentiras\/#primaryimage","url":"https:\/\/www.notibras.com\/site\/wp-content\/uploads\/2022\/10\/Bolsonarismo-no-Brasil.jpg","contentUrl":"https:\/\/www.notibras.com\/site\/wp-content\/uploads\/2022\/10\/Bolsonarismo-no-Brasil.jpg","width":1060,"height":589},{"@type":"BreadcrumbList","@id":"https:\/\/www.notibras.com\/site\/se-quer-voltar-ao-poder-bolsonarismo-precisa-abandonar-as-mentiras\/#breadcrumb","itemListElement":[{"@type":"ListItem","position":1,"name":"In\u00edcio","item":"https:\/\/www.notibras.com\/site\/"},{"@type":"ListItem","position":2,"name":"Se quer voltar ao poder, bolsonarismo precisa abandonar as mentiras"}]},{"@type":"WebSite","@id":"https:\/\/www.notibras.com\/site\/#website","url":"https:\/\/www.notibras.com\/site\/","name":"Notibras","description":"Not\u00edcias de Bras\u00edlia, do Brasil e do Mundo","publisher":{"@id":"https:\/\/www.notibras.com\/site\/#organization"},"potentialAction":[{"@type":"SearchAction","target":{"@type":"EntryPoint","urlTemplate":"https:\/\/www.notibras.com\/site\/?s={search_term_string}"},"query-input":{"@type":"PropertyValueSpecification","valueRequired":true,"valueName":"search_term_string"}}],"inLanguage":"pt-BR"},{"@type":"Organization","@id":"https:\/\/www.notibras.com\/site\/#organization","name":"Grupo Notibras de Comunica\u00e7\u00e3o","url":"https:\/\/www.notibras.com\/site\/","logo":{"@type":"ImageObject","inLanguage":"pt-BR","@id":"https:\/\/www.notibras.com\/site\/#\/schema\/logo\/image\/","url":"https:\/\/www.notibras.com\/site\/wp-content\/uploads\/2023\/01\/notibras23.png","contentUrl":"https:\/\/www.notibras.com\/site\/wp-content\/uploads\/2023\/01\/notibras23.png","width":350,"height":87,"caption":"Grupo Notibras de Comunica\u00e7\u00e3o"},"image":{"@id":"https:\/\/www.notibras.com\/site\/#\/schema\/logo\/image\/"},"sameAs":["https:\/\/www.facebook.com\/notibras\/","https:\/\/x.com\/Notibras","https:\/\/www.instagram.com\/notibras\/"]},{"@type":"Person","@id":"https:\/\/www.notibras.com\/site\/#\/schema\/person\/36ab0979449956132d3e5b517ea76ac8","name":"Reda\u00e7\u00e3o","image":{"@type":"ImageObject","inLanguage":"pt-BR","@id":"https:\/\/secure.gravatar.com\/avatar\/e0a867bdedb85fd243eadf09663511f96fc81e0720a4a42581f334ad4303aa6b?s=96&d=mm&r=g","url":"https:\/\/secure.gravatar.com\/avatar\/e0a867bdedb85fd243eadf09663511f96fc81e0720a4a42581f334ad4303aa6b?s=96&d=mm&r=g","contentUrl":"https:\/\/secure.gravatar.com\/avatar\/e0a867bdedb85fd243eadf09663511f96fc81e0720a4a42581f334ad4303aa6b?s=96&d=mm&r=g","caption":"Reda\u00e7\u00e3o"}}]}},"amp_enabled":true,"_links":{"self":[{"href":"https:\/\/www.notibras.com\/site\/wp-json\/wp\/v2\/posts\/385362","targetHints":{"allow":["GET"]}}],"collection":[{"href":"https:\/\/www.notibras.com\/site\/wp-json\/wp\/v2\/posts"}],"about":[{"href":"https:\/\/www.notibras.com\/site\/wp-json\/wp\/v2\/types\/post"}],"author":[{"embeddable":true,"href":"https:\/\/www.notibras.com\/site\/wp-json\/wp\/v2\/users\/2"}],"replies":[{"embeddable":true,"href":"https:\/\/www.notibras.com\/site\/wp-json\/wp\/v2\/comments?post=385362"}],"version-history":[{"count":1,"href":"https:\/\/www.notibras.com\/site\/wp-json\/wp\/v2\/posts\/385362\/revisions"}],"predecessor-version":[{"id":385363,"href":"https:\/\/www.notibras.com\/site\/wp-json\/wp\/v2\/posts\/385362\/revisions\/385363"}],"wp:featuredmedia":[{"embeddable":true,"href":"https:\/\/www.notibras.com\/site\/wp-json\/wp\/v2\/media\/293007"}],"wp:attachment":[{"href":"https:\/\/www.notibras.com\/site\/wp-json\/wp\/v2\/media?parent=385362"}],"wp:term":[{"taxonomy":"category","embeddable":true,"href":"https:\/\/www.notibras.com\/site\/wp-json\/wp\/v2\/categories?post=385362"},{"taxonomy":"post_tag","embeddable":true,"href":"https:\/\/www.notibras.com\/site\/wp-json\/wp\/v2\/tags?post=385362"}],"curies":[{"name":"wp","href":"https:\/\/api.w.org\/{rel}","templated":true}]}}