{"id":385367,"date":"2026-03-03T06:11:30","date_gmt":"2026-03-03T09:11:30","guid":{"rendered":"https:\/\/www.notibras.com\/site\/?p=385367"},"modified":"2026-03-03T08:49:50","modified_gmt":"2026-03-03T11:49:50","slug":"batom-e-preciso-mas-viver-nao-e-preciso","status":"publish","type":"post","link":"https:\/\/www.notibras.com\/site\/batom-e-preciso-mas-viver-nao-e-preciso\/","title":{"rendered":"Batom \u00e9 preciso, mas viver n\u00e3o \u00e9 preciso"},"content":{"rendered":"<p style=\"font-weight: 400;\">Haver\u00e1 maior s\u00edmbolo de liberdade<\/p>\n<p style=\"font-weight: 400;\">Do que batom vermelho escrito na Justi\u00e7a<\/p>\n<p style=\"font-weight: 400;\">Tirar, da est\u00e1tua, a venda dos olhos, do esp\u00edrito<\/p>\n<p style=\"font-weight: 400;\">E contra o verdadeiro golpe erguer a espada?<\/p>\n<p style=\"font-weight: 400;\">Condenada \u00e0 pris\u00e3o por toda a eternidade<\/p>\n<p style=\"font-weight: 400;\">Nada cessar\u00e1 o amor que disseminas no \u00e9ter<\/p>\n<p style=\"font-weight: 400;\">A manifesta\u00e7\u00e3o da vida, o batom, D\u00e9bora!<\/p>\n<p style=\"font-weight: 400;\">Grilh\u00e3o algum deter\u00e1 a luz fluindo na gal\u00e1xia<\/p>\n<p style=\"font-weight: 400;\">Batom \u00e9 como p\u00e9talas de rosas rubras<\/p>\n<p style=\"font-weight: 400;\">Que nascem nos jardins at\u00e9 o fim do Universo<\/p>\n<p style=\"font-weight: 400;\">Deus perfumando o mundo com rubis azuis<\/p>\n<p style=\"font-weight: 400;\">Batom, mesmo que escrito no duro granito<\/p>\n<p style=\"font-weight: 400;\">Como pode amea\u00e7ar o Estado de direito<\/p>\n<p style=\"font-weight: 400;\">Se batom \u00e9 preciso, viver n\u00e3o \u00e9 preciso?<\/p>\n<p style=\"font-weight: 400;\">Este poema \u00e9 uma homenagem \u00e0 D\u00e9bora Rodrigues dos Santos, condenada a 14 anos de pris\u00e3o e a pagar 30 milh\u00f5es de reais em multa, pela Primeira Turma do Supremo Tribunal Federal (STF). No dia 8 de janeiro de 2023, D\u00e9bora escreveu na est\u00e1tua\u00a0<em>A Justi\u00e7a<\/em>, de Alfredo Ceschiatti, instalada defronte ao pal\u00e1cio do STF, \u201cPerdeu, man\u00e9\u201d, repetindo o ex-ministro Roberto Barroso, ent\u00e3o presidente da Corte. D\u00e9bora, que est\u00e1 presa desde mar\u00e7o de 2023, \u00e9 casada, m\u00e3e de duas crian\u00e7as, e mora em Paul\u00ednia\/SP.<\/p>\n<p style=\"font-weight: 400;\">At\u00e9 os cachorros que tomaram conta das cal\u00e7adas bombardeadas de Bras\u00edlia (s\u00e3o inauguradas e um m\u00eas depois come\u00e7am a estourar), o golpe de Estado de 8 de janeiro de 2023 \u00e9 uma narrativa t\u00e3o fantasiosa, esdr\u00faxula, que nem os mais delirantes roteiristas de Hollywood conseguiriam criar. Jair Messias Bolsonaro, o maior l\u00edder da Direita brasileira, foi acusado de comandar o golpe, embora nem no Brasil estivesse. Pegou 25 anos de cadeia.<\/p>\n<p style=\"font-weight: 400;\">Em 6 de setembro de 2018, mandaram matar Bolsonaro. O assassino escalado para o abate foi o militante Ad\u00e9lio Bispo de Oliveira, do Partido Socialismo e Liberdade (PSOL), de extrema Esquerda. Durante um com\u00edcio em Juiz de Fora\/MG, Ad\u00e9lio aplicou uma facada em Bolsonaro, com um fac\u00e3o enferrujado, que quase atravessa o Mito no baixo ventre. Bolsonaro s\u00f3 sobreviveu porque \u00e9 um verdadeiro b\u00fafalo, mas a facada fez estragos e o capit\u00e3o adoeceu seriamente e est\u00e1 morrendo \u00e0 m\u00edngua na cadeia, por falta de acompanhamento m\u00e9dico adequado, tortura acompanhada do sof\u00e1, pela televis\u00e3o, por toda a popula\u00e7\u00e3o brasileira.<\/p>\n<p style=\"font-weight: 400;\">Como n\u00e3o houve golpe de Estado, as centenas de presos pol\u00edticos t\u00eam de ser soltos imediatamente e o Estado os indenizar, ou a suas fam\u00edlias, pois v\u00e1rios j\u00e1 morreram \u00e0 mingua na pris\u00e3o.<\/p>\n<p style=\"font-weight: 400;\">Quanto ao batom, a arma de D\u00e9bora, \u00e9 um cosm\u00e9tico que real\u00e7a os l\u00e1bios de uma mulher. Batom \u00e9 do franc\u00eas \u201cb\u00e2ton\u201d, \u201cbast\u00e3o\u201d em portugu\u00eas. Trata-se do cosm\u00e9tico mais utilizado em todo o mundo. As mulheres sempre o utilizaram ao longo da Hist\u00f3ria. Haver\u00e1 algo mais bonito do que os l\u00e1bios de uma mulher? Sim, l\u00e1bios pintados de vermelho, como rosa colombiana.<\/p>\n<p style=\"font-weight: 400;\"><em>Batom \u00e9 Preciso, Viver n\u00e3o \u00e9 Preciso<\/em>\u00a0\u00e9 um soneto com versos alexandrinos, com cesura na sesta s\u00edlaba.<\/p>\n","protected":false},"excerpt":{"rendered":"<p>Haver\u00e1 maior s\u00edmbolo de liberdade Do que batom vermelho escrito na Justi\u00e7a Tirar, da est\u00e1tua, a venda dos olhos, do esp\u00edrito E contra o verdadeiro golpe erguer a espada? Condenada \u00e0 pris\u00e3o por toda a eternidade Nada cessar\u00e1 o amor que disseminas no \u00e9ter A manifesta\u00e7\u00e3o da vida, o batom, D\u00e9bora! Grilh\u00e3o algum deter\u00e1 a [&hellip;]<\/p>\n","protected":false},"author":2,"featured_media":385368,"comment_status":"closed","ping_status":"closed","sticky":false,"template":"","format":"standard","meta":{"_acf_changed":false,"footnotes":""},"categories":[236],"tags":[],"class_list":["post-385367","post","type-post","status-publish","format-standard","has-post-thumbnail","hentry","category-ponto-de-vista"],"acf":[],"yoast_head":"<!-- This site is optimized with the Yoast SEO plugin v27.2 - https:\/\/yoast.com\/product\/yoast-seo-wordpress\/ -->\n<title>Batom \u00e9 preciso, mas viver n\u00e3o \u00e9 preciso - Notibras<\/title>\n<meta name=\"robots\" content=\"index, follow, max-snippet:-1, max-image-preview:large, max-video-preview:-1\" \/>\n<link rel=\"canonical\" href=\"https:\/\/www.notibras.com\/site\/batom-e-preciso-mas-viver-nao-e-preciso\/\" \/>\n<meta property=\"og:locale\" content=\"pt_BR\" \/>\n<meta property=\"og:type\" content=\"article\" \/>\n<meta property=\"og:title\" content=\"Batom \u00e9 preciso, mas viver n\u00e3o \u00e9 preciso - Notibras\" \/>\n<meta property=\"og:description\" content=\"Haver\u00e1 maior s\u00edmbolo de liberdade Do que batom vermelho escrito na Justi\u00e7a Tirar, da est\u00e1tua, a venda dos olhos, do esp\u00edrito E contra o verdadeiro golpe erguer a espada? Condenada \u00e0 pris\u00e3o por toda a eternidade Nada cessar\u00e1 o amor que disseminas no \u00e9ter A manifesta\u00e7\u00e3o da vida, o batom, D\u00e9bora! Grilh\u00e3o algum deter\u00e1 a [&hellip;]\" \/>\n<meta property=\"og:url\" content=\"https:\/\/www.notibras.com\/site\/batom-e-preciso-mas-viver-nao-e-preciso\/\" \/>\n<meta property=\"og:site_name\" content=\"Notibras\" \/>\n<meta property=\"article:publisher\" content=\"https:\/\/www.facebook.com\/notibras\/\" \/>\n<meta property=\"article:published_time\" content=\"2026-03-03T09:11:30+00:00\" \/>\n<meta property=\"article:modified_time\" content=\"2026-03-03T11:49:50+00:00\" \/>\n<meta property=\"og:image\" content=\"https:\/\/www.notibras.com\/site\/wp-content\/uploads\/2026\/03\/67e17620ed787eb88a7d23c1_Debora_grande.jpg\" \/>\n\t<meta property=\"og:image:width\" content=\"1920\" \/>\n\t<meta property=\"og:image:height\" content=\"1080\" \/>\n\t<meta property=\"og:image:type\" content=\"image\/jpeg\" \/>\n<meta name=\"author\" content=\"Reda\u00e7\u00e3o\" \/>\n<meta name=\"twitter:card\" content=\"summary_large_image\" \/>\n<meta name=\"twitter:creator\" content=\"@Notibras\" \/>\n<meta name=\"twitter:site\" content=\"@Notibras\" \/>\n<meta name=\"twitter:label1\" content=\"Escrito por\" \/>\n\t<meta name=\"twitter:data1\" content=\"Reda\u00e7\u00e3o\" \/>\n\t<meta name=\"twitter:label2\" content=\"Est. tempo de leitura\" \/>\n\t<meta name=\"twitter:data2\" content=\"3 minutos\" \/>\n<script type=\"application\/ld+json\" class=\"yoast-schema-graph\">{\"@context\":\"https:\/\/schema.org\",\"@graph\":[{\"@type\":\"Article\",\"@id\":\"https:\/\/www.notibras.com\/site\/batom-e-preciso-mas-viver-nao-e-preciso\/#article\",\"isPartOf\":{\"@id\":\"https:\/\/www.notibras.com\/site\/batom-e-preciso-mas-viver-nao-e-preciso\/\"},\"author\":{\"name\":\"Reda\u00e7\u00e3o\",\"@id\":\"https:\/\/www.notibras.com\/site\/#\/schema\/person\/36ab0979449956132d3e5b517ea76ac8\"},\"headline\":\"Batom \u00e9 preciso, mas viver n\u00e3o \u00e9 preciso\",\"datePublished\":\"2026-03-03T09:11:30+00:00\",\"dateModified\":\"2026-03-03T11:49:50+00:00\",\"mainEntityOfPage\":{\"@id\":\"https:\/\/www.notibras.com\/site\/batom-e-preciso-mas-viver-nao-e-preciso\/\"},\"wordCount\":516,\"publisher\":{\"@id\":\"https:\/\/www.notibras.com\/site\/#organization\"},\"image\":{\"@id\":\"https:\/\/www.notibras.com\/site\/batom-e-preciso-mas-viver-nao-e-preciso\/#primaryimage\"},\"thumbnailUrl\":\"https:\/\/www.notibras.com\/site\/wp-content\/uploads\/2026\/03\/67e17620ed787eb88a7d23c1_Debora_grande.jpg\",\"articleSection\":[\"Ponto de Vista\"],\"inLanguage\":\"pt-BR\"},{\"@type\":\"WebPage\",\"@id\":\"https:\/\/www.notibras.com\/site\/batom-e-preciso-mas-viver-nao-e-preciso\/\",\"url\":\"https:\/\/www.notibras.com\/site\/batom-e-preciso-mas-viver-nao-e-preciso\/\",\"name\":\"Batom \u00e9 preciso, mas viver n\u00e3o \u00e9 preciso - Notibras\",\"isPartOf\":{\"@id\":\"https:\/\/www.notibras.com\/site\/#website\"},\"primaryImageOfPage\":{\"@id\":\"https:\/\/www.notibras.com\/site\/batom-e-preciso-mas-viver-nao-e-preciso\/#primaryimage\"},\"image\":{\"@id\":\"https:\/\/www.notibras.com\/site\/batom-e-preciso-mas-viver-nao-e-preciso\/#primaryimage\"},\"thumbnailUrl\":\"https:\/\/www.notibras.com\/site\/wp-content\/uploads\/2026\/03\/67e17620ed787eb88a7d23c1_Debora_grande.jpg\",\"datePublished\":\"2026-03-03T09:11:30+00:00\",\"dateModified\":\"2026-03-03T11:49:50+00:00\",\"breadcrumb\":{\"@id\":\"https:\/\/www.notibras.com\/site\/batom-e-preciso-mas-viver-nao-e-preciso\/#breadcrumb\"},\"inLanguage\":\"pt-BR\",\"potentialAction\":[{\"@type\":\"ReadAction\",\"target\":[\"https:\/\/www.notibras.com\/site\/batom-e-preciso-mas-viver-nao-e-preciso\/\"]}]},{\"@type\":\"ImageObject\",\"inLanguage\":\"pt-BR\",\"@id\":\"https:\/\/www.notibras.com\/site\/batom-e-preciso-mas-viver-nao-e-preciso\/#primaryimage\",\"url\":\"https:\/\/www.notibras.com\/site\/wp-content\/uploads\/2026\/03\/67e17620ed787eb88a7d23c1_Debora_grande.jpg\",\"contentUrl\":\"https:\/\/www.notibras.com\/site\/wp-content\/uploads\/2026\/03\/67e17620ed787eb88a7d23c1_Debora_grande.jpg\",\"width\":1920,\"height\":1080},{\"@type\":\"BreadcrumbList\",\"@id\":\"https:\/\/www.notibras.com\/site\/batom-e-preciso-mas-viver-nao-e-preciso\/#breadcrumb\",\"itemListElement\":[{\"@type\":\"ListItem\",\"position\":1,\"name\":\"In\u00edcio\",\"item\":\"https:\/\/www.notibras.com\/site\/\"},{\"@type\":\"ListItem\",\"position\":2,\"name\":\"Batom \u00e9 preciso, mas viver n\u00e3o \u00e9 preciso\"}]},{\"@type\":\"WebSite\",\"@id\":\"https:\/\/www.notibras.com\/site\/#website\",\"url\":\"https:\/\/www.notibras.com\/site\/\",\"name\":\"Notibras\",\"description\":\"Not\u00edcias de Bras\u00edlia, do Brasil e do Mundo\",\"publisher\":{\"@id\":\"https:\/\/www.notibras.com\/site\/#organization\"},\"potentialAction\":[{\"@type\":\"SearchAction\",\"target\":{\"@type\":\"EntryPoint\",\"urlTemplate\":\"https:\/\/www.notibras.com\/site\/?s={search_term_string}\"},\"query-input\":{\"@type\":\"PropertyValueSpecification\",\"valueRequired\":true,\"valueName\":\"search_term_string\"}}],\"inLanguage\":\"pt-BR\"},{\"@type\":\"Organization\",\"@id\":\"https:\/\/www.notibras.com\/site\/#organization\",\"name\":\"Grupo Notibras de Comunica\u00e7\u00e3o\",\"url\":\"https:\/\/www.notibras.com\/site\/\",\"logo\":{\"@type\":\"ImageObject\",\"inLanguage\":\"pt-BR\",\"@id\":\"https:\/\/www.notibras.com\/site\/#\/schema\/logo\/image\/\",\"url\":\"https:\/\/www.notibras.com\/site\/wp-content\/uploads\/2023\/01\/notibras23.png\",\"contentUrl\":\"https:\/\/www.notibras.com\/site\/wp-content\/uploads\/2023\/01\/notibras23.png\",\"width\":350,\"height\":87,\"caption\":\"Grupo Notibras de Comunica\u00e7\u00e3o\"},\"image\":{\"@id\":\"https:\/\/www.notibras.com\/site\/#\/schema\/logo\/image\/\"},\"sameAs\":[\"https:\/\/www.facebook.com\/notibras\/\",\"https:\/\/x.com\/Notibras\",\"https:\/\/www.instagram.com\/notibras\/\"]},{\"@type\":\"Person\",\"@id\":\"https:\/\/www.notibras.com\/site\/#\/schema\/person\/36ab0979449956132d3e5b517ea76ac8\",\"name\":\"Reda\u00e7\u00e3o\",\"image\":{\"@type\":\"ImageObject\",\"inLanguage\":\"pt-BR\",\"@id\":\"https:\/\/secure.gravatar.com\/avatar\/e0a867bdedb85fd243eadf09663511f96fc81e0720a4a42581f334ad4303aa6b?s=96&d=mm&r=g\",\"url\":\"https:\/\/secure.gravatar.com\/avatar\/e0a867bdedb85fd243eadf09663511f96fc81e0720a4a42581f334ad4303aa6b?s=96&d=mm&r=g\",\"contentUrl\":\"https:\/\/secure.gravatar.com\/avatar\/e0a867bdedb85fd243eadf09663511f96fc81e0720a4a42581f334ad4303aa6b?s=96&d=mm&r=g\",\"caption\":\"Reda\u00e7\u00e3o\"}}]}<\/script>\n<!-- \/ Yoast SEO plugin. -->","yoast_head_json":{"title":"Batom \u00e9 preciso, mas viver n\u00e3o \u00e9 preciso - Notibras","robots":{"index":"index","follow":"follow","max-snippet":"max-snippet:-1","max-image-preview":"max-image-preview:large","max-video-preview":"max-video-preview:-1"},"canonical":"https:\/\/www.notibras.com\/site\/batom-e-preciso-mas-viver-nao-e-preciso\/","og_locale":"pt_BR","og_type":"article","og_title":"Batom \u00e9 preciso, mas viver n\u00e3o \u00e9 preciso - Notibras","og_description":"Haver\u00e1 maior s\u00edmbolo de liberdade Do que batom vermelho escrito na Justi\u00e7a Tirar, da est\u00e1tua, a venda dos olhos, do esp\u00edrito E contra o verdadeiro golpe erguer a espada? Condenada \u00e0 pris\u00e3o por toda a eternidade Nada cessar\u00e1 o amor que disseminas no \u00e9ter A manifesta\u00e7\u00e3o da vida, o batom, D\u00e9bora! Grilh\u00e3o algum deter\u00e1 a [&hellip;]","og_url":"https:\/\/www.notibras.com\/site\/batom-e-preciso-mas-viver-nao-e-preciso\/","og_site_name":"Notibras","article_publisher":"https:\/\/www.facebook.com\/notibras\/","article_published_time":"2026-03-03T09:11:30+00:00","article_modified_time":"2026-03-03T11:49:50+00:00","og_image":[{"width":1920,"height":1080,"url":"https:\/\/www.notibras.com\/site\/wp-content\/uploads\/2026\/03\/67e17620ed787eb88a7d23c1_Debora_grande.jpg","type":"image\/jpeg"}],"author":"Reda\u00e7\u00e3o","twitter_card":"summary_large_image","twitter_creator":"@Notibras","twitter_site":"@Notibras","twitter_misc":{"Escrito por":"Reda\u00e7\u00e3o","Est. tempo de leitura":"3 minutos"},"schema":{"@context":"https:\/\/schema.org","@graph":[{"@type":"Article","@id":"https:\/\/www.notibras.com\/site\/batom-e-preciso-mas-viver-nao-e-preciso\/#article","isPartOf":{"@id":"https:\/\/www.notibras.com\/site\/batom-e-preciso-mas-viver-nao-e-preciso\/"},"author":{"name":"Reda\u00e7\u00e3o","@id":"https:\/\/www.notibras.com\/site\/#\/schema\/person\/36ab0979449956132d3e5b517ea76ac8"},"headline":"Batom \u00e9 preciso, mas viver n\u00e3o \u00e9 preciso","datePublished":"2026-03-03T09:11:30+00:00","dateModified":"2026-03-03T11:49:50+00:00","mainEntityOfPage":{"@id":"https:\/\/www.notibras.com\/site\/batom-e-preciso-mas-viver-nao-e-preciso\/"},"wordCount":516,"publisher":{"@id":"https:\/\/www.notibras.com\/site\/#organization"},"image":{"@id":"https:\/\/www.notibras.com\/site\/batom-e-preciso-mas-viver-nao-e-preciso\/#primaryimage"},"thumbnailUrl":"https:\/\/www.notibras.com\/site\/wp-content\/uploads\/2026\/03\/67e17620ed787eb88a7d23c1_Debora_grande.jpg","articleSection":["Ponto de Vista"],"inLanguage":"pt-BR"},{"@type":"WebPage","@id":"https:\/\/www.notibras.com\/site\/batom-e-preciso-mas-viver-nao-e-preciso\/","url":"https:\/\/www.notibras.com\/site\/batom-e-preciso-mas-viver-nao-e-preciso\/","name":"Batom \u00e9 preciso, mas viver n\u00e3o \u00e9 preciso - Notibras","isPartOf":{"@id":"https:\/\/www.notibras.com\/site\/#website"},"primaryImageOfPage":{"@id":"https:\/\/www.notibras.com\/site\/batom-e-preciso-mas-viver-nao-e-preciso\/#primaryimage"},"image":{"@id":"https:\/\/www.notibras.com\/site\/batom-e-preciso-mas-viver-nao-e-preciso\/#primaryimage"},"thumbnailUrl":"https:\/\/www.notibras.com\/site\/wp-content\/uploads\/2026\/03\/67e17620ed787eb88a7d23c1_Debora_grande.jpg","datePublished":"2026-03-03T09:11:30+00:00","dateModified":"2026-03-03T11:49:50+00:00","breadcrumb":{"@id":"https:\/\/www.notibras.com\/site\/batom-e-preciso-mas-viver-nao-e-preciso\/#breadcrumb"},"inLanguage":"pt-BR","potentialAction":[{"@type":"ReadAction","target":["https:\/\/www.notibras.com\/site\/batom-e-preciso-mas-viver-nao-e-preciso\/"]}]},{"@type":"ImageObject","inLanguage":"pt-BR","@id":"https:\/\/www.notibras.com\/site\/batom-e-preciso-mas-viver-nao-e-preciso\/#primaryimage","url":"https:\/\/www.notibras.com\/site\/wp-content\/uploads\/2026\/03\/67e17620ed787eb88a7d23c1_Debora_grande.jpg","contentUrl":"https:\/\/www.notibras.com\/site\/wp-content\/uploads\/2026\/03\/67e17620ed787eb88a7d23c1_Debora_grande.jpg","width":1920,"height":1080},{"@type":"BreadcrumbList","@id":"https:\/\/www.notibras.com\/site\/batom-e-preciso-mas-viver-nao-e-preciso\/#breadcrumb","itemListElement":[{"@type":"ListItem","position":1,"name":"In\u00edcio","item":"https:\/\/www.notibras.com\/site\/"},{"@type":"ListItem","position":2,"name":"Batom \u00e9 preciso, mas viver n\u00e3o \u00e9 preciso"}]},{"@type":"WebSite","@id":"https:\/\/www.notibras.com\/site\/#website","url":"https:\/\/www.notibras.com\/site\/","name":"Notibras","description":"Not\u00edcias de Bras\u00edlia, do Brasil e do Mundo","publisher":{"@id":"https:\/\/www.notibras.com\/site\/#organization"},"potentialAction":[{"@type":"SearchAction","target":{"@type":"EntryPoint","urlTemplate":"https:\/\/www.notibras.com\/site\/?s={search_term_string}"},"query-input":{"@type":"PropertyValueSpecification","valueRequired":true,"valueName":"search_term_string"}}],"inLanguage":"pt-BR"},{"@type":"Organization","@id":"https:\/\/www.notibras.com\/site\/#organization","name":"Grupo Notibras de Comunica\u00e7\u00e3o","url":"https:\/\/www.notibras.com\/site\/","logo":{"@type":"ImageObject","inLanguage":"pt-BR","@id":"https:\/\/www.notibras.com\/site\/#\/schema\/logo\/image\/","url":"https:\/\/www.notibras.com\/site\/wp-content\/uploads\/2023\/01\/notibras23.png","contentUrl":"https:\/\/www.notibras.com\/site\/wp-content\/uploads\/2023\/01\/notibras23.png","width":350,"height":87,"caption":"Grupo Notibras de Comunica\u00e7\u00e3o"},"image":{"@id":"https:\/\/www.notibras.com\/site\/#\/schema\/logo\/image\/"},"sameAs":["https:\/\/www.facebook.com\/notibras\/","https:\/\/x.com\/Notibras","https:\/\/www.instagram.com\/notibras\/"]},{"@type":"Person","@id":"https:\/\/www.notibras.com\/site\/#\/schema\/person\/36ab0979449956132d3e5b517ea76ac8","name":"Reda\u00e7\u00e3o","image":{"@type":"ImageObject","inLanguage":"pt-BR","@id":"https:\/\/secure.gravatar.com\/avatar\/e0a867bdedb85fd243eadf09663511f96fc81e0720a4a42581f334ad4303aa6b?s=96&d=mm&r=g","url":"https:\/\/secure.gravatar.com\/avatar\/e0a867bdedb85fd243eadf09663511f96fc81e0720a4a42581f334ad4303aa6b?s=96&d=mm&r=g","contentUrl":"https:\/\/secure.gravatar.com\/avatar\/e0a867bdedb85fd243eadf09663511f96fc81e0720a4a42581f334ad4303aa6b?s=96&d=mm&r=g","caption":"Reda\u00e7\u00e3o"}}]}},"amp_enabled":true,"_links":{"self":[{"href":"https:\/\/www.notibras.com\/site\/wp-json\/wp\/v2\/posts\/385367","targetHints":{"allow":["GET"]}}],"collection":[{"href":"https:\/\/www.notibras.com\/site\/wp-json\/wp\/v2\/posts"}],"about":[{"href":"https:\/\/www.notibras.com\/site\/wp-json\/wp\/v2\/types\/post"}],"author":[{"embeddable":true,"href":"https:\/\/www.notibras.com\/site\/wp-json\/wp\/v2\/users\/2"}],"replies":[{"embeddable":true,"href":"https:\/\/www.notibras.com\/site\/wp-json\/wp\/v2\/comments?post=385367"}],"version-history":[{"count":2,"href":"https:\/\/www.notibras.com\/site\/wp-json\/wp\/v2\/posts\/385367\/revisions"}],"predecessor-version":[{"id":385387,"href":"https:\/\/www.notibras.com\/site\/wp-json\/wp\/v2\/posts\/385367\/revisions\/385387"}],"wp:featuredmedia":[{"embeddable":true,"href":"https:\/\/www.notibras.com\/site\/wp-json\/wp\/v2\/media\/385368"}],"wp:attachment":[{"href":"https:\/\/www.notibras.com\/site\/wp-json\/wp\/v2\/media?parent=385367"}],"wp:term":[{"taxonomy":"category","embeddable":true,"href":"https:\/\/www.notibras.com\/site\/wp-json\/wp\/v2\/categories?post=385367"},{"taxonomy":"post_tag","embeddable":true,"href":"https:\/\/www.notibras.com\/site\/wp-json\/wp\/v2\/tags?post=385367"}],"curies":[{"name":"wp","href":"https:\/\/api.w.org\/{rel}","templated":true}]}}