{"id":385381,"date":"2026-03-03T06:09:47","date_gmt":"2026-03-03T09:09:47","guid":{"rendered":"https:\/\/www.notibras.com\/site\/?p=385381"},"modified":"2026-03-03T08:21:26","modified_gmt":"2026-03-03T11:21:26","slug":"federalizacao-do-brb-entra-no-radar-do-banco-central","status":"publish","type":"post","link":"https:\/\/www.notibras.com\/site\/federalizacao-do-brb-entra-no-radar-do-banco-central\/","title":{"rendered":"Federaliza\u00e7\u00e3o do BRB entra no radar do Banco Central"},"content":{"rendered":"<p data-start=\"123\" data-end=\"688\">O 2 de mar\u00e7o n\u00e3o foi um dia qualquer na pol\u00edtica brasiliense. Foi o dia em que a crise do Banco de Bras\u00edlia deixou de ser um cochicho t\u00e9cnico entre diretores engravatados e virou assunto de plen\u00e1rio, corredor e gabinete fechado. Depois de quase 12 horas de reuni\u00e3o \u2014 com longos trechos a portas trancadas \u2014 Nelson Ant\u00f4nio de Souza avisou, sem rodeios dram\u00e1ticos, que sem o PL n\u00ba 2.175\/2026 o banco pode enfrentar inviabilidade operacional. Na tradu\u00e7\u00e3o pol\u00edtica isso significa que o problema n\u00e3o ficaria restrito ao balan\u00e7o; respingaria no funcionalismo, no mercado e no pr\u00f3prio governo.<\/p>\n<p data-start=\"690\" data-end=\"879\">Pode-se negar em p\u00fablico, mas o fato \u00e9 que o BRB j\u00e1 entrou no radar do Banco Central para uma eventual federaliza\u00e7\u00e3o. E quando esse fantasma come\u00e7a a circular, n\u00e3o \u00e9 porque o c\u00e9u est\u00e1 azul. Nelson, que chegou a marcar e desmarcar entrevista com <strong>Notibras<\/strong> sem motiva\u00e7\u00e3o aparente, n\u00e3o apresentou aos deputados argumento in\u00e9dito. Repetiu, com pequenas varia\u00e7\u00f5es de tom, o mantra oficial. Algo do tipo &#8220;inseguran\u00e7a jur\u00eddica gera instabilidade, que gera restri\u00e7\u00e3o de mercado, que gera efeito domin\u00f3&#8221;. A narrativa mistura alerta t\u00e9cnico com senso de urg\u00eancia pol\u00edtica. O recado aos distritais foi direto, ou seja, votar sob press\u00e3o pode ser desconfort\u00e1vel, mas n\u00e3o votar pode sair mais caro.<\/p>\n<p data-start=\"1343\" data-end=\"1813\">Ao admitir falhas na condu\u00e7\u00e3o do processo envolvendo o Banco Master, o presidente buscou vestir o figurino da transpar\u00eancia respons\u00e1vel. Reconheceu trope\u00e7os, mas tratou o passado como cap\u00edtulo encerrado. O foco, segundo ele, \u00e9 garantir os instrumentos legais para recompor patrim\u00f4nio, sustentar a solv\u00eancia e evitar que o banco perca musculatura operacional. O banco funciona, insiste a dire\u00e7\u00e3o. Mas precisa de oxig\u00eanio jur\u00eddico para n\u00e3o entrar em asfixia institucional.<\/p>\n<p data-start=\"1815\" data-end=\"2419\">O problema \u00e9 que, enquanto o Executivo pede pressa, a pr\u00f3pria C\u00e2mara decidiu puxar o freio. A Consultoria Legislativa produziu uma nota t\u00e9cnica robusta recomendando a rejei\u00e7\u00e3o do projeto na forma atual. O documento aponta aus\u00eancia de estimativa formal de impacto or\u00e7ament\u00e1rio-financeiro compat\u00edvel com a Lei de Responsabilidade Fiscal, lacunas na compatibilidade com LOA, LDO e PPA, inexist\u00eancia de avalia\u00e7\u00e3o econ\u00f4mica pr\u00e9via dos bens p\u00fablicos envolvidos e riscos jur\u00eddicos na modelagem patrimonial. De quebra, levanta d\u00favidas sobre limites de endividamento e capacidade de pagamento do Distrito Federal.<\/p>\n<p data-start=\"2421\" data-end=\"2673\">N\u00e3o \u00e9 discurso inflamado de oposi\u00e7\u00e3o em microfone aberto. \u00c9 parecer t\u00e9cnico interno. E isso muda o jogo. A vota\u00e7\u00e3o deixa de ser ato protocolar e vira confronto expl\u00edcito entre a narrativa de urg\u00eancia do Executivo e o diagn\u00f3stico formal da pr\u00f3pria Casa.<\/p>\n<p data-start=\"2675\" data-end=\"3054\">Surge, ent\u00e3o, a tal emenda distrital, vendida como ponte poss\u00edvel. Exige plano formal de retorno econ\u00f4mico ao DF antes de qualquer aporte, com metas, prazos e mecanismos de compensa\u00e7\u00e3o. \u00c9 o colete \u00e0 prova de desgaste pol\u00edtico para quem cogita votar \u201csim\u201d, mas n\u00e3o quer sair chamuscado. Ainda assim, as fragilidades apontadas n\u00e3o evaporam; apenas ganham embalagem mais palat\u00e1vel.<\/p>\n<p data-start=\"3056\" data-end=\"3603\">Nos bastidores, a palavra \u201cfederaliza\u00e7\u00e3o\u201d circula com intensidade crescente. Oficialmente negada, extraoficialmente debatida. Para alguns, seria sa\u00edda t\u00e9cnica caso o impasse persista. Para outros, rearranjo pol\u00edtico de maior alcance. H\u00e1 ainda quem sustente que, para o cidad\u00e3o comum, a eventual incorpora\u00e7\u00e3o por banco federal n\u00e3o representaria preju\u00edzo direto, dada a robustez dessas institui\u00e7\u00f5es. O simples fato de essa hip\u00f3tese ter deixado o sussurro e alcan\u00e7ado as conversas francas j\u00e1 revela que o debate extrapolou a tramita\u00e7\u00e3o de um projeto.<\/p>\n<p data-start=\"3605\" data-end=\"3905\">O que est\u00e1 em jogo n\u00e3o \u00e9 apenas um texto legislativo. \u00c9 a escolha de qual risco assumir: aprovar um projeto que a consultoria recomenda rever \u2014 e assumir o desgaste futuro \u2014 ou rejeitar a proposta e conviver com a narrativa de inviabilidade operacional propagada pela dire\u00e7\u00e3o do banco e pelo Pal\u00e1cio.<\/p>\n<p data-start=\"3907\" data-end=\"4192\">Diferentemente de outras vota\u00e7\u00f5es estrat\u00e9gicas do governo, desta vez o autom\u00e1tico emperrou. Doze horas de explica\u00e7\u00f5es n\u00e3o produziram consenso instant\u00e2neo. E, em Bras\u00edlia, quando o consenso n\u00e3o nasce no mesmo dia, \u00e9 porque o c\u00e1lculo pol\u00edtico ficou mais complexo do que o governo previa. O BRB, afinal, saiu do cofre t\u00e9cnico e entrou na arena. E, na arena, principalmente quando montada em ano eleitoral, o que decide n\u00e3o \u00e9 s\u00f3 planilha, mas em especial, o poder.<\/p>\n<p data-start=\"3907\" data-end=\"4192\">&#8230;&#8230;&#8230;&#8230;&#8230;..<\/p>\n<p data-start=\"3907\" data-end=\"4192\"><strong>Carolina Paiva \u00e9 Editora do Quadradinho em Foco<\/strong><\/p>\n","protected":false},"excerpt":{"rendered":"<p>O 2 de mar\u00e7o n\u00e3o foi um dia qualquer na pol\u00edtica brasiliense. Foi o dia em que a crise do Banco de Bras\u00edlia deixou de ser um cochicho t\u00e9cnico entre diretores engravatados e virou assunto de plen\u00e1rio, corredor e gabinete fechado. Depois de quase 12 horas de reuni\u00e3o \u2014 com longos trechos a portas trancadas [&hellip;]<\/p>\n","protected":false},"author":2,"featured_media":385382,"comment_status":"closed","ping_status":"closed","sticky":false,"template":"","format":"standard","meta":{"_acf_changed":false,"footnotes":""},"categories":[161],"tags":[],"class_list":["post-385381","post","type-post","status-publish","format-standard","has-post-thumbnail","hentry","category-quadradinho-em-foco"],"acf":[],"yoast_head":"<!-- This site is optimized with the Yoast SEO plugin v27.2 - https:\/\/yoast.com\/product\/yoast-seo-wordpress\/ -->\n<title>Federaliza\u00e7\u00e3o do BRB entra no radar do Banco Central - Notibras<\/title>\n<meta name=\"robots\" content=\"index, follow, max-snippet:-1, max-image-preview:large, max-video-preview:-1\" \/>\n<link rel=\"canonical\" href=\"https:\/\/www.notibras.com\/site\/federalizacao-do-brb-entra-no-radar-do-banco-central\/\" \/>\n<meta property=\"og:locale\" content=\"pt_BR\" \/>\n<meta property=\"og:type\" content=\"article\" \/>\n<meta property=\"og:title\" content=\"Federaliza\u00e7\u00e3o do BRB entra no radar do Banco Central - Notibras\" \/>\n<meta property=\"og:description\" content=\"O 2 de mar\u00e7o n\u00e3o foi um dia qualquer na pol\u00edtica brasiliense. Foi o dia em que a crise do Banco de Bras\u00edlia deixou de ser um cochicho t\u00e9cnico entre diretores engravatados e virou assunto de plen\u00e1rio, corredor e gabinete fechado. Depois de quase 12 horas de reuni\u00e3o \u2014 com longos trechos a portas trancadas [&hellip;]\" \/>\n<meta property=\"og:url\" content=\"https:\/\/www.notibras.com\/site\/federalizacao-do-brb-entra-no-radar-do-banco-central\/\" \/>\n<meta property=\"og:site_name\" content=\"Notibras\" \/>\n<meta property=\"article:publisher\" content=\"https:\/\/www.facebook.com\/notibras\/\" \/>\n<meta property=\"article:published_time\" content=\"2026-03-03T09:09:47+00:00\" \/>\n<meta property=\"article:modified_time\" content=\"2026-03-03T11:21:26+00:00\" \/>\n<meta property=\"og:image\" content=\"https:\/\/www.notibras.com\/site\/wp-content\/uploads\/2026\/03\/260302AP10-332.jpg\" \/>\n\t<meta property=\"og:image:width\" content=\"2500\" \/>\n\t<meta property=\"og:image:height\" content=\"1667\" \/>\n\t<meta property=\"og:image:type\" content=\"image\/jpeg\" \/>\n<meta name=\"author\" content=\"Reda\u00e7\u00e3o\" \/>\n<meta name=\"twitter:card\" content=\"summary_large_image\" \/>\n<meta name=\"twitter:creator\" content=\"@Notibras\" \/>\n<meta name=\"twitter:site\" content=\"@Notibras\" \/>\n<meta name=\"twitter:label1\" content=\"Escrito por\" \/>\n\t<meta name=\"twitter:data1\" content=\"Reda\u00e7\u00e3o\" \/>\n\t<meta name=\"twitter:label2\" content=\"Est. tempo de leitura\" \/>\n\t<meta name=\"twitter:data2\" content=\"5 minutos\" \/>\n<script type=\"application\/ld+json\" class=\"yoast-schema-graph\">{\"@context\":\"https:\/\/schema.org\",\"@graph\":[{\"@type\":\"Article\",\"@id\":\"https:\/\/www.notibras.com\/site\/federalizacao-do-brb-entra-no-radar-do-banco-central\/#article\",\"isPartOf\":{\"@id\":\"https:\/\/www.notibras.com\/site\/federalizacao-do-brb-entra-no-radar-do-banco-central\/\"},\"author\":{\"name\":\"Reda\u00e7\u00e3o\",\"@id\":\"https:\/\/www.notibras.com\/site\/#\/schema\/person\/36ab0979449956132d3e5b517ea76ac8\"},\"headline\":\"Federaliza\u00e7\u00e3o do BRB entra no radar do Banco Central\",\"datePublished\":\"2026-03-03T09:09:47+00:00\",\"dateModified\":\"2026-03-03T11:21:26+00:00\",\"mainEntityOfPage\":{\"@id\":\"https:\/\/www.notibras.com\/site\/federalizacao-do-brb-entra-no-radar-do-banco-central\/\"},\"wordCount\":774,\"publisher\":{\"@id\":\"https:\/\/www.notibras.com\/site\/#organization\"},\"image\":{\"@id\":\"https:\/\/www.notibras.com\/site\/federalizacao-do-brb-entra-no-radar-do-banco-central\/#primaryimage\"},\"thumbnailUrl\":\"https:\/\/www.notibras.com\/site\/wp-content\/uploads\/2026\/03\/260302AP10-332.jpg\",\"articleSection\":[\"Quadradinho em Foco\"],\"inLanguage\":\"pt-BR\"},{\"@type\":\"WebPage\",\"@id\":\"https:\/\/www.notibras.com\/site\/federalizacao-do-brb-entra-no-radar-do-banco-central\/\",\"url\":\"https:\/\/www.notibras.com\/site\/federalizacao-do-brb-entra-no-radar-do-banco-central\/\",\"name\":\"Federaliza\u00e7\u00e3o do BRB entra no radar do Banco Central - Notibras\",\"isPartOf\":{\"@id\":\"https:\/\/www.notibras.com\/site\/#website\"},\"primaryImageOfPage\":{\"@id\":\"https:\/\/www.notibras.com\/site\/federalizacao-do-brb-entra-no-radar-do-banco-central\/#primaryimage\"},\"image\":{\"@id\":\"https:\/\/www.notibras.com\/site\/federalizacao-do-brb-entra-no-radar-do-banco-central\/#primaryimage\"},\"thumbnailUrl\":\"https:\/\/www.notibras.com\/site\/wp-content\/uploads\/2026\/03\/260302AP10-332.jpg\",\"datePublished\":\"2026-03-03T09:09:47+00:00\",\"dateModified\":\"2026-03-03T11:21:26+00:00\",\"breadcrumb\":{\"@id\":\"https:\/\/www.notibras.com\/site\/federalizacao-do-brb-entra-no-radar-do-banco-central\/#breadcrumb\"},\"inLanguage\":\"pt-BR\",\"potentialAction\":[{\"@type\":\"ReadAction\",\"target\":[\"https:\/\/www.notibras.com\/site\/federalizacao-do-brb-entra-no-radar-do-banco-central\/\"]}]},{\"@type\":\"ImageObject\",\"inLanguage\":\"pt-BR\",\"@id\":\"https:\/\/www.notibras.com\/site\/federalizacao-do-brb-entra-no-radar-do-banco-central\/#primaryimage\",\"url\":\"https:\/\/www.notibras.com\/site\/wp-content\/uploads\/2026\/03\/260302AP10-332.jpg\",\"contentUrl\":\"https:\/\/www.notibras.com\/site\/wp-content\/uploads\/2026\/03\/260302AP10-332.jpg\",\"width\":2500,\"height\":1667,\"caption\":\"Reuni\u00e3o dos distritais com o BRB Foto: \u00c2ngelo Pignaton\/Ag\u00eancia CLDF\"},{\"@type\":\"BreadcrumbList\",\"@id\":\"https:\/\/www.notibras.com\/site\/federalizacao-do-brb-entra-no-radar-do-banco-central\/#breadcrumb\",\"itemListElement\":[{\"@type\":\"ListItem\",\"position\":1,\"name\":\"In\u00edcio\",\"item\":\"https:\/\/www.notibras.com\/site\/\"},{\"@type\":\"ListItem\",\"position\":2,\"name\":\"Federaliza\u00e7\u00e3o do BRB entra no radar do Banco Central\"}]},{\"@type\":\"WebSite\",\"@id\":\"https:\/\/www.notibras.com\/site\/#website\",\"url\":\"https:\/\/www.notibras.com\/site\/\",\"name\":\"Notibras\",\"description\":\"Not\u00edcias de Bras\u00edlia, do Brasil e do Mundo\",\"publisher\":{\"@id\":\"https:\/\/www.notibras.com\/site\/#organization\"},\"potentialAction\":[{\"@type\":\"SearchAction\",\"target\":{\"@type\":\"EntryPoint\",\"urlTemplate\":\"https:\/\/www.notibras.com\/site\/?s={search_term_string}\"},\"query-input\":{\"@type\":\"PropertyValueSpecification\",\"valueRequired\":true,\"valueName\":\"search_term_string\"}}],\"inLanguage\":\"pt-BR\"},{\"@type\":\"Organization\",\"@id\":\"https:\/\/www.notibras.com\/site\/#organization\",\"name\":\"Grupo Notibras de Comunica\u00e7\u00e3o\",\"url\":\"https:\/\/www.notibras.com\/site\/\",\"logo\":{\"@type\":\"ImageObject\",\"inLanguage\":\"pt-BR\",\"@id\":\"https:\/\/www.notibras.com\/site\/#\/schema\/logo\/image\/\",\"url\":\"https:\/\/www.notibras.com\/site\/wp-content\/uploads\/2023\/01\/notibras23.png\",\"contentUrl\":\"https:\/\/www.notibras.com\/site\/wp-content\/uploads\/2023\/01\/notibras23.png\",\"width\":350,\"height\":87,\"caption\":\"Grupo Notibras de Comunica\u00e7\u00e3o\"},\"image\":{\"@id\":\"https:\/\/www.notibras.com\/site\/#\/schema\/logo\/image\/\"},\"sameAs\":[\"https:\/\/www.facebook.com\/notibras\/\",\"https:\/\/x.com\/Notibras\",\"https:\/\/www.instagram.com\/notibras\/\"]},{\"@type\":\"Person\",\"@id\":\"https:\/\/www.notibras.com\/site\/#\/schema\/person\/36ab0979449956132d3e5b517ea76ac8\",\"name\":\"Reda\u00e7\u00e3o\",\"image\":{\"@type\":\"ImageObject\",\"inLanguage\":\"pt-BR\",\"@id\":\"https:\/\/secure.gravatar.com\/avatar\/e0a867bdedb85fd243eadf09663511f96fc81e0720a4a42581f334ad4303aa6b?s=96&d=mm&r=g\",\"url\":\"https:\/\/secure.gravatar.com\/avatar\/e0a867bdedb85fd243eadf09663511f96fc81e0720a4a42581f334ad4303aa6b?s=96&d=mm&r=g\",\"contentUrl\":\"https:\/\/secure.gravatar.com\/avatar\/e0a867bdedb85fd243eadf09663511f96fc81e0720a4a42581f334ad4303aa6b?s=96&d=mm&r=g\",\"caption\":\"Reda\u00e7\u00e3o\"}}]}<\/script>\n<!-- \/ Yoast SEO plugin. -->","yoast_head_json":{"title":"Federaliza\u00e7\u00e3o do BRB entra no radar do Banco Central - Notibras","robots":{"index":"index","follow":"follow","max-snippet":"max-snippet:-1","max-image-preview":"max-image-preview:large","max-video-preview":"max-video-preview:-1"},"canonical":"https:\/\/www.notibras.com\/site\/federalizacao-do-brb-entra-no-radar-do-banco-central\/","og_locale":"pt_BR","og_type":"article","og_title":"Federaliza\u00e7\u00e3o do BRB entra no radar do Banco Central - Notibras","og_description":"O 2 de mar\u00e7o n\u00e3o foi um dia qualquer na pol\u00edtica brasiliense. Foi o dia em que a crise do Banco de Bras\u00edlia deixou de ser um cochicho t\u00e9cnico entre diretores engravatados e virou assunto de plen\u00e1rio, corredor e gabinete fechado. Depois de quase 12 horas de reuni\u00e3o \u2014 com longos trechos a portas trancadas [&hellip;]","og_url":"https:\/\/www.notibras.com\/site\/federalizacao-do-brb-entra-no-radar-do-banco-central\/","og_site_name":"Notibras","article_publisher":"https:\/\/www.facebook.com\/notibras\/","article_published_time":"2026-03-03T09:09:47+00:00","article_modified_time":"2026-03-03T11:21:26+00:00","og_image":[{"width":2500,"height":1667,"url":"https:\/\/www.notibras.com\/site\/wp-content\/uploads\/2026\/03\/260302AP10-332.jpg","type":"image\/jpeg"}],"author":"Reda\u00e7\u00e3o","twitter_card":"summary_large_image","twitter_creator":"@Notibras","twitter_site":"@Notibras","twitter_misc":{"Escrito por":"Reda\u00e7\u00e3o","Est. tempo de leitura":"5 minutos"},"schema":{"@context":"https:\/\/schema.org","@graph":[{"@type":"Article","@id":"https:\/\/www.notibras.com\/site\/federalizacao-do-brb-entra-no-radar-do-banco-central\/#article","isPartOf":{"@id":"https:\/\/www.notibras.com\/site\/federalizacao-do-brb-entra-no-radar-do-banco-central\/"},"author":{"name":"Reda\u00e7\u00e3o","@id":"https:\/\/www.notibras.com\/site\/#\/schema\/person\/36ab0979449956132d3e5b517ea76ac8"},"headline":"Federaliza\u00e7\u00e3o do BRB entra no radar do Banco Central","datePublished":"2026-03-03T09:09:47+00:00","dateModified":"2026-03-03T11:21:26+00:00","mainEntityOfPage":{"@id":"https:\/\/www.notibras.com\/site\/federalizacao-do-brb-entra-no-radar-do-banco-central\/"},"wordCount":774,"publisher":{"@id":"https:\/\/www.notibras.com\/site\/#organization"},"image":{"@id":"https:\/\/www.notibras.com\/site\/federalizacao-do-brb-entra-no-radar-do-banco-central\/#primaryimage"},"thumbnailUrl":"https:\/\/www.notibras.com\/site\/wp-content\/uploads\/2026\/03\/260302AP10-332.jpg","articleSection":["Quadradinho em Foco"],"inLanguage":"pt-BR"},{"@type":"WebPage","@id":"https:\/\/www.notibras.com\/site\/federalizacao-do-brb-entra-no-radar-do-banco-central\/","url":"https:\/\/www.notibras.com\/site\/federalizacao-do-brb-entra-no-radar-do-banco-central\/","name":"Federaliza\u00e7\u00e3o do BRB entra no radar do Banco Central - Notibras","isPartOf":{"@id":"https:\/\/www.notibras.com\/site\/#website"},"primaryImageOfPage":{"@id":"https:\/\/www.notibras.com\/site\/federalizacao-do-brb-entra-no-radar-do-banco-central\/#primaryimage"},"image":{"@id":"https:\/\/www.notibras.com\/site\/federalizacao-do-brb-entra-no-radar-do-banco-central\/#primaryimage"},"thumbnailUrl":"https:\/\/www.notibras.com\/site\/wp-content\/uploads\/2026\/03\/260302AP10-332.jpg","datePublished":"2026-03-03T09:09:47+00:00","dateModified":"2026-03-03T11:21:26+00:00","breadcrumb":{"@id":"https:\/\/www.notibras.com\/site\/federalizacao-do-brb-entra-no-radar-do-banco-central\/#breadcrumb"},"inLanguage":"pt-BR","potentialAction":[{"@type":"ReadAction","target":["https:\/\/www.notibras.com\/site\/federalizacao-do-brb-entra-no-radar-do-banco-central\/"]}]},{"@type":"ImageObject","inLanguage":"pt-BR","@id":"https:\/\/www.notibras.com\/site\/federalizacao-do-brb-entra-no-radar-do-banco-central\/#primaryimage","url":"https:\/\/www.notibras.com\/site\/wp-content\/uploads\/2026\/03\/260302AP10-332.jpg","contentUrl":"https:\/\/www.notibras.com\/site\/wp-content\/uploads\/2026\/03\/260302AP10-332.jpg","width":2500,"height":1667,"caption":"Reuni\u00e3o dos distritais com o BRB Foto: \u00c2ngelo Pignaton\/Ag\u00eancia CLDF"},{"@type":"BreadcrumbList","@id":"https:\/\/www.notibras.com\/site\/federalizacao-do-brb-entra-no-radar-do-banco-central\/#breadcrumb","itemListElement":[{"@type":"ListItem","position":1,"name":"In\u00edcio","item":"https:\/\/www.notibras.com\/site\/"},{"@type":"ListItem","position":2,"name":"Federaliza\u00e7\u00e3o do BRB entra no radar do Banco Central"}]},{"@type":"WebSite","@id":"https:\/\/www.notibras.com\/site\/#website","url":"https:\/\/www.notibras.com\/site\/","name":"Notibras","description":"Not\u00edcias de Bras\u00edlia, do Brasil e do Mundo","publisher":{"@id":"https:\/\/www.notibras.com\/site\/#organization"},"potentialAction":[{"@type":"SearchAction","target":{"@type":"EntryPoint","urlTemplate":"https:\/\/www.notibras.com\/site\/?s={search_term_string}"},"query-input":{"@type":"PropertyValueSpecification","valueRequired":true,"valueName":"search_term_string"}}],"inLanguage":"pt-BR"},{"@type":"Organization","@id":"https:\/\/www.notibras.com\/site\/#organization","name":"Grupo Notibras de Comunica\u00e7\u00e3o","url":"https:\/\/www.notibras.com\/site\/","logo":{"@type":"ImageObject","inLanguage":"pt-BR","@id":"https:\/\/www.notibras.com\/site\/#\/schema\/logo\/image\/","url":"https:\/\/www.notibras.com\/site\/wp-content\/uploads\/2023\/01\/notibras23.png","contentUrl":"https:\/\/www.notibras.com\/site\/wp-content\/uploads\/2023\/01\/notibras23.png","width":350,"height":87,"caption":"Grupo Notibras de Comunica\u00e7\u00e3o"},"image":{"@id":"https:\/\/www.notibras.com\/site\/#\/schema\/logo\/image\/"},"sameAs":["https:\/\/www.facebook.com\/notibras\/","https:\/\/x.com\/Notibras","https:\/\/www.instagram.com\/notibras\/"]},{"@type":"Person","@id":"https:\/\/www.notibras.com\/site\/#\/schema\/person\/36ab0979449956132d3e5b517ea76ac8","name":"Reda\u00e7\u00e3o","image":{"@type":"ImageObject","inLanguage":"pt-BR","@id":"https:\/\/secure.gravatar.com\/avatar\/e0a867bdedb85fd243eadf09663511f96fc81e0720a4a42581f334ad4303aa6b?s=96&d=mm&r=g","url":"https:\/\/secure.gravatar.com\/avatar\/e0a867bdedb85fd243eadf09663511f96fc81e0720a4a42581f334ad4303aa6b?s=96&d=mm&r=g","contentUrl":"https:\/\/secure.gravatar.com\/avatar\/e0a867bdedb85fd243eadf09663511f96fc81e0720a4a42581f334ad4303aa6b?s=96&d=mm&r=g","caption":"Reda\u00e7\u00e3o"}}]}},"amp_enabled":true,"_links":{"self":[{"href":"https:\/\/www.notibras.com\/site\/wp-json\/wp\/v2\/posts\/385381","targetHints":{"allow":["GET"]}}],"collection":[{"href":"https:\/\/www.notibras.com\/site\/wp-json\/wp\/v2\/posts"}],"about":[{"href":"https:\/\/www.notibras.com\/site\/wp-json\/wp\/v2\/types\/post"}],"author":[{"embeddable":true,"href":"https:\/\/www.notibras.com\/site\/wp-json\/wp\/v2\/users\/2"}],"replies":[{"embeddable":true,"href":"https:\/\/www.notibras.com\/site\/wp-json\/wp\/v2\/comments?post=385381"}],"version-history":[{"count":1,"href":"https:\/\/www.notibras.com\/site\/wp-json\/wp\/v2\/posts\/385381\/revisions"}],"predecessor-version":[{"id":385383,"href":"https:\/\/www.notibras.com\/site\/wp-json\/wp\/v2\/posts\/385381\/revisions\/385383"}],"wp:featuredmedia":[{"embeddable":true,"href":"https:\/\/www.notibras.com\/site\/wp-json\/wp\/v2\/media\/385382"}],"wp:attachment":[{"href":"https:\/\/www.notibras.com\/site\/wp-json\/wp\/v2\/media?parent=385381"}],"wp:term":[{"taxonomy":"category","embeddable":true,"href":"https:\/\/www.notibras.com\/site\/wp-json\/wp\/v2\/categories?post=385381"},{"taxonomy":"post_tag","embeddable":true,"href":"https:\/\/www.notibras.com\/site\/wp-json\/wp\/v2\/tags?post=385381"}],"curies":[{"name":"wp","href":"https:\/\/api.w.org\/{rel}","templated":true}]}}