{"id":385388,"date":"2026-03-03T06:53:07","date_gmt":"2026-03-03T09:53:07","guid":{"rendered":"https:\/\/www.notibras.com\/site\/?p=385388"},"modified":"2026-03-03T08:56:30","modified_gmt":"2026-03-03T11:56:30","slug":"onde-ha-chuva-povo-agradece-o-choro-de-deus","status":"publish","type":"post","link":"https:\/\/www.notibras.com\/site\/onde-ha-chuva-povo-agradece-o-choro-de-deus\/","title":{"rendered":"Onde h\u00e1 chuva, povo agradece &#8216;o choro de Deus&#8217;"},"content":{"rendered":"<p>No Sert\u00e3o nordestino, a chuva, quando chega, n\u00e3o \u00e9 apenas fen\u00f4meno meteorol\u00f3gico \u2014 \u00e9 milagre. \u00c9 esperan\u00e7a que cai do c\u00e9u em gotas grossas, \u00e9 promessa de fartura, \u00e9 o sorriso aberto de quem passou meses olhando para um horizonte seco e rachado. Quando ela chega, muitos dizem, com f\u00e9 e simplicidade: \u201c\u00c9 o choro de Deus aben\u00e7oando o ch\u00e3o.\u201d<\/p>\n<p>O Sert\u00e3o \u00e9 marcado historicamente pela irregularidade das chuvas e pelos longos per\u00edodos de estiagem. Munic\u00edpios do interior de estados como Pernambuco, Cear\u00e1, Para\u00edba e Rio Grande do Norte convivem com a imprevisibilidade do clima.<\/p>\n<p>Durante a seca, o cen\u00e1rio \u00e9 duro: a\u00e7udes vazios, gado magro, planta\u00e7\u00f5es perdidas. Mas o sertanejo aprendeu a resistir. A f\u00e9 se mistura \u00e0 ci\u00eancia, e a tradi\u00e7\u00e3o caminha ao lado da inova\u00e7\u00e3o.<\/p>\n<p>Basta uma boa sequ\u00eancia de chuvas para o Sert\u00e3o mudar de cor. O cinza vira verde. O mandacaru floresce. Os rios tempor\u00e1rios voltam a correr. O cheiro de terra molhada invade as casas simples de alpendre.<\/p>\n<p>Para o agricultor familiar, a chuva representa a garantia do feij\u00e3o, do milho e da mandioca. Para quem vive da cria\u00e7\u00e3o, significa pasto renovado e \u00e1gua nos barreiros. Para as crian\u00e7as, \u00e9 motivo de festa: banho de biqueira, lama nos p\u00e9s e gargalhadas soltas.<\/p>\n<p>Nos \u00faltimos anos, pol\u00edticas p\u00fablicas e projetos estruturantes t\u00eam ajudado a reduzir os impactos da seca. A transposi\u00e7\u00e3o do Rio S\u00e3o Francisco ampliou o acesso \u00e0 \u00e1gua em diversas comunidades, enquanto cisternas e barragens subterr\u00e2neas fortalecem a agricultura de subsist\u00eancia.<\/p>\n<p>Especialistas apontam que o conceito de \u201ccombater a seca\u201d foi substitu\u00eddo pela ideia de \u201cconviver com o Semi\u00e1rido\u201d, valorizando tecnologias sociais e o conhecimento tradicional do povo sertanejo.<\/p>\n<p>No Sert\u00e3o, a chuva tem valor simb\u00f3lico. Igrejas lotam em novenas pedindo inverno bom. Promessas s\u00e3o feitas. Olhos se voltam para o c\u00e9u com a mesma intensidade com que se olha para a planta\u00e7\u00e3o rec\u00e9m-nascida.<\/p>\n<p>Quando os primeiros trov\u00f5es ecoam, n\u00e3o \u00e9 s\u00f3 o barulho do c\u00e9u \u2014 \u00e9 o som da esperan\u00e7a retornando. \u00c9 o alimento garantido. \u00c9 a economia girando. \u00c9 a dignidade preservada.<\/p>\n<p>A chuva, no Sert\u00e3o, \u00e9 mais que \u00e1gua: \u00e9 f\u00e9 que cai do c\u00e9u, resist\u00eancia que brota do ch\u00e3o, vida que insiste em florescer.\u00a0E quando ela vem, o Nordeste inteiro agradece.<\/p>\n","protected":false},"excerpt":{"rendered":"<p>No Sert\u00e3o nordestino, a chuva, quando chega, n\u00e3o \u00e9 apenas fen\u00f4meno meteorol\u00f3gico \u2014 \u00e9 milagre. \u00c9 esperan\u00e7a que cai do c\u00e9u em gotas grossas, \u00e9 promessa de fartura, \u00e9 o sorriso aberto de quem passou meses olhando para um horizonte seco e rachado. Quando ela chega, muitos dizem, com f\u00e9 e simplicidade: \u201c\u00c9 o choro [&hellip;]<\/p>\n","protected":false},"author":2,"featured_media":385389,"comment_status":"closed","ping_status":"closed","sticky":false,"template":"","format":"standard","meta":{"_acf_changed":false,"footnotes":""},"categories":[165],"tags":[],"class_list":["post-385388","post","type-post","status-publish","format-standard","has-post-thumbnail","hentry","category-nordeste"],"acf":[],"yoast_head":"<!-- This site is optimized with the Yoast SEO plugin v27.2 - https:\/\/yoast.com\/product\/yoast-seo-wordpress\/ -->\n<title>Onde h\u00e1 chuva, povo agradece &#039;o choro de Deus&#039; - Notibras<\/title>\n<meta name=\"robots\" content=\"index, follow, max-snippet:-1, max-image-preview:large, max-video-preview:-1\" \/>\n<link rel=\"canonical\" href=\"https:\/\/www.notibras.com\/site\/onde-ha-chuva-povo-agradece-o-choro-de-deus\/\" \/>\n<meta property=\"og:locale\" content=\"pt_BR\" \/>\n<meta property=\"og:type\" content=\"article\" \/>\n<meta property=\"og:title\" content=\"Onde h\u00e1 chuva, povo agradece &#039;o choro de Deus&#039; - Notibras\" \/>\n<meta property=\"og:description\" content=\"No Sert\u00e3o nordestino, a chuva, quando chega, n\u00e3o \u00e9 apenas fen\u00f4meno meteorol\u00f3gico \u2014 \u00e9 milagre. \u00c9 esperan\u00e7a que cai do c\u00e9u em gotas grossas, \u00e9 promessa de fartura, \u00e9 o sorriso aberto de quem passou meses olhando para um horizonte seco e rachado. Quando ela chega, muitos dizem, com f\u00e9 e simplicidade: \u201c\u00c9 o choro [&hellip;]\" \/>\n<meta property=\"og:url\" content=\"https:\/\/www.notibras.com\/site\/onde-ha-chuva-povo-agradece-o-choro-de-deus\/\" \/>\n<meta property=\"og:site_name\" content=\"Notibras\" \/>\n<meta property=\"article:publisher\" content=\"https:\/\/www.facebook.com\/notibras\/\" \/>\n<meta property=\"article:published_time\" content=\"2026-03-03T09:53:07+00:00\" \/>\n<meta property=\"article:modified_time\" content=\"2026-03-03T11:56:30+00:00\" \/>\n<meta property=\"og:image\" content=\"https:\/\/www.notibras.com\/site\/wp-content\/uploads\/2026\/03\/eff97f17-8b73-45f3-abac-3f7b1682247a.jpg\" \/>\n\t<meta property=\"og:image:width\" content=\"640\" \/>\n\t<meta property=\"og:image:height\" content=\"480\" \/>\n\t<meta property=\"og:image:type\" content=\"image\/jpeg\" \/>\n<meta name=\"author\" content=\"Reda\u00e7\u00e3o\" \/>\n<meta name=\"twitter:card\" content=\"summary_large_image\" \/>\n<meta name=\"twitter:creator\" content=\"@Notibras\" \/>\n<meta name=\"twitter:site\" content=\"@Notibras\" \/>\n<meta name=\"twitter:label1\" content=\"Escrito por\" \/>\n\t<meta name=\"twitter:data1\" content=\"Reda\u00e7\u00e3o\" \/>\n\t<meta name=\"twitter:label2\" content=\"Est. tempo de leitura\" \/>\n\t<meta name=\"twitter:data2\" content=\"3 minutos\" \/>\n<script type=\"application\/ld+json\" class=\"yoast-schema-graph\">{\"@context\":\"https:\/\/schema.org\",\"@graph\":[{\"@type\":\"Article\",\"@id\":\"https:\/\/www.notibras.com\/site\/onde-ha-chuva-povo-agradece-o-choro-de-deus\/#article\",\"isPartOf\":{\"@id\":\"https:\/\/www.notibras.com\/site\/onde-ha-chuva-povo-agradece-o-choro-de-deus\/\"},\"author\":{\"name\":\"Reda\u00e7\u00e3o\",\"@id\":\"https:\/\/www.notibras.com\/site\/#\/schema\/person\/36ab0979449956132d3e5b517ea76ac8\"},\"headline\":\"Onde h\u00e1 chuva, povo agradece &#8216;o choro de Deus&#8217;\",\"datePublished\":\"2026-03-03T09:53:07+00:00\",\"dateModified\":\"2026-03-03T11:56:30+00:00\",\"mainEntityOfPage\":{\"@id\":\"https:\/\/www.notibras.com\/site\/onde-ha-chuva-povo-agradece-o-choro-de-deus\/\"},\"wordCount\":411,\"publisher\":{\"@id\":\"https:\/\/www.notibras.com\/site\/#organization\"},\"image\":{\"@id\":\"https:\/\/www.notibras.com\/site\/onde-ha-chuva-povo-agradece-o-choro-de-deus\/#primaryimage\"},\"thumbnailUrl\":\"https:\/\/www.notibras.com\/site\/wp-content\/uploads\/2026\/03\/eff97f17-8b73-45f3-abac-3f7b1682247a.jpg\",\"articleSection\":[\"Nordeste\"],\"inLanguage\":\"pt-BR\"},{\"@type\":\"WebPage\",\"@id\":\"https:\/\/www.notibras.com\/site\/onde-ha-chuva-povo-agradece-o-choro-de-deus\/\",\"url\":\"https:\/\/www.notibras.com\/site\/onde-ha-chuva-povo-agradece-o-choro-de-deus\/\",\"name\":\"Onde h\u00e1 chuva, povo agradece 'o choro de Deus' - Notibras\",\"isPartOf\":{\"@id\":\"https:\/\/www.notibras.com\/site\/#website\"},\"primaryImageOfPage\":{\"@id\":\"https:\/\/www.notibras.com\/site\/onde-ha-chuva-povo-agradece-o-choro-de-deus\/#primaryimage\"},\"image\":{\"@id\":\"https:\/\/www.notibras.com\/site\/onde-ha-chuva-povo-agradece-o-choro-de-deus\/#primaryimage\"},\"thumbnailUrl\":\"https:\/\/www.notibras.com\/site\/wp-content\/uploads\/2026\/03\/eff97f17-8b73-45f3-abac-3f7b1682247a.jpg\",\"datePublished\":\"2026-03-03T09:53:07+00:00\",\"dateModified\":\"2026-03-03T11:56:30+00:00\",\"breadcrumb\":{\"@id\":\"https:\/\/www.notibras.com\/site\/onde-ha-chuva-povo-agradece-o-choro-de-deus\/#breadcrumb\"},\"inLanguage\":\"pt-BR\",\"potentialAction\":[{\"@type\":\"ReadAction\",\"target\":[\"https:\/\/www.notibras.com\/site\/onde-ha-chuva-povo-agradece-o-choro-de-deus\/\"]}]},{\"@type\":\"ImageObject\",\"inLanguage\":\"pt-BR\",\"@id\":\"https:\/\/www.notibras.com\/site\/onde-ha-chuva-povo-agradece-o-choro-de-deus\/#primaryimage\",\"url\":\"https:\/\/www.notibras.com\/site\/wp-content\/uploads\/2026\/03\/eff97f17-8b73-45f3-abac-3f7b1682247a.jpg\",\"contentUrl\":\"https:\/\/www.notibras.com\/site\/wp-content\/uploads\/2026\/03\/eff97f17-8b73-45f3-abac-3f7b1682247a.jpg\",\"width\":640,\"height\":480},{\"@type\":\"BreadcrumbList\",\"@id\":\"https:\/\/www.notibras.com\/site\/onde-ha-chuva-povo-agradece-o-choro-de-deus\/#breadcrumb\",\"itemListElement\":[{\"@type\":\"ListItem\",\"position\":1,\"name\":\"In\u00edcio\",\"item\":\"https:\/\/www.notibras.com\/site\/\"},{\"@type\":\"ListItem\",\"position\":2,\"name\":\"Onde h\u00e1 chuva, povo agradece &#8216;o choro de Deus&#8217;\"}]},{\"@type\":\"WebSite\",\"@id\":\"https:\/\/www.notibras.com\/site\/#website\",\"url\":\"https:\/\/www.notibras.com\/site\/\",\"name\":\"Notibras\",\"description\":\"Not\u00edcias de Bras\u00edlia, do Brasil e do Mundo\",\"publisher\":{\"@id\":\"https:\/\/www.notibras.com\/site\/#organization\"},\"potentialAction\":[{\"@type\":\"SearchAction\",\"target\":{\"@type\":\"EntryPoint\",\"urlTemplate\":\"https:\/\/www.notibras.com\/site\/?s={search_term_string}\"},\"query-input\":{\"@type\":\"PropertyValueSpecification\",\"valueRequired\":true,\"valueName\":\"search_term_string\"}}],\"inLanguage\":\"pt-BR\"},{\"@type\":\"Organization\",\"@id\":\"https:\/\/www.notibras.com\/site\/#organization\",\"name\":\"Grupo Notibras de Comunica\u00e7\u00e3o\",\"url\":\"https:\/\/www.notibras.com\/site\/\",\"logo\":{\"@type\":\"ImageObject\",\"inLanguage\":\"pt-BR\",\"@id\":\"https:\/\/www.notibras.com\/site\/#\/schema\/logo\/image\/\",\"url\":\"https:\/\/www.notibras.com\/site\/wp-content\/uploads\/2023\/01\/notibras23.png\",\"contentUrl\":\"https:\/\/www.notibras.com\/site\/wp-content\/uploads\/2023\/01\/notibras23.png\",\"width\":350,\"height\":87,\"caption\":\"Grupo Notibras de Comunica\u00e7\u00e3o\"},\"image\":{\"@id\":\"https:\/\/www.notibras.com\/site\/#\/schema\/logo\/image\/\"},\"sameAs\":[\"https:\/\/www.facebook.com\/notibras\/\",\"https:\/\/x.com\/Notibras\",\"https:\/\/www.instagram.com\/notibras\/\"]},{\"@type\":\"Person\",\"@id\":\"https:\/\/www.notibras.com\/site\/#\/schema\/person\/36ab0979449956132d3e5b517ea76ac8\",\"name\":\"Reda\u00e7\u00e3o\",\"image\":{\"@type\":\"ImageObject\",\"inLanguage\":\"pt-BR\",\"@id\":\"https:\/\/secure.gravatar.com\/avatar\/e0a867bdedb85fd243eadf09663511f96fc81e0720a4a42581f334ad4303aa6b?s=96&d=mm&r=g\",\"url\":\"https:\/\/secure.gravatar.com\/avatar\/e0a867bdedb85fd243eadf09663511f96fc81e0720a4a42581f334ad4303aa6b?s=96&d=mm&r=g\",\"contentUrl\":\"https:\/\/secure.gravatar.com\/avatar\/e0a867bdedb85fd243eadf09663511f96fc81e0720a4a42581f334ad4303aa6b?s=96&d=mm&r=g\",\"caption\":\"Reda\u00e7\u00e3o\"}}]}<\/script>\n<!-- \/ Yoast SEO plugin. -->","yoast_head_json":{"title":"Onde h\u00e1 chuva, povo agradece 'o choro de Deus' - Notibras","robots":{"index":"index","follow":"follow","max-snippet":"max-snippet:-1","max-image-preview":"max-image-preview:large","max-video-preview":"max-video-preview:-1"},"canonical":"https:\/\/www.notibras.com\/site\/onde-ha-chuva-povo-agradece-o-choro-de-deus\/","og_locale":"pt_BR","og_type":"article","og_title":"Onde h\u00e1 chuva, povo agradece 'o choro de Deus' - Notibras","og_description":"No Sert\u00e3o nordestino, a chuva, quando chega, n\u00e3o \u00e9 apenas fen\u00f4meno meteorol\u00f3gico \u2014 \u00e9 milagre. \u00c9 esperan\u00e7a que cai do c\u00e9u em gotas grossas, \u00e9 promessa de fartura, \u00e9 o sorriso aberto de quem passou meses olhando para um horizonte seco e rachado. Quando ela chega, muitos dizem, com f\u00e9 e simplicidade: \u201c\u00c9 o choro [&hellip;]","og_url":"https:\/\/www.notibras.com\/site\/onde-ha-chuva-povo-agradece-o-choro-de-deus\/","og_site_name":"Notibras","article_publisher":"https:\/\/www.facebook.com\/notibras\/","article_published_time":"2026-03-03T09:53:07+00:00","article_modified_time":"2026-03-03T11:56:30+00:00","og_image":[{"width":640,"height":480,"url":"https:\/\/www.notibras.com\/site\/wp-content\/uploads\/2026\/03\/eff97f17-8b73-45f3-abac-3f7b1682247a.jpg","type":"image\/jpeg"}],"author":"Reda\u00e7\u00e3o","twitter_card":"summary_large_image","twitter_creator":"@Notibras","twitter_site":"@Notibras","twitter_misc":{"Escrito por":"Reda\u00e7\u00e3o","Est. tempo de leitura":"3 minutos"},"schema":{"@context":"https:\/\/schema.org","@graph":[{"@type":"Article","@id":"https:\/\/www.notibras.com\/site\/onde-ha-chuva-povo-agradece-o-choro-de-deus\/#article","isPartOf":{"@id":"https:\/\/www.notibras.com\/site\/onde-ha-chuva-povo-agradece-o-choro-de-deus\/"},"author":{"name":"Reda\u00e7\u00e3o","@id":"https:\/\/www.notibras.com\/site\/#\/schema\/person\/36ab0979449956132d3e5b517ea76ac8"},"headline":"Onde h\u00e1 chuva, povo agradece &#8216;o choro de Deus&#8217;","datePublished":"2026-03-03T09:53:07+00:00","dateModified":"2026-03-03T11:56:30+00:00","mainEntityOfPage":{"@id":"https:\/\/www.notibras.com\/site\/onde-ha-chuva-povo-agradece-o-choro-de-deus\/"},"wordCount":411,"publisher":{"@id":"https:\/\/www.notibras.com\/site\/#organization"},"image":{"@id":"https:\/\/www.notibras.com\/site\/onde-ha-chuva-povo-agradece-o-choro-de-deus\/#primaryimage"},"thumbnailUrl":"https:\/\/www.notibras.com\/site\/wp-content\/uploads\/2026\/03\/eff97f17-8b73-45f3-abac-3f7b1682247a.jpg","articleSection":["Nordeste"],"inLanguage":"pt-BR"},{"@type":"WebPage","@id":"https:\/\/www.notibras.com\/site\/onde-ha-chuva-povo-agradece-o-choro-de-deus\/","url":"https:\/\/www.notibras.com\/site\/onde-ha-chuva-povo-agradece-o-choro-de-deus\/","name":"Onde h\u00e1 chuva, povo agradece 'o choro de Deus' - Notibras","isPartOf":{"@id":"https:\/\/www.notibras.com\/site\/#website"},"primaryImageOfPage":{"@id":"https:\/\/www.notibras.com\/site\/onde-ha-chuva-povo-agradece-o-choro-de-deus\/#primaryimage"},"image":{"@id":"https:\/\/www.notibras.com\/site\/onde-ha-chuva-povo-agradece-o-choro-de-deus\/#primaryimage"},"thumbnailUrl":"https:\/\/www.notibras.com\/site\/wp-content\/uploads\/2026\/03\/eff97f17-8b73-45f3-abac-3f7b1682247a.jpg","datePublished":"2026-03-03T09:53:07+00:00","dateModified":"2026-03-03T11:56:30+00:00","breadcrumb":{"@id":"https:\/\/www.notibras.com\/site\/onde-ha-chuva-povo-agradece-o-choro-de-deus\/#breadcrumb"},"inLanguage":"pt-BR","potentialAction":[{"@type":"ReadAction","target":["https:\/\/www.notibras.com\/site\/onde-ha-chuva-povo-agradece-o-choro-de-deus\/"]}]},{"@type":"ImageObject","inLanguage":"pt-BR","@id":"https:\/\/www.notibras.com\/site\/onde-ha-chuva-povo-agradece-o-choro-de-deus\/#primaryimage","url":"https:\/\/www.notibras.com\/site\/wp-content\/uploads\/2026\/03\/eff97f17-8b73-45f3-abac-3f7b1682247a.jpg","contentUrl":"https:\/\/www.notibras.com\/site\/wp-content\/uploads\/2026\/03\/eff97f17-8b73-45f3-abac-3f7b1682247a.jpg","width":640,"height":480},{"@type":"BreadcrumbList","@id":"https:\/\/www.notibras.com\/site\/onde-ha-chuva-povo-agradece-o-choro-de-deus\/#breadcrumb","itemListElement":[{"@type":"ListItem","position":1,"name":"In\u00edcio","item":"https:\/\/www.notibras.com\/site\/"},{"@type":"ListItem","position":2,"name":"Onde h\u00e1 chuva, povo agradece &#8216;o choro de Deus&#8217;"}]},{"@type":"WebSite","@id":"https:\/\/www.notibras.com\/site\/#website","url":"https:\/\/www.notibras.com\/site\/","name":"Notibras","description":"Not\u00edcias de Bras\u00edlia, do Brasil e do Mundo","publisher":{"@id":"https:\/\/www.notibras.com\/site\/#organization"},"potentialAction":[{"@type":"SearchAction","target":{"@type":"EntryPoint","urlTemplate":"https:\/\/www.notibras.com\/site\/?s={search_term_string}"},"query-input":{"@type":"PropertyValueSpecification","valueRequired":true,"valueName":"search_term_string"}}],"inLanguage":"pt-BR"},{"@type":"Organization","@id":"https:\/\/www.notibras.com\/site\/#organization","name":"Grupo Notibras de Comunica\u00e7\u00e3o","url":"https:\/\/www.notibras.com\/site\/","logo":{"@type":"ImageObject","inLanguage":"pt-BR","@id":"https:\/\/www.notibras.com\/site\/#\/schema\/logo\/image\/","url":"https:\/\/www.notibras.com\/site\/wp-content\/uploads\/2023\/01\/notibras23.png","contentUrl":"https:\/\/www.notibras.com\/site\/wp-content\/uploads\/2023\/01\/notibras23.png","width":350,"height":87,"caption":"Grupo Notibras de Comunica\u00e7\u00e3o"},"image":{"@id":"https:\/\/www.notibras.com\/site\/#\/schema\/logo\/image\/"},"sameAs":["https:\/\/www.facebook.com\/notibras\/","https:\/\/x.com\/Notibras","https:\/\/www.instagram.com\/notibras\/"]},{"@type":"Person","@id":"https:\/\/www.notibras.com\/site\/#\/schema\/person\/36ab0979449956132d3e5b517ea76ac8","name":"Reda\u00e7\u00e3o","image":{"@type":"ImageObject","inLanguage":"pt-BR","@id":"https:\/\/secure.gravatar.com\/avatar\/e0a867bdedb85fd243eadf09663511f96fc81e0720a4a42581f334ad4303aa6b?s=96&d=mm&r=g","url":"https:\/\/secure.gravatar.com\/avatar\/e0a867bdedb85fd243eadf09663511f96fc81e0720a4a42581f334ad4303aa6b?s=96&d=mm&r=g","contentUrl":"https:\/\/secure.gravatar.com\/avatar\/e0a867bdedb85fd243eadf09663511f96fc81e0720a4a42581f334ad4303aa6b?s=96&d=mm&r=g","caption":"Reda\u00e7\u00e3o"}}]}},"amp_enabled":true,"_links":{"self":[{"href":"https:\/\/www.notibras.com\/site\/wp-json\/wp\/v2\/posts\/385388","targetHints":{"allow":["GET"]}}],"collection":[{"href":"https:\/\/www.notibras.com\/site\/wp-json\/wp\/v2\/posts"}],"about":[{"href":"https:\/\/www.notibras.com\/site\/wp-json\/wp\/v2\/types\/post"}],"author":[{"embeddable":true,"href":"https:\/\/www.notibras.com\/site\/wp-json\/wp\/v2\/users\/2"}],"replies":[{"embeddable":true,"href":"https:\/\/www.notibras.com\/site\/wp-json\/wp\/v2\/comments?post=385388"}],"version-history":[{"count":1,"href":"https:\/\/www.notibras.com\/site\/wp-json\/wp\/v2\/posts\/385388\/revisions"}],"predecessor-version":[{"id":385390,"href":"https:\/\/www.notibras.com\/site\/wp-json\/wp\/v2\/posts\/385388\/revisions\/385390"}],"wp:featuredmedia":[{"embeddable":true,"href":"https:\/\/www.notibras.com\/site\/wp-json\/wp\/v2\/media\/385389"}],"wp:attachment":[{"href":"https:\/\/www.notibras.com\/site\/wp-json\/wp\/v2\/media?parent=385388"}],"wp:term":[{"taxonomy":"category","embeddable":true,"href":"https:\/\/www.notibras.com\/site\/wp-json\/wp\/v2\/categories?post=385388"},{"taxonomy":"post_tag","embeddable":true,"href":"https:\/\/www.notibras.com\/site\/wp-json\/wp\/v2\/tags?post=385388"}],"curies":[{"name":"wp","href":"https:\/\/api.w.org\/{rel}","templated":true}]}}