{"id":385391,"date":"2026-03-03T00:58:45","date_gmt":"2026-03-03T03:58:45","guid":{"rendered":"https:\/\/www.notibras.com\/site\/?p=385391"},"modified":"2026-03-03T09:00:42","modified_gmt":"2026-03-03T12:00:42","slug":"a-forca-da-arena-pernambuco-e-o-progresso-na-regiao-metropolitana","status":"publish","type":"post","link":"https:\/\/www.notibras.com\/site\/a-forca-da-arena-pernambuco-e-o-progresso-na-regiao-metropolitana\/","title":{"rendered":"A for\u00e7a da Arena Pernambuco e o progresso na regi\u00e3o metropolitana"},"content":{"rendered":"<p>Entre o verde da Zona da Mata e o vai e vem da Regi\u00e3o Metropolitana, S\u00e3o Louren\u00e7o da Mata encontrou um novo ritmo. Se antes era lembrada apenas por suas ra\u00edzes hist\u00f3ricas e pelo curso tranquilo do Capibaribe, hoje tamb\u00e9m pulsa ao som da modernidade que ecoa da imponente Arena Pernambuco.<\/p>\n<p>Erguida como um s\u00edmbolo de ousadia, a Arena n\u00e3o trouxe apenas jogos e grandes eventos. Trouxe visibilidade. Trouxe estrada melhorada, transporte refor\u00e7ado, com\u00e9rcio aquecido. Trouxe o olhar da Regi\u00e3o Metropolitana para um munic\u00edpio que sempre teve potencial, mas que agora exibe estrutura para crescer.<\/p>\n<p>Nos dias de jogo, o cen\u00e1rio muda. A cidade se veste de cores, recebe visitantes, movimenta ambulantes, restaurantes e hot\u00e9is da regi\u00e3o. O pequeno comerciante sente a diferen\u00e7a no caixa. O jovem v\u00ea novas oportunidades de trabalho. O taxista roda mais. O sonho circula junto com a torcida.<\/p>\n<p>Mas o desenvolvimento n\u00e3o se mede apenas pelo concreto das arquibancadas. Ele se revela nas novas empresas que se aproximam, nos loteamentos que surgem, nos investimentos em mobilidade que conectam S\u00e3o Louren\u00e7o a Recife e a outros munic\u00edpios vizinhos. A Arena funciona como farol \u2014 iluminando possibilidades.<\/p>\n<p>Claro, desafios existem. Crescer exige planejamento, pol\u00edticas p\u00fablicas consistentes e cuidado com as comunidades ao redor. Modernizar sem perder identidade \u00e9 a tarefa mais delicada. S\u00e3o Louren\u00e7o carrega tradi\u00e7\u00e3o, mem\u00f3ria e cultura popular \u2014 e \u00e9 justamente essa mistura que faz sua for\u00e7a.<\/p>\n<p>Hoje, quem passa pela cidade percebe: h\u00e1 um novo cap\u00edtulo sendo escrito. A Arena Pernambuco n\u00e3o \u00e9 apenas um est\u00e1dio. \u00c9 um marco de transforma\u00e7\u00e3o. \u00c9 o s\u00edmbolo de uma cidade que deixou de ser coadjuvante para assumir papel estrat\u00e9gico na Regi\u00e3o Metropolitana.<\/p>\n<p>S\u00e3o Louren\u00e7o da Mata segue em frente \u2014 entre o passado que honra e o futuro que constr\u00f3i. E no horizonte, iluminada \u00e0 noite, a Arena parece dizer: o progresso chegou, mas a hist\u00f3ria continua sendo escrita por seu povo.<\/p>\n","protected":false},"excerpt":{"rendered":"<p>Entre o verde da Zona da Mata e o vai e vem da Regi\u00e3o Metropolitana, S\u00e3o Louren\u00e7o da Mata encontrou um novo ritmo. Se antes era lembrada apenas por suas ra\u00edzes hist\u00f3ricas e pelo curso tranquilo do Capibaribe, hoje tamb\u00e9m pulsa ao som da modernidade que ecoa da imponente Arena Pernambuco. Erguida como um s\u00edmbolo [&hellip;]<\/p>\n","protected":false},"author":2,"featured_media":385392,"comment_status":"closed","ping_status":"closed","sticky":false,"template":"","format":"standard","meta":{"_acf_changed":false,"footnotes":""},"categories":[165],"tags":[],"class_list":["post-385391","post","type-post","status-publish","format-standard","has-post-thumbnail","hentry","category-nordeste"],"acf":[],"yoast_head":"<!-- This site is optimized with the Yoast SEO plugin v27.2 - https:\/\/yoast.com\/product\/yoast-seo-wordpress\/ -->\n<title>A for\u00e7a da Arena Pernambuco e o progresso na regi\u00e3o metropolitana - Notibras<\/title>\n<meta name=\"robots\" content=\"index, follow, max-snippet:-1, max-image-preview:large, max-video-preview:-1\" \/>\n<link rel=\"canonical\" href=\"https:\/\/www.notibras.com\/site\/a-forca-da-arena-pernambuco-e-o-progresso-na-regiao-metropolitana\/\" \/>\n<meta property=\"og:locale\" content=\"pt_BR\" \/>\n<meta property=\"og:type\" content=\"article\" \/>\n<meta property=\"og:title\" content=\"A for\u00e7a da Arena Pernambuco e o progresso na regi\u00e3o metropolitana - Notibras\" \/>\n<meta property=\"og:description\" content=\"Entre o verde da Zona da Mata e o vai e vem da Regi\u00e3o Metropolitana, S\u00e3o Louren\u00e7o da Mata encontrou um novo ritmo. Se antes era lembrada apenas por suas ra\u00edzes hist\u00f3ricas e pelo curso tranquilo do Capibaribe, hoje tamb\u00e9m pulsa ao som da modernidade que ecoa da imponente Arena Pernambuco. Erguida como um s\u00edmbolo [&hellip;]\" \/>\n<meta property=\"og:url\" content=\"https:\/\/www.notibras.com\/site\/a-forca-da-arena-pernambuco-e-o-progresso-na-regiao-metropolitana\/\" \/>\n<meta property=\"og:site_name\" content=\"Notibras\" \/>\n<meta property=\"article:publisher\" content=\"https:\/\/www.facebook.com\/notibras\/\" \/>\n<meta property=\"article:published_time\" content=\"2026-03-03T03:58:45+00:00\" \/>\n<meta property=\"article:modified_time\" content=\"2026-03-03T12:00:42+00:00\" \/>\n<meta property=\"og:image\" content=\"https:\/\/www.notibras.com\/site\/wp-content\/uploads\/2026\/03\/arena-pernambuco-projecao-iluminacao.jpg\" \/>\n\t<meta property=\"og:image:width\" content=\"800\" \/>\n\t<meta property=\"og:image:height\" content=\"449\" \/>\n\t<meta property=\"og:image:type\" content=\"image\/jpeg\" \/>\n<meta name=\"author\" content=\"Reda\u00e7\u00e3o\" \/>\n<meta name=\"twitter:card\" content=\"summary_large_image\" \/>\n<meta name=\"twitter:creator\" content=\"@Notibras\" \/>\n<meta name=\"twitter:site\" content=\"@Notibras\" \/>\n<meta name=\"twitter:label1\" content=\"Escrito por\" \/>\n\t<meta name=\"twitter:data1\" content=\"Reda\u00e7\u00e3o\" \/>\n\t<meta name=\"twitter:label2\" content=\"Est. tempo de leitura\" \/>\n\t<meta name=\"twitter:data2\" content=\"2 minutos\" \/>\n<script type=\"application\/ld+json\" class=\"yoast-schema-graph\">{\"@context\":\"https:\/\/schema.org\",\"@graph\":[{\"@type\":\"Article\",\"@id\":\"https:\/\/www.notibras.com\/site\/a-forca-da-arena-pernambuco-e-o-progresso-na-regiao-metropolitana\/#article\",\"isPartOf\":{\"@id\":\"https:\/\/www.notibras.com\/site\/a-forca-da-arena-pernambuco-e-o-progresso-na-regiao-metropolitana\/\"},\"author\":{\"name\":\"Reda\u00e7\u00e3o\",\"@id\":\"https:\/\/www.notibras.com\/site\/#\/schema\/person\/36ab0979449956132d3e5b517ea76ac8\"},\"headline\":\"A for\u00e7a da Arena Pernambuco e o progresso na regi\u00e3o metropolitana\",\"datePublished\":\"2026-03-03T03:58:45+00:00\",\"dateModified\":\"2026-03-03T12:00:42+00:00\",\"mainEntityOfPage\":{\"@id\":\"https:\/\/www.notibras.com\/site\/a-forca-da-arena-pernambuco-e-o-progresso-na-regiao-metropolitana\/\"},\"wordCount\":358,\"publisher\":{\"@id\":\"https:\/\/www.notibras.com\/site\/#organization\"},\"image\":{\"@id\":\"https:\/\/www.notibras.com\/site\/a-forca-da-arena-pernambuco-e-o-progresso-na-regiao-metropolitana\/#primaryimage\"},\"thumbnailUrl\":\"https:\/\/www.notibras.com\/site\/wp-content\/uploads\/2026\/03\/arena-pernambuco-projecao-iluminacao.jpg\",\"articleSection\":[\"Nordeste\"],\"inLanguage\":\"pt-BR\"},{\"@type\":\"WebPage\",\"@id\":\"https:\/\/www.notibras.com\/site\/a-forca-da-arena-pernambuco-e-o-progresso-na-regiao-metropolitana\/\",\"url\":\"https:\/\/www.notibras.com\/site\/a-forca-da-arena-pernambuco-e-o-progresso-na-regiao-metropolitana\/\",\"name\":\"A for\u00e7a da Arena Pernambuco e o progresso na regi\u00e3o metropolitana - Notibras\",\"isPartOf\":{\"@id\":\"https:\/\/www.notibras.com\/site\/#website\"},\"primaryImageOfPage\":{\"@id\":\"https:\/\/www.notibras.com\/site\/a-forca-da-arena-pernambuco-e-o-progresso-na-regiao-metropolitana\/#primaryimage\"},\"image\":{\"@id\":\"https:\/\/www.notibras.com\/site\/a-forca-da-arena-pernambuco-e-o-progresso-na-regiao-metropolitana\/#primaryimage\"},\"thumbnailUrl\":\"https:\/\/www.notibras.com\/site\/wp-content\/uploads\/2026\/03\/arena-pernambuco-projecao-iluminacao.jpg\",\"datePublished\":\"2026-03-03T03:58:45+00:00\",\"dateModified\":\"2026-03-03T12:00:42+00:00\",\"breadcrumb\":{\"@id\":\"https:\/\/www.notibras.com\/site\/a-forca-da-arena-pernambuco-e-o-progresso-na-regiao-metropolitana\/#breadcrumb\"},\"inLanguage\":\"pt-BR\",\"potentialAction\":[{\"@type\":\"ReadAction\",\"target\":[\"https:\/\/www.notibras.com\/site\/a-forca-da-arena-pernambuco-e-o-progresso-na-regiao-metropolitana\/\"]}]},{\"@type\":\"ImageObject\",\"inLanguage\":\"pt-BR\",\"@id\":\"https:\/\/www.notibras.com\/site\/a-forca-da-arena-pernambuco-e-o-progresso-na-regiao-metropolitana\/#primaryimage\",\"url\":\"https:\/\/www.notibras.com\/site\/wp-content\/uploads\/2026\/03\/arena-pernambuco-projecao-iluminacao.jpg\",\"contentUrl\":\"https:\/\/www.notibras.com\/site\/wp-content\/uploads\/2026\/03\/arena-pernambuco-projecao-iluminacao.jpg\",\"width\":800,\"height\":449},{\"@type\":\"BreadcrumbList\",\"@id\":\"https:\/\/www.notibras.com\/site\/a-forca-da-arena-pernambuco-e-o-progresso-na-regiao-metropolitana\/#breadcrumb\",\"itemListElement\":[{\"@type\":\"ListItem\",\"position\":1,\"name\":\"In\u00edcio\",\"item\":\"https:\/\/www.notibras.com\/site\/\"},{\"@type\":\"ListItem\",\"position\":2,\"name\":\"A for\u00e7a da Arena Pernambuco e o progresso na regi\u00e3o metropolitana\"}]},{\"@type\":\"WebSite\",\"@id\":\"https:\/\/www.notibras.com\/site\/#website\",\"url\":\"https:\/\/www.notibras.com\/site\/\",\"name\":\"Notibras\",\"description\":\"Not\u00edcias de Bras\u00edlia, do Brasil e do Mundo\",\"publisher\":{\"@id\":\"https:\/\/www.notibras.com\/site\/#organization\"},\"potentialAction\":[{\"@type\":\"SearchAction\",\"target\":{\"@type\":\"EntryPoint\",\"urlTemplate\":\"https:\/\/www.notibras.com\/site\/?s={search_term_string}\"},\"query-input\":{\"@type\":\"PropertyValueSpecification\",\"valueRequired\":true,\"valueName\":\"search_term_string\"}}],\"inLanguage\":\"pt-BR\"},{\"@type\":\"Organization\",\"@id\":\"https:\/\/www.notibras.com\/site\/#organization\",\"name\":\"Grupo Notibras de Comunica\u00e7\u00e3o\",\"url\":\"https:\/\/www.notibras.com\/site\/\",\"logo\":{\"@type\":\"ImageObject\",\"inLanguage\":\"pt-BR\",\"@id\":\"https:\/\/www.notibras.com\/site\/#\/schema\/logo\/image\/\",\"url\":\"https:\/\/www.notibras.com\/site\/wp-content\/uploads\/2023\/01\/notibras23.png\",\"contentUrl\":\"https:\/\/www.notibras.com\/site\/wp-content\/uploads\/2023\/01\/notibras23.png\",\"width\":350,\"height\":87,\"caption\":\"Grupo Notibras de Comunica\u00e7\u00e3o\"},\"image\":{\"@id\":\"https:\/\/www.notibras.com\/site\/#\/schema\/logo\/image\/\"},\"sameAs\":[\"https:\/\/www.facebook.com\/notibras\/\",\"https:\/\/x.com\/Notibras\",\"https:\/\/www.instagram.com\/notibras\/\"]},{\"@type\":\"Person\",\"@id\":\"https:\/\/www.notibras.com\/site\/#\/schema\/person\/36ab0979449956132d3e5b517ea76ac8\",\"name\":\"Reda\u00e7\u00e3o\",\"image\":{\"@type\":\"ImageObject\",\"inLanguage\":\"pt-BR\",\"@id\":\"https:\/\/secure.gravatar.com\/avatar\/e0a867bdedb85fd243eadf09663511f96fc81e0720a4a42581f334ad4303aa6b?s=96&d=mm&r=g\",\"url\":\"https:\/\/secure.gravatar.com\/avatar\/e0a867bdedb85fd243eadf09663511f96fc81e0720a4a42581f334ad4303aa6b?s=96&d=mm&r=g\",\"contentUrl\":\"https:\/\/secure.gravatar.com\/avatar\/e0a867bdedb85fd243eadf09663511f96fc81e0720a4a42581f334ad4303aa6b?s=96&d=mm&r=g\",\"caption\":\"Reda\u00e7\u00e3o\"}}]}<\/script>\n<!-- \/ Yoast SEO plugin. -->","yoast_head_json":{"title":"A for\u00e7a da Arena Pernambuco e o progresso na regi\u00e3o metropolitana - Notibras","robots":{"index":"index","follow":"follow","max-snippet":"max-snippet:-1","max-image-preview":"max-image-preview:large","max-video-preview":"max-video-preview:-1"},"canonical":"https:\/\/www.notibras.com\/site\/a-forca-da-arena-pernambuco-e-o-progresso-na-regiao-metropolitana\/","og_locale":"pt_BR","og_type":"article","og_title":"A for\u00e7a da Arena Pernambuco e o progresso na regi\u00e3o metropolitana - Notibras","og_description":"Entre o verde da Zona da Mata e o vai e vem da Regi\u00e3o Metropolitana, S\u00e3o Louren\u00e7o da Mata encontrou um novo ritmo. Se antes era lembrada apenas por suas ra\u00edzes hist\u00f3ricas e pelo curso tranquilo do Capibaribe, hoje tamb\u00e9m pulsa ao som da modernidade que ecoa da imponente Arena Pernambuco. Erguida como um s\u00edmbolo [&hellip;]","og_url":"https:\/\/www.notibras.com\/site\/a-forca-da-arena-pernambuco-e-o-progresso-na-regiao-metropolitana\/","og_site_name":"Notibras","article_publisher":"https:\/\/www.facebook.com\/notibras\/","article_published_time":"2026-03-03T03:58:45+00:00","article_modified_time":"2026-03-03T12:00:42+00:00","og_image":[{"width":800,"height":449,"url":"https:\/\/www.notibras.com\/site\/wp-content\/uploads\/2026\/03\/arena-pernambuco-projecao-iluminacao.jpg","type":"image\/jpeg"}],"author":"Reda\u00e7\u00e3o","twitter_card":"summary_large_image","twitter_creator":"@Notibras","twitter_site":"@Notibras","twitter_misc":{"Escrito por":"Reda\u00e7\u00e3o","Est. tempo de leitura":"2 minutos"},"schema":{"@context":"https:\/\/schema.org","@graph":[{"@type":"Article","@id":"https:\/\/www.notibras.com\/site\/a-forca-da-arena-pernambuco-e-o-progresso-na-regiao-metropolitana\/#article","isPartOf":{"@id":"https:\/\/www.notibras.com\/site\/a-forca-da-arena-pernambuco-e-o-progresso-na-regiao-metropolitana\/"},"author":{"name":"Reda\u00e7\u00e3o","@id":"https:\/\/www.notibras.com\/site\/#\/schema\/person\/36ab0979449956132d3e5b517ea76ac8"},"headline":"A for\u00e7a da Arena Pernambuco e o progresso na regi\u00e3o metropolitana","datePublished":"2026-03-03T03:58:45+00:00","dateModified":"2026-03-03T12:00:42+00:00","mainEntityOfPage":{"@id":"https:\/\/www.notibras.com\/site\/a-forca-da-arena-pernambuco-e-o-progresso-na-regiao-metropolitana\/"},"wordCount":358,"publisher":{"@id":"https:\/\/www.notibras.com\/site\/#organization"},"image":{"@id":"https:\/\/www.notibras.com\/site\/a-forca-da-arena-pernambuco-e-o-progresso-na-regiao-metropolitana\/#primaryimage"},"thumbnailUrl":"https:\/\/www.notibras.com\/site\/wp-content\/uploads\/2026\/03\/arena-pernambuco-projecao-iluminacao.jpg","articleSection":["Nordeste"],"inLanguage":"pt-BR"},{"@type":"WebPage","@id":"https:\/\/www.notibras.com\/site\/a-forca-da-arena-pernambuco-e-o-progresso-na-regiao-metropolitana\/","url":"https:\/\/www.notibras.com\/site\/a-forca-da-arena-pernambuco-e-o-progresso-na-regiao-metropolitana\/","name":"A for\u00e7a da Arena Pernambuco e o progresso na regi\u00e3o metropolitana - Notibras","isPartOf":{"@id":"https:\/\/www.notibras.com\/site\/#website"},"primaryImageOfPage":{"@id":"https:\/\/www.notibras.com\/site\/a-forca-da-arena-pernambuco-e-o-progresso-na-regiao-metropolitana\/#primaryimage"},"image":{"@id":"https:\/\/www.notibras.com\/site\/a-forca-da-arena-pernambuco-e-o-progresso-na-regiao-metropolitana\/#primaryimage"},"thumbnailUrl":"https:\/\/www.notibras.com\/site\/wp-content\/uploads\/2026\/03\/arena-pernambuco-projecao-iluminacao.jpg","datePublished":"2026-03-03T03:58:45+00:00","dateModified":"2026-03-03T12:00:42+00:00","breadcrumb":{"@id":"https:\/\/www.notibras.com\/site\/a-forca-da-arena-pernambuco-e-o-progresso-na-regiao-metropolitana\/#breadcrumb"},"inLanguage":"pt-BR","potentialAction":[{"@type":"ReadAction","target":["https:\/\/www.notibras.com\/site\/a-forca-da-arena-pernambuco-e-o-progresso-na-regiao-metropolitana\/"]}]},{"@type":"ImageObject","inLanguage":"pt-BR","@id":"https:\/\/www.notibras.com\/site\/a-forca-da-arena-pernambuco-e-o-progresso-na-regiao-metropolitana\/#primaryimage","url":"https:\/\/www.notibras.com\/site\/wp-content\/uploads\/2026\/03\/arena-pernambuco-projecao-iluminacao.jpg","contentUrl":"https:\/\/www.notibras.com\/site\/wp-content\/uploads\/2026\/03\/arena-pernambuco-projecao-iluminacao.jpg","width":800,"height":449},{"@type":"BreadcrumbList","@id":"https:\/\/www.notibras.com\/site\/a-forca-da-arena-pernambuco-e-o-progresso-na-regiao-metropolitana\/#breadcrumb","itemListElement":[{"@type":"ListItem","position":1,"name":"In\u00edcio","item":"https:\/\/www.notibras.com\/site\/"},{"@type":"ListItem","position":2,"name":"A for\u00e7a da Arena Pernambuco e o progresso na regi\u00e3o metropolitana"}]},{"@type":"WebSite","@id":"https:\/\/www.notibras.com\/site\/#website","url":"https:\/\/www.notibras.com\/site\/","name":"Notibras","description":"Not\u00edcias de Bras\u00edlia, do Brasil e do Mundo","publisher":{"@id":"https:\/\/www.notibras.com\/site\/#organization"},"potentialAction":[{"@type":"SearchAction","target":{"@type":"EntryPoint","urlTemplate":"https:\/\/www.notibras.com\/site\/?s={search_term_string}"},"query-input":{"@type":"PropertyValueSpecification","valueRequired":true,"valueName":"search_term_string"}}],"inLanguage":"pt-BR"},{"@type":"Organization","@id":"https:\/\/www.notibras.com\/site\/#organization","name":"Grupo Notibras de Comunica\u00e7\u00e3o","url":"https:\/\/www.notibras.com\/site\/","logo":{"@type":"ImageObject","inLanguage":"pt-BR","@id":"https:\/\/www.notibras.com\/site\/#\/schema\/logo\/image\/","url":"https:\/\/www.notibras.com\/site\/wp-content\/uploads\/2023\/01\/notibras23.png","contentUrl":"https:\/\/www.notibras.com\/site\/wp-content\/uploads\/2023\/01\/notibras23.png","width":350,"height":87,"caption":"Grupo Notibras de Comunica\u00e7\u00e3o"},"image":{"@id":"https:\/\/www.notibras.com\/site\/#\/schema\/logo\/image\/"},"sameAs":["https:\/\/www.facebook.com\/notibras\/","https:\/\/x.com\/Notibras","https:\/\/www.instagram.com\/notibras\/"]},{"@type":"Person","@id":"https:\/\/www.notibras.com\/site\/#\/schema\/person\/36ab0979449956132d3e5b517ea76ac8","name":"Reda\u00e7\u00e3o","image":{"@type":"ImageObject","inLanguage":"pt-BR","@id":"https:\/\/secure.gravatar.com\/avatar\/e0a867bdedb85fd243eadf09663511f96fc81e0720a4a42581f334ad4303aa6b?s=96&d=mm&r=g","url":"https:\/\/secure.gravatar.com\/avatar\/e0a867bdedb85fd243eadf09663511f96fc81e0720a4a42581f334ad4303aa6b?s=96&d=mm&r=g","contentUrl":"https:\/\/secure.gravatar.com\/avatar\/e0a867bdedb85fd243eadf09663511f96fc81e0720a4a42581f334ad4303aa6b?s=96&d=mm&r=g","caption":"Reda\u00e7\u00e3o"}}]}},"amp_enabled":true,"_links":{"self":[{"href":"https:\/\/www.notibras.com\/site\/wp-json\/wp\/v2\/posts\/385391","targetHints":{"allow":["GET"]}}],"collection":[{"href":"https:\/\/www.notibras.com\/site\/wp-json\/wp\/v2\/posts"}],"about":[{"href":"https:\/\/www.notibras.com\/site\/wp-json\/wp\/v2\/types\/post"}],"author":[{"embeddable":true,"href":"https:\/\/www.notibras.com\/site\/wp-json\/wp\/v2\/users\/2"}],"replies":[{"embeddable":true,"href":"https:\/\/www.notibras.com\/site\/wp-json\/wp\/v2\/comments?post=385391"}],"version-history":[{"count":1,"href":"https:\/\/www.notibras.com\/site\/wp-json\/wp\/v2\/posts\/385391\/revisions"}],"predecessor-version":[{"id":385393,"href":"https:\/\/www.notibras.com\/site\/wp-json\/wp\/v2\/posts\/385391\/revisions\/385393"}],"wp:featuredmedia":[{"embeddable":true,"href":"https:\/\/www.notibras.com\/site\/wp-json\/wp\/v2\/media\/385392"}],"wp:attachment":[{"href":"https:\/\/www.notibras.com\/site\/wp-json\/wp\/v2\/media?parent=385391"}],"wp:term":[{"taxonomy":"category","embeddable":true,"href":"https:\/\/www.notibras.com\/site\/wp-json\/wp\/v2\/categories?post=385391"},{"taxonomy":"post_tag","embeddable":true,"href":"https:\/\/www.notibras.com\/site\/wp-json\/wp\/v2\/tags?post=385391"}],"curies":[{"name":"wp","href":"https:\/\/api.w.org\/{rel}","templated":true}]}}