{"id":385410,"date":"2026-03-04T00:15:02","date_gmt":"2026-03-04T03:15:02","guid":{"rendered":"https:\/\/www.notibras.com\/site\/?p=385410"},"modified":"2026-03-03T17:40:09","modified_gmt":"2026-03-03T20:40:09","slug":"programa-melhorias-habitacionais-contempla-nova-familia","status":"publish","type":"post","link":"https:\/\/www.notibras.com\/site\/programa-melhorias-habitacionais-contempla-nova-familia\/","title":{"rendered":"Programa Melhorias Habitacionais contempla nova fam\u00edlia"},"content":{"rendered":"<p>O sentimento de gratid\u00e3o tomou conta do novo lar da fam\u00edlia de Demetrius Leite, morador de Brazl\u00e2ndia. Isso porque ele \u00e9 o mais novo contemplado do programa Melhorias Habitacionais, gerido pela Companhia de Desenvolvimento Habitacional (Codhab). Com o trabalho de reformas gratuitas, a resid\u00eancia foi completamente transformada.<\/p>\n<p>\u201cTinha dias em que eu ficava muito aflita. Mas quero agradecer, eu sei que foi Deus que trouxe cada um de voc\u00eas [equipe da Codhab], todo esse conjunto, essa parceria de engenheiros e arquitetos, s\u00f3 gratid\u00e3o\u201d, contou Maria Socorro Cunha, dona de casa e esposa de Demetrius.<\/p>\n<p>A resid\u00eancia de Demetrius passou por reforma e amplia\u00e7\u00e3o, com \u00e1rea de interven\u00e7\u00e3o aproximada de 71,70 m\u00b2, visando \u00e0 regulariza\u00e7\u00e3o das condi\u00e7\u00f5es de salubridade e \u00e0 adequa\u00e7\u00e3o da edifica\u00e7\u00e3o aos par\u00e2metros m\u00ednimos de habitabilidade, seguran\u00e7a e desempenho. O valor de investimento foi de R$ 99.868,90 em toda a interven\u00e7\u00e3o.<\/p>\n<p>Toda a interven\u00e7\u00e3o contemplou a reconfigura\u00e7\u00e3o do ambiente interno, com execu\u00e7\u00e3o de novas funda\u00e7\u00f5es, pilares, vigas e alvenarias; al\u00e9m da cria\u00e7\u00e3o de um novo banheiro. Foi realizada tamb\u00e9m a setoriza\u00e7\u00e3o dos ambientes, promovendo a divis\u00e3o adequada entre o quarto do filho, a sala e a cozinha, que anteriormente configuravam um \u00fanico espa\u00e7o integrado, sem compartimenta\u00e7\u00e3o.<\/p>\n<p>No passado, a casa estava em condi\u00e7\u00f5es prec\u00e1rias. N\u00e3o possu\u00eda ventila\u00e7\u00e3o e o sobrinho que vive com eles, Emanuel Peixoto, acabava dormindo em um colch\u00e3o, no ch\u00e3o, por n\u00e3o existir quartos suficientes para comport\u00e1-los.<\/p>\n<p>A amplia\u00e7\u00e3o considerou a orienta\u00e7\u00e3o solar e as condicionantes do lote, integrando a \u00e1rvore existente \u00e0 composi\u00e7\u00e3o arquitet\u00f4nica como elemento de sombreamento natural, contribuindo para o desempenho t\u00e9rmico da edifica\u00e7\u00e3o. A cobertura foi integralmente substitu\u00edda por telha sandu\u00edche, assegurando melhor isolamento t\u00e9rmico.<\/p>\n<p>\u201cGra\u00e7as a Deus estamos aqui, entregando a sua casa, mais uma sendo entregue. N\u00f3s que trabalhamos aqui, toda essa equipe, debru\u00e7amo-nos sobre isso como se fosse para um parente nosso, ficamos muito preocupados. O que mede o ser humano \u00e9 o que ele faz pelos outros\u201d, declarou o diretor de assist\u00eancia t\u00e9cnica da Codhab, Mauro Rocha.<\/p>\n<p>A assistente social da Codhab, Marilurde Lago, relembra que no in\u00edcio a fam\u00edlia estava t\u00edmida, n\u00e3o queria conversar e estava desacreditada, mas tudo deu certo no final. \u201cVir aqui hoje entregar essa linda, maravilhosa, aconchegante, \u00e9 gratificante demais\u201d, contou.<\/p>\n<p>O projeto \u00e9 desenvolvido por arquitetos e engenheiros da Codhab, pensado para atender a todas as necessidades dos residentes. A arquiteta, Ana Kelly, foi uma das respons\u00e1veis pelo trabalho e contou que o resultado surpreendeu. \u201cQuem viu como estava a casa antes e agora est\u00e1 vendo aqui, viu que ela se tornou completamente diferente. N\u00e3o \u00e9 um trabalho s\u00f3 meu, \u00e9 de toda a equipe\u201d, declarou.<\/p>\n<p><strong>Dignidade proporcionada<\/strong><\/p>\n<p>Essa reorganiza\u00e7\u00e3o proporcionou maior funcionalidade, privacidade e melhor aproveitamento do novo lar da fam\u00edlia de Demetrius. A reforma trouxe autoestima para eles, uma casa aconchegante e completa.<\/p>\n<p>Desde 2019, foram investidos R$ 9.812.690,73 para atender 235 moradores das regi\u00f5es do Sol Nascente, Estrutural, S\u00e3o Sebasti\u00e3o e Brazl\u00e2ndia. O programa \u00e9 voltado para fam\u00edlias com renda mensal de at\u00e9 tr\u00eas sal\u00e1rios m\u00ednimos e moradores do DF h\u00e1 pelo menos cinco anos em \u00e1reas pr\u00f3prias de interesse social regularizadas ou pass\u00edveis de regulariza\u00e7\u00e3o. No momento, n\u00e3o h\u00e1 inscri\u00e7\u00f5es para participar.<\/p>\n","protected":false},"excerpt":{"rendered":"<p>O sentimento de gratid\u00e3o tomou conta do novo lar da fam\u00edlia de Demetrius Leite, morador de Brazl\u00e2ndia. Isso porque ele \u00e9 o mais novo contemplado do programa Melhorias Habitacionais, gerido pela Companhia de Desenvolvimento Habitacional (Codhab). Com o trabalho de reformas gratuitas, a resid\u00eancia foi completamente transformada. \u201cTinha dias em que eu ficava muito aflita. [&hellip;]<\/p>\n","protected":false},"author":21,"featured_media":385411,"comment_status":"closed","ping_status":"closed","sticky":false,"template":"","format":"standard","meta":{"_acf_changed":false,"footnotes":""},"categories":[161],"tags":[],"class_list":["post-385410","post","type-post","status-publish","format-standard","has-post-thumbnail","hentry","category-quadradinho-em-foco"],"acf":[],"yoast_head":"<!-- This site is optimized with the Yoast SEO plugin v27.2 - https:\/\/yoast.com\/product\/yoast-seo-wordpress\/ -->\n<title>Programa Melhorias Habitacionais contempla nova fam\u00edlia - Notibras<\/title>\n<meta name=\"robots\" content=\"index, follow, max-snippet:-1, max-image-preview:large, max-video-preview:-1\" \/>\n<link rel=\"canonical\" href=\"https:\/\/www.notibras.com\/site\/programa-melhorias-habitacionais-contempla-nova-familia\/\" \/>\n<meta property=\"og:locale\" content=\"pt_BR\" \/>\n<meta property=\"og:type\" content=\"article\" \/>\n<meta property=\"og:title\" content=\"Programa Melhorias Habitacionais contempla nova fam\u00edlia - Notibras\" \/>\n<meta property=\"og:description\" content=\"O sentimento de gratid\u00e3o tomou conta do novo lar da fam\u00edlia de Demetrius Leite, morador de Brazl\u00e2ndia. Isso porque ele \u00e9 o mais novo contemplado do programa Melhorias Habitacionais, gerido pela Companhia de Desenvolvimento Habitacional (Codhab). Com o trabalho de reformas gratuitas, a resid\u00eancia foi completamente transformada. \u201cTinha dias em que eu ficava muito aflita. [&hellip;]\" \/>\n<meta property=\"og:url\" content=\"https:\/\/www.notibras.com\/site\/programa-melhorias-habitacionais-contempla-nova-familia\/\" \/>\n<meta property=\"og:site_name\" content=\"Notibras\" \/>\n<meta property=\"article:publisher\" content=\"https:\/\/www.facebook.com\/notibras\/\" \/>\n<meta property=\"article:published_time\" content=\"2026-03-04T03:15:02+00:00\" \/>\n<meta property=\"og:image\" content=\"https:\/\/www.notibras.com\/site\/wp-content\/uploads\/2026\/03\/IMG_9451-scaled.jpg\" \/>\n\t<meta property=\"og:image:width\" content=\"2560\" \/>\n\t<meta property=\"og:image:height\" content=\"1437\" \/>\n\t<meta property=\"og:image:type\" content=\"image\/jpeg\" \/>\n<meta name=\"author\" content=\"Eduardo Mart\u00ednez\" \/>\n<meta name=\"twitter:card\" content=\"summary_large_image\" \/>\n<meta name=\"twitter:creator\" content=\"@Notibras\" \/>\n<meta name=\"twitter:site\" content=\"@Notibras\" \/>\n<meta name=\"twitter:label1\" content=\"Escrito por\" \/>\n\t<meta name=\"twitter:data1\" content=\"Eduardo Mart\u00ednez\" \/>\n\t<meta name=\"twitter:label2\" content=\"Est. tempo de leitura\" \/>\n\t<meta name=\"twitter:data2\" content=\"4 minutos\" \/>\n<script type=\"application\/ld+json\" class=\"yoast-schema-graph\">{\"@context\":\"https:\/\/schema.org\",\"@graph\":[{\"@type\":\"Article\",\"@id\":\"https:\/\/www.notibras.com\/site\/programa-melhorias-habitacionais-contempla-nova-familia\/#article\",\"isPartOf\":{\"@id\":\"https:\/\/www.notibras.com\/site\/programa-melhorias-habitacionais-contempla-nova-familia\/\"},\"author\":{\"name\":\"Eduardo Mart\u00ednez\",\"@id\":\"https:\/\/www.notibras.com\/site\/#\/schema\/person\/5b7fabf2aedc3ada2105f03b22b4d3dd\"},\"headline\":\"Programa Melhorias Habitacionais contempla nova fam\u00edlia\",\"datePublished\":\"2026-03-04T03:15:02+00:00\",\"mainEntityOfPage\":{\"@id\":\"https:\/\/www.notibras.com\/site\/programa-melhorias-habitacionais-contempla-nova-familia\/\"},\"wordCount\":589,\"publisher\":{\"@id\":\"https:\/\/www.notibras.com\/site\/#organization\"},\"image\":{\"@id\":\"https:\/\/www.notibras.com\/site\/programa-melhorias-habitacionais-contempla-nova-familia\/#primaryimage\"},\"thumbnailUrl\":\"https:\/\/www.notibras.com\/site\/wp-content\/uploads\/2026\/03\/IMG_9451-scaled.jpg\",\"articleSection\":[\"Quadradinho em Foco\"],\"inLanguage\":\"pt-BR\"},{\"@type\":\"WebPage\",\"@id\":\"https:\/\/www.notibras.com\/site\/programa-melhorias-habitacionais-contempla-nova-familia\/\",\"url\":\"https:\/\/www.notibras.com\/site\/programa-melhorias-habitacionais-contempla-nova-familia\/\",\"name\":\"Programa Melhorias Habitacionais contempla nova fam\u00edlia - Notibras\",\"isPartOf\":{\"@id\":\"https:\/\/www.notibras.com\/site\/#website\"},\"primaryImageOfPage\":{\"@id\":\"https:\/\/www.notibras.com\/site\/programa-melhorias-habitacionais-contempla-nova-familia\/#primaryimage\"},\"image\":{\"@id\":\"https:\/\/www.notibras.com\/site\/programa-melhorias-habitacionais-contempla-nova-familia\/#primaryimage\"},\"thumbnailUrl\":\"https:\/\/www.notibras.com\/site\/wp-content\/uploads\/2026\/03\/IMG_9451-scaled.jpg\",\"datePublished\":\"2026-03-04T03:15:02+00:00\",\"breadcrumb\":{\"@id\":\"https:\/\/www.notibras.com\/site\/programa-melhorias-habitacionais-contempla-nova-familia\/#breadcrumb\"},\"inLanguage\":\"pt-BR\",\"potentialAction\":[{\"@type\":\"ReadAction\",\"target\":[\"https:\/\/www.notibras.com\/site\/programa-melhorias-habitacionais-contempla-nova-familia\/\"]}]},{\"@type\":\"ImageObject\",\"inLanguage\":\"pt-BR\",\"@id\":\"https:\/\/www.notibras.com\/site\/programa-melhorias-habitacionais-contempla-nova-familia\/#primaryimage\",\"url\":\"https:\/\/www.notibras.com\/site\/wp-content\/uploads\/2026\/03\/IMG_9451-scaled.jpg\",\"contentUrl\":\"https:\/\/www.notibras.com\/site\/wp-content\/uploads\/2026\/03\/IMG_9451-scaled.jpg\",\"width\":2560,\"height\":1437},{\"@type\":\"BreadcrumbList\",\"@id\":\"https:\/\/www.notibras.com\/site\/programa-melhorias-habitacionais-contempla-nova-familia\/#breadcrumb\",\"itemListElement\":[{\"@type\":\"ListItem\",\"position\":1,\"name\":\"In\u00edcio\",\"item\":\"https:\/\/www.notibras.com\/site\/\"},{\"@type\":\"ListItem\",\"position\":2,\"name\":\"Programa Melhorias Habitacionais contempla nova fam\u00edlia\"}]},{\"@type\":\"WebSite\",\"@id\":\"https:\/\/www.notibras.com\/site\/#website\",\"url\":\"https:\/\/www.notibras.com\/site\/\",\"name\":\"Notibras\",\"description\":\"Not\u00edcias de Bras\u00edlia, do Brasil e do Mundo\",\"publisher\":{\"@id\":\"https:\/\/www.notibras.com\/site\/#organization\"},\"potentialAction\":[{\"@type\":\"SearchAction\",\"target\":{\"@type\":\"EntryPoint\",\"urlTemplate\":\"https:\/\/www.notibras.com\/site\/?s={search_term_string}\"},\"query-input\":{\"@type\":\"PropertyValueSpecification\",\"valueRequired\":true,\"valueName\":\"search_term_string\"}}],\"inLanguage\":\"pt-BR\"},{\"@type\":\"Organization\",\"@id\":\"https:\/\/www.notibras.com\/site\/#organization\",\"name\":\"Grupo Notibras de Comunica\u00e7\u00e3o\",\"url\":\"https:\/\/www.notibras.com\/site\/\",\"logo\":{\"@type\":\"ImageObject\",\"inLanguage\":\"pt-BR\",\"@id\":\"https:\/\/www.notibras.com\/site\/#\/schema\/logo\/image\/\",\"url\":\"https:\/\/www.notibras.com\/site\/wp-content\/uploads\/2023\/01\/notibras23.png\",\"contentUrl\":\"https:\/\/www.notibras.com\/site\/wp-content\/uploads\/2023\/01\/notibras23.png\",\"width\":350,\"height\":87,\"caption\":\"Grupo Notibras de Comunica\u00e7\u00e3o\"},\"image\":{\"@id\":\"https:\/\/www.notibras.com\/site\/#\/schema\/logo\/image\/\"},\"sameAs\":[\"https:\/\/www.facebook.com\/notibras\/\",\"https:\/\/x.com\/Notibras\",\"https:\/\/www.instagram.com\/notibras\/\"]},{\"@type\":\"Person\",\"@id\":\"https:\/\/www.notibras.com\/site\/#\/schema\/person\/5b7fabf2aedc3ada2105f03b22b4d3dd\",\"name\":\"Eduardo Mart\u00ednez\",\"image\":{\"@type\":\"ImageObject\",\"inLanguage\":\"pt-BR\",\"@id\":\"https:\/\/secure.gravatar.com\/avatar\/7902f906289926289cbcda644b5197c796b893c6ffd7b9a536a42d290f7704a0?s=96&d=mm&r=g\",\"url\":\"https:\/\/secure.gravatar.com\/avatar\/7902f906289926289cbcda644b5197c796b893c6ffd7b9a536a42d290f7704a0?s=96&d=mm&r=g\",\"contentUrl\":\"https:\/\/secure.gravatar.com\/avatar\/7902f906289926289cbcda644b5197c796b893c6ffd7b9a536a42d290f7704a0?s=96&d=mm&r=g\",\"caption\":\"Eduardo Mart\u00ednez\"}}]}<\/script>\n<!-- \/ Yoast SEO plugin. -->","yoast_head_json":{"title":"Programa Melhorias Habitacionais contempla nova fam\u00edlia - Notibras","robots":{"index":"index","follow":"follow","max-snippet":"max-snippet:-1","max-image-preview":"max-image-preview:large","max-video-preview":"max-video-preview:-1"},"canonical":"https:\/\/www.notibras.com\/site\/programa-melhorias-habitacionais-contempla-nova-familia\/","og_locale":"pt_BR","og_type":"article","og_title":"Programa Melhorias Habitacionais contempla nova fam\u00edlia - Notibras","og_description":"O sentimento de gratid\u00e3o tomou conta do novo lar da fam\u00edlia de Demetrius Leite, morador de Brazl\u00e2ndia. Isso porque ele \u00e9 o mais novo contemplado do programa Melhorias Habitacionais, gerido pela Companhia de Desenvolvimento Habitacional (Codhab). Com o trabalho de reformas gratuitas, a resid\u00eancia foi completamente transformada. \u201cTinha dias em que eu ficava muito aflita. [&hellip;]","og_url":"https:\/\/www.notibras.com\/site\/programa-melhorias-habitacionais-contempla-nova-familia\/","og_site_name":"Notibras","article_publisher":"https:\/\/www.facebook.com\/notibras\/","article_published_time":"2026-03-04T03:15:02+00:00","og_image":[{"width":2560,"height":1437,"url":"https:\/\/www.notibras.com\/site\/wp-content\/uploads\/2026\/03\/IMG_9451-scaled.jpg","type":"image\/jpeg"}],"author":"Eduardo Mart\u00ednez","twitter_card":"summary_large_image","twitter_creator":"@Notibras","twitter_site":"@Notibras","twitter_misc":{"Escrito por":"Eduardo Mart\u00ednez","Est. tempo de leitura":"4 minutos"},"schema":{"@context":"https:\/\/schema.org","@graph":[{"@type":"Article","@id":"https:\/\/www.notibras.com\/site\/programa-melhorias-habitacionais-contempla-nova-familia\/#article","isPartOf":{"@id":"https:\/\/www.notibras.com\/site\/programa-melhorias-habitacionais-contempla-nova-familia\/"},"author":{"name":"Eduardo Mart\u00ednez","@id":"https:\/\/www.notibras.com\/site\/#\/schema\/person\/5b7fabf2aedc3ada2105f03b22b4d3dd"},"headline":"Programa Melhorias Habitacionais contempla nova fam\u00edlia","datePublished":"2026-03-04T03:15:02+00:00","mainEntityOfPage":{"@id":"https:\/\/www.notibras.com\/site\/programa-melhorias-habitacionais-contempla-nova-familia\/"},"wordCount":589,"publisher":{"@id":"https:\/\/www.notibras.com\/site\/#organization"},"image":{"@id":"https:\/\/www.notibras.com\/site\/programa-melhorias-habitacionais-contempla-nova-familia\/#primaryimage"},"thumbnailUrl":"https:\/\/www.notibras.com\/site\/wp-content\/uploads\/2026\/03\/IMG_9451-scaled.jpg","articleSection":["Quadradinho em Foco"],"inLanguage":"pt-BR"},{"@type":"WebPage","@id":"https:\/\/www.notibras.com\/site\/programa-melhorias-habitacionais-contempla-nova-familia\/","url":"https:\/\/www.notibras.com\/site\/programa-melhorias-habitacionais-contempla-nova-familia\/","name":"Programa Melhorias Habitacionais contempla nova fam\u00edlia - Notibras","isPartOf":{"@id":"https:\/\/www.notibras.com\/site\/#website"},"primaryImageOfPage":{"@id":"https:\/\/www.notibras.com\/site\/programa-melhorias-habitacionais-contempla-nova-familia\/#primaryimage"},"image":{"@id":"https:\/\/www.notibras.com\/site\/programa-melhorias-habitacionais-contempla-nova-familia\/#primaryimage"},"thumbnailUrl":"https:\/\/www.notibras.com\/site\/wp-content\/uploads\/2026\/03\/IMG_9451-scaled.jpg","datePublished":"2026-03-04T03:15:02+00:00","breadcrumb":{"@id":"https:\/\/www.notibras.com\/site\/programa-melhorias-habitacionais-contempla-nova-familia\/#breadcrumb"},"inLanguage":"pt-BR","potentialAction":[{"@type":"ReadAction","target":["https:\/\/www.notibras.com\/site\/programa-melhorias-habitacionais-contempla-nova-familia\/"]}]},{"@type":"ImageObject","inLanguage":"pt-BR","@id":"https:\/\/www.notibras.com\/site\/programa-melhorias-habitacionais-contempla-nova-familia\/#primaryimage","url":"https:\/\/www.notibras.com\/site\/wp-content\/uploads\/2026\/03\/IMG_9451-scaled.jpg","contentUrl":"https:\/\/www.notibras.com\/site\/wp-content\/uploads\/2026\/03\/IMG_9451-scaled.jpg","width":2560,"height":1437},{"@type":"BreadcrumbList","@id":"https:\/\/www.notibras.com\/site\/programa-melhorias-habitacionais-contempla-nova-familia\/#breadcrumb","itemListElement":[{"@type":"ListItem","position":1,"name":"In\u00edcio","item":"https:\/\/www.notibras.com\/site\/"},{"@type":"ListItem","position":2,"name":"Programa Melhorias Habitacionais contempla nova fam\u00edlia"}]},{"@type":"WebSite","@id":"https:\/\/www.notibras.com\/site\/#website","url":"https:\/\/www.notibras.com\/site\/","name":"Notibras","description":"Not\u00edcias de Bras\u00edlia, do Brasil e do Mundo","publisher":{"@id":"https:\/\/www.notibras.com\/site\/#organization"},"potentialAction":[{"@type":"SearchAction","target":{"@type":"EntryPoint","urlTemplate":"https:\/\/www.notibras.com\/site\/?s={search_term_string}"},"query-input":{"@type":"PropertyValueSpecification","valueRequired":true,"valueName":"search_term_string"}}],"inLanguage":"pt-BR"},{"@type":"Organization","@id":"https:\/\/www.notibras.com\/site\/#organization","name":"Grupo Notibras de Comunica\u00e7\u00e3o","url":"https:\/\/www.notibras.com\/site\/","logo":{"@type":"ImageObject","inLanguage":"pt-BR","@id":"https:\/\/www.notibras.com\/site\/#\/schema\/logo\/image\/","url":"https:\/\/www.notibras.com\/site\/wp-content\/uploads\/2023\/01\/notibras23.png","contentUrl":"https:\/\/www.notibras.com\/site\/wp-content\/uploads\/2023\/01\/notibras23.png","width":350,"height":87,"caption":"Grupo Notibras de Comunica\u00e7\u00e3o"},"image":{"@id":"https:\/\/www.notibras.com\/site\/#\/schema\/logo\/image\/"},"sameAs":["https:\/\/www.facebook.com\/notibras\/","https:\/\/x.com\/Notibras","https:\/\/www.instagram.com\/notibras\/"]},{"@type":"Person","@id":"https:\/\/www.notibras.com\/site\/#\/schema\/person\/5b7fabf2aedc3ada2105f03b22b4d3dd","name":"Eduardo Mart\u00ednez","image":{"@type":"ImageObject","inLanguage":"pt-BR","@id":"https:\/\/secure.gravatar.com\/avatar\/7902f906289926289cbcda644b5197c796b893c6ffd7b9a536a42d290f7704a0?s=96&d=mm&r=g","url":"https:\/\/secure.gravatar.com\/avatar\/7902f906289926289cbcda644b5197c796b893c6ffd7b9a536a42d290f7704a0?s=96&d=mm&r=g","contentUrl":"https:\/\/secure.gravatar.com\/avatar\/7902f906289926289cbcda644b5197c796b893c6ffd7b9a536a42d290f7704a0?s=96&d=mm&r=g","caption":"Eduardo Mart\u00ednez"}}]}},"amp_enabled":true,"_links":{"self":[{"href":"https:\/\/www.notibras.com\/site\/wp-json\/wp\/v2\/posts\/385410","targetHints":{"allow":["GET"]}}],"collection":[{"href":"https:\/\/www.notibras.com\/site\/wp-json\/wp\/v2\/posts"}],"about":[{"href":"https:\/\/www.notibras.com\/site\/wp-json\/wp\/v2\/types\/post"}],"author":[{"embeddable":true,"href":"https:\/\/www.notibras.com\/site\/wp-json\/wp\/v2\/users\/21"}],"replies":[{"embeddable":true,"href":"https:\/\/www.notibras.com\/site\/wp-json\/wp\/v2\/comments?post=385410"}],"version-history":[{"count":2,"href":"https:\/\/www.notibras.com\/site\/wp-json\/wp\/v2\/posts\/385410\/revisions"}],"predecessor-version":[{"id":385413,"href":"https:\/\/www.notibras.com\/site\/wp-json\/wp\/v2\/posts\/385410\/revisions\/385413"}],"wp:featuredmedia":[{"embeddable":true,"href":"https:\/\/www.notibras.com\/site\/wp-json\/wp\/v2\/media\/385411"}],"wp:attachment":[{"href":"https:\/\/www.notibras.com\/site\/wp-json\/wp\/v2\/media?parent=385410"}],"wp:term":[{"taxonomy":"category","embeddable":true,"href":"https:\/\/www.notibras.com\/site\/wp-json\/wp\/v2\/categories?post=385410"},{"taxonomy":"post_tag","embeddable":true,"href":"https:\/\/www.notibras.com\/site\/wp-json\/wp\/v2\/tags?post=385410"}],"curies":[{"name":"wp","href":"https:\/\/api.w.org\/{rel}","templated":true}]}}