{"id":385414,"date":"2026-03-04T00:00:51","date_gmt":"2026-03-04T03:00:51","guid":{"rendered":"https:\/\/www.notibras.com\/site\/?p=385414"},"modified":"2026-03-03T18:10:39","modified_gmt":"2026-03-03T21:10:39","slug":"leonal-estava-destinado-a-ser-a-ultima-flor-da-sofrencia","status":"publish","type":"post","link":"https:\/\/www.notibras.com\/site\/leonal-estava-destinado-a-ser-a-ultima-flor-da-sofrencia\/","title":{"rendered":"Leonal estava destinado a ser a \u00faltima flor da sofr\u00eancia"},"content":{"rendered":"<p>Leonel pertencia a uma ilustre estirpe de int\u00e9rpretes de m\u00fasica-pra-dor-de-corno. Mas, tadinho, estava destinado a ser a \u00faltima flor da sofr\u00eancia.<\/p>\n<p>J\u00e1 seu av\u00f4 era o puro suco do g\u00eanero; diziam que teria sido parceiro de copo e de choror\u00f4 de Lupic\u00ednio Rodrigues, pr\u00edncipe da Cornualha (se n\u00e3o foi, devia ter sido), nas mesas dos bares de Porto Alegre.<\/p>\n<p>O pai, por sua vez, levava uma vida dupla. Bem casado, tr\u00eas filhos (Leonel era o ca\u00e7ula), desdobrava-se para sofrer por amor e dar alguma verossimilhan\u00e7a aos sambas-can\u00e7\u00f5es que interpretava. O zelo profissional levou-o a se envolver com Mafalda, a rainha do cabar\u00e9 \u2013 e o imbecil se apaixonou. Certa noite, enlouquecido, deu uma surra de criar bicho em um estancieiro que ficara algumas horas com sua musa. Na noite seguinte, os capangas do coronel aplicaram-lhe um corretivo ainda maior, e ele n\u00e3o resistiu.<\/p>\n<p>Leonel, aos 20 anos, enveredou pelo estilo de m\u00fasica sofredora que consagrara o av\u00f4 e o pai. S\u00f3 que o f\u00edsico n\u00e3o ajudava: ele era alto, forte, fei\u00e7\u00f5es perfeitas, sorriso luminoso, o tipo de cara que destro\u00e7aria cora\u00e7\u00f5es femininos, mas nunca levaria um par de guampas. Fingia sempre ci\u00fames, sua condi\u00e7\u00e3o de int\u00e9rprete do g\u00eanero o obrigava a isso, mas as parceiras encaravam-no, incr\u00e9dulas: s\u00f3 uma louca trocaria um macho daqueles por uma aventura!<\/p>\n<p>O sucesso do rapaz com a mulherada incomodou o p\u00fablico (masculino) dos bares em que ele se apresentava \u2013 e, por tabela, os donos dos estabelecimentos. Afinal, todos aqueles que tentavam embalar suas m\u00e1goas ao som das can\u00e7\u00f5es de Odair Jos\u00e9, Amado Batista e do imortal Lupic\u00ednio queriam estabelecer alguma cumplicidade com o cantor, e aquele deus grego no palco, sempre sorrindo, com uma testa evidentemente \u00e0 prova de chifres, n\u00e3o colaborava. Resultado, os que sofriam por amor deixaram de comparecer enquanto ele estivesse por ali, e os donos dos bares, um ap\u00f3s outro, trataram de despedi-lo.<\/p>\n<p>Foi isso que levou Leonel a desistir da sofr\u00eancia raiz. Tornou-se vendedor de carros usados e alcan\u00e7ou grande sucesso. Nos fins de semana, por\u00e9m, tranca-se em casa, coloca no aparelho de som os velhos LPs de Lupic\u00ednio e os ouve, acompanhados por talagadas de cacha\u00e7a, enquanto pensa em um verso do poema Pneumot\u00f3rax, de Manuel Bandeira: \u201cA vida inteira que podia ter sido e que n\u00e3o foi\u201d.<\/p>\n<p>E depois parafraseia, em voz alta, o derradeiro verso, enquanto as l\u00e1grimas descem por seu rosto pra l\u00e1 de atraente:<\/p>\n<p>&#8211; J\u00e1 que n\u00e3o d\u00e1 pra ser int\u00e9rprete de m\u00fasica pra dor de corno, a \u00fanica coisa a fazer \u00e9 tocar um tango argentino!<\/p>\n","protected":false},"excerpt":{"rendered":"<p>Leonel pertencia a uma ilustre estirpe de int\u00e9rpretes de m\u00fasica-pra-dor-de-corno. Mas, tadinho, estava destinado a ser a \u00faltima flor da sofr\u00eancia. J\u00e1 seu av\u00f4 era o puro suco do g\u00eanero; diziam que teria sido parceiro de copo e de choror\u00f4 de Lupic\u00ednio Rodrigues, pr\u00edncipe da Cornualha (se n\u00e3o foi, devia ter sido), nas mesas dos [&hellip;]<\/p>\n","protected":false},"author":21,"featured_media":385415,"comment_status":"closed","ping_status":"closed","sticky":false,"template":"","format":"standard","meta":{"_acf_changed":false,"footnotes":""},"categories":[234],"tags":[],"class_list":["post-385414","post","type-post","status-publish","format-standard","has-post-thumbnail","hentry","category-cafe-literario"],"acf":[],"yoast_head":"<!-- This site is optimized with the Yoast SEO plugin v27.2 - https:\/\/yoast.com\/product\/yoast-seo-wordpress\/ -->\n<title>Leonal estava destinado a ser a \u00faltima flor da sofr\u00eancia - Notibras<\/title>\n<meta name=\"robots\" content=\"index, follow, max-snippet:-1, max-image-preview:large, max-video-preview:-1\" \/>\n<link rel=\"canonical\" href=\"https:\/\/www.notibras.com\/site\/leonal-estava-destinado-a-ser-a-ultima-flor-da-sofrencia\/\" \/>\n<meta property=\"og:locale\" content=\"pt_BR\" \/>\n<meta property=\"og:type\" content=\"article\" \/>\n<meta property=\"og:title\" content=\"Leonal estava destinado a ser a \u00faltima flor da sofr\u00eancia - Notibras\" \/>\n<meta property=\"og:description\" content=\"Leonel pertencia a uma ilustre estirpe de int\u00e9rpretes de m\u00fasica-pra-dor-de-corno. Mas, tadinho, estava destinado a ser a \u00faltima flor da sofr\u00eancia. J\u00e1 seu av\u00f4 era o puro suco do g\u00eanero; diziam que teria sido parceiro de copo e de choror\u00f4 de Lupic\u00ednio Rodrigues, pr\u00edncipe da Cornualha (se n\u00e3o foi, devia ter sido), nas mesas dos [&hellip;]\" \/>\n<meta property=\"og:url\" content=\"https:\/\/www.notibras.com\/site\/leonal-estava-destinado-a-ser-a-ultima-flor-da-sofrencia\/\" \/>\n<meta property=\"og:site_name\" content=\"Notibras\" \/>\n<meta property=\"article:publisher\" content=\"https:\/\/www.facebook.com\/notibras\/\" \/>\n<meta property=\"article:published_time\" content=\"2026-03-04T03:00:51+00:00\" \/>\n<meta property=\"og:image\" content=\"https:\/\/www.notibras.com\/site\/wp-content\/uploads\/2026\/03\/WhatsApp-Image-2026-03-03-at-18.02.34.jpeg\" \/>\n\t<meta property=\"og:image:width\" content=\"1024\" \/>\n\t<meta property=\"og:image:height\" content=\"559\" \/>\n\t<meta property=\"og:image:type\" content=\"image\/jpeg\" \/>\n<meta name=\"author\" content=\"Eduardo Mart\u00ednez\" \/>\n<meta name=\"twitter:card\" content=\"summary_large_image\" \/>\n<meta name=\"twitter:creator\" content=\"@Notibras\" \/>\n<meta name=\"twitter:site\" content=\"@Notibras\" \/>\n<meta name=\"twitter:label1\" content=\"Escrito por\" \/>\n\t<meta name=\"twitter:data1\" content=\"Eduardo Mart\u00ednez\" \/>\n\t<meta name=\"twitter:label2\" content=\"Est. tempo de leitura\" \/>\n\t<meta name=\"twitter:data2\" content=\"3 minutos\" \/>\n<script type=\"application\/ld+json\" class=\"yoast-schema-graph\">{\"@context\":\"https:\/\/schema.org\",\"@graph\":[{\"@type\":\"Article\",\"@id\":\"https:\/\/www.notibras.com\/site\/leonal-estava-destinado-a-ser-a-ultima-flor-da-sofrencia\/#article\",\"isPartOf\":{\"@id\":\"https:\/\/www.notibras.com\/site\/leonal-estava-destinado-a-ser-a-ultima-flor-da-sofrencia\/\"},\"author\":{\"name\":\"Eduardo Mart\u00ednez\",\"@id\":\"https:\/\/www.notibras.com\/site\/#\/schema\/person\/5b7fabf2aedc3ada2105f03b22b4d3dd\"},\"headline\":\"Leonal estava destinado a ser a \u00faltima flor da sofr\u00eancia\",\"datePublished\":\"2026-03-04T03:00:51+00:00\",\"mainEntityOfPage\":{\"@id\":\"https:\/\/www.notibras.com\/site\/leonal-estava-destinado-a-ser-a-ultima-flor-da-sofrencia\/\"},\"wordCount\":471,\"publisher\":{\"@id\":\"https:\/\/www.notibras.com\/site\/#organization\"},\"image\":{\"@id\":\"https:\/\/www.notibras.com\/site\/leonal-estava-destinado-a-ser-a-ultima-flor-da-sofrencia\/#primaryimage\"},\"thumbnailUrl\":\"https:\/\/www.notibras.com\/site\/wp-content\/uploads\/2026\/03\/WhatsApp-Image-2026-03-03-at-18.02.34.jpeg\",\"articleSection\":[\"Caf\u00e9 Liter\u00e1rio\"],\"inLanguage\":\"pt-BR\"},{\"@type\":\"WebPage\",\"@id\":\"https:\/\/www.notibras.com\/site\/leonal-estava-destinado-a-ser-a-ultima-flor-da-sofrencia\/\",\"url\":\"https:\/\/www.notibras.com\/site\/leonal-estava-destinado-a-ser-a-ultima-flor-da-sofrencia\/\",\"name\":\"Leonal estava destinado a ser a \u00faltima flor da sofr\u00eancia - Notibras\",\"isPartOf\":{\"@id\":\"https:\/\/www.notibras.com\/site\/#website\"},\"primaryImageOfPage\":{\"@id\":\"https:\/\/www.notibras.com\/site\/leonal-estava-destinado-a-ser-a-ultima-flor-da-sofrencia\/#primaryimage\"},\"image\":{\"@id\":\"https:\/\/www.notibras.com\/site\/leonal-estava-destinado-a-ser-a-ultima-flor-da-sofrencia\/#primaryimage\"},\"thumbnailUrl\":\"https:\/\/www.notibras.com\/site\/wp-content\/uploads\/2026\/03\/WhatsApp-Image-2026-03-03-at-18.02.34.jpeg\",\"datePublished\":\"2026-03-04T03:00:51+00:00\",\"breadcrumb\":{\"@id\":\"https:\/\/www.notibras.com\/site\/leonal-estava-destinado-a-ser-a-ultima-flor-da-sofrencia\/#breadcrumb\"},\"inLanguage\":\"pt-BR\",\"potentialAction\":[{\"@type\":\"ReadAction\",\"target\":[\"https:\/\/www.notibras.com\/site\/leonal-estava-destinado-a-ser-a-ultima-flor-da-sofrencia\/\"]}]},{\"@type\":\"ImageObject\",\"inLanguage\":\"pt-BR\",\"@id\":\"https:\/\/www.notibras.com\/site\/leonal-estava-destinado-a-ser-a-ultima-flor-da-sofrencia\/#primaryimage\",\"url\":\"https:\/\/www.notibras.com\/site\/wp-content\/uploads\/2026\/03\/WhatsApp-Image-2026-03-03-at-18.02.34.jpeg\",\"contentUrl\":\"https:\/\/www.notibras.com\/site\/wp-content\/uploads\/2026\/03\/WhatsApp-Image-2026-03-03-at-18.02.34.jpeg\",\"width\":1024,\"height\":559},{\"@type\":\"BreadcrumbList\",\"@id\":\"https:\/\/www.notibras.com\/site\/leonal-estava-destinado-a-ser-a-ultima-flor-da-sofrencia\/#breadcrumb\",\"itemListElement\":[{\"@type\":\"ListItem\",\"position\":1,\"name\":\"In\u00edcio\",\"item\":\"https:\/\/www.notibras.com\/site\/\"},{\"@type\":\"ListItem\",\"position\":2,\"name\":\"Leonal estava destinado a ser a \u00faltima flor da sofr\u00eancia\"}]},{\"@type\":\"WebSite\",\"@id\":\"https:\/\/www.notibras.com\/site\/#website\",\"url\":\"https:\/\/www.notibras.com\/site\/\",\"name\":\"Notibras\",\"description\":\"Not\u00edcias de Bras\u00edlia, do Brasil e do Mundo\",\"publisher\":{\"@id\":\"https:\/\/www.notibras.com\/site\/#organization\"},\"potentialAction\":[{\"@type\":\"SearchAction\",\"target\":{\"@type\":\"EntryPoint\",\"urlTemplate\":\"https:\/\/www.notibras.com\/site\/?s={search_term_string}\"},\"query-input\":{\"@type\":\"PropertyValueSpecification\",\"valueRequired\":true,\"valueName\":\"search_term_string\"}}],\"inLanguage\":\"pt-BR\"},{\"@type\":\"Organization\",\"@id\":\"https:\/\/www.notibras.com\/site\/#organization\",\"name\":\"Grupo Notibras de Comunica\u00e7\u00e3o\",\"url\":\"https:\/\/www.notibras.com\/site\/\",\"logo\":{\"@type\":\"ImageObject\",\"inLanguage\":\"pt-BR\",\"@id\":\"https:\/\/www.notibras.com\/site\/#\/schema\/logo\/image\/\",\"url\":\"https:\/\/www.notibras.com\/site\/wp-content\/uploads\/2023\/01\/notibras23.png\",\"contentUrl\":\"https:\/\/www.notibras.com\/site\/wp-content\/uploads\/2023\/01\/notibras23.png\",\"width\":350,\"height\":87,\"caption\":\"Grupo Notibras de Comunica\u00e7\u00e3o\"},\"image\":{\"@id\":\"https:\/\/www.notibras.com\/site\/#\/schema\/logo\/image\/\"},\"sameAs\":[\"https:\/\/www.facebook.com\/notibras\/\",\"https:\/\/x.com\/Notibras\",\"https:\/\/www.instagram.com\/notibras\/\"]},{\"@type\":\"Person\",\"@id\":\"https:\/\/www.notibras.com\/site\/#\/schema\/person\/5b7fabf2aedc3ada2105f03b22b4d3dd\",\"name\":\"Eduardo Mart\u00ednez\",\"image\":{\"@type\":\"ImageObject\",\"inLanguage\":\"pt-BR\",\"@id\":\"https:\/\/secure.gravatar.com\/avatar\/7902f906289926289cbcda644b5197c796b893c6ffd7b9a536a42d290f7704a0?s=96&d=mm&r=g\",\"url\":\"https:\/\/secure.gravatar.com\/avatar\/7902f906289926289cbcda644b5197c796b893c6ffd7b9a536a42d290f7704a0?s=96&d=mm&r=g\",\"contentUrl\":\"https:\/\/secure.gravatar.com\/avatar\/7902f906289926289cbcda644b5197c796b893c6ffd7b9a536a42d290f7704a0?s=96&d=mm&r=g\",\"caption\":\"Eduardo Mart\u00ednez\"}}]}<\/script>\n<!-- \/ Yoast SEO plugin. -->","yoast_head_json":{"title":"Leonal estava destinado a ser a \u00faltima flor da sofr\u00eancia - Notibras","robots":{"index":"index","follow":"follow","max-snippet":"max-snippet:-1","max-image-preview":"max-image-preview:large","max-video-preview":"max-video-preview:-1"},"canonical":"https:\/\/www.notibras.com\/site\/leonal-estava-destinado-a-ser-a-ultima-flor-da-sofrencia\/","og_locale":"pt_BR","og_type":"article","og_title":"Leonal estava destinado a ser a \u00faltima flor da sofr\u00eancia - Notibras","og_description":"Leonel pertencia a uma ilustre estirpe de int\u00e9rpretes de m\u00fasica-pra-dor-de-corno. Mas, tadinho, estava destinado a ser a \u00faltima flor da sofr\u00eancia. J\u00e1 seu av\u00f4 era o puro suco do g\u00eanero; diziam que teria sido parceiro de copo e de choror\u00f4 de Lupic\u00ednio Rodrigues, pr\u00edncipe da Cornualha (se n\u00e3o foi, devia ter sido), nas mesas dos [&hellip;]","og_url":"https:\/\/www.notibras.com\/site\/leonal-estava-destinado-a-ser-a-ultima-flor-da-sofrencia\/","og_site_name":"Notibras","article_publisher":"https:\/\/www.facebook.com\/notibras\/","article_published_time":"2026-03-04T03:00:51+00:00","og_image":[{"width":1024,"height":559,"url":"https:\/\/www.notibras.com\/site\/wp-content\/uploads\/2026\/03\/WhatsApp-Image-2026-03-03-at-18.02.34.jpeg","type":"image\/jpeg"}],"author":"Eduardo Mart\u00ednez","twitter_card":"summary_large_image","twitter_creator":"@Notibras","twitter_site":"@Notibras","twitter_misc":{"Escrito por":"Eduardo Mart\u00ednez","Est. tempo de leitura":"3 minutos"},"schema":{"@context":"https:\/\/schema.org","@graph":[{"@type":"Article","@id":"https:\/\/www.notibras.com\/site\/leonal-estava-destinado-a-ser-a-ultima-flor-da-sofrencia\/#article","isPartOf":{"@id":"https:\/\/www.notibras.com\/site\/leonal-estava-destinado-a-ser-a-ultima-flor-da-sofrencia\/"},"author":{"name":"Eduardo Mart\u00ednez","@id":"https:\/\/www.notibras.com\/site\/#\/schema\/person\/5b7fabf2aedc3ada2105f03b22b4d3dd"},"headline":"Leonal estava destinado a ser a \u00faltima flor da sofr\u00eancia","datePublished":"2026-03-04T03:00:51+00:00","mainEntityOfPage":{"@id":"https:\/\/www.notibras.com\/site\/leonal-estava-destinado-a-ser-a-ultima-flor-da-sofrencia\/"},"wordCount":471,"publisher":{"@id":"https:\/\/www.notibras.com\/site\/#organization"},"image":{"@id":"https:\/\/www.notibras.com\/site\/leonal-estava-destinado-a-ser-a-ultima-flor-da-sofrencia\/#primaryimage"},"thumbnailUrl":"https:\/\/www.notibras.com\/site\/wp-content\/uploads\/2026\/03\/WhatsApp-Image-2026-03-03-at-18.02.34.jpeg","articleSection":["Caf\u00e9 Liter\u00e1rio"],"inLanguage":"pt-BR"},{"@type":"WebPage","@id":"https:\/\/www.notibras.com\/site\/leonal-estava-destinado-a-ser-a-ultima-flor-da-sofrencia\/","url":"https:\/\/www.notibras.com\/site\/leonal-estava-destinado-a-ser-a-ultima-flor-da-sofrencia\/","name":"Leonal estava destinado a ser a \u00faltima flor da sofr\u00eancia - Notibras","isPartOf":{"@id":"https:\/\/www.notibras.com\/site\/#website"},"primaryImageOfPage":{"@id":"https:\/\/www.notibras.com\/site\/leonal-estava-destinado-a-ser-a-ultima-flor-da-sofrencia\/#primaryimage"},"image":{"@id":"https:\/\/www.notibras.com\/site\/leonal-estava-destinado-a-ser-a-ultima-flor-da-sofrencia\/#primaryimage"},"thumbnailUrl":"https:\/\/www.notibras.com\/site\/wp-content\/uploads\/2026\/03\/WhatsApp-Image-2026-03-03-at-18.02.34.jpeg","datePublished":"2026-03-04T03:00:51+00:00","breadcrumb":{"@id":"https:\/\/www.notibras.com\/site\/leonal-estava-destinado-a-ser-a-ultima-flor-da-sofrencia\/#breadcrumb"},"inLanguage":"pt-BR","potentialAction":[{"@type":"ReadAction","target":["https:\/\/www.notibras.com\/site\/leonal-estava-destinado-a-ser-a-ultima-flor-da-sofrencia\/"]}]},{"@type":"ImageObject","inLanguage":"pt-BR","@id":"https:\/\/www.notibras.com\/site\/leonal-estava-destinado-a-ser-a-ultima-flor-da-sofrencia\/#primaryimage","url":"https:\/\/www.notibras.com\/site\/wp-content\/uploads\/2026\/03\/WhatsApp-Image-2026-03-03-at-18.02.34.jpeg","contentUrl":"https:\/\/www.notibras.com\/site\/wp-content\/uploads\/2026\/03\/WhatsApp-Image-2026-03-03-at-18.02.34.jpeg","width":1024,"height":559},{"@type":"BreadcrumbList","@id":"https:\/\/www.notibras.com\/site\/leonal-estava-destinado-a-ser-a-ultima-flor-da-sofrencia\/#breadcrumb","itemListElement":[{"@type":"ListItem","position":1,"name":"In\u00edcio","item":"https:\/\/www.notibras.com\/site\/"},{"@type":"ListItem","position":2,"name":"Leonal estava destinado a ser a \u00faltima flor da sofr\u00eancia"}]},{"@type":"WebSite","@id":"https:\/\/www.notibras.com\/site\/#website","url":"https:\/\/www.notibras.com\/site\/","name":"Notibras","description":"Not\u00edcias de Bras\u00edlia, do Brasil e do Mundo","publisher":{"@id":"https:\/\/www.notibras.com\/site\/#organization"},"potentialAction":[{"@type":"SearchAction","target":{"@type":"EntryPoint","urlTemplate":"https:\/\/www.notibras.com\/site\/?s={search_term_string}"},"query-input":{"@type":"PropertyValueSpecification","valueRequired":true,"valueName":"search_term_string"}}],"inLanguage":"pt-BR"},{"@type":"Organization","@id":"https:\/\/www.notibras.com\/site\/#organization","name":"Grupo Notibras de Comunica\u00e7\u00e3o","url":"https:\/\/www.notibras.com\/site\/","logo":{"@type":"ImageObject","inLanguage":"pt-BR","@id":"https:\/\/www.notibras.com\/site\/#\/schema\/logo\/image\/","url":"https:\/\/www.notibras.com\/site\/wp-content\/uploads\/2023\/01\/notibras23.png","contentUrl":"https:\/\/www.notibras.com\/site\/wp-content\/uploads\/2023\/01\/notibras23.png","width":350,"height":87,"caption":"Grupo Notibras de Comunica\u00e7\u00e3o"},"image":{"@id":"https:\/\/www.notibras.com\/site\/#\/schema\/logo\/image\/"},"sameAs":["https:\/\/www.facebook.com\/notibras\/","https:\/\/x.com\/Notibras","https:\/\/www.instagram.com\/notibras\/"]},{"@type":"Person","@id":"https:\/\/www.notibras.com\/site\/#\/schema\/person\/5b7fabf2aedc3ada2105f03b22b4d3dd","name":"Eduardo Mart\u00ednez","image":{"@type":"ImageObject","inLanguage":"pt-BR","@id":"https:\/\/secure.gravatar.com\/avatar\/7902f906289926289cbcda644b5197c796b893c6ffd7b9a536a42d290f7704a0?s=96&d=mm&r=g","url":"https:\/\/secure.gravatar.com\/avatar\/7902f906289926289cbcda644b5197c796b893c6ffd7b9a536a42d290f7704a0?s=96&d=mm&r=g","contentUrl":"https:\/\/secure.gravatar.com\/avatar\/7902f906289926289cbcda644b5197c796b893c6ffd7b9a536a42d290f7704a0?s=96&d=mm&r=g","caption":"Eduardo Mart\u00ednez"}}]}},"amp_enabled":true,"_links":{"self":[{"href":"https:\/\/www.notibras.com\/site\/wp-json\/wp\/v2\/posts\/385414","targetHints":{"allow":["GET"]}}],"collection":[{"href":"https:\/\/www.notibras.com\/site\/wp-json\/wp\/v2\/posts"}],"about":[{"href":"https:\/\/www.notibras.com\/site\/wp-json\/wp\/v2\/types\/post"}],"author":[{"embeddable":true,"href":"https:\/\/www.notibras.com\/site\/wp-json\/wp\/v2\/users\/21"}],"replies":[{"embeddable":true,"href":"https:\/\/www.notibras.com\/site\/wp-json\/wp\/v2\/comments?post=385414"}],"version-history":[{"count":1,"href":"https:\/\/www.notibras.com\/site\/wp-json\/wp\/v2\/posts\/385414\/revisions"}],"predecessor-version":[{"id":385416,"href":"https:\/\/www.notibras.com\/site\/wp-json\/wp\/v2\/posts\/385414\/revisions\/385416"}],"wp:featuredmedia":[{"embeddable":true,"href":"https:\/\/www.notibras.com\/site\/wp-json\/wp\/v2\/media\/385415"}],"wp:attachment":[{"href":"https:\/\/www.notibras.com\/site\/wp-json\/wp\/v2\/media?parent=385414"}],"wp:term":[{"taxonomy":"category","embeddable":true,"href":"https:\/\/www.notibras.com\/site\/wp-json\/wp\/v2\/categories?post=385414"},{"taxonomy":"post_tag","embeddable":true,"href":"https:\/\/www.notibras.com\/site\/wp-json\/wp\/v2\/tags?post=385414"}],"curies":[{"name":"wp","href":"https:\/\/api.w.org\/{rel}","templated":true}]}}