{"id":385418,"date":"2026-03-04T00:15:43","date_gmt":"2026-03-04T03:15:43","guid":{"rendered":"https:\/\/www.notibras.com\/site\/?p=385418"},"modified":"2026-03-03T18:12:52","modified_gmt":"2026-03-03T21:12:52","slug":"a-menina-danca","status":"publish","type":"post","link":"https:\/\/www.notibras.com\/site\/a-menina-danca\/","title":{"rendered":"A menina dan\u00e7a&#8230;"},"content":{"rendered":"<p>&#8220;No canto do cisco \/ a menina dan\u00e7a\/ no canto do olho \/ ela ainda dan\u00e7a&#8221;<br \/>\n(NOVOS BAIANOS, 1973)<\/p>\n<p>Ela passou. Dan\u00e7ando sobre pernas bambas&#8230;e DAN\u00c7A.<\/p>\n<p>Prancha de surf debaixo do sovaco peludo e amor no cora\u00e7\u00e3o.<\/p>\n<p>Olhei e n\u00e3o me contive:<\/p>\n<p>\u2014 Que alegria linda&#8230; Deu onda no Cost\u00e3o?<\/p>\n<p>\u2014 Deu&#8230; E de Sul.<\/p>\n<p>A m\u00fasica tomou a minha cabe\u00e7a.<\/p>\n<p>Em segundos fui aos anos 70.<\/p>\n<p>&#8220;Novos Baianos&#8221; mandavam ver as coisas da contracultura.<\/p>\n<p>Ent\u00e3o retornei a 2026 e disse:<\/p>\n<p>\u2014 Coza linda&#8221;&#8230; e como dan\u00e7a!<\/p>\n<p>\u2014 Nada&#8230; \u00c9 s\u00f3 pra dar risada.<\/p>\n<p>\u2014 Como assim?<\/p>\n<p>\u2014 Assim, pra remar contra a mar\u00e9.<\/p>\n<p>NOME: Australgesila.<\/p>\n<p>PROFISS\u00c3O: aposentada e surfista da Guarda.<\/p>\n<p>IDADE: 74 anos.<\/p>\n<p>Duas horas depois, algumas cervejas e uns backs ela me confidenciou:<\/p>\n<p>\u2014 Cara, eu te conhe\u00e7o e voc\u00ea nunca me viu.<\/p>\n<p>\u2014 Como \u00e9?<\/p>\n<p>\u2014 Desse jeito sim. Passo sempre por aqui e voc\u00ea sentadinho ali na sombra do boteco escrevendo. Nunca parei, mas acho que deveria.<\/p>\n<p>E ent\u00e3o, um filme passou em minha cabe\u00e7a.<\/p>\n<p>Em 1985 eu cheguei por aqui pela primeira vez. E havia aquela mo\u00e7a surfista que um dia esqueci.<\/p>\n<p>O tempo trama com a mem\u00f3ria e nos deixam feito cachorros que caem de caminh\u00e3o de mudan\u00e7as.<\/p>\n<p>\u2014 Mas&#8230; \u00c9 voc\u00ea?<\/p>\n<p>\u2014 Sim, eu &#8220;mesminha&#8221;!<\/p>\n<p>Os dias passam e as \u00e1guas entram e saem pelo rio da Madre buscando ora a lagoa ora o mar Atl\u00e2ntico. E a vida vai e quando volta nos faz pensar em eternos retornos, em discos voadores, em transcend\u00eancias, em m\u00e1quinas do tempo.<\/p>\n<p>Por fim, com uma m\u00fasica dessas dos Novos Baianos e com esse nome esot\u00e9rico, s\u00f3 poderia ser mesmo magia.<\/p>\n<p>Grato, Australgesila!<\/p>\n<p><strong>&#8230;&#8230;&#8230;&#8230;&#8230;&#8230;&#8230;&#8230;.<\/strong><\/p>\n<p><strong>Gilberto Motta \u00e9 escritor, jornalista, professor\/pesquisador que ainda acredita em transcend\u00eancias , encontros m\u00e1gicos e em eternos retornos. Vive na Guarda do Emba\u00fa, vilarejo de pescadores, turistas, nativos e outros seres transensoriais, no litoral de SC.<\/strong><\/p>\n","protected":false},"excerpt":{"rendered":"<p>&#8220;No canto do cisco \/ a menina dan\u00e7a\/ no canto do olho \/ ela ainda dan\u00e7a&#8221; (NOVOS BAIANOS, 1973) Ela passou. Dan\u00e7ando sobre pernas bambas&#8230;e DAN\u00c7A. Prancha de surf debaixo do sovaco peludo e amor no cora\u00e7\u00e3o. Olhei e n\u00e3o me contive: \u2014 Que alegria linda&#8230; Deu onda no Cost\u00e3o? \u2014 Deu&#8230; E de Sul. [&hellip;]<\/p>\n","protected":false},"author":21,"featured_media":385419,"comment_status":"closed","ping_status":"closed","sticky":false,"template":"","format":"standard","meta":{"_acf_changed":false,"footnotes":""},"categories":[234],"tags":[],"class_list":["post-385418","post","type-post","status-publish","format-standard","has-post-thumbnail","hentry","category-cafe-literario"],"acf":[],"yoast_head":"<!-- This site is optimized with the Yoast SEO plugin v27.2 - https:\/\/yoast.com\/product\/yoast-seo-wordpress\/ -->\n<title>A menina dan\u00e7a... - Notibras<\/title>\n<meta name=\"robots\" content=\"index, follow, max-snippet:-1, max-image-preview:large, max-video-preview:-1\" \/>\n<link rel=\"canonical\" href=\"https:\/\/www.notibras.com\/site\/a-menina-danca\/\" \/>\n<meta property=\"og:locale\" content=\"pt_BR\" \/>\n<meta property=\"og:type\" content=\"article\" \/>\n<meta property=\"og:title\" content=\"A menina dan\u00e7a... - Notibras\" \/>\n<meta property=\"og:description\" content=\"&#8220;No canto do cisco \/ a menina dan\u00e7a\/ no canto do olho \/ ela ainda dan\u00e7a&#8221; (NOVOS BAIANOS, 1973) Ela passou. Dan\u00e7ando sobre pernas bambas&#8230;e DAN\u00c7A. Prancha de surf debaixo do sovaco peludo e amor no cora\u00e7\u00e3o. Olhei e n\u00e3o me contive: \u2014 Que alegria linda&#8230; Deu onda no Cost\u00e3o? \u2014 Deu&#8230; E de Sul. [&hellip;]\" \/>\n<meta property=\"og:url\" content=\"https:\/\/www.notibras.com\/site\/a-menina-danca\/\" \/>\n<meta property=\"og:site_name\" content=\"Notibras\" \/>\n<meta property=\"article:publisher\" content=\"https:\/\/www.facebook.com\/notibras\/\" \/>\n<meta property=\"article:published_time\" content=\"2026-03-04T03:15:43+00:00\" \/>\n<meta property=\"og:image\" content=\"https:\/\/www.notibras.com\/site\/wp-content\/uploads\/2026\/03\/image-44.png\" \/>\n\t<meta property=\"og:image:width\" content=\"480\" \/>\n\t<meta property=\"og:image:height\" content=\"720\" \/>\n\t<meta property=\"og:image:type\" content=\"image\/png\" \/>\n<meta name=\"author\" content=\"Eduardo Mart\u00ednez\" \/>\n<meta name=\"twitter:card\" content=\"summary_large_image\" \/>\n<meta name=\"twitter:creator\" content=\"@Notibras\" \/>\n<meta name=\"twitter:site\" content=\"@Notibras\" \/>\n<meta name=\"twitter:label1\" content=\"Escrito por\" \/>\n\t<meta name=\"twitter:data1\" content=\"Eduardo Mart\u00ednez\" \/>\n\t<meta name=\"twitter:label2\" content=\"Est. tempo de leitura\" \/>\n\t<meta name=\"twitter:data2\" content=\"2 minutos\" \/>\n<script type=\"application\/ld+json\" class=\"yoast-schema-graph\">{\"@context\":\"https:\/\/schema.org\",\"@graph\":[{\"@type\":\"Article\",\"@id\":\"https:\/\/www.notibras.com\/site\/a-menina-danca\/#article\",\"isPartOf\":{\"@id\":\"https:\/\/www.notibras.com\/site\/a-menina-danca\/\"},\"author\":{\"name\":\"Eduardo Mart\u00ednez\",\"@id\":\"https:\/\/www.notibras.com\/site\/#\/schema\/person\/5b7fabf2aedc3ada2105f03b22b4d3dd\"},\"headline\":\"A menina dan\u00e7a&#8230;\",\"datePublished\":\"2026-03-04T03:15:43+00:00\",\"mainEntityOfPage\":{\"@id\":\"https:\/\/www.notibras.com\/site\/a-menina-danca\/\"},\"wordCount\":322,\"publisher\":{\"@id\":\"https:\/\/www.notibras.com\/site\/#organization\"},\"image\":{\"@id\":\"https:\/\/www.notibras.com\/site\/a-menina-danca\/#primaryimage\"},\"thumbnailUrl\":\"https:\/\/www.notibras.com\/site\/wp-content\/uploads\/2026\/03\/image-44.png\",\"articleSection\":[\"Caf\u00e9 Liter\u00e1rio\"],\"inLanguage\":\"pt-BR\"},{\"@type\":\"WebPage\",\"@id\":\"https:\/\/www.notibras.com\/site\/a-menina-danca\/\",\"url\":\"https:\/\/www.notibras.com\/site\/a-menina-danca\/\",\"name\":\"A menina dan\u00e7a... - Notibras\",\"isPartOf\":{\"@id\":\"https:\/\/www.notibras.com\/site\/#website\"},\"primaryImageOfPage\":{\"@id\":\"https:\/\/www.notibras.com\/site\/a-menina-danca\/#primaryimage\"},\"image\":{\"@id\":\"https:\/\/www.notibras.com\/site\/a-menina-danca\/#primaryimage\"},\"thumbnailUrl\":\"https:\/\/www.notibras.com\/site\/wp-content\/uploads\/2026\/03\/image-44.png\",\"datePublished\":\"2026-03-04T03:15:43+00:00\",\"breadcrumb\":{\"@id\":\"https:\/\/www.notibras.com\/site\/a-menina-danca\/#breadcrumb\"},\"inLanguage\":\"pt-BR\",\"potentialAction\":[{\"@type\":\"ReadAction\",\"target\":[\"https:\/\/www.notibras.com\/site\/a-menina-danca\/\"]}]},{\"@type\":\"ImageObject\",\"inLanguage\":\"pt-BR\",\"@id\":\"https:\/\/www.notibras.com\/site\/a-menina-danca\/#primaryimage\",\"url\":\"https:\/\/www.notibras.com\/site\/wp-content\/uploads\/2026\/03\/image-44.png\",\"contentUrl\":\"https:\/\/www.notibras.com\/site\/wp-content\/uploads\/2026\/03\/image-44.png\",\"width\":480,\"height\":720},{\"@type\":\"BreadcrumbList\",\"@id\":\"https:\/\/www.notibras.com\/site\/a-menina-danca\/#breadcrumb\",\"itemListElement\":[{\"@type\":\"ListItem\",\"position\":1,\"name\":\"In\u00edcio\",\"item\":\"https:\/\/www.notibras.com\/site\/\"},{\"@type\":\"ListItem\",\"position\":2,\"name\":\"A menina dan\u00e7a&#8230;\"}]},{\"@type\":\"WebSite\",\"@id\":\"https:\/\/www.notibras.com\/site\/#website\",\"url\":\"https:\/\/www.notibras.com\/site\/\",\"name\":\"Notibras\",\"description\":\"Not\u00edcias de Bras\u00edlia, do Brasil e do Mundo\",\"publisher\":{\"@id\":\"https:\/\/www.notibras.com\/site\/#organization\"},\"potentialAction\":[{\"@type\":\"SearchAction\",\"target\":{\"@type\":\"EntryPoint\",\"urlTemplate\":\"https:\/\/www.notibras.com\/site\/?s={search_term_string}\"},\"query-input\":{\"@type\":\"PropertyValueSpecification\",\"valueRequired\":true,\"valueName\":\"search_term_string\"}}],\"inLanguage\":\"pt-BR\"},{\"@type\":\"Organization\",\"@id\":\"https:\/\/www.notibras.com\/site\/#organization\",\"name\":\"Grupo Notibras de Comunica\u00e7\u00e3o\",\"url\":\"https:\/\/www.notibras.com\/site\/\",\"logo\":{\"@type\":\"ImageObject\",\"inLanguage\":\"pt-BR\",\"@id\":\"https:\/\/www.notibras.com\/site\/#\/schema\/logo\/image\/\",\"url\":\"https:\/\/www.notibras.com\/site\/wp-content\/uploads\/2023\/01\/notibras23.png\",\"contentUrl\":\"https:\/\/www.notibras.com\/site\/wp-content\/uploads\/2023\/01\/notibras23.png\",\"width\":350,\"height\":87,\"caption\":\"Grupo Notibras de Comunica\u00e7\u00e3o\"},\"image\":{\"@id\":\"https:\/\/www.notibras.com\/site\/#\/schema\/logo\/image\/\"},\"sameAs\":[\"https:\/\/www.facebook.com\/notibras\/\",\"https:\/\/x.com\/Notibras\",\"https:\/\/www.instagram.com\/notibras\/\"]},{\"@type\":\"Person\",\"@id\":\"https:\/\/www.notibras.com\/site\/#\/schema\/person\/5b7fabf2aedc3ada2105f03b22b4d3dd\",\"name\":\"Eduardo Mart\u00ednez\",\"image\":{\"@type\":\"ImageObject\",\"inLanguage\":\"pt-BR\",\"@id\":\"https:\/\/secure.gravatar.com\/avatar\/7902f906289926289cbcda644b5197c796b893c6ffd7b9a536a42d290f7704a0?s=96&d=mm&r=g\",\"url\":\"https:\/\/secure.gravatar.com\/avatar\/7902f906289926289cbcda644b5197c796b893c6ffd7b9a536a42d290f7704a0?s=96&d=mm&r=g\",\"contentUrl\":\"https:\/\/secure.gravatar.com\/avatar\/7902f906289926289cbcda644b5197c796b893c6ffd7b9a536a42d290f7704a0?s=96&d=mm&r=g\",\"caption\":\"Eduardo Mart\u00ednez\"}}]}<\/script>\n<!-- \/ Yoast SEO plugin. -->","yoast_head_json":{"title":"A menina dan\u00e7a... - Notibras","robots":{"index":"index","follow":"follow","max-snippet":"max-snippet:-1","max-image-preview":"max-image-preview:large","max-video-preview":"max-video-preview:-1"},"canonical":"https:\/\/www.notibras.com\/site\/a-menina-danca\/","og_locale":"pt_BR","og_type":"article","og_title":"A menina dan\u00e7a... - Notibras","og_description":"&#8220;No canto do cisco \/ a menina dan\u00e7a\/ no canto do olho \/ ela ainda dan\u00e7a&#8221; (NOVOS BAIANOS, 1973) Ela passou. Dan\u00e7ando sobre pernas bambas&#8230;e DAN\u00c7A. Prancha de surf debaixo do sovaco peludo e amor no cora\u00e7\u00e3o. Olhei e n\u00e3o me contive: \u2014 Que alegria linda&#8230; Deu onda no Cost\u00e3o? \u2014 Deu&#8230; E de Sul. [&hellip;]","og_url":"https:\/\/www.notibras.com\/site\/a-menina-danca\/","og_site_name":"Notibras","article_publisher":"https:\/\/www.facebook.com\/notibras\/","article_published_time":"2026-03-04T03:15:43+00:00","og_image":[{"width":480,"height":720,"url":"https:\/\/www.notibras.com\/site\/wp-content\/uploads\/2026\/03\/image-44.png","type":"image\/png"}],"author":"Eduardo Mart\u00ednez","twitter_card":"summary_large_image","twitter_creator":"@Notibras","twitter_site":"@Notibras","twitter_misc":{"Escrito por":"Eduardo Mart\u00ednez","Est. tempo de leitura":"2 minutos"},"schema":{"@context":"https:\/\/schema.org","@graph":[{"@type":"Article","@id":"https:\/\/www.notibras.com\/site\/a-menina-danca\/#article","isPartOf":{"@id":"https:\/\/www.notibras.com\/site\/a-menina-danca\/"},"author":{"name":"Eduardo Mart\u00ednez","@id":"https:\/\/www.notibras.com\/site\/#\/schema\/person\/5b7fabf2aedc3ada2105f03b22b4d3dd"},"headline":"A menina dan\u00e7a&#8230;","datePublished":"2026-03-04T03:15:43+00:00","mainEntityOfPage":{"@id":"https:\/\/www.notibras.com\/site\/a-menina-danca\/"},"wordCount":322,"publisher":{"@id":"https:\/\/www.notibras.com\/site\/#organization"},"image":{"@id":"https:\/\/www.notibras.com\/site\/a-menina-danca\/#primaryimage"},"thumbnailUrl":"https:\/\/www.notibras.com\/site\/wp-content\/uploads\/2026\/03\/image-44.png","articleSection":["Caf\u00e9 Liter\u00e1rio"],"inLanguage":"pt-BR"},{"@type":"WebPage","@id":"https:\/\/www.notibras.com\/site\/a-menina-danca\/","url":"https:\/\/www.notibras.com\/site\/a-menina-danca\/","name":"A menina dan\u00e7a... - Notibras","isPartOf":{"@id":"https:\/\/www.notibras.com\/site\/#website"},"primaryImageOfPage":{"@id":"https:\/\/www.notibras.com\/site\/a-menina-danca\/#primaryimage"},"image":{"@id":"https:\/\/www.notibras.com\/site\/a-menina-danca\/#primaryimage"},"thumbnailUrl":"https:\/\/www.notibras.com\/site\/wp-content\/uploads\/2026\/03\/image-44.png","datePublished":"2026-03-04T03:15:43+00:00","breadcrumb":{"@id":"https:\/\/www.notibras.com\/site\/a-menina-danca\/#breadcrumb"},"inLanguage":"pt-BR","potentialAction":[{"@type":"ReadAction","target":["https:\/\/www.notibras.com\/site\/a-menina-danca\/"]}]},{"@type":"ImageObject","inLanguage":"pt-BR","@id":"https:\/\/www.notibras.com\/site\/a-menina-danca\/#primaryimage","url":"https:\/\/www.notibras.com\/site\/wp-content\/uploads\/2026\/03\/image-44.png","contentUrl":"https:\/\/www.notibras.com\/site\/wp-content\/uploads\/2026\/03\/image-44.png","width":480,"height":720},{"@type":"BreadcrumbList","@id":"https:\/\/www.notibras.com\/site\/a-menina-danca\/#breadcrumb","itemListElement":[{"@type":"ListItem","position":1,"name":"In\u00edcio","item":"https:\/\/www.notibras.com\/site\/"},{"@type":"ListItem","position":2,"name":"A menina dan\u00e7a&#8230;"}]},{"@type":"WebSite","@id":"https:\/\/www.notibras.com\/site\/#website","url":"https:\/\/www.notibras.com\/site\/","name":"Notibras","description":"Not\u00edcias de Bras\u00edlia, do Brasil e do Mundo","publisher":{"@id":"https:\/\/www.notibras.com\/site\/#organization"},"potentialAction":[{"@type":"SearchAction","target":{"@type":"EntryPoint","urlTemplate":"https:\/\/www.notibras.com\/site\/?s={search_term_string}"},"query-input":{"@type":"PropertyValueSpecification","valueRequired":true,"valueName":"search_term_string"}}],"inLanguage":"pt-BR"},{"@type":"Organization","@id":"https:\/\/www.notibras.com\/site\/#organization","name":"Grupo Notibras de Comunica\u00e7\u00e3o","url":"https:\/\/www.notibras.com\/site\/","logo":{"@type":"ImageObject","inLanguage":"pt-BR","@id":"https:\/\/www.notibras.com\/site\/#\/schema\/logo\/image\/","url":"https:\/\/www.notibras.com\/site\/wp-content\/uploads\/2023\/01\/notibras23.png","contentUrl":"https:\/\/www.notibras.com\/site\/wp-content\/uploads\/2023\/01\/notibras23.png","width":350,"height":87,"caption":"Grupo Notibras de Comunica\u00e7\u00e3o"},"image":{"@id":"https:\/\/www.notibras.com\/site\/#\/schema\/logo\/image\/"},"sameAs":["https:\/\/www.facebook.com\/notibras\/","https:\/\/x.com\/Notibras","https:\/\/www.instagram.com\/notibras\/"]},{"@type":"Person","@id":"https:\/\/www.notibras.com\/site\/#\/schema\/person\/5b7fabf2aedc3ada2105f03b22b4d3dd","name":"Eduardo Mart\u00ednez","image":{"@type":"ImageObject","inLanguage":"pt-BR","@id":"https:\/\/secure.gravatar.com\/avatar\/7902f906289926289cbcda644b5197c796b893c6ffd7b9a536a42d290f7704a0?s=96&d=mm&r=g","url":"https:\/\/secure.gravatar.com\/avatar\/7902f906289926289cbcda644b5197c796b893c6ffd7b9a536a42d290f7704a0?s=96&d=mm&r=g","contentUrl":"https:\/\/secure.gravatar.com\/avatar\/7902f906289926289cbcda644b5197c796b893c6ffd7b9a536a42d290f7704a0?s=96&d=mm&r=g","caption":"Eduardo Mart\u00ednez"}}]}},"amp_enabled":true,"_links":{"self":[{"href":"https:\/\/www.notibras.com\/site\/wp-json\/wp\/v2\/posts\/385418","targetHints":{"allow":["GET"]}}],"collection":[{"href":"https:\/\/www.notibras.com\/site\/wp-json\/wp\/v2\/posts"}],"about":[{"href":"https:\/\/www.notibras.com\/site\/wp-json\/wp\/v2\/types\/post"}],"author":[{"embeddable":true,"href":"https:\/\/www.notibras.com\/site\/wp-json\/wp\/v2\/users\/21"}],"replies":[{"embeddable":true,"href":"https:\/\/www.notibras.com\/site\/wp-json\/wp\/v2\/comments?post=385418"}],"version-history":[{"count":2,"href":"https:\/\/www.notibras.com\/site\/wp-json\/wp\/v2\/posts\/385418\/revisions"}],"predecessor-version":[{"id":385421,"href":"https:\/\/www.notibras.com\/site\/wp-json\/wp\/v2\/posts\/385418\/revisions\/385421"}],"wp:featuredmedia":[{"embeddable":true,"href":"https:\/\/www.notibras.com\/site\/wp-json\/wp\/v2\/media\/385419"}],"wp:attachment":[{"href":"https:\/\/www.notibras.com\/site\/wp-json\/wp\/v2\/media?parent=385418"}],"wp:term":[{"taxonomy":"category","embeddable":true,"href":"https:\/\/www.notibras.com\/site\/wp-json\/wp\/v2\/categories?post=385418"},{"taxonomy":"post_tag","embeddable":true,"href":"https:\/\/www.notibras.com\/site\/wp-json\/wp\/v2\/tags?post=385418"}],"curies":[{"name":"wp","href":"https:\/\/api.w.org\/{rel}","templated":true}]}}