{"id":385422,"date":"2026-03-03T18:32:14","date_gmt":"2026-03-03T21:32:14","guid":{"rendered":"https:\/\/www.notibras.com\/site\/?p=385422"},"modified":"2026-03-03T18:32:14","modified_gmt":"2026-03-03T21:32:14","slug":"poeta-baiana-sera-homenageada-na-flipelo","status":"publish","type":"post","link":"https:\/\/www.notibras.com\/site\/poeta-baiana-sera-homenageada-na-flipelo\/","title":{"rendered":"Poeta baiana ser\u00e1 homenageada na Flipel\u00f4"},"content":{"rendered":"<p>A poeta e jornalista baiana Myriam Fraga (1937-2016) ser\u00e1 a grande homenageada da edi\u00e7\u00e3o deste ano da Festa Liter\u00e1ria Internacional do Pelourinho (Flipel\u00f4), maior evento liter\u00e1rio da Bahia. A festa est\u00e1 marcada para o per\u00edodo de 5 a 9 de agosto no Pelourinho, centro hist\u00f3rico de Salvador.<\/p>\n<p>Neste ano, a Flipel\u00f4 chega \u00e0 d\u00e9cima edi\u00e7\u00e3o. Inspirada na Festa Liter\u00e1ria Internacional de Paraty (Flip), a Flipel\u00f4 \u00e9 realizada desde 2017, pela Funda\u00e7\u00e3o Casa de Jorge Amado, que chega aos 40 anos de exist\u00eancia. A festa, que foi idealizada pela poeta, surgiu com o objetivo de preservar e valorizar a mem\u00f3ria do escritor Jorge Amado, a cultura e arte da Bahia e tamb\u00e9m estimular a literatura, principalmente entre os jovens.<\/p>\n<p>Myriam Fraga \u00e9 considerada uma das maiores escritoras e poetas brasileiras, tendo publicado 25 livros e tamb\u00e9m mantido uma intensa colabora\u00e7\u00e3o em revistas e jornais. Ela foi respons\u00e1vel pela coluna Linha D\u2019\u00c1gua, publicada pelo jornal A Tarde entre os anos de 1984 e 2004. Ela tamb\u00e9m integrou a Academia de Letras da Bahia.<\/p>\n<p>A produ\u00e7\u00e3o po\u00e9tica dela retrata quest\u00f5es sociais espec\u00edficas do Nordeste e traz representa\u00e7\u00f5es da Bahia, mas tamb\u00e9m busca uma constru\u00e7\u00e3o do feminino, ressignificando figuras e temas da mitologia.<\/p>\n<p>A poeta tamb\u00e9m foi uma das grandes entusiastas da Funda\u00e7\u00e3o Casa de Jorge Amado, que ajudou a fundar. Tal empenho pela cria\u00e7\u00e3o da funda\u00e7\u00e3o levou os escritores Jorge Amado e Z\u00e9lia Gattai a fazerem o convite para que Myriam passasse a administrar a institui\u00e7\u00e3o, o que ela fez at\u00e9 o final de sua vida.<\/p>\n<p>\u201cConfesso que nesse instante [do convite para dirigir a funda\u00e7\u00e3o] tive um breve momento de p\u00e2nico. Trabalhara intensamente para que o projeto se tornasse realidade. Sinceramente esperava poder continuar de algum modo a trabalhar nele, mas de repente ser colocada na dire\u00e7\u00e3o parecia-me uma tarefa para qual possivelmente n\u00e3o estava preparada\u201d, disse a poeta.<\/p>\n<p>Atualmente a institui\u00e7\u00e3o \u00e9 presidida pela filha de Myriam, Angela Fraga. \u201cAo participar da Festa Liter\u00e1ria Internacional de Paraty (FLIP), em 2006, ano em que Jorge Amado foi homenageado, ela voltou com uma ideia na cabe\u00e7a, transformar o Pelourinho em palco de uma grande festa liter\u00e1ria\u201d, disse Angela.<\/p>\n<p>\u201cAos poucos essa ideia foi se concretizando e, assim, em 2017 conseguimos realizar a primeira edi\u00e7\u00e3o da Flipel\u00f4. Infelizmente, Myriam Fraga n\u00e3o conseguiu ver a concretiza\u00e7\u00e3o de sua ideia. Agora, na d\u00e9cima edi\u00e7\u00e3o, achamos mais do que justo homenage\u00e1-la\u201d, completou.<\/p>\n<p><strong>Calasans Neto<\/strong><br \/>\nAl\u00e9m da homenagem \u00e0 poeta, a Flipel\u00f4 tamb\u00e9m vai celebrar o trabalho do artista Calasans Neto, grande amigo de Myriam Fraga. Pintor, gravador, ilustrador, desenhista, entalhador e cen\u00f3grafo baiano, Calasans Neto ilustrou as obras de Myriam Fraga desde a publica\u00e7\u00e3o do primeiro livro dela, Marinhas (1964).<\/p>\n<p>Essa amizade, inclusive, foi elogiada por Jorge Amado em seu livro Navega\u00e7\u00e3o de Cabotagem. \u201cA dupla \u00e9 imbat\u00edvel, Cal\u00e1 nasceu para ilustrar a poesia de Myriam, os poemas e as monotipias s\u00e3o da mesma mat\u00e9ria, visceral.<\/p>\n","protected":false},"excerpt":{"rendered":"<p>A poeta e jornalista baiana Myriam Fraga (1937-2016) ser\u00e1 a grande homenageada da edi\u00e7\u00e3o deste ano da Festa Liter\u00e1ria Internacional do Pelourinho (Flipel\u00f4), maior evento liter\u00e1rio da Bahia. A festa est\u00e1 marcada para o per\u00edodo de 5 a 9 de agosto no Pelourinho, centro hist\u00f3rico de Salvador. Neste ano, a Flipel\u00f4 chega \u00e0 d\u00e9cima edi\u00e7\u00e3o. [&hellip;]<\/p>\n","protected":false},"author":2,"featured_media":385423,"comment_status":"closed","ping_status":"closed","sticky":false,"template":"","format":"standard","meta":{"_acf_changed":false,"footnotes":""},"categories":[165],"tags":[],"class_list":["post-385422","post","type-post","status-publish","format-standard","has-post-thumbnail","hentry","category-nordeste"],"acf":[],"yoast_head":"<!-- This site is optimized with the Yoast SEO plugin v27.2 - https:\/\/yoast.com\/product\/yoast-seo-wordpress\/ -->\n<title>Poeta baiana ser\u00e1 homenageada na Flipel\u00f4 - Notibras<\/title>\n<meta name=\"robots\" content=\"index, follow, max-snippet:-1, max-image-preview:large, max-video-preview:-1\" \/>\n<link rel=\"canonical\" href=\"https:\/\/www.notibras.com\/site\/poeta-baiana-sera-homenageada-na-flipelo\/\" \/>\n<meta property=\"og:locale\" content=\"pt_BR\" \/>\n<meta property=\"og:type\" content=\"article\" \/>\n<meta property=\"og:title\" content=\"Poeta baiana ser\u00e1 homenageada na Flipel\u00f4 - Notibras\" \/>\n<meta property=\"og:description\" content=\"A poeta e jornalista baiana Myriam Fraga (1937-2016) ser\u00e1 a grande homenageada da edi\u00e7\u00e3o deste ano da Festa Liter\u00e1ria Internacional do Pelourinho (Flipel\u00f4), maior evento liter\u00e1rio da Bahia. A festa est\u00e1 marcada para o per\u00edodo de 5 a 9 de agosto no Pelourinho, centro hist\u00f3rico de Salvador. Neste ano, a Flipel\u00f4 chega \u00e0 d\u00e9cima edi\u00e7\u00e3o. [&hellip;]\" \/>\n<meta property=\"og:url\" content=\"https:\/\/www.notibras.com\/site\/poeta-baiana-sera-homenageada-na-flipelo\/\" \/>\n<meta property=\"og:site_name\" content=\"Notibras\" \/>\n<meta property=\"article:publisher\" content=\"https:\/\/www.facebook.com\/notibras\/\" \/>\n<meta property=\"article:published_time\" content=\"2026-03-03T21:32:14+00:00\" \/>\n<meta property=\"og:image\" content=\"https:\/\/www.notibras.com\/site\/wp-content\/uploads\/2026\/03\/whatsapp_image_2026-02-26_at_12.12.29.webp\" \/>\n\t<meta property=\"og:image:width\" content=\"1170\" \/>\n\t<meta property=\"og:image:height\" content=\"700\" \/>\n\t<meta property=\"og:image:type\" content=\"image\/webp\" \/>\n<meta name=\"author\" content=\"Reda\u00e7\u00e3o\" \/>\n<meta name=\"twitter:card\" content=\"summary_large_image\" \/>\n<meta name=\"twitter:creator\" content=\"@Notibras\" \/>\n<meta name=\"twitter:site\" content=\"@Notibras\" \/>\n<meta name=\"twitter:label1\" content=\"Escrito por\" \/>\n\t<meta name=\"twitter:data1\" content=\"Reda\u00e7\u00e3o\" \/>\n\t<meta name=\"twitter:label2\" content=\"Est. tempo de leitura\" \/>\n\t<meta name=\"twitter:data2\" content=\"3 minutos\" \/>\n<script type=\"application\/ld+json\" class=\"yoast-schema-graph\">{\"@context\":\"https:\/\/schema.org\",\"@graph\":[{\"@type\":\"Article\",\"@id\":\"https:\/\/www.notibras.com\/site\/poeta-baiana-sera-homenageada-na-flipelo\/#article\",\"isPartOf\":{\"@id\":\"https:\/\/www.notibras.com\/site\/poeta-baiana-sera-homenageada-na-flipelo\/\"},\"author\":{\"name\":\"Reda\u00e7\u00e3o\",\"@id\":\"https:\/\/www.notibras.com\/site\/#\/schema\/person\/36ab0979449956132d3e5b517ea76ac8\"},\"headline\":\"Poeta baiana ser\u00e1 homenageada na Flipel\u00f4\",\"datePublished\":\"2026-03-03T21:32:14+00:00\",\"mainEntityOfPage\":{\"@id\":\"https:\/\/www.notibras.com\/site\/poeta-baiana-sera-homenageada-na-flipelo\/\"},\"wordCount\":521,\"publisher\":{\"@id\":\"https:\/\/www.notibras.com\/site\/#organization\"},\"image\":{\"@id\":\"https:\/\/www.notibras.com\/site\/poeta-baiana-sera-homenageada-na-flipelo\/#primaryimage\"},\"thumbnailUrl\":\"https:\/\/www.notibras.com\/site\/wp-content\/uploads\/2026\/03\/whatsapp_image_2026-02-26_at_12.12.29.webp\",\"articleSection\":[\"Nordeste\"],\"inLanguage\":\"pt-BR\"},{\"@type\":\"WebPage\",\"@id\":\"https:\/\/www.notibras.com\/site\/poeta-baiana-sera-homenageada-na-flipelo\/\",\"url\":\"https:\/\/www.notibras.com\/site\/poeta-baiana-sera-homenageada-na-flipelo\/\",\"name\":\"Poeta baiana ser\u00e1 homenageada na Flipel\u00f4 - Notibras\",\"isPartOf\":{\"@id\":\"https:\/\/www.notibras.com\/site\/#website\"},\"primaryImageOfPage\":{\"@id\":\"https:\/\/www.notibras.com\/site\/poeta-baiana-sera-homenageada-na-flipelo\/#primaryimage\"},\"image\":{\"@id\":\"https:\/\/www.notibras.com\/site\/poeta-baiana-sera-homenageada-na-flipelo\/#primaryimage\"},\"thumbnailUrl\":\"https:\/\/www.notibras.com\/site\/wp-content\/uploads\/2026\/03\/whatsapp_image_2026-02-26_at_12.12.29.webp\",\"datePublished\":\"2026-03-03T21:32:14+00:00\",\"breadcrumb\":{\"@id\":\"https:\/\/www.notibras.com\/site\/poeta-baiana-sera-homenageada-na-flipelo\/#breadcrumb\"},\"inLanguage\":\"pt-BR\",\"potentialAction\":[{\"@type\":\"ReadAction\",\"target\":[\"https:\/\/www.notibras.com\/site\/poeta-baiana-sera-homenageada-na-flipelo\/\"]}]},{\"@type\":\"ImageObject\",\"inLanguage\":\"pt-BR\",\"@id\":\"https:\/\/www.notibras.com\/site\/poeta-baiana-sera-homenageada-na-flipelo\/#primaryimage\",\"url\":\"https:\/\/www.notibras.com\/site\/wp-content\/uploads\/2026\/03\/whatsapp_image_2026-02-26_at_12.12.29.webp\",\"contentUrl\":\"https:\/\/www.notibras.com\/site\/wp-content\/uploads\/2026\/03\/whatsapp_image_2026-02-26_at_12.12.29.webp\",\"width\":1170,\"height\":700},{\"@type\":\"BreadcrumbList\",\"@id\":\"https:\/\/www.notibras.com\/site\/poeta-baiana-sera-homenageada-na-flipelo\/#breadcrumb\",\"itemListElement\":[{\"@type\":\"ListItem\",\"position\":1,\"name\":\"In\u00edcio\",\"item\":\"https:\/\/www.notibras.com\/site\/\"},{\"@type\":\"ListItem\",\"position\":2,\"name\":\"Poeta baiana ser\u00e1 homenageada na Flipel\u00f4\"}]},{\"@type\":\"WebSite\",\"@id\":\"https:\/\/www.notibras.com\/site\/#website\",\"url\":\"https:\/\/www.notibras.com\/site\/\",\"name\":\"Notibras\",\"description\":\"Not\u00edcias de Bras\u00edlia, do Brasil e do Mundo\",\"publisher\":{\"@id\":\"https:\/\/www.notibras.com\/site\/#organization\"},\"potentialAction\":[{\"@type\":\"SearchAction\",\"target\":{\"@type\":\"EntryPoint\",\"urlTemplate\":\"https:\/\/www.notibras.com\/site\/?s={search_term_string}\"},\"query-input\":{\"@type\":\"PropertyValueSpecification\",\"valueRequired\":true,\"valueName\":\"search_term_string\"}}],\"inLanguage\":\"pt-BR\"},{\"@type\":\"Organization\",\"@id\":\"https:\/\/www.notibras.com\/site\/#organization\",\"name\":\"Grupo Notibras de Comunica\u00e7\u00e3o\",\"url\":\"https:\/\/www.notibras.com\/site\/\",\"logo\":{\"@type\":\"ImageObject\",\"inLanguage\":\"pt-BR\",\"@id\":\"https:\/\/www.notibras.com\/site\/#\/schema\/logo\/image\/\",\"url\":\"https:\/\/www.notibras.com\/site\/wp-content\/uploads\/2023\/01\/notibras23.png\",\"contentUrl\":\"https:\/\/www.notibras.com\/site\/wp-content\/uploads\/2023\/01\/notibras23.png\",\"width\":350,\"height\":87,\"caption\":\"Grupo Notibras de Comunica\u00e7\u00e3o\"},\"image\":{\"@id\":\"https:\/\/www.notibras.com\/site\/#\/schema\/logo\/image\/\"},\"sameAs\":[\"https:\/\/www.facebook.com\/notibras\/\",\"https:\/\/x.com\/Notibras\",\"https:\/\/www.instagram.com\/notibras\/\"]},{\"@type\":\"Person\",\"@id\":\"https:\/\/www.notibras.com\/site\/#\/schema\/person\/36ab0979449956132d3e5b517ea76ac8\",\"name\":\"Reda\u00e7\u00e3o\",\"image\":{\"@type\":\"ImageObject\",\"inLanguage\":\"pt-BR\",\"@id\":\"https:\/\/secure.gravatar.com\/avatar\/e0a867bdedb85fd243eadf09663511f96fc81e0720a4a42581f334ad4303aa6b?s=96&d=mm&r=g\",\"url\":\"https:\/\/secure.gravatar.com\/avatar\/e0a867bdedb85fd243eadf09663511f96fc81e0720a4a42581f334ad4303aa6b?s=96&d=mm&r=g\",\"contentUrl\":\"https:\/\/secure.gravatar.com\/avatar\/e0a867bdedb85fd243eadf09663511f96fc81e0720a4a42581f334ad4303aa6b?s=96&d=mm&r=g\",\"caption\":\"Reda\u00e7\u00e3o\"}}]}<\/script>\n<!-- \/ Yoast SEO plugin. -->","yoast_head_json":{"title":"Poeta baiana ser\u00e1 homenageada na Flipel\u00f4 - Notibras","robots":{"index":"index","follow":"follow","max-snippet":"max-snippet:-1","max-image-preview":"max-image-preview:large","max-video-preview":"max-video-preview:-1"},"canonical":"https:\/\/www.notibras.com\/site\/poeta-baiana-sera-homenageada-na-flipelo\/","og_locale":"pt_BR","og_type":"article","og_title":"Poeta baiana ser\u00e1 homenageada na Flipel\u00f4 - Notibras","og_description":"A poeta e jornalista baiana Myriam Fraga (1937-2016) ser\u00e1 a grande homenageada da edi\u00e7\u00e3o deste ano da Festa Liter\u00e1ria Internacional do Pelourinho (Flipel\u00f4), maior evento liter\u00e1rio da Bahia. A festa est\u00e1 marcada para o per\u00edodo de 5 a 9 de agosto no Pelourinho, centro hist\u00f3rico de Salvador. Neste ano, a Flipel\u00f4 chega \u00e0 d\u00e9cima edi\u00e7\u00e3o. [&hellip;]","og_url":"https:\/\/www.notibras.com\/site\/poeta-baiana-sera-homenageada-na-flipelo\/","og_site_name":"Notibras","article_publisher":"https:\/\/www.facebook.com\/notibras\/","article_published_time":"2026-03-03T21:32:14+00:00","og_image":[{"width":1170,"height":700,"url":"https:\/\/www.notibras.com\/site\/wp-content\/uploads\/2026\/03\/whatsapp_image_2026-02-26_at_12.12.29.webp","type":"image\/webp"}],"author":"Reda\u00e7\u00e3o","twitter_card":"summary_large_image","twitter_creator":"@Notibras","twitter_site":"@Notibras","twitter_misc":{"Escrito por":"Reda\u00e7\u00e3o","Est. tempo de leitura":"3 minutos"},"schema":{"@context":"https:\/\/schema.org","@graph":[{"@type":"Article","@id":"https:\/\/www.notibras.com\/site\/poeta-baiana-sera-homenageada-na-flipelo\/#article","isPartOf":{"@id":"https:\/\/www.notibras.com\/site\/poeta-baiana-sera-homenageada-na-flipelo\/"},"author":{"name":"Reda\u00e7\u00e3o","@id":"https:\/\/www.notibras.com\/site\/#\/schema\/person\/36ab0979449956132d3e5b517ea76ac8"},"headline":"Poeta baiana ser\u00e1 homenageada na Flipel\u00f4","datePublished":"2026-03-03T21:32:14+00:00","mainEntityOfPage":{"@id":"https:\/\/www.notibras.com\/site\/poeta-baiana-sera-homenageada-na-flipelo\/"},"wordCount":521,"publisher":{"@id":"https:\/\/www.notibras.com\/site\/#organization"},"image":{"@id":"https:\/\/www.notibras.com\/site\/poeta-baiana-sera-homenageada-na-flipelo\/#primaryimage"},"thumbnailUrl":"https:\/\/www.notibras.com\/site\/wp-content\/uploads\/2026\/03\/whatsapp_image_2026-02-26_at_12.12.29.webp","articleSection":["Nordeste"],"inLanguage":"pt-BR"},{"@type":"WebPage","@id":"https:\/\/www.notibras.com\/site\/poeta-baiana-sera-homenageada-na-flipelo\/","url":"https:\/\/www.notibras.com\/site\/poeta-baiana-sera-homenageada-na-flipelo\/","name":"Poeta baiana ser\u00e1 homenageada na Flipel\u00f4 - Notibras","isPartOf":{"@id":"https:\/\/www.notibras.com\/site\/#website"},"primaryImageOfPage":{"@id":"https:\/\/www.notibras.com\/site\/poeta-baiana-sera-homenageada-na-flipelo\/#primaryimage"},"image":{"@id":"https:\/\/www.notibras.com\/site\/poeta-baiana-sera-homenageada-na-flipelo\/#primaryimage"},"thumbnailUrl":"https:\/\/www.notibras.com\/site\/wp-content\/uploads\/2026\/03\/whatsapp_image_2026-02-26_at_12.12.29.webp","datePublished":"2026-03-03T21:32:14+00:00","breadcrumb":{"@id":"https:\/\/www.notibras.com\/site\/poeta-baiana-sera-homenageada-na-flipelo\/#breadcrumb"},"inLanguage":"pt-BR","potentialAction":[{"@type":"ReadAction","target":["https:\/\/www.notibras.com\/site\/poeta-baiana-sera-homenageada-na-flipelo\/"]}]},{"@type":"ImageObject","inLanguage":"pt-BR","@id":"https:\/\/www.notibras.com\/site\/poeta-baiana-sera-homenageada-na-flipelo\/#primaryimage","url":"https:\/\/www.notibras.com\/site\/wp-content\/uploads\/2026\/03\/whatsapp_image_2026-02-26_at_12.12.29.webp","contentUrl":"https:\/\/www.notibras.com\/site\/wp-content\/uploads\/2026\/03\/whatsapp_image_2026-02-26_at_12.12.29.webp","width":1170,"height":700},{"@type":"BreadcrumbList","@id":"https:\/\/www.notibras.com\/site\/poeta-baiana-sera-homenageada-na-flipelo\/#breadcrumb","itemListElement":[{"@type":"ListItem","position":1,"name":"In\u00edcio","item":"https:\/\/www.notibras.com\/site\/"},{"@type":"ListItem","position":2,"name":"Poeta baiana ser\u00e1 homenageada na Flipel\u00f4"}]},{"@type":"WebSite","@id":"https:\/\/www.notibras.com\/site\/#website","url":"https:\/\/www.notibras.com\/site\/","name":"Notibras","description":"Not\u00edcias de Bras\u00edlia, do Brasil e do Mundo","publisher":{"@id":"https:\/\/www.notibras.com\/site\/#organization"},"potentialAction":[{"@type":"SearchAction","target":{"@type":"EntryPoint","urlTemplate":"https:\/\/www.notibras.com\/site\/?s={search_term_string}"},"query-input":{"@type":"PropertyValueSpecification","valueRequired":true,"valueName":"search_term_string"}}],"inLanguage":"pt-BR"},{"@type":"Organization","@id":"https:\/\/www.notibras.com\/site\/#organization","name":"Grupo Notibras de Comunica\u00e7\u00e3o","url":"https:\/\/www.notibras.com\/site\/","logo":{"@type":"ImageObject","inLanguage":"pt-BR","@id":"https:\/\/www.notibras.com\/site\/#\/schema\/logo\/image\/","url":"https:\/\/www.notibras.com\/site\/wp-content\/uploads\/2023\/01\/notibras23.png","contentUrl":"https:\/\/www.notibras.com\/site\/wp-content\/uploads\/2023\/01\/notibras23.png","width":350,"height":87,"caption":"Grupo Notibras de Comunica\u00e7\u00e3o"},"image":{"@id":"https:\/\/www.notibras.com\/site\/#\/schema\/logo\/image\/"},"sameAs":["https:\/\/www.facebook.com\/notibras\/","https:\/\/x.com\/Notibras","https:\/\/www.instagram.com\/notibras\/"]},{"@type":"Person","@id":"https:\/\/www.notibras.com\/site\/#\/schema\/person\/36ab0979449956132d3e5b517ea76ac8","name":"Reda\u00e7\u00e3o","image":{"@type":"ImageObject","inLanguage":"pt-BR","@id":"https:\/\/secure.gravatar.com\/avatar\/e0a867bdedb85fd243eadf09663511f96fc81e0720a4a42581f334ad4303aa6b?s=96&d=mm&r=g","url":"https:\/\/secure.gravatar.com\/avatar\/e0a867bdedb85fd243eadf09663511f96fc81e0720a4a42581f334ad4303aa6b?s=96&d=mm&r=g","contentUrl":"https:\/\/secure.gravatar.com\/avatar\/e0a867bdedb85fd243eadf09663511f96fc81e0720a4a42581f334ad4303aa6b?s=96&d=mm&r=g","caption":"Reda\u00e7\u00e3o"}}]}},"amp_enabled":true,"_links":{"self":[{"href":"https:\/\/www.notibras.com\/site\/wp-json\/wp\/v2\/posts\/385422","targetHints":{"allow":["GET"]}}],"collection":[{"href":"https:\/\/www.notibras.com\/site\/wp-json\/wp\/v2\/posts"}],"about":[{"href":"https:\/\/www.notibras.com\/site\/wp-json\/wp\/v2\/types\/post"}],"author":[{"embeddable":true,"href":"https:\/\/www.notibras.com\/site\/wp-json\/wp\/v2\/users\/2"}],"replies":[{"embeddable":true,"href":"https:\/\/www.notibras.com\/site\/wp-json\/wp\/v2\/comments?post=385422"}],"version-history":[{"count":1,"href":"https:\/\/www.notibras.com\/site\/wp-json\/wp\/v2\/posts\/385422\/revisions"}],"predecessor-version":[{"id":385424,"href":"https:\/\/www.notibras.com\/site\/wp-json\/wp\/v2\/posts\/385422\/revisions\/385424"}],"wp:featuredmedia":[{"embeddable":true,"href":"https:\/\/www.notibras.com\/site\/wp-json\/wp\/v2\/media\/385423"}],"wp:attachment":[{"href":"https:\/\/www.notibras.com\/site\/wp-json\/wp\/v2\/media?parent=385422"}],"wp:term":[{"taxonomy":"category","embeddable":true,"href":"https:\/\/www.notibras.com\/site\/wp-json\/wp\/v2\/categories?post=385422"},{"taxonomy":"post_tag","embeddable":true,"href":"https:\/\/www.notibras.com\/site\/wp-json\/wp\/v2\/tags?post=385422"}],"curies":[{"name":"wp","href":"https:\/\/api.w.org\/{rel}","templated":true}]}}