{"id":385438,"date":"2026-03-04T01:00:13","date_gmt":"2026-03-04T04:00:13","guid":{"rendered":"https:\/\/www.notibras.com\/site\/?p=385438"},"modified":"2026-03-03T21:26:17","modified_gmt":"2026-03-04T00:26:17","slug":"de-conquistador-a-conquistado","status":"publish","type":"post","link":"https:\/\/www.notibras.com\/site\/de-conquistador-a-conquistado\/","title":{"rendered":"De conquistador a conquistado"},"content":{"rendered":"<p>N\u00e3o sou caixeiro-viajante nem motorista de caminh\u00e3o. No entanto, por conta do trabalho, preciso me deslocar para algumas regi\u00f5es v\u00e1rias vezes por ano. O que sou? Mero representante comercial de uma firma, cujos produtos voc\u00ea certamente conhece. Todavia, deixemos a curiosidade no canto e vamos ao que interessa.<\/p>\n<p>Pois bem, durante essas andan\u00e7as, sempre conhe\u00e7o todo o tipo de gente. N\u00e3o raro, a coisa desanda para algo al\u00e9m das rela\u00e7\u00f5es econ\u00f4micas. O problema \u00e9 que nem sempre a pessoa entende que aquele momento n\u00e3o ir\u00e1 acontecer de novo ou, ent\u00e3o, se acontecer, n\u00e3o passar\u00e1 disso. Mas eis que a coisa se inverteu&#8230;<\/p>\n<p>Seu nome \u00e9 Juliana, propriet\u00e1ria de um com\u00e9rcio em Natal. Pouco mais velha do que eu, ainda n\u00e3o chegou aos 50 anos, C\u00e1 estou com meus quase 42, que completo na semana que vem. Os entendidos dir\u00e3o que estou vivendo os \u00faltimos dias do meu inferno astral.<\/p>\n<p>De imediato, a mulher pareceu sentir certa empatia por mim. N\u00e3o que eu seja um tipo que atraia a aten\u00e7\u00e3o, mesmo porque h\u00e1 tempos me conformei com minha barriga deveras saliente. Se bem que, a cada final de ano, uma das minhas promessas \u00e9 fazer um regime e reconquistar a silhueta dos meus 25. Promessas vazias, como tantas outras.<\/p>\n<p>Juliana pareceu n\u00e3o se importar. Ali\u00e1s, como soube depois, ela se sente atra\u00edda por homens com certo desprendimento. Sorte a minha, que me permiti me travestir de conquistador enquanto apresentava o cat\u00e1logo de produtos da empresa para a poss\u00edvel parceira comercial.<\/p>\n<p>Se joguei a isca, logo percebi que a presa foi eu. \u00c9 que Juliana, ap\u00f3s pedir duas x\u00edcaras de caf\u00e9 para um funcion\u00e1rio, que logo nos serviu, solicitou que n\u00e3o fosse incomodada, pois queria ficar a s\u00f3s comigo. Imediatamente, meus olhos brilharam. No entanto, o meu pressentimento estava equivocado, pelo menos naquele instante.<\/p>\n<p>Passamos as pr\u00f3ximas quase duas horas conversando sobre produtos. Percebi que Juliana sabe negociar e, ao contr\u00e1rio de muitos empres\u00e1rios, conhece muito bem sua clientela. Al\u00e9m do mais, possui pleno entendimento sobre pre\u00e7os de custo e de venda.<\/p>\n<p>Acordos firmados, apertamos as m\u00e3os e, j\u00e1 de sa\u00edda, Juliana me surpreendeu novamente.<\/p>\n<p>\u2014 Aur\u00e9lio, que tal jantar comigo hoje?<\/p>\n<p>Devo ter feito cara de bobo, j\u00e1 que n\u00e3o esperava por aquele convite. No entanto, aceitei. Ela ficou de me buscar no hotel, e foi o que aconteceu pr\u00f3ximo \u00e0s 20h, quando j\u00e1 n\u00e3o sabia se o que eu estava sentindo era nervosismo ou fome.<\/p>\n<p>Jantamos num restaurante em frente \u00e0 praia. A moqueca estava \u00f3tima e conseguiu satisfazer meu est\u00f4mago. J\u00e1 a caipirinha me transportou de volta para o primeiro pensamento que tive quando, mais cedo, me deparei com aquela gata.<\/p>\n<p>Passamos os pr\u00f3ximos dias debaixo dos len\u00e7\u00f3is. Como n\u00e3o me apaixonar? Pois foi o que aconteceu, e, perto de pegar o caminho de volta, queria ficar. Todavia, Juliana fez quest\u00e3o de destruir todas as minhas esperan\u00e7as.<\/p>\n<p>\u2014 Aur\u00e9lio, meu amor, n\u00e3o se iluda. N\u00e3o costumo misturar neg\u00f3cios com sentimentos. Se um dia jantarmos juntos novamente, s\u00f3 beberemos refrigerante ou suco de caju.<\/p>\n<p><strong>\u2026\u2026\u2026\u2026\u2026\u2026\u2026\u2026<\/strong><\/p>\n<p><strong>Eduardo Mart\u00ednez \u00e9 autor do livro \u201957 Contos e Cr\u00f4nicas por um Autor Muito Velho\u2019 (Vencedor do Pr\u00eamio Liter\u00e1rio Clarice Lispector \u2013 2025 na categoria livro de contos).<\/strong><\/p>\n<p><strong>Compre aqui<\/strong><\/p>\n<p><a href=\"https:\/\/www.joanineditora.com.br\/57-contos-e-cronicas-por-um-autor-muito-velho\"><strong>https:\/\/www.joanineditora.com.br\/57-contos-e-cronicas-por-um-autor-muito-velho<\/strong><\/a><\/p>\n","protected":false},"excerpt":{"rendered":"<p>N\u00e3o sou caixeiro-viajante nem motorista de caminh\u00e3o. No entanto, por conta do trabalho, preciso me deslocar para algumas regi\u00f5es v\u00e1rias vezes por ano. O que sou? Mero representante comercial de uma firma, cujos produtos voc\u00ea certamente conhece. Todavia, deixemos a curiosidade no canto e vamos ao que interessa. Pois bem, durante essas andan\u00e7as, sempre conhe\u00e7o [&hellip;]<\/p>\n","protected":false},"author":21,"featured_media":341994,"comment_status":"closed","ping_status":"closed","sticky":false,"template":"","format":"standard","meta":{"_acf_changed":false,"footnotes":""},"categories":[234],"tags":[],"class_list":["post-385438","post","type-post","status-publish","format-standard","has-post-thumbnail","hentry","category-cafe-literario"],"acf":[],"yoast_head":"<!-- This site is optimized with the Yoast SEO plugin v27.2 - https:\/\/yoast.com\/product\/yoast-seo-wordpress\/ -->\n<title>De conquistador a conquistado - Notibras<\/title>\n<meta name=\"robots\" content=\"index, follow, max-snippet:-1, max-image-preview:large, max-video-preview:-1\" \/>\n<link rel=\"canonical\" href=\"https:\/\/www.notibras.com\/site\/de-conquistador-a-conquistado\/\" \/>\n<meta property=\"og:locale\" content=\"pt_BR\" \/>\n<meta property=\"og:type\" content=\"article\" \/>\n<meta property=\"og:title\" content=\"De conquistador a conquistado - Notibras\" \/>\n<meta property=\"og:description\" content=\"N\u00e3o sou caixeiro-viajante nem motorista de caminh\u00e3o. No entanto, por conta do trabalho, preciso me deslocar para algumas regi\u00f5es v\u00e1rias vezes por ano. O que sou? Mero representante comercial de uma firma, cujos produtos voc\u00ea certamente conhece. Todavia, deixemos a curiosidade no canto e vamos ao que interessa. Pois bem, durante essas andan\u00e7as, sempre conhe\u00e7o [&hellip;]\" \/>\n<meta property=\"og:url\" content=\"https:\/\/www.notibras.com\/site\/de-conquistador-a-conquistado\/\" \/>\n<meta property=\"og:site_name\" content=\"Notibras\" \/>\n<meta property=\"article:publisher\" content=\"https:\/\/www.facebook.com\/notibras\/\" \/>\n<meta property=\"article:published_time\" content=\"2026-03-04T04:00:13+00:00\" \/>\n<meta property=\"og:image\" content=\"https:\/\/www.notibras.com\/site\/wp-content\/uploads\/2024\/11\/nedu.905df606-19eb-4517-9810-33e803169c81.jpg\" \/>\n\t<meta property=\"og:image:width\" content=\"1280\" \/>\n\t<meta property=\"og:image:height\" content=\"1280\" \/>\n\t<meta property=\"og:image:type\" content=\"image\/jpeg\" \/>\n<meta name=\"author\" content=\"Eduardo Mart\u00ednez\" \/>\n<meta name=\"twitter:card\" content=\"summary_large_image\" \/>\n<meta name=\"twitter:creator\" content=\"@Notibras\" \/>\n<meta name=\"twitter:site\" content=\"@Notibras\" \/>\n<meta name=\"twitter:label1\" content=\"Escrito por\" \/>\n\t<meta name=\"twitter:data1\" content=\"Eduardo Mart\u00ednez\" \/>\n\t<meta name=\"twitter:label2\" content=\"Est. tempo de leitura\" \/>\n\t<meta name=\"twitter:data2\" content=\"4 minutos\" \/>\n<script type=\"application\/ld+json\" class=\"yoast-schema-graph\">{\"@context\":\"https:\/\/schema.org\",\"@graph\":[{\"@type\":\"Article\",\"@id\":\"https:\/\/www.notibras.com\/site\/de-conquistador-a-conquistado\/#article\",\"isPartOf\":{\"@id\":\"https:\/\/www.notibras.com\/site\/de-conquistador-a-conquistado\/\"},\"author\":{\"name\":\"Eduardo Mart\u00ednez\",\"@id\":\"https:\/\/www.notibras.com\/site\/#\/schema\/person\/5b7fabf2aedc3ada2105f03b22b4d3dd\"},\"headline\":\"De conquistador a conquistado\",\"datePublished\":\"2026-03-04T04:00:13+00:00\",\"mainEntityOfPage\":{\"@id\":\"https:\/\/www.notibras.com\/site\/de-conquistador-a-conquistado\/\"},\"wordCount\":584,\"publisher\":{\"@id\":\"https:\/\/www.notibras.com\/site\/#organization\"},\"image\":{\"@id\":\"https:\/\/www.notibras.com\/site\/de-conquistador-a-conquistado\/#primaryimage\"},\"thumbnailUrl\":\"https:\/\/www.notibras.com\/site\/wp-content\/uploads\/2024\/11\/nedu.905df606-19eb-4517-9810-33e803169c81.jpg\",\"articleSection\":[\"Caf\u00e9 Liter\u00e1rio\"],\"inLanguage\":\"pt-BR\"},{\"@type\":\"WebPage\",\"@id\":\"https:\/\/www.notibras.com\/site\/de-conquistador-a-conquistado\/\",\"url\":\"https:\/\/www.notibras.com\/site\/de-conquistador-a-conquistado\/\",\"name\":\"De conquistador a conquistado - Notibras\",\"isPartOf\":{\"@id\":\"https:\/\/www.notibras.com\/site\/#website\"},\"primaryImageOfPage\":{\"@id\":\"https:\/\/www.notibras.com\/site\/de-conquistador-a-conquistado\/#primaryimage\"},\"image\":{\"@id\":\"https:\/\/www.notibras.com\/site\/de-conquistador-a-conquistado\/#primaryimage\"},\"thumbnailUrl\":\"https:\/\/www.notibras.com\/site\/wp-content\/uploads\/2024\/11\/nedu.905df606-19eb-4517-9810-33e803169c81.jpg\",\"datePublished\":\"2026-03-04T04:00:13+00:00\",\"breadcrumb\":{\"@id\":\"https:\/\/www.notibras.com\/site\/de-conquistador-a-conquistado\/#breadcrumb\"},\"inLanguage\":\"pt-BR\",\"potentialAction\":[{\"@type\":\"ReadAction\",\"target\":[\"https:\/\/www.notibras.com\/site\/de-conquistador-a-conquistado\/\"]}]},{\"@type\":\"ImageObject\",\"inLanguage\":\"pt-BR\",\"@id\":\"https:\/\/www.notibras.com\/site\/de-conquistador-a-conquistado\/#primaryimage\",\"url\":\"https:\/\/www.notibras.com\/site\/wp-content\/uploads\/2024\/11\/nedu.905df606-19eb-4517-9810-33e803169c81.jpg\",\"contentUrl\":\"https:\/\/www.notibras.com\/site\/wp-content\/uploads\/2024\/11\/nedu.905df606-19eb-4517-9810-33e803169c81.jpg\",\"width\":1280,\"height\":1280},{\"@type\":\"BreadcrumbList\",\"@id\":\"https:\/\/www.notibras.com\/site\/de-conquistador-a-conquistado\/#breadcrumb\",\"itemListElement\":[{\"@type\":\"ListItem\",\"position\":1,\"name\":\"In\u00edcio\",\"item\":\"https:\/\/www.notibras.com\/site\/\"},{\"@type\":\"ListItem\",\"position\":2,\"name\":\"De conquistador a conquistado\"}]},{\"@type\":\"WebSite\",\"@id\":\"https:\/\/www.notibras.com\/site\/#website\",\"url\":\"https:\/\/www.notibras.com\/site\/\",\"name\":\"Notibras\",\"description\":\"Not\u00edcias de Bras\u00edlia, do Brasil e do Mundo\",\"publisher\":{\"@id\":\"https:\/\/www.notibras.com\/site\/#organization\"},\"potentialAction\":[{\"@type\":\"SearchAction\",\"target\":{\"@type\":\"EntryPoint\",\"urlTemplate\":\"https:\/\/www.notibras.com\/site\/?s={search_term_string}\"},\"query-input\":{\"@type\":\"PropertyValueSpecification\",\"valueRequired\":true,\"valueName\":\"search_term_string\"}}],\"inLanguage\":\"pt-BR\"},{\"@type\":\"Organization\",\"@id\":\"https:\/\/www.notibras.com\/site\/#organization\",\"name\":\"Grupo Notibras de Comunica\u00e7\u00e3o\",\"url\":\"https:\/\/www.notibras.com\/site\/\",\"logo\":{\"@type\":\"ImageObject\",\"inLanguage\":\"pt-BR\",\"@id\":\"https:\/\/www.notibras.com\/site\/#\/schema\/logo\/image\/\",\"url\":\"https:\/\/www.notibras.com\/site\/wp-content\/uploads\/2023\/01\/notibras23.png\",\"contentUrl\":\"https:\/\/www.notibras.com\/site\/wp-content\/uploads\/2023\/01\/notibras23.png\",\"width\":350,\"height\":87,\"caption\":\"Grupo Notibras de Comunica\u00e7\u00e3o\"},\"image\":{\"@id\":\"https:\/\/www.notibras.com\/site\/#\/schema\/logo\/image\/\"},\"sameAs\":[\"https:\/\/www.facebook.com\/notibras\/\",\"https:\/\/x.com\/Notibras\",\"https:\/\/www.instagram.com\/notibras\/\"]},{\"@type\":\"Person\",\"@id\":\"https:\/\/www.notibras.com\/site\/#\/schema\/person\/5b7fabf2aedc3ada2105f03b22b4d3dd\",\"name\":\"Eduardo Mart\u00ednez\",\"image\":{\"@type\":\"ImageObject\",\"inLanguage\":\"pt-BR\",\"@id\":\"https:\/\/secure.gravatar.com\/avatar\/7902f906289926289cbcda644b5197c796b893c6ffd7b9a536a42d290f7704a0?s=96&d=mm&r=g\",\"url\":\"https:\/\/secure.gravatar.com\/avatar\/7902f906289926289cbcda644b5197c796b893c6ffd7b9a536a42d290f7704a0?s=96&d=mm&r=g\",\"contentUrl\":\"https:\/\/secure.gravatar.com\/avatar\/7902f906289926289cbcda644b5197c796b893c6ffd7b9a536a42d290f7704a0?s=96&d=mm&r=g\",\"caption\":\"Eduardo Mart\u00ednez\"}}]}<\/script>\n<!-- \/ Yoast SEO plugin. -->","yoast_head_json":{"title":"De conquistador a conquistado - Notibras","robots":{"index":"index","follow":"follow","max-snippet":"max-snippet:-1","max-image-preview":"max-image-preview:large","max-video-preview":"max-video-preview:-1"},"canonical":"https:\/\/www.notibras.com\/site\/de-conquistador-a-conquistado\/","og_locale":"pt_BR","og_type":"article","og_title":"De conquistador a conquistado - Notibras","og_description":"N\u00e3o sou caixeiro-viajante nem motorista de caminh\u00e3o. No entanto, por conta do trabalho, preciso me deslocar para algumas regi\u00f5es v\u00e1rias vezes por ano. O que sou? Mero representante comercial de uma firma, cujos produtos voc\u00ea certamente conhece. Todavia, deixemos a curiosidade no canto e vamos ao que interessa. Pois bem, durante essas andan\u00e7as, sempre conhe\u00e7o [&hellip;]","og_url":"https:\/\/www.notibras.com\/site\/de-conquistador-a-conquistado\/","og_site_name":"Notibras","article_publisher":"https:\/\/www.facebook.com\/notibras\/","article_published_time":"2026-03-04T04:00:13+00:00","og_image":[{"width":1280,"height":1280,"url":"https:\/\/www.notibras.com\/site\/wp-content\/uploads\/2024\/11\/nedu.905df606-19eb-4517-9810-33e803169c81.jpg","type":"image\/jpeg"}],"author":"Eduardo Mart\u00ednez","twitter_card":"summary_large_image","twitter_creator":"@Notibras","twitter_site":"@Notibras","twitter_misc":{"Escrito por":"Eduardo Mart\u00ednez","Est. tempo de leitura":"4 minutos"},"schema":{"@context":"https:\/\/schema.org","@graph":[{"@type":"Article","@id":"https:\/\/www.notibras.com\/site\/de-conquistador-a-conquistado\/#article","isPartOf":{"@id":"https:\/\/www.notibras.com\/site\/de-conquistador-a-conquistado\/"},"author":{"name":"Eduardo Mart\u00ednez","@id":"https:\/\/www.notibras.com\/site\/#\/schema\/person\/5b7fabf2aedc3ada2105f03b22b4d3dd"},"headline":"De conquistador a conquistado","datePublished":"2026-03-04T04:00:13+00:00","mainEntityOfPage":{"@id":"https:\/\/www.notibras.com\/site\/de-conquistador-a-conquistado\/"},"wordCount":584,"publisher":{"@id":"https:\/\/www.notibras.com\/site\/#organization"},"image":{"@id":"https:\/\/www.notibras.com\/site\/de-conquistador-a-conquistado\/#primaryimage"},"thumbnailUrl":"https:\/\/www.notibras.com\/site\/wp-content\/uploads\/2024\/11\/nedu.905df606-19eb-4517-9810-33e803169c81.jpg","articleSection":["Caf\u00e9 Liter\u00e1rio"],"inLanguage":"pt-BR"},{"@type":"WebPage","@id":"https:\/\/www.notibras.com\/site\/de-conquistador-a-conquistado\/","url":"https:\/\/www.notibras.com\/site\/de-conquistador-a-conquistado\/","name":"De conquistador a conquistado - Notibras","isPartOf":{"@id":"https:\/\/www.notibras.com\/site\/#website"},"primaryImageOfPage":{"@id":"https:\/\/www.notibras.com\/site\/de-conquistador-a-conquistado\/#primaryimage"},"image":{"@id":"https:\/\/www.notibras.com\/site\/de-conquistador-a-conquistado\/#primaryimage"},"thumbnailUrl":"https:\/\/www.notibras.com\/site\/wp-content\/uploads\/2024\/11\/nedu.905df606-19eb-4517-9810-33e803169c81.jpg","datePublished":"2026-03-04T04:00:13+00:00","breadcrumb":{"@id":"https:\/\/www.notibras.com\/site\/de-conquistador-a-conquistado\/#breadcrumb"},"inLanguage":"pt-BR","potentialAction":[{"@type":"ReadAction","target":["https:\/\/www.notibras.com\/site\/de-conquistador-a-conquistado\/"]}]},{"@type":"ImageObject","inLanguage":"pt-BR","@id":"https:\/\/www.notibras.com\/site\/de-conquistador-a-conquistado\/#primaryimage","url":"https:\/\/www.notibras.com\/site\/wp-content\/uploads\/2024\/11\/nedu.905df606-19eb-4517-9810-33e803169c81.jpg","contentUrl":"https:\/\/www.notibras.com\/site\/wp-content\/uploads\/2024\/11\/nedu.905df606-19eb-4517-9810-33e803169c81.jpg","width":1280,"height":1280},{"@type":"BreadcrumbList","@id":"https:\/\/www.notibras.com\/site\/de-conquistador-a-conquistado\/#breadcrumb","itemListElement":[{"@type":"ListItem","position":1,"name":"In\u00edcio","item":"https:\/\/www.notibras.com\/site\/"},{"@type":"ListItem","position":2,"name":"De conquistador a conquistado"}]},{"@type":"WebSite","@id":"https:\/\/www.notibras.com\/site\/#website","url":"https:\/\/www.notibras.com\/site\/","name":"Notibras","description":"Not\u00edcias de Bras\u00edlia, do Brasil e do Mundo","publisher":{"@id":"https:\/\/www.notibras.com\/site\/#organization"},"potentialAction":[{"@type":"SearchAction","target":{"@type":"EntryPoint","urlTemplate":"https:\/\/www.notibras.com\/site\/?s={search_term_string}"},"query-input":{"@type":"PropertyValueSpecification","valueRequired":true,"valueName":"search_term_string"}}],"inLanguage":"pt-BR"},{"@type":"Organization","@id":"https:\/\/www.notibras.com\/site\/#organization","name":"Grupo Notibras de Comunica\u00e7\u00e3o","url":"https:\/\/www.notibras.com\/site\/","logo":{"@type":"ImageObject","inLanguage":"pt-BR","@id":"https:\/\/www.notibras.com\/site\/#\/schema\/logo\/image\/","url":"https:\/\/www.notibras.com\/site\/wp-content\/uploads\/2023\/01\/notibras23.png","contentUrl":"https:\/\/www.notibras.com\/site\/wp-content\/uploads\/2023\/01\/notibras23.png","width":350,"height":87,"caption":"Grupo Notibras de Comunica\u00e7\u00e3o"},"image":{"@id":"https:\/\/www.notibras.com\/site\/#\/schema\/logo\/image\/"},"sameAs":["https:\/\/www.facebook.com\/notibras\/","https:\/\/x.com\/Notibras","https:\/\/www.instagram.com\/notibras\/"]},{"@type":"Person","@id":"https:\/\/www.notibras.com\/site\/#\/schema\/person\/5b7fabf2aedc3ada2105f03b22b4d3dd","name":"Eduardo Mart\u00ednez","image":{"@type":"ImageObject","inLanguage":"pt-BR","@id":"https:\/\/secure.gravatar.com\/avatar\/7902f906289926289cbcda644b5197c796b893c6ffd7b9a536a42d290f7704a0?s=96&d=mm&r=g","url":"https:\/\/secure.gravatar.com\/avatar\/7902f906289926289cbcda644b5197c796b893c6ffd7b9a536a42d290f7704a0?s=96&d=mm&r=g","contentUrl":"https:\/\/secure.gravatar.com\/avatar\/7902f906289926289cbcda644b5197c796b893c6ffd7b9a536a42d290f7704a0?s=96&d=mm&r=g","caption":"Eduardo Mart\u00ednez"}}]}},"amp_enabled":true,"_links":{"self":[{"href":"https:\/\/www.notibras.com\/site\/wp-json\/wp\/v2\/posts\/385438","targetHints":{"allow":["GET"]}}],"collection":[{"href":"https:\/\/www.notibras.com\/site\/wp-json\/wp\/v2\/posts"}],"about":[{"href":"https:\/\/www.notibras.com\/site\/wp-json\/wp\/v2\/types\/post"}],"author":[{"embeddable":true,"href":"https:\/\/www.notibras.com\/site\/wp-json\/wp\/v2\/users\/21"}],"replies":[{"embeddable":true,"href":"https:\/\/www.notibras.com\/site\/wp-json\/wp\/v2\/comments?post=385438"}],"version-history":[{"count":2,"href":"https:\/\/www.notibras.com\/site\/wp-json\/wp\/v2\/posts\/385438\/revisions"}],"predecessor-version":[{"id":385471,"href":"https:\/\/www.notibras.com\/site\/wp-json\/wp\/v2\/posts\/385438\/revisions\/385471"}],"wp:featuredmedia":[{"embeddable":true,"href":"https:\/\/www.notibras.com\/site\/wp-json\/wp\/v2\/media\/341994"}],"wp:attachment":[{"href":"https:\/\/www.notibras.com\/site\/wp-json\/wp\/v2\/media?parent=385438"}],"wp:term":[{"taxonomy":"category","embeddable":true,"href":"https:\/\/www.notibras.com\/site\/wp-json\/wp\/v2\/categories?post=385438"},{"taxonomy":"post_tag","embeddable":true,"href":"https:\/\/www.notibras.com\/site\/wp-json\/wp\/v2\/tags?post=385438"}],"curies":[{"name":"wp","href":"https:\/\/api.w.org\/{rel}","templated":true}]}}