{"id":385440,"date":"2026-03-04T02:00:57","date_gmt":"2026-03-04T05:00:57","guid":{"rendered":"https:\/\/www.notibras.com\/site\/?p=385440"},"modified":"2026-03-03T22:02:50","modified_gmt":"2026-03-04T01:02:50","slug":"a-minha-verdade-nao-e-necessariamente-a-sua","status":"publish","type":"post","link":"https:\/\/www.notibras.com\/site\/a-minha-verdade-nao-e-necessariamente-a-sua\/","title":{"rendered":"A minha verdade n\u00e3o \u00e9, necessariamente, a sua&#8230;"},"content":{"rendered":"<p>A verdade tem mil facetas diferentes. Depende do observador. Aquilo que para mim \u00e9 l\u00edquido e certo, pode n\u00e3o fazer nenhum sentido para outra pessoa que est\u00e1 ao meu lado, vivenciando a mesma situa\u00e7\u00e3o. Uma frase, um relato, pode ou n\u00e3o fazer com que o outro se identifique com o que eu falo&#8230; ou pode causar estranhamento. Na verdade, algumas pessoas preferem um texto impessoal, onde o autor fala sempre de maneira morna, sem se dirigir especificamente a ningu\u00e9m. Ou ent\u00e3o, que coloque em evidencia que aquilo que est\u00e1 falando \u00e9 sua opini\u00e3o pessoal. E esse \u00e9 o maior erro que uma pessoa que escreve pode cometer&#8230;<\/p>\n<p>Quando voc\u00ea est\u00e1 conversando com algu\u00e9m voc\u00ea n\u00e3o costuma medir aquilo que fala. Simplesmente se solta e, se n\u00e3o agrada ao outro aquilo que sai de seus l\u00e1bios, voc\u00ea ir\u00e1 contra argumentar, defendendo suas ideias. Mesmo que incomode seu interlocutor, \u00e9 assim que voc\u00ea proceder\u00e1&#8230;<\/p>\n<p>Na escrita n\u00e3o \u00e9 diferente. E por qu\u00ea? Bem, voc\u00ea est\u00e1 conversando com algu\u00e9m. Com o leitor que est\u00e1 do outro lado, apreciando ou odiando aquilo que recebeu. Se gostou, com certeza se tornar\u00e1 um leitor fiel, te acompanhando, criticando quando encontrar alguma incoer\u00eancia naquilo que voc\u00ea falou, te parabenizando quando voc\u00ea &#8220;acertou&#8221;. Claro que o &#8220;feedback&#8221; para um texto n\u00e3o \u00e9 o mesmo que para um di\u00e1logo frente a frente&#8230;<\/p>\n<p>O maior medo de um escritor iniciante \u00e9 n\u00e3o agradar a plateia. \u00c9 comum algu\u00e9m que come\u00e7ou no mundo das letras ter receio de apresentar aquilo que produziu com tanto carinho ao escrut\u00ednio do p\u00fablico. Ele l\u00ea e rel\u00ea seu texto mil vezes e no final o guardar\u00e1 no fundo de uma gaveta, pois tem medo de n\u00e3o agradar seus futuros leitores&#8230;<\/p>\n<p>Bem, na realidade n\u00e3o agradamos a todos. Alguns ler\u00e3o suas palavras e prontamente se identificar\u00e3o. Outros se sentir\u00e3o incomodados com aquilo que lhes foi apresentado. \u00c9 normal. Porqu\u00ea? A resposta \u00e9 simples&#8230; vivemos em um mundo multifacetado onde cada um tem a sua verdade particular e pode ser que a sua forma de se comunicar pare\u00e7a uma agress\u00e3o ao modo de ver do outro&#8230;<\/p>\n<p>Uma coisa que um escritor tem que ter, como qualquer outro profissional nessa vida, \u00e9 coer\u00eancia. Voc\u00ea n\u00e3o deve moldar-se aos desejos de outrem, sob o risco de perder sua ess\u00eancia. Porque, quando se enquadra naquilo que desejam, deixou de ser voc\u00ea mesmo. Passou a representar aquilo que lhe foi imposto pelo desejo de outrem. E n\u00e3o \u00e9 assim que a arte funciona&#8230;<\/p>\n<p>Deve sempre ter em mente que o respeito ao p\u00fablico em geral \u00e9 necess\u00e1rio. Deve sempre levar em conta aquilo que lhes passaram, as opini\u00f5es s\u00e3o necess\u00e1rias para o seu crescimento. Voc\u00ea s\u00f3 evolui quando ouve os elogios e as cr\u00edticas. Na verdade, as cr\u00edticas, de certa forma, s\u00e3o mais importantes. Porque? Porque elas apontam suas falhas e voc\u00ea pode se corrigir, procurando evoluir sempre. Mas esse n\u00e3o \u00e9 um processo imediato. Como tudo na vida, \u00e9 um processo lento. Um passo por vez&#8230;<\/p>\n<p>Lembre-se sempre que o seu Universo n\u00e3o \u00e9 o mesmo de seu leitor. Suas experi\u00eancias s\u00e3o apenas suas. As dele s\u00e3o dele. E todo ser humano tem uma hist\u00f3ria interessante para contar. Cada um de n\u00f3s se identifica com o outro de acordo com nossa pr\u00f3pria viv\u00eancia. Quando passamos por situa\u00e7\u00f5es semelhantes fica mais f\u00e1cil vermos nossa imagem refletida no espelho que foi posto em nossa frente. Por\u00e9m&#8230;<\/p>\n<p>Nem sempre gostamos de ver aquilo que nos \u00e9 apresentado. Quando algum gatilho aciona lembran\u00e7as n\u00e3o agrad\u00e1veis daquilo que vivemos no passado, iremos nos sentir incomodados. A verdade do outro, de alguma maneira, ir\u00e1 nos machucar. Mas n\u00e3o \u00e9 a nossa verdade&#8230; ent\u00e3o, por que o inc\u00f4modo? \u00c9 algo para refletirmos&#8230;<\/p>\n<p>Textos pasteurizados s\u00e3o mais palat\u00e1veis. N\u00e3o machucam, agradam de imediato. Mas n\u00e3o acrescentam nada em nossa vida. Porque n\u00e3o nos desafiam a pensar. Porque dizem &#8220;am\u00e9m&#8221; \u00e0quilo que consideramos como a Verdade Absoluta&#8221;. Mas a &#8220;Verdade Absoluta&#8221; n\u00e3o existe. O que existe, realmente, \u00e9 a pluralidade de pensamentos. Por isso cada um v\u00ea o mundo de uma forma muito particular. Cada um v\u00ea seu Universo de acordo com aquilo que faz parte de suas expectativas&#8230;<\/p>\n<p>Se voc\u00ea deseja escrever, mostrar para o mundo seu pensamento, n\u00e3o deve temer as avalia\u00e7\u00f5es negativas que receber\u00e1. Como eu j\u00e1 disse, as cr\u00edticas te ajudam a ver o mundo com os olhos de outrem. Claro que n\u00e3o conseguir\u00e1 ter toda a vis\u00e3o alheia, mas conseguir\u00e1 um pequeno vislumbre daquilo que o outro est\u00e1 vendo&#8230; est\u00e1 vivendo. E isso te ajudar\u00e1, de alguma forma, a evoluir&#8230;<\/p>\n","protected":false},"excerpt":{"rendered":"<p>A verdade tem mil facetas diferentes. Depende do observador. Aquilo que para mim \u00e9 l\u00edquido e certo, pode n\u00e3o fazer nenhum sentido para outra pessoa que est\u00e1 ao meu lado, vivenciando a mesma situa\u00e7\u00e3o. Uma frase, um relato, pode ou n\u00e3o fazer com que o outro se identifique com o que eu falo&#8230; ou pode [&hellip;]<\/p>\n","protected":false},"author":21,"featured_media":385441,"comment_status":"closed","ping_status":"closed","sticky":false,"template":"","format":"standard","meta":{"_acf_changed":false,"footnotes":""},"categories":[236],"tags":[],"class_list":["post-385440","post","type-post","status-publish","format-standard","has-post-thumbnail","hentry","category-ponto-de-vista"],"acf":[],"yoast_head":"<!-- This site is optimized with the Yoast SEO plugin v27.2 - https:\/\/yoast.com\/product\/yoast-seo-wordpress\/ -->\n<title>A minha verdade n\u00e3o \u00e9, necessariamente, a sua... - Notibras<\/title>\n<meta name=\"robots\" content=\"index, follow, max-snippet:-1, max-image-preview:large, max-video-preview:-1\" \/>\n<link rel=\"canonical\" href=\"https:\/\/www.notibras.com\/site\/a-minha-verdade-nao-e-necessariamente-a-sua\/\" \/>\n<meta property=\"og:locale\" content=\"pt_BR\" \/>\n<meta property=\"og:type\" content=\"article\" \/>\n<meta property=\"og:title\" content=\"A minha verdade n\u00e3o \u00e9, necessariamente, a sua... - Notibras\" \/>\n<meta property=\"og:description\" content=\"A verdade tem mil facetas diferentes. Depende do observador. Aquilo que para mim \u00e9 l\u00edquido e certo, pode n\u00e3o fazer nenhum sentido para outra pessoa que est\u00e1 ao meu lado, vivenciando a mesma situa\u00e7\u00e3o. Uma frase, um relato, pode ou n\u00e3o fazer com que o outro se identifique com o que eu falo&#8230; ou pode [&hellip;]\" \/>\n<meta property=\"og:url\" content=\"https:\/\/www.notibras.com\/site\/a-minha-verdade-nao-e-necessariamente-a-sua\/\" \/>\n<meta property=\"og:site_name\" content=\"Notibras\" \/>\n<meta property=\"article:publisher\" content=\"https:\/\/www.facebook.com\/notibras\/\" \/>\n<meta property=\"article:published_time\" content=\"2026-03-04T05:00:57+00:00\" \/>\n<meta property=\"og:image\" content=\"https:\/\/www.notibras.com\/site\/wp-content\/uploads\/2026\/03\/WhatsApp-Image-2026-03-03-at-21.53.44.jpeg\" \/>\n\t<meta property=\"og:image:width\" content=\"1024\" \/>\n\t<meta property=\"og:image:height\" content=\"559\" \/>\n\t<meta property=\"og:image:type\" content=\"image\/jpeg\" \/>\n<meta name=\"author\" content=\"Eduardo Mart\u00ednez\" \/>\n<meta name=\"twitter:card\" content=\"summary_large_image\" \/>\n<meta name=\"twitter:creator\" content=\"@Notibras\" \/>\n<meta name=\"twitter:site\" content=\"@Notibras\" \/>\n<meta name=\"twitter:label1\" content=\"Escrito por\" \/>\n\t<meta name=\"twitter:data1\" content=\"Eduardo Mart\u00ednez\" \/>\n\t<meta name=\"twitter:label2\" content=\"Est. tempo de leitura\" \/>\n\t<meta name=\"twitter:data2\" content=\"5 minutos\" \/>\n<script type=\"application\/ld+json\" class=\"yoast-schema-graph\">{\"@context\":\"https:\/\/schema.org\",\"@graph\":[{\"@type\":\"Article\",\"@id\":\"https:\/\/www.notibras.com\/site\/a-minha-verdade-nao-e-necessariamente-a-sua\/#article\",\"isPartOf\":{\"@id\":\"https:\/\/www.notibras.com\/site\/a-minha-verdade-nao-e-necessariamente-a-sua\/\"},\"author\":{\"name\":\"Eduardo Mart\u00ednez\",\"@id\":\"https:\/\/www.notibras.com\/site\/#\/schema\/person\/5b7fabf2aedc3ada2105f03b22b4d3dd\"},\"headline\":\"A minha verdade n\u00e3o \u00e9, necessariamente, a sua&#8230;\",\"datePublished\":\"2026-03-04T05:00:57+00:00\",\"mainEntityOfPage\":{\"@id\":\"https:\/\/www.notibras.com\/site\/a-minha-verdade-nao-e-necessariamente-a-sua\/\"},\"wordCount\":814,\"publisher\":{\"@id\":\"https:\/\/www.notibras.com\/site\/#organization\"},\"image\":{\"@id\":\"https:\/\/www.notibras.com\/site\/a-minha-verdade-nao-e-necessariamente-a-sua\/#primaryimage\"},\"thumbnailUrl\":\"https:\/\/www.notibras.com\/site\/wp-content\/uploads\/2026\/03\/WhatsApp-Image-2026-03-03-at-21.53.44.jpeg\",\"articleSection\":[\"Ponto de Vista\"],\"inLanguage\":\"pt-BR\"},{\"@type\":\"WebPage\",\"@id\":\"https:\/\/www.notibras.com\/site\/a-minha-verdade-nao-e-necessariamente-a-sua\/\",\"url\":\"https:\/\/www.notibras.com\/site\/a-minha-verdade-nao-e-necessariamente-a-sua\/\",\"name\":\"A minha verdade n\u00e3o \u00e9, necessariamente, a sua... - Notibras\",\"isPartOf\":{\"@id\":\"https:\/\/www.notibras.com\/site\/#website\"},\"primaryImageOfPage\":{\"@id\":\"https:\/\/www.notibras.com\/site\/a-minha-verdade-nao-e-necessariamente-a-sua\/#primaryimage\"},\"image\":{\"@id\":\"https:\/\/www.notibras.com\/site\/a-minha-verdade-nao-e-necessariamente-a-sua\/#primaryimage\"},\"thumbnailUrl\":\"https:\/\/www.notibras.com\/site\/wp-content\/uploads\/2026\/03\/WhatsApp-Image-2026-03-03-at-21.53.44.jpeg\",\"datePublished\":\"2026-03-04T05:00:57+00:00\",\"breadcrumb\":{\"@id\":\"https:\/\/www.notibras.com\/site\/a-minha-verdade-nao-e-necessariamente-a-sua\/#breadcrumb\"},\"inLanguage\":\"pt-BR\",\"potentialAction\":[{\"@type\":\"ReadAction\",\"target\":[\"https:\/\/www.notibras.com\/site\/a-minha-verdade-nao-e-necessariamente-a-sua\/\"]}]},{\"@type\":\"ImageObject\",\"inLanguage\":\"pt-BR\",\"@id\":\"https:\/\/www.notibras.com\/site\/a-minha-verdade-nao-e-necessariamente-a-sua\/#primaryimage\",\"url\":\"https:\/\/www.notibras.com\/site\/wp-content\/uploads\/2026\/03\/WhatsApp-Image-2026-03-03-at-21.53.44.jpeg\",\"contentUrl\":\"https:\/\/www.notibras.com\/site\/wp-content\/uploads\/2026\/03\/WhatsApp-Image-2026-03-03-at-21.53.44.jpeg\",\"width\":1024,\"height\":559},{\"@type\":\"BreadcrumbList\",\"@id\":\"https:\/\/www.notibras.com\/site\/a-minha-verdade-nao-e-necessariamente-a-sua\/#breadcrumb\",\"itemListElement\":[{\"@type\":\"ListItem\",\"position\":1,\"name\":\"In\u00edcio\",\"item\":\"https:\/\/www.notibras.com\/site\/\"},{\"@type\":\"ListItem\",\"position\":2,\"name\":\"A minha verdade n\u00e3o \u00e9, necessariamente, a sua&#8230;\"}]},{\"@type\":\"WebSite\",\"@id\":\"https:\/\/www.notibras.com\/site\/#website\",\"url\":\"https:\/\/www.notibras.com\/site\/\",\"name\":\"Notibras\",\"description\":\"Not\u00edcias de Bras\u00edlia, do Brasil e do Mundo\",\"publisher\":{\"@id\":\"https:\/\/www.notibras.com\/site\/#organization\"},\"potentialAction\":[{\"@type\":\"SearchAction\",\"target\":{\"@type\":\"EntryPoint\",\"urlTemplate\":\"https:\/\/www.notibras.com\/site\/?s={search_term_string}\"},\"query-input\":{\"@type\":\"PropertyValueSpecification\",\"valueRequired\":true,\"valueName\":\"search_term_string\"}}],\"inLanguage\":\"pt-BR\"},{\"@type\":\"Organization\",\"@id\":\"https:\/\/www.notibras.com\/site\/#organization\",\"name\":\"Grupo Notibras de Comunica\u00e7\u00e3o\",\"url\":\"https:\/\/www.notibras.com\/site\/\",\"logo\":{\"@type\":\"ImageObject\",\"inLanguage\":\"pt-BR\",\"@id\":\"https:\/\/www.notibras.com\/site\/#\/schema\/logo\/image\/\",\"url\":\"https:\/\/www.notibras.com\/site\/wp-content\/uploads\/2023\/01\/notibras23.png\",\"contentUrl\":\"https:\/\/www.notibras.com\/site\/wp-content\/uploads\/2023\/01\/notibras23.png\",\"width\":350,\"height\":87,\"caption\":\"Grupo Notibras de Comunica\u00e7\u00e3o\"},\"image\":{\"@id\":\"https:\/\/www.notibras.com\/site\/#\/schema\/logo\/image\/\"},\"sameAs\":[\"https:\/\/www.facebook.com\/notibras\/\",\"https:\/\/x.com\/Notibras\",\"https:\/\/www.instagram.com\/notibras\/\"]},{\"@type\":\"Person\",\"@id\":\"https:\/\/www.notibras.com\/site\/#\/schema\/person\/5b7fabf2aedc3ada2105f03b22b4d3dd\",\"name\":\"Eduardo Mart\u00ednez\",\"image\":{\"@type\":\"ImageObject\",\"inLanguage\":\"pt-BR\",\"@id\":\"https:\/\/secure.gravatar.com\/avatar\/7902f906289926289cbcda644b5197c796b893c6ffd7b9a536a42d290f7704a0?s=96&d=mm&r=g\",\"url\":\"https:\/\/secure.gravatar.com\/avatar\/7902f906289926289cbcda644b5197c796b893c6ffd7b9a536a42d290f7704a0?s=96&d=mm&r=g\",\"contentUrl\":\"https:\/\/secure.gravatar.com\/avatar\/7902f906289926289cbcda644b5197c796b893c6ffd7b9a536a42d290f7704a0?s=96&d=mm&r=g\",\"caption\":\"Eduardo Mart\u00ednez\"}}]}<\/script>\n<!-- \/ Yoast SEO plugin. -->","yoast_head_json":{"title":"A minha verdade n\u00e3o \u00e9, necessariamente, a sua... - Notibras","robots":{"index":"index","follow":"follow","max-snippet":"max-snippet:-1","max-image-preview":"max-image-preview:large","max-video-preview":"max-video-preview:-1"},"canonical":"https:\/\/www.notibras.com\/site\/a-minha-verdade-nao-e-necessariamente-a-sua\/","og_locale":"pt_BR","og_type":"article","og_title":"A minha verdade n\u00e3o \u00e9, necessariamente, a sua... - Notibras","og_description":"A verdade tem mil facetas diferentes. Depende do observador. Aquilo que para mim \u00e9 l\u00edquido e certo, pode n\u00e3o fazer nenhum sentido para outra pessoa que est\u00e1 ao meu lado, vivenciando a mesma situa\u00e7\u00e3o. Uma frase, um relato, pode ou n\u00e3o fazer com que o outro se identifique com o que eu falo&#8230; ou pode [&hellip;]","og_url":"https:\/\/www.notibras.com\/site\/a-minha-verdade-nao-e-necessariamente-a-sua\/","og_site_name":"Notibras","article_publisher":"https:\/\/www.facebook.com\/notibras\/","article_published_time":"2026-03-04T05:00:57+00:00","og_image":[{"width":1024,"height":559,"url":"https:\/\/www.notibras.com\/site\/wp-content\/uploads\/2026\/03\/WhatsApp-Image-2026-03-03-at-21.53.44.jpeg","type":"image\/jpeg"}],"author":"Eduardo Mart\u00ednez","twitter_card":"summary_large_image","twitter_creator":"@Notibras","twitter_site":"@Notibras","twitter_misc":{"Escrito por":"Eduardo Mart\u00ednez","Est. tempo de leitura":"5 minutos"},"schema":{"@context":"https:\/\/schema.org","@graph":[{"@type":"Article","@id":"https:\/\/www.notibras.com\/site\/a-minha-verdade-nao-e-necessariamente-a-sua\/#article","isPartOf":{"@id":"https:\/\/www.notibras.com\/site\/a-minha-verdade-nao-e-necessariamente-a-sua\/"},"author":{"name":"Eduardo Mart\u00ednez","@id":"https:\/\/www.notibras.com\/site\/#\/schema\/person\/5b7fabf2aedc3ada2105f03b22b4d3dd"},"headline":"A minha verdade n\u00e3o \u00e9, necessariamente, a sua&#8230;","datePublished":"2026-03-04T05:00:57+00:00","mainEntityOfPage":{"@id":"https:\/\/www.notibras.com\/site\/a-minha-verdade-nao-e-necessariamente-a-sua\/"},"wordCount":814,"publisher":{"@id":"https:\/\/www.notibras.com\/site\/#organization"},"image":{"@id":"https:\/\/www.notibras.com\/site\/a-minha-verdade-nao-e-necessariamente-a-sua\/#primaryimage"},"thumbnailUrl":"https:\/\/www.notibras.com\/site\/wp-content\/uploads\/2026\/03\/WhatsApp-Image-2026-03-03-at-21.53.44.jpeg","articleSection":["Ponto de Vista"],"inLanguage":"pt-BR"},{"@type":"WebPage","@id":"https:\/\/www.notibras.com\/site\/a-minha-verdade-nao-e-necessariamente-a-sua\/","url":"https:\/\/www.notibras.com\/site\/a-minha-verdade-nao-e-necessariamente-a-sua\/","name":"A minha verdade n\u00e3o \u00e9, necessariamente, a sua... - Notibras","isPartOf":{"@id":"https:\/\/www.notibras.com\/site\/#website"},"primaryImageOfPage":{"@id":"https:\/\/www.notibras.com\/site\/a-minha-verdade-nao-e-necessariamente-a-sua\/#primaryimage"},"image":{"@id":"https:\/\/www.notibras.com\/site\/a-minha-verdade-nao-e-necessariamente-a-sua\/#primaryimage"},"thumbnailUrl":"https:\/\/www.notibras.com\/site\/wp-content\/uploads\/2026\/03\/WhatsApp-Image-2026-03-03-at-21.53.44.jpeg","datePublished":"2026-03-04T05:00:57+00:00","breadcrumb":{"@id":"https:\/\/www.notibras.com\/site\/a-minha-verdade-nao-e-necessariamente-a-sua\/#breadcrumb"},"inLanguage":"pt-BR","potentialAction":[{"@type":"ReadAction","target":["https:\/\/www.notibras.com\/site\/a-minha-verdade-nao-e-necessariamente-a-sua\/"]}]},{"@type":"ImageObject","inLanguage":"pt-BR","@id":"https:\/\/www.notibras.com\/site\/a-minha-verdade-nao-e-necessariamente-a-sua\/#primaryimage","url":"https:\/\/www.notibras.com\/site\/wp-content\/uploads\/2026\/03\/WhatsApp-Image-2026-03-03-at-21.53.44.jpeg","contentUrl":"https:\/\/www.notibras.com\/site\/wp-content\/uploads\/2026\/03\/WhatsApp-Image-2026-03-03-at-21.53.44.jpeg","width":1024,"height":559},{"@type":"BreadcrumbList","@id":"https:\/\/www.notibras.com\/site\/a-minha-verdade-nao-e-necessariamente-a-sua\/#breadcrumb","itemListElement":[{"@type":"ListItem","position":1,"name":"In\u00edcio","item":"https:\/\/www.notibras.com\/site\/"},{"@type":"ListItem","position":2,"name":"A minha verdade n\u00e3o \u00e9, necessariamente, a sua&#8230;"}]},{"@type":"WebSite","@id":"https:\/\/www.notibras.com\/site\/#website","url":"https:\/\/www.notibras.com\/site\/","name":"Notibras","description":"Not\u00edcias de Bras\u00edlia, do Brasil e do Mundo","publisher":{"@id":"https:\/\/www.notibras.com\/site\/#organization"},"potentialAction":[{"@type":"SearchAction","target":{"@type":"EntryPoint","urlTemplate":"https:\/\/www.notibras.com\/site\/?s={search_term_string}"},"query-input":{"@type":"PropertyValueSpecification","valueRequired":true,"valueName":"search_term_string"}}],"inLanguage":"pt-BR"},{"@type":"Organization","@id":"https:\/\/www.notibras.com\/site\/#organization","name":"Grupo Notibras de Comunica\u00e7\u00e3o","url":"https:\/\/www.notibras.com\/site\/","logo":{"@type":"ImageObject","inLanguage":"pt-BR","@id":"https:\/\/www.notibras.com\/site\/#\/schema\/logo\/image\/","url":"https:\/\/www.notibras.com\/site\/wp-content\/uploads\/2023\/01\/notibras23.png","contentUrl":"https:\/\/www.notibras.com\/site\/wp-content\/uploads\/2023\/01\/notibras23.png","width":350,"height":87,"caption":"Grupo Notibras de Comunica\u00e7\u00e3o"},"image":{"@id":"https:\/\/www.notibras.com\/site\/#\/schema\/logo\/image\/"},"sameAs":["https:\/\/www.facebook.com\/notibras\/","https:\/\/x.com\/Notibras","https:\/\/www.instagram.com\/notibras\/"]},{"@type":"Person","@id":"https:\/\/www.notibras.com\/site\/#\/schema\/person\/5b7fabf2aedc3ada2105f03b22b4d3dd","name":"Eduardo Mart\u00ednez","image":{"@type":"ImageObject","inLanguage":"pt-BR","@id":"https:\/\/secure.gravatar.com\/avatar\/7902f906289926289cbcda644b5197c796b893c6ffd7b9a536a42d290f7704a0?s=96&d=mm&r=g","url":"https:\/\/secure.gravatar.com\/avatar\/7902f906289926289cbcda644b5197c796b893c6ffd7b9a536a42d290f7704a0?s=96&d=mm&r=g","contentUrl":"https:\/\/secure.gravatar.com\/avatar\/7902f906289926289cbcda644b5197c796b893c6ffd7b9a536a42d290f7704a0?s=96&d=mm&r=g","caption":"Eduardo Mart\u00ednez"}}]}},"amp_enabled":true,"_links":{"self":[{"href":"https:\/\/www.notibras.com\/site\/wp-json\/wp\/v2\/posts\/385440","targetHints":{"allow":["GET"]}}],"collection":[{"href":"https:\/\/www.notibras.com\/site\/wp-json\/wp\/v2\/posts"}],"about":[{"href":"https:\/\/www.notibras.com\/site\/wp-json\/wp\/v2\/types\/post"}],"author":[{"embeddable":true,"href":"https:\/\/www.notibras.com\/site\/wp-json\/wp\/v2\/users\/21"}],"replies":[{"embeddable":true,"href":"https:\/\/www.notibras.com\/site\/wp-json\/wp\/v2\/comments?post=385440"}],"version-history":[{"count":2,"href":"https:\/\/www.notibras.com\/site\/wp-json\/wp\/v2\/posts\/385440\/revisions"}],"predecessor-version":[{"id":385443,"href":"https:\/\/www.notibras.com\/site\/wp-json\/wp\/v2\/posts\/385440\/revisions\/385443"}],"wp:featuredmedia":[{"embeddable":true,"href":"https:\/\/www.notibras.com\/site\/wp-json\/wp\/v2\/media\/385441"}],"wp:attachment":[{"href":"https:\/\/www.notibras.com\/site\/wp-json\/wp\/v2\/media?parent=385440"}],"wp:term":[{"taxonomy":"category","embeddable":true,"href":"https:\/\/www.notibras.com\/site\/wp-json\/wp\/v2\/categories?post=385440"},{"taxonomy":"post_tag","embeddable":true,"href":"https:\/\/www.notibras.com\/site\/wp-json\/wp\/v2\/tags?post=385440"}],"curies":[{"name":"wp","href":"https:\/\/api.w.org\/{rel}","templated":true}]}}