{"id":385446,"date":"2026-03-05T02:15:34","date_gmt":"2026-03-05T05:15:34","guid":{"rendered":"https:\/\/www.notibras.com\/site\/?p=385446"},"modified":"2026-03-03T22:14:01","modified_gmt":"2026-03-04T01:14:01","slug":"o-pais-das-maravilhas-nao-e-aqui","status":"publish","type":"post","link":"https:\/\/www.notibras.com\/site\/o-pais-das-maravilhas-nao-e-aqui\/","title":{"rendered":"O pa\u00eds das maravilhas n\u00e3o \u00e9 aqui&#8230;"},"content":{"rendered":"<p>Vivemos em um mundo de faz de conta. O Pa\u00eds das Maravilhas, t\u00e3o magistralmente descrito por Lewis Carrol, o Mundo do Grande Irm\u00e3o, de George Orwell&#8230;<\/p>\n<p>Sim, esses autores, entre outros, descreveram nosso mundo exatamente como ele \u00e9, de uma forma l\u00fadica, onde a princ\u00edpio n\u00e3o nos reconhecemos. At\u00e9 que paramos para pensar em tudo aquilo que nos \u00e9 mostrado no espelho. E o reflexo n\u00e3o nos \u00e9 agrad\u00e1vel&#8230; nem favor\u00e1vel&#8230;<\/p>\n<p>A pergunta inocente de Alice, no final da hist\u00f3ria, \u00e9 mais que isso&#8230; \u00e9 o reflexo das almas que caminham por esse plano&#8230; &#8220;por que as penas do corvo t\u00eam a mesma cor do quadro negro?&#8221; Embora pare\u00e7a uma pergunta racista, vai muito al\u00e9m daquilo que podemos perceber&#8230; \u00e9 a falta de luz que afeta nossas almas, nos direcionando para o abismo, sem que percebamos tal a\u00e7\u00e3o at\u00e9 que seja tarde demais para nos desviar da trag\u00e9dia&#8230;<\/p>\n<p>Estamos de tal forma preocupados mais com nossos projetos particulares do que com o bem-estar daqueles que caminham ao nosso lado. Para n\u00f3s n\u00e3o importa se nosso vizinho n\u00e3o tem o que comer&#8230; basta que em nossa despensa n\u00e3o falte nada. Podemos at\u00e9 dizer aos quatro ventos o quanto nos importamos com a vida dos menos favorecidos nesse plano&#8230; mas depois de oferecermos alguma migalha para estes, nossa consci\u00eancia se acalma e seguimos em frente, esquecendo totalmente daqueles que n\u00e3o tem a mesma sorte que n\u00f3s&#8230;<\/p>\n<p>A Sociedade vive, principalmente, de imagem. \u00c9 definido um modelo para que seus componentes sigam. E qualquer pessoa que fuja desses par\u00e2metros ser\u00e1 apontada como a &#8220;ovelha desgarrada&#8221; do rebanho. Sim, somos comparados dessa forma&#8230; tanto que o l\u00edder do grupo \u00e9 denominado como &#8220;pastor&#8221;&#8230;<\/p>\n<p>O que podemos dizer? Simplesmente somos conduzidos pelas ideias que algu\u00e9m implantou no grupo. E essas simplesmente se tornam a lei que todos respeitam. Voc\u00ea pode at\u00e9 n\u00e3o concordar com as diretrizes apresentadas, mas as seguir\u00e1 sem questionar. Pois nesse mundo de faz de conta onde vivemos fazer o correto nem sempre \u00e9 o esperado. Na verdade, se o correto for de encontro \u00e0s premissas do grupo, este passa a ser execrado&#8230;<\/p>\n<p>Nem sempre estamos preparados para ouvir a verdade. Pois ela, muitas vezes, nos parece dura e cruel. Preferimos seguir uma realidade pasteurizada, onde todos os acontecimentos ao nosso redor v\u00e3o se encaixando como pe\u00e7as de quebra cabe\u00e7as, formando o painel esperado, cheio de luzes e alegrias&#8230; mesmo que for\u00e7adas&#8230;<\/p>\n<p>Vivemos para o todo, para que o corpo social possa definir aquilo que importa para a vida&#8230; a nossa vida. Como indiv\u00edduos n\u00e3o temos import\u00e2ncia alguma no grande jogo. Nosso destino \u00e9 tra\u00e7ado de acordo com um interesse maior. Quem define nosso caminho? Aquele que estiver no comando do grupo&#8230;<\/p>\n<p>Vale tudo para alcan\u00e7ar o topo social. At\u00e9 mesmo pisar naqueles que se encontram em seu caminho, dificultando sua ascens\u00e3o&#8230; ah, sim&#8230; n\u00e3o estou dizendo que aqueles que se projetam nessa corrida lan\u00e7am m\u00e3o de recursos escusos&#8230; afinal, isso depende de como voc\u00ea percebe o Universo ao seu redor&#8230;<\/p>\n<p>Atitudes que voc\u00ea considera conden\u00e1veis na vis\u00e3o de outra pessoa podem ser totalmente aceit\u00e1veis. E por que? Simples&#8230; o certo e o errado dependem muito de como voc\u00ea foi educado para o mundo. Dizer que determinada a\u00e7\u00e3o \u00e9 errada pode estar errado em sua ess\u00eancia. Exemplo? Determinado l\u00edder de determinado pa\u00eds invade, destr\u00f3i e mata l\u00edderes e civis de outro pa\u00eds com o argumento que est\u00e1 fomentando a paz&#8230; e na sua vis\u00e3o pessoal, \u00e9 isso que ele est\u00e1 promovendo&#8230; e a Sociedade ao seu redor o apoia incondicionalmente&#8230;<\/p>\n<p>Matar \u00e9 errado, \u00e9 assim que aprendemos desde a mais tenra inf\u00e2ncia. No entanto, acabamos por outorgar o poder de decidir quem vive e quem morre a algumas pessoas. Claro que um dia elas pagar\u00e3o por suas a\u00e7\u00f5es, \u00e9 a Lei do Retorno, da qual n\u00e3o podemos fugir. Mas at\u00e9 que chegue esse dia, estaremos imersos em um mar de sangue e de lama&#8230;<\/p>\n<p>O Pa\u00eds das Maravilhas \u00e9 a terra do Horror encarnado. Mas a primeira impress\u00e3o \u00e9 a que fica gravada, n\u00e3o \u00e9 mesmo? E assim, apesar dos horrores do dia a dia, somos anestesiados contra a viol\u00eancia que grassa a nossa volta e acabamos por considerar normal aquilo que \u00e9 indefens\u00e1vel&#8230; e acabamos por aplaudir atitudes b\u00e1rbaras cometidas &#8220;em nome da paz mundial&#8221;&#8230;<\/p>\n<p>Haver\u00e1 o dia em que a Verdadeira Paz tomar\u00e1 conta desse nosso plano. Um mundo onde as pessoas de cora\u00e7\u00e3o puro governar\u00e3o nosso mundo com Amor, Paz e Harmonia. Parece utopia, eu sei. Afinal, para nossos par\u00e2metros atuais, um mundo sem intrigas, sem belicosidade parece uma sociedade chata e sem gra\u00e7a&#8230; pois &#8220;nada de interessante&#8221; acontece nesse local&#8230; mas viver em um mundo onde a vida seja realmente respeitada e todos tenham o mesmo direito pela vida \u00e9 a maior ambi\u00e7\u00e3o que podemos sentir&#8230; sentimento, ali\u00e1s, que seria banido desse Novo Mundo&#8230;<\/p>\n<p>Sonhar n\u00e3o custa nada, n\u00e3o \u00e9 mesmo? E este \u00e9 o meu sonho&#8230; um mundo onde as maravilhas sejam realmente maravilhosas, e n\u00e3o trag\u00e9dias mascaradas, ado\u00e7adas para enganar nosso paladar&#8230; e quando esse dia chegar, finalmente viveremos no Nirvana, o Para\u00edso Celestial&#8230;<\/p>\n","protected":false},"excerpt":{"rendered":"<p>Vivemos em um mundo de faz de conta. O Pa\u00eds das Maravilhas, t\u00e3o magistralmente descrito por Lewis Carrol, o Mundo do Grande Irm\u00e3o, de George Orwell&#8230; Sim, esses autores, entre outros, descreveram nosso mundo exatamente como ele \u00e9, de uma forma l\u00fadica, onde a princ\u00edpio n\u00e3o nos reconhecemos. At\u00e9 que paramos para pensar em tudo [&hellip;]<\/p>\n","protected":false},"author":21,"featured_media":385447,"comment_status":"closed","ping_status":"closed","sticky":false,"template":"","format":"standard","meta":{"_acf_changed":false,"footnotes":""},"categories":[236],"tags":[],"class_list":["post-385446","post","type-post","status-publish","format-standard","has-post-thumbnail","hentry","category-ponto-de-vista"],"acf":[],"yoast_head":"<!-- This site is optimized with the Yoast SEO plugin v27.2 - https:\/\/yoast.com\/product\/yoast-seo-wordpress\/ -->\n<title>O pa\u00eds das maravilhas n\u00e3o \u00e9 aqui... - Notibras<\/title>\n<meta name=\"robots\" content=\"index, follow, max-snippet:-1, max-image-preview:large, max-video-preview:-1\" \/>\n<link rel=\"canonical\" href=\"https:\/\/www.notibras.com\/site\/o-pais-das-maravilhas-nao-e-aqui\/\" \/>\n<meta property=\"og:locale\" content=\"pt_BR\" \/>\n<meta property=\"og:type\" content=\"article\" \/>\n<meta property=\"og:title\" content=\"O pa\u00eds das maravilhas n\u00e3o \u00e9 aqui... - Notibras\" \/>\n<meta property=\"og:description\" content=\"Vivemos em um mundo de faz de conta. O Pa\u00eds das Maravilhas, t\u00e3o magistralmente descrito por Lewis Carrol, o Mundo do Grande Irm\u00e3o, de George Orwell&#8230; Sim, esses autores, entre outros, descreveram nosso mundo exatamente como ele \u00e9, de uma forma l\u00fadica, onde a princ\u00edpio n\u00e3o nos reconhecemos. At\u00e9 que paramos para pensar em tudo [&hellip;]\" \/>\n<meta property=\"og:url\" content=\"https:\/\/www.notibras.com\/site\/o-pais-das-maravilhas-nao-e-aqui\/\" \/>\n<meta property=\"og:site_name\" content=\"Notibras\" \/>\n<meta property=\"article:publisher\" content=\"https:\/\/www.facebook.com\/notibras\/\" \/>\n<meta property=\"article:published_time\" content=\"2026-03-05T05:15:34+00:00\" \/>\n<meta property=\"og:image\" content=\"https:\/\/www.notibras.com\/site\/wp-content\/uploads\/2026\/03\/WhatsApp-Image-2026-03-03-at-22.10.06.jpeg\" \/>\n\t<meta property=\"og:image:width\" content=\"1295\" \/>\n\t<meta property=\"og:image:height\" content=\"768\" \/>\n\t<meta property=\"og:image:type\" content=\"image\/jpeg\" \/>\n<meta name=\"author\" content=\"Eduardo Mart\u00ednez\" \/>\n<meta name=\"twitter:card\" content=\"summary_large_image\" \/>\n<meta name=\"twitter:creator\" content=\"@Notibras\" \/>\n<meta name=\"twitter:site\" content=\"@Notibras\" \/>\n<meta name=\"twitter:label1\" content=\"Escrito por\" \/>\n\t<meta name=\"twitter:data1\" content=\"Eduardo Mart\u00ednez\" \/>\n\t<meta name=\"twitter:label2\" content=\"Est. tempo de leitura\" \/>\n\t<meta name=\"twitter:data2\" content=\"5 minutos\" \/>\n<script type=\"application\/ld+json\" class=\"yoast-schema-graph\">{\"@context\":\"https:\/\/schema.org\",\"@graph\":[{\"@type\":\"Article\",\"@id\":\"https:\/\/www.notibras.com\/site\/o-pais-das-maravilhas-nao-e-aqui\/#article\",\"isPartOf\":{\"@id\":\"https:\/\/www.notibras.com\/site\/o-pais-das-maravilhas-nao-e-aqui\/\"},\"author\":{\"name\":\"Eduardo Mart\u00ednez\",\"@id\":\"https:\/\/www.notibras.com\/site\/#\/schema\/person\/5b7fabf2aedc3ada2105f03b22b4d3dd\"},\"headline\":\"O pa\u00eds das maravilhas n\u00e3o \u00e9 aqui&#8230;\",\"datePublished\":\"2026-03-05T05:15:34+00:00\",\"mainEntityOfPage\":{\"@id\":\"https:\/\/www.notibras.com\/site\/o-pais-das-maravilhas-nao-e-aqui\/\"},\"wordCount\":906,\"publisher\":{\"@id\":\"https:\/\/www.notibras.com\/site\/#organization\"},\"image\":{\"@id\":\"https:\/\/www.notibras.com\/site\/o-pais-das-maravilhas-nao-e-aqui\/#primaryimage\"},\"thumbnailUrl\":\"https:\/\/www.notibras.com\/site\/wp-content\/uploads\/2026\/03\/WhatsApp-Image-2026-03-03-at-22.10.06.jpeg\",\"articleSection\":[\"Ponto de Vista\"],\"inLanguage\":\"pt-BR\"},{\"@type\":\"WebPage\",\"@id\":\"https:\/\/www.notibras.com\/site\/o-pais-das-maravilhas-nao-e-aqui\/\",\"url\":\"https:\/\/www.notibras.com\/site\/o-pais-das-maravilhas-nao-e-aqui\/\",\"name\":\"O pa\u00eds das maravilhas n\u00e3o \u00e9 aqui... - Notibras\",\"isPartOf\":{\"@id\":\"https:\/\/www.notibras.com\/site\/#website\"},\"primaryImageOfPage\":{\"@id\":\"https:\/\/www.notibras.com\/site\/o-pais-das-maravilhas-nao-e-aqui\/#primaryimage\"},\"image\":{\"@id\":\"https:\/\/www.notibras.com\/site\/o-pais-das-maravilhas-nao-e-aqui\/#primaryimage\"},\"thumbnailUrl\":\"https:\/\/www.notibras.com\/site\/wp-content\/uploads\/2026\/03\/WhatsApp-Image-2026-03-03-at-22.10.06.jpeg\",\"datePublished\":\"2026-03-05T05:15:34+00:00\",\"breadcrumb\":{\"@id\":\"https:\/\/www.notibras.com\/site\/o-pais-das-maravilhas-nao-e-aqui\/#breadcrumb\"},\"inLanguage\":\"pt-BR\",\"potentialAction\":[{\"@type\":\"ReadAction\",\"target\":[\"https:\/\/www.notibras.com\/site\/o-pais-das-maravilhas-nao-e-aqui\/\"]}]},{\"@type\":\"ImageObject\",\"inLanguage\":\"pt-BR\",\"@id\":\"https:\/\/www.notibras.com\/site\/o-pais-das-maravilhas-nao-e-aqui\/#primaryimage\",\"url\":\"https:\/\/www.notibras.com\/site\/wp-content\/uploads\/2026\/03\/WhatsApp-Image-2026-03-03-at-22.10.06.jpeg\",\"contentUrl\":\"https:\/\/www.notibras.com\/site\/wp-content\/uploads\/2026\/03\/WhatsApp-Image-2026-03-03-at-22.10.06.jpeg\",\"width\":1295,\"height\":768},{\"@type\":\"BreadcrumbList\",\"@id\":\"https:\/\/www.notibras.com\/site\/o-pais-das-maravilhas-nao-e-aqui\/#breadcrumb\",\"itemListElement\":[{\"@type\":\"ListItem\",\"position\":1,\"name\":\"In\u00edcio\",\"item\":\"https:\/\/www.notibras.com\/site\/\"},{\"@type\":\"ListItem\",\"position\":2,\"name\":\"O pa\u00eds das maravilhas n\u00e3o \u00e9 aqui&#8230;\"}]},{\"@type\":\"WebSite\",\"@id\":\"https:\/\/www.notibras.com\/site\/#website\",\"url\":\"https:\/\/www.notibras.com\/site\/\",\"name\":\"Notibras\",\"description\":\"Not\u00edcias de Bras\u00edlia, do Brasil e do Mundo\",\"publisher\":{\"@id\":\"https:\/\/www.notibras.com\/site\/#organization\"},\"potentialAction\":[{\"@type\":\"SearchAction\",\"target\":{\"@type\":\"EntryPoint\",\"urlTemplate\":\"https:\/\/www.notibras.com\/site\/?s={search_term_string}\"},\"query-input\":{\"@type\":\"PropertyValueSpecification\",\"valueRequired\":true,\"valueName\":\"search_term_string\"}}],\"inLanguage\":\"pt-BR\"},{\"@type\":\"Organization\",\"@id\":\"https:\/\/www.notibras.com\/site\/#organization\",\"name\":\"Grupo Notibras de Comunica\u00e7\u00e3o\",\"url\":\"https:\/\/www.notibras.com\/site\/\",\"logo\":{\"@type\":\"ImageObject\",\"inLanguage\":\"pt-BR\",\"@id\":\"https:\/\/www.notibras.com\/site\/#\/schema\/logo\/image\/\",\"url\":\"https:\/\/www.notibras.com\/site\/wp-content\/uploads\/2023\/01\/notibras23.png\",\"contentUrl\":\"https:\/\/www.notibras.com\/site\/wp-content\/uploads\/2023\/01\/notibras23.png\",\"width\":350,\"height\":87,\"caption\":\"Grupo Notibras de Comunica\u00e7\u00e3o\"},\"image\":{\"@id\":\"https:\/\/www.notibras.com\/site\/#\/schema\/logo\/image\/\"},\"sameAs\":[\"https:\/\/www.facebook.com\/notibras\/\",\"https:\/\/x.com\/Notibras\",\"https:\/\/www.instagram.com\/notibras\/\"]},{\"@type\":\"Person\",\"@id\":\"https:\/\/www.notibras.com\/site\/#\/schema\/person\/5b7fabf2aedc3ada2105f03b22b4d3dd\",\"name\":\"Eduardo Mart\u00ednez\",\"image\":{\"@type\":\"ImageObject\",\"inLanguage\":\"pt-BR\",\"@id\":\"https:\/\/secure.gravatar.com\/avatar\/7902f906289926289cbcda644b5197c796b893c6ffd7b9a536a42d290f7704a0?s=96&d=mm&r=g\",\"url\":\"https:\/\/secure.gravatar.com\/avatar\/7902f906289926289cbcda644b5197c796b893c6ffd7b9a536a42d290f7704a0?s=96&d=mm&r=g\",\"contentUrl\":\"https:\/\/secure.gravatar.com\/avatar\/7902f906289926289cbcda644b5197c796b893c6ffd7b9a536a42d290f7704a0?s=96&d=mm&r=g\",\"caption\":\"Eduardo Mart\u00ednez\"}}]}<\/script>\n<!-- \/ Yoast SEO plugin. -->","yoast_head_json":{"title":"O pa\u00eds das maravilhas n\u00e3o \u00e9 aqui... - Notibras","robots":{"index":"index","follow":"follow","max-snippet":"max-snippet:-1","max-image-preview":"max-image-preview:large","max-video-preview":"max-video-preview:-1"},"canonical":"https:\/\/www.notibras.com\/site\/o-pais-das-maravilhas-nao-e-aqui\/","og_locale":"pt_BR","og_type":"article","og_title":"O pa\u00eds das maravilhas n\u00e3o \u00e9 aqui... - Notibras","og_description":"Vivemos em um mundo de faz de conta. O Pa\u00eds das Maravilhas, t\u00e3o magistralmente descrito por Lewis Carrol, o Mundo do Grande Irm\u00e3o, de George Orwell&#8230; Sim, esses autores, entre outros, descreveram nosso mundo exatamente como ele \u00e9, de uma forma l\u00fadica, onde a princ\u00edpio n\u00e3o nos reconhecemos. At\u00e9 que paramos para pensar em tudo [&hellip;]","og_url":"https:\/\/www.notibras.com\/site\/o-pais-das-maravilhas-nao-e-aqui\/","og_site_name":"Notibras","article_publisher":"https:\/\/www.facebook.com\/notibras\/","article_published_time":"2026-03-05T05:15:34+00:00","og_image":[{"width":1295,"height":768,"url":"https:\/\/www.notibras.com\/site\/wp-content\/uploads\/2026\/03\/WhatsApp-Image-2026-03-03-at-22.10.06.jpeg","type":"image\/jpeg"}],"author":"Eduardo Mart\u00ednez","twitter_card":"summary_large_image","twitter_creator":"@Notibras","twitter_site":"@Notibras","twitter_misc":{"Escrito por":"Eduardo Mart\u00ednez","Est. tempo de leitura":"5 minutos"},"schema":{"@context":"https:\/\/schema.org","@graph":[{"@type":"Article","@id":"https:\/\/www.notibras.com\/site\/o-pais-das-maravilhas-nao-e-aqui\/#article","isPartOf":{"@id":"https:\/\/www.notibras.com\/site\/o-pais-das-maravilhas-nao-e-aqui\/"},"author":{"name":"Eduardo Mart\u00ednez","@id":"https:\/\/www.notibras.com\/site\/#\/schema\/person\/5b7fabf2aedc3ada2105f03b22b4d3dd"},"headline":"O pa\u00eds das maravilhas n\u00e3o \u00e9 aqui&#8230;","datePublished":"2026-03-05T05:15:34+00:00","mainEntityOfPage":{"@id":"https:\/\/www.notibras.com\/site\/o-pais-das-maravilhas-nao-e-aqui\/"},"wordCount":906,"publisher":{"@id":"https:\/\/www.notibras.com\/site\/#organization"},"image":{"@id":"https:\/\/www.notibras.com\/site\/o-pais-das-maravilhas-nao-e-aqui\/#primaryimage"},"thumbnailUrl":"https:\/\/www.notibras.com\/site\/wp-content\/uploads\/2026\/03\/WhatsApp-Image-2026-03-03-at-22.10.06.jpeg","articleSection":["Ponto de Vista"],"inLanguage":"pt-BR"},{"@type":"WebPage","@id":"https:\/\/www.notibras.com\/site\/o-pais-das-maravilhas-nao-e-aqui\/","url":"https:\/\/www.notibras.com\/site\/o-pais-das-maravilhas-nao-e-aqui\/","name":"O pa\u00eds das maravilhas n\u00e3o \u00e9 aqui... - Notibras","isPartOf":{"@id":"https:\/\/www.notibras.com\/site\/#website"},"primaryImageOfPage":{"@id":"https:\/\/www.notibras.com\/site\/o-pais-das-maravilhas-nao-e-aqui\/#primaryimage"},"image":{"@id":"https:\/\/www.notibras.com\/site\/o-pais-das-maravilhas-nao-e-aqui\/#primaryimage"},"thumbnailUrl":"https:\/\/www.notibras.com\/site\/wp-content\/uploads\/2026\/03\/WhatsApp-Image-2026-03-03-at-22.10.06.jpeg","datePublished":"2026-03-05T05:15:34+00:00","breadcrumb":{"@id":"https:\/\/www.notibras.com\/site\/o-pais-das-maravilhas-nao-e-aqui\/#breadcrumb"},"inLanguage":"pt-BR","potentialAction":[{"@type":"ReadAction","target":["https:\/\/www.notibras.com\/site\/o-pais-das-maravilhas-nao-e-aqui\/"]}]},{"@type":"ImageObject","inLanguage":"pt-BR","@id":"https:\/\/www.notibras.com\/site\/o-pais-das-maravilhas-nao-e-aqui\/#primaryimage","url":"https:\/\/www.notibras.com\/site\/wp-content\/uploads\/2026\/03\/WhatsApp-Image-2026-03-03-at-22.10.06.jpeg","contentUrl":"https:\/\/www.notibras.com\/site\/wp-content\/uploads\/2026\/03\/WhatsApp-Image-2026-03-03-at-22.10.06.jpeg","width":1295,"height":768},{"@type":"BreadcrumbList","@id":"https:\/\/www.notibras.com\/site\/o-pais-das-maravilhas-nao-e-aqui\/#breadcrumb","itemListElement":[{"@type":"ListItem","position":1,"name":"In\u00edcio","item":"https:\/\/www.notibras.com\/site\/"},{"@type":"ListItem","position":2,"name":"O pa\u00eds das maravilhas n\u00e3o \u00e9 aqui&#8230;"}]},{"@type":"WebSite","@id":"https:\/\/www.notibras.com\/site\/#website","url":"https:\/\/www.notibras.com\/site\/","name":"Notibras","description":"Not\u00edcias de Bras\u00edlia, do Brasil e do Mundo","publisher":{"@id":"https:\/\/www.notibras.com\/site\/#organization"},"potentialAction":[{"@type":"SearchAction","target":{"@type":"EntryPoint","urlTemplate":"https:\/\/www.notibras.com\/site\/?s={search_term_string}"},"query-input":{"@type":"PropertyValueSpecification","valueRequired":true,"valueName":"search_term_string"}}],"inLanguage":"pt-BR"},{"@type":"Organization","@id":"https:\/\/www.notibras.com\/site\/#organization","name":"Grupo Notibras de Comunica\u00e7\u00e3o","url":"https:\/\/www.notibras.com\/site\/","logo":{"@type":"ImageObject","inLanguage":"pt-BR","@id":"https:\/\/www.notibras.com\/site\/#\/schema\/logo\/image\/","url":"https:\/\/www.notibras.com\/site\/wp-content\/uploads\/2023\/01\/notibras23.png","contentUrl":"https:\/\/www.notibras.com\/site\/wp-content\/uploads\/2023\/01\/notibras23.png","width":350,"height":87,"caption":"Grupo Notibras de Comunica\u00e7\u00e3o"},"image":{"@id":"https:\/\/www.notibras.com\/site\/#\/schema\/logo\/image\/"},"sameAs":["https:\/\/www.facebook.com\/notibras\/","https:\/\/x.com\/Notibras","https:\/\/www.instagram.com\/notibras\/"]},{"@type":"Person","@id":"https:\/\/www.notibras.com\/site\/#\/schema\/person\/5b7fabf2aedc3ada2105f03b22b4d3dd","name":"Eduardo Mart\u00ednez","image":{"@type":"ImageObject","inLanguage":"pt-BR","@id":"https:\/\/secure.gravatar.com\/avatar\/7902f906289926289cbcda644b5197c796b893c6ffd7b9a536a42d290f7704a0?s=96&d=mm&r=g","url":"https:\/\/secure.gravatar.com\/avatar\/7902f906289926289cbcda644b5197c796b893c6ffd7b9a536a42d290f7704a0?s=96&d=mm&r=g","contentUrl":"https:\/\/secure.gravatar.com\/avatar\/7902f906289926289cbcda644b5197c796b893c6ffd7b9a536a42d290f7704a0?s=96&d=mm&r=g","caption":"Eduardo Mart\u00ednez"}}]}},"amp_enabled":true,"_links":{"self":[{"href":"https:\/\/www.notibras.com\/site\/wp-json\/wp\/v2\/posts\/385446","targetHints":{"allow":["GET"]}}],"collection":[{"href":"https:\/\/www.notibras.com\/site\/wp-json\/wp\/v2\/posts"}],"about":[{"href":"https:\/\/www.notibras.com\/site\/wp-json\/wp\/v2\/types\/post"}],"author":[{"embeddable":true,"href":"https:\/\/www.notibras.com\/site\/wp-json\/wp\/v2\/users\/21"}],"replies":[{"embeddable":true,"href":"https:\/\/www.notibras.com\/site\/wp-json\/wp\/v2\/comments?post=385446"}],"version-history":[{"count":2,"href":"https:\/\/www.notibras.com\/site\/wp-json\/wp\/v2\/posts\/385446\/revisions"}],"predecessor-version":[{"id":385449,"href":"https:\/\/www.notibras.com\/site\/wp-json\/wp\/v2\/posts\/385446\/revisions\/385449"}],"wp:featuredmedia":[{"embeddable":true,"href":"https:\/\/www.notibras.com\/site\/wp-json\/wp\/v2\/media\/385447"}],"wp:attachment":[{"href":"https:\/\/www.notibras.com\/site\/wp-json\/wp\/v2\/media?parent=385446"}],"wp:term":[{"taxonomy":"category","embeddable":true,"href":"https:\/\/www.notibras.com\/site\/wp-json\/wp\/v2\/categories?post=385446"},{"taxonomy":"post_tag","embeddable":true,"href":"https:\/\/www.notibras.com\/site\/wp-json\/wp\/v2\/tags?post=385446"}],"curies":[{"name":"wp","href":"https:\/\/api.w.org\/{rel}","templated":true}]}}