{"id":385450,"date":"2026-03-06T02:00:07","date_gmt":"2026-03-06T05:00:07","guid":{"rendered":"https:\/\/www.notibras.com\/site\/?p=385450"},"modified":"2026-03-03T22:27:51","modified_gmt":"2026-03-04T01:27:51","slug":"seria-tao-bom-se-cada-um-cuidasse-so-da-sua-vida","status":"publish","type":"post","link":"https:\/\/www.notibras.com\/site\/seria-tao-bom-se-cada-um-cuidasse-so-da-sua-vida\/","title":{"rendered":"Seria t\u00e3o bom se cada um cuidasse s\u00f3 da sua vida&#8230;"},"content":{"rendered":"<p>As pessoas desejam te salvar. Mesmo que, para isso, tenham que te destruir. Confuso? Nem tanto. Vamos nos lembrar que a Sociedade em geral segue normas n\u00e3o escritas sobre o que \u00e9 e o que n\u00e3o \u00e9 permitido em nossa vida. E somos fiscalizadas a todo segundo por milhares de fiscais, para conferirem se n\u00e3o estamos fugindo das regras tidas como a &#8220;forma correta de viver&#8221;&#8230;<\/p>\n<p>N\u00e3o \u00e9 raro algu\u00e9m dar um &#8220;pitaco&#8221; na vida de outro. Porque, segundo sua vis\u00e3o, a vida que este est\u00e1 levando n\u00e3o condiz com o que se \u00e9 esperado em uma &#8220;Comunidade Ordeira e Feliz&#8221; como a nossa, onde tudo \u00e9 lindo e maravilhoso. S\u00f3 que n\u00e3o&#8230;<\/p>\n<p>Muitas vezes aquela que tenta dar um norte \u00e0 vida alheia tateia no escuro, sem saber que rumo dar \u00e0 sua vida. \u00c9 como se esta, ao tentar interferir na rotina alheia, descobrisse o caminho que a levaria rumo \u00e0 Felicidade, este sentimento t\u00e3o perseguido por todos e quase nunca alcan\u00e7ado&#8230;<\/p>\n<p>Quanto mais sua vida est\u00e1 fora dos eixos, mais rigorosa \u00e9 sua fixa\u00e7\u00e3o pela forma que seu semelhante vive&#8230; tudo aquilo que ele faz \u00e9 conferido&#8230; julgado. Ningu\u00e9m fala diretamente a este que sua vida est\u00e1 fora dos par\u00e2metros aceit\u00e1veis, mas come\u00e7am a fazer uma campanha junto \u00e0queles que convivem ao seu lado, incentivando-os a obrigarem este a mudar de conduta ou ent\u00e3o aguentar as consequ\u00eancias&#8230; se for um casal, o &#8220;destino l\u00f3gico&#8221; \u00e9 a separa\u00e7\u00e3o&#8230;<\/p>\n<p>O mais engra\u00e7ado nisso tudo \u00e9 que as pessoas que fiscalizam, julgam e d\u00e3o sua senten\u00e7a s\u00e3o justamente aquelas que gostariam de estar em seu lugar. Talvez n\u00e3o conscientemente. Mas&#8230; l\u00e1 no fundo de sua alma a inveja pela sua forma de viver vai se cristalizando pouco a pouco, at\u00e9 que procura, de todas as maneiras, destruir aquilo que n\u00e3o pode ter&#8230;<\/p>\n<p>Estou falando de relacionamentos conjugais. Da vida a dois, onde o principal ingrediente para que as duas almas possam percorrer seu caminho juntos seja a camaradagem&#8230; seguir ombro a ombro n\u00e3o \u00e9 t\u00e3o simples quanto parece, visto que cada um tem suas pr\u00f3prias ideias sobre como levar a vida. E nem sempre \u00e9 f\u00e1cil encontrar um denominador comum&#8230;<\/p>\n<p>Por mais que duas pessoas combinem entre si sempre haver\u00e1 algum ponto de discord\u00e2ncia. Um deles \u00e9 quanto \u00e0 sua verdadeira identidade. Para que n\u00e3o haja atritos entre o casal, \u00e9 necess\u00e1rio usar m\u00e1scaras o tempo todo. Mais para a plateia que para os atores&#8230; porque a plateia ir\u00e1 dar seus palpites cobre como a hist\u00f3ria deve prosseguir&#8230;<\/p>\n<p>Existem alguns par\u00e2metros que a massa usa para medir se seus alvos est\u00e3o dentro ou fora do que se \u00e9 esperado. Se n\u00e3o corresponderem \u00e0 vis\u00e3o dos julgadores, estes atacar\u00e3o primeiro o elo mais fraco, tentando minar a confian\u00e7a deste em seu parceiro. N\u00e3o \u00e9 um jogo onde o resultado \u00e9 imediato. Mas&#8230; \u00e1gua mole em pedra dura&#8230;<\/p>\n<p>O ataque vem de todos os lados. Embasados em sentimentos religiosos, necessitam validar a vida alheia. Que em nada afeta a vida que levam. Mas que incomoda, pois ao menos em princ\u00edpio tem algo que lhes falta em sua vida&#8230; a dupla em quest\u00e3o se gosta e segue ombro a ombro, a despeito dos julgamentos do mundo&#8230;<\/p>\n<p>S\u00e3o poucas as duplas que conseguem vencer as dificuldades causadas por aqueles bem-intencionados, que tudo o que desejam \u00e9 que estas vivam de acordo com as regras sociais&#8230; n\u00e3o fazem por mal, eu sei. Mas melhor fariam se cuidassem de sua pr\u00f3pria vida, deixando seus semelhantes viverem em paz&#8230; e, quem sabe, assim o Mundo ficaria mais Iluminado e a Felicidade estaria no meio de todos n\u00f3s, pois finalmente deixar\u00edamos de nos preocupar com a vida alheia, focando em n\u00f3s e nossos entes queridos&#8230; bem, sonhar n\u00e3o custa nada, n\u00e3o \u00e9 mesmo?<\/p>\n","protected":false},"excerpt":{"rendered":"<p>As pessoas desejam te salvar. Mesmo que, para isso, tenham que te destruir. Confuso? Nem tanto. Vamos nos lembrar que a Sociedade em geral segue normas n\u00e3o escritas sobre o que \u00e9 e o que n\u00e3o \u00e9 permitido em nossa vida. E somos fiscalizadas a todo segundo por milhares de fiscais, para conferirem se n\u00e3o [&hellip;]<\/p>\n","protected":false},"author":21,"featured_media":385451,"comment_status":"closed","ping_status":"closed","sticky":false,"template":"","format":"standard","meta":{"_acf_changed":false,"footnotes":""},"categories":[236],"tags":[],"class_list":["post-385450","post","type-post","status-publish","format-standard","has-post-thumbnail","hentry","category-ponto-de-vista"],"acf":[],"yoast_head":"<!-- This site is optimized with the Yoast SEO plugin v27.2 - https:\/\/yoast.com\/product\/yoast-seo-wordpress\/ -->\n<title>Seria t\u00e3o bom se cada um cuidasse s\u00f3 da sua vida... - Notibras<\/title>\n<meta name=\"robots\" content=\"index, follow, max-snippet:-1, max-image-preview:large, max-video-preview:-1\" \/>\n<link rel=\"canonical\" href=\"https:\/\/www.notibras.com\/site\/seria-tao-bom-se-cada-um-cuidasse-so-da-sua-vida\/\" \/>\n<meta property=\"og:locale\" content=\"pt_BR\" \/>\n<meta property=\"og:type\" content=\"article\" \/>\n<meta property=\"og:title\" content=\"Seria t\u00e3o bom se cada um cuidasse s\u00f3 da sua vida... - Notibras\" \/>\n<meta property=\"og:description\" content=\"As pessoas desejam te salvar. Mesmo que, para isso, tenham que te destruir. Confuso? Nem tanto. Vamos nos lembrar que a Sociedade em geral segue normas n\u00e3o escritas sobre o que \u00e9 e o que n\u00e3o \u00e9 permitido em nossa vida. E somos fiscalizadas a todo segundo por milhares de fiscais, para conferirem se n\u00e3o [&hellip;]\" \/>\n<meta property=\"og:url\" content=\"https:\/\/www.notibras.com\/site\/seria-tao-bom-se-cada-um-cuidasse-so-da-sua-vida\/\" \/>\n<meta property=\"og:site_name\" content=\"Notibras\" \/>\n<meta property=\"article:publisher\" content=\"https:\/\/www.facebook.com\/notibras\/\" \/>\n<meta property=\"article:published_time\" content=\"2026-03-06T05:00:07+00:00\" \/>\n<meta property=\"og:image\" content=\"https:\/\/www.notibras.com\/site\/wp-content\/uploads\/2026\/03\/WhatsApp-Image-2026-03-03-at-22.20.20.jpeg\" \/>\n\t<meta property=\"og:image:width\" content=\"1024\" \/>\n\t<meta property=\"og:image:height\" content=\"559\" \/>\n\t<meta property=\"og:image:type\" content=\"image\/jpeg\" \/>\n<meta name=\"author\" content=\"Eduardo Mart\u00ednez\" \/>\n<meta name=\"twitter:card\" content=\"summary_large_image\" \/>\n<meta name=\"twitter:creator\" content=\"@Notibras\" \/>\n<meta name=\"twitter:site\" content=\"@Notibras\" \/>\n<meta name=\"twitter:label1\" content=\"Escrito por\" \/>\n\t<meta name=\"twitter:data1\" content=\"Eduardo Mart\u00ednez\" \/>\n\t<meta name=\"twitter:label2\" content=\"Est. tempo de leitura\" \/>\n\t<meta name=\"twitter:data2\" content=\"4 minutos\" \/>\n<script type=\"application\/ld+json\" class=\"yoast-schema-graph\">{\"@context\":\"https:\/\/schema.org\",\"@graph\":[{\"@type\":\"Article\",\"@id\":\"https:\/\/www.notibras.com\/site\/seria-tao-bom-se-cada-um-cuidasse-so-da-sua-vida\/#article\",\"isPartOf\":{\"@id\":\"https:\/\/www.notibras.com\/site\/seria-tao-bom-se-cada-um-cuidasse-so-da-sua-vida\/\"},\"author\":{\"name\":\"Eduardo Mart\u00ednez\",\"@id\":\"https:\/\/www.notibras.com\/site\/#\/schema\/person\/5b7fabf2aedc3ada2105f03b22b4d3dd\"},\"headline\":\"Seria t\u00e3o bom se cada um cuidasse s\u00f3 da sua vida&#8230;\",\"datePublished\":\"2026-03-06T05:00:07+00:00\",\"mainEntityOfPage\":{\"@id\":\"https:\/\/www.notibras.com\/site\/seria-tao-bom-se-cada-um-cuidasse-so-da-sua-vida\/\"},\"wordCount\":664,\"publisher\":{\"@id\":\"https:\/\/www.notibras.com\/site\/#organization\"},\"image\":{\"@id\":\"https:\/\/www.notibras.com\/site\/seria-tao-bom-se-cada-um-cuidasse-so-da-sua-vida\/#primaryimage\"},\"thumbnailUrl\":\"https:\/\/www.notibras.com\/site\/wp-content\/uploads\/2026\/03\/WhatsApp-Image-2026-03-03-at-22.20.20.jpeg\",\"articleSection\":[\"Ponto de Vista\"],\"inLanguage\":\"pt-BR\"},{\"@type\":\"WebPage\",\"@id\":\"https:\/\/www.notibras.com\/site\/seria-tao-bom-se-cada-um-cuidasse-so-da-sua-vida\/\",\"url\":\"https:\/\/www.notibras.com\/site\/seria-tao-bom-se-cada-um-cuidasse-so-da-sua-vida\/\",\"name\":\"Seria t\u00e3o bom se cada um cuidasse s\u00f3 da sua vida... - Notibras\",\"isPartOf\":{\"@id\":\"https:\/\/www.notibras.com\/site\/#website\"},\"primaryImageOfPage\":{\"@id\":\"https:\/\/www.notibras.com\/site\/seria-tao-bom-se-cada-um-cuidasse-so-da-sua-vida\/#primaryimage\"},\"image\":{\"@id\":\"https:\/\/www.notibras.com\/site\/seria-tao-bom-se-cada-um-cuidasse-so-da-sua-vida\/#primaryimage\"},\"thumbnailUrl\":\"https:\/\/www.notibras.com\/site\/wp-content\/uploads\/2026\/03\/WhatsApp-Image-2026-03-03-at-22.20.20.jpeg\",\"datePublished\":\"2026-03-06T05:00:07+00:00\",\"breadcrumb\":{\"@id\":\"https:\/\/www.notibras.com\/site\/seria-tao-bom-se-cada-um-cuidasse-so-da-sua-vida\/#breadcrumb\"},\"inLanguage\":\"pt-BR\",\"potentialAction\":[{\"@type\":\"ReadAction\",\"target\":[\"https:\/\/www.notibras.com\/site\/seria-tao-bom-se-cada-um-cuidasse-so-da-sua-vida\/\"]}]},{\"@type\":\"ImageObject\",\"inLanguage\":\"pt-BR\",\"@id\":\"https:\/\/www.notibras.com\/site\/seria-tao-bom-se-cada-um-cuidasse-so-da-sua-vida\/#primaryimage\",\"url\":\"https:\/\/www.notibras.com\/site\/wp-content\/uploads\/2026\/03\/WhatsApp-Image-2026-03-03-at-22.20.20.jpeg\",\"contentUrl\":\"https:\/\/www.notibras.com\/site\/wp-content\/uploads\/2026\/03\/WhatsApp-Image-2026-03-03-at-22.20.20.jpeg\",\"width\":1024,\"height\":559},{\"@type\":\"BreadcrumbList\",\"@id\":\"https:\/\/www.notibras.com\/site\/seria-tao-bom-se-cada-um-cuidasse-so-da-sua-vida\/#breadcrumb\",\"itemListElement\":[{\"@type\":\"ListItem\",\"position\":1,\"name\":\"In\u00edcio\",\"item\":\"https:\/\/www.notibras.com\/site\/\"},{\"@type\":\"ListItem\",\"position\":2,\"name\":\"Seria t\u00e3o bom se cada um cuidasse s\u00f3 da sua vida&#8230;\"}]},{\"@type\":\"WebSite\",\"@id\":\"https:\/\/www.notibras.com\/site\/#website\",\"url\":\"https:\/\/www.notibras.com\/site\/\",\"name\":\"Notibras\",\"description\":\"Not\u00edcias de Bras\u00edlia, do Brasil e do Mundo\",\"publisher\":{\"@id\":\"https:\/\/www.notibras.com\/site\/#organization\"},\"potentialAction\":[{\"@type\":\"SearchAction\",\"target\":{\"@type\":\"EntryPoint\",\"urlTemplate\":\"https:\/\/www.notibras.com\/site\/?s={search_term_string}\"},\"query-input\":{\"@type\":\"PropertyValueSpecification\",\"valueRequired\":true,\"valueName\":\"search_term_string\"}}],\"inLanguage\":\"pt-BR\"},{\"@type\":\"Organization\",\"@id\":\"https:\/\/www.notibras.com\/site\/#organization\",\"name\":\"Grupo Notibras de Comunica\u00e7\u00e3o\",\"url\":\"https:\/\/www.notibras.com\/site\/\",\"logo\":{\"@type\":\"ImageObject\",\"inLanguage\":\"pt-BR\",\"@id\":\"https:\/\/www.notibras.com\/site\/#\/schema\/logo\/image\/\",\"url\":\"https:\/\/www.notibras.com\/site\/wp-content\/uploads\/2023\/01\/notibras23.png\",\"contentUrl\":\"https:\/\/www.notibras.com\/site\/wp-content\/uploads\/2023\/01\/notibras23.png\",\"width\":350,\"height\":87,\"caption\":\"Grupo Notibras de Comunica\u00e7\u00e3o\"},\"image\":{\"@id\":\"https:\/\/www.notibras.com\/site\/#\/schema\/logo\/image\/\"},\"sameAs\":[\"https:\/\/www.facebook.com\/notibras\/\",\"https:\/\/x.com\/Notibras\",\"https:\/\/www.instagram.com\/notibras\/\"]},{\"@type\":\"Person\",\"@id\":\"https:\/\/www.notibras.com\/site\/#\/schema\/person\/5b7fabf2aedc3ada2105f03b22b4d3dd\",\"name\":\"Eduardo Mart\u00ednez\",\"image\":{\"@type\":\"ImageObject\",\"inLanguage\":\"pt-BR\",\"@id\":\"https:\/\/secure.gravatar.com\/avatar\/7902f906289926289cbcda644b5197c796b893c6ffd7b9a536a42d290f7704a0?s=96&d=mm&r=g\",\"url\":\"https:\/\/secure.gravatar.com\/avatar\/7902f906289926289cbcda644b5197c796b893c6ffd7b9a536a42d290f7704a0?s=96&d=mm&r=g\",\"contentUrl\":\"https:\/\/secure.gravatar.com\/avatar\/7902f906289926289cbcda644b5197c796b893c6ffd7b9a536a42d290f7704a0?s=96&d=mm&r=g\",\"caption\":\"Eduardo Mart\u00ednez\"}}]}<\/script>\n<!-- \/ Yoast SEO plugin. -->","yoast_head_json":{"title":"Seria t\u00e3o bom se cada um cuidasse s\u00f3 da sua vida... - Notibras","robots":{"index":"index","follow":"follow","max-snippet":"max-snippet:-1","max-image-preview":"max-image-preview:large","max-video-preview":"max-video-preview:-1"},"canonical":"https:\/\/www.notibras.com\/site\/seria-tao-bom-se-cada-um-cuidasse-so-da-sua-vida\/","og_locale":"pt_BR","og_type":"article","og_title":"Seria t\u00e3o bom se cada um cuidasse s\u00f3 da sua vida... - Notibras","og_description":"As pessoas desejam te salvar. Mesmo que, para isso, tenham que te destruir. Confuso? Nem tanto. Vamos nos lembrar que a Sociedade em geral segue normas n\u00e3o escritas sobre o que \u00e9 e o que n\u00e3o \u00e9 permitido em nossa vida. E somos fiscalizadas a todo segundo por milhares de fiscais, para conferirem se n\u00e3o [&hellip;]","og_url":"https:\/\/www.notibras.com\/site\/seria-tao-bom-se-cada-um-cuidasse-so-da-sua-vida\/","og_site_name":"Notibras","article_publisher":"https:\/\/www.facebook.com\/notibras\/","article_published_time":"2026-03-06T05:00:07+00:00","og_image":[{"width":1024,"height":559,"url":"https:\/\/www.notibras.com\/site\/wp-content\/uploads\/2026\/03\/WhatsApp-Image-2026-03-03-at-22.20.20.jpeg","type":"image\/jpeg"}],"author":"Eduardo Mart\u00ednez","twitter_card":"summary_large_image","twitter_creator":"@Notibras","twitter_site":"@Notibras","twitter_misc":{"Escrito por":"Eduardo Mart\u00ednez","Est. tempo de leitura":"4 minutos"},"schema":{"@context":"https:\/\/schema.org","@graph":[{"@type":"Article","@id":"https:\/\/www.notibras.com\/site\/seria-tao-bom-se-cada-um-cuidasse-so-da-sua-vida\/#article","isPartOf":{"@id":"https:\/\/www.notibras.com\/site\/seria-tao-bom-se-cada-um-cuidasse-so-da-sua-vida\/"},"author":{"name":"Eduardo Mart\u00ednez","@id":"https:\/\/www.notibras.com\/site\/#\/schema\/person\/5b7fabf2aedc3ada2105f03b22b4d3dd"},"headline":"Seria t\u00e3o bom se cada um cuidasse s\u00f3 da sua vida&#8230;","datePublished":"2026-03-06T05:00:07+00:00","mainEntityOfPage":{"@id":"https:\/\/www.notibras.com\/site\/seria-tao-bom-se-cada-um-cuidasse-so-da-sua-vida\/"},"wordCount":664,"publisher":{"@id":"https:\/\/www.notibras.com\/site\/#organization"},"image":{"@id":"https:\/\/www.notibras.com\/site\/seria-tao-bom-se-cada-um-cuidasse-so-da-sua-vida\/#primaryimage"},"thumbnailUrl":"https:\/\/www.notibras.com\/site\/wp-content\/uploads\/2026\/03\/WhatsApp-Image-2026-03-03-at-22.20.20.jpeg","articleSection":["Ponto de Vista"],"inLanguage":"pt-BR"},{"@type":"WebPage","@id":"https:\/\/www.notibras.com\/site\/seria-tao-bom-se-cada-um-cuidasse-so-da-sua-vida\/","url":"https:\/\/www.notibras.com\/site\/seria-tao-bom-se-cada-um-cuidasse-so-da-sua-vida\/","name":"Seria t\u00e3o bom se cada um cuidasse s\u00f3 da sua vida... - Notibras","isPartOf":{"@id":"https:\/\/www.notibras.com\/site\/#website"},"primaryImageOfPage":{"@id":"https:\/\/www.notibras.com\/site\/seria-tao-bom-se-cada-um-cuidasse-so-da-sua-vida\/#primaryimage"},"image":{"@id":"https:\/\/www.notibras.com\/site\/seria-tao-bom-se-cada-um-cuidasse-so-da-sua-vida\/#primaryimage"},"thumbnailUrl":"https:\/\/www.notibras.com\/site\/wp-content\/uploads\/2026\/03\/WhatsApp-Image-2026-03-03-at-22.20.20.jpeg","datePublished":"2026-03-06T05:00:07+00:00","breadcrumb":{"@id":"https:\/\/www.notibras.com\/site\/seria-tao-bom-se-cada-um-cuidasse-so-da-sua-vida\/#breadcrumb"},"inLanguage":"pt-BR","potentialAction":[{"@type":"ReadAction","target":["https:\/\/www.notibras.com\/site\/seria-tao-bom-se-cada-um-cuidasse-so-da-sua-vida\/"]}]},{"@type":"ImageObject","inLanguage":"pt-BR","@id":"https:\/\/www.notibras.com\/site\/seria-tao-bom-se-cada-um-cuidasse-so-da-sua-vida\/#primaryimage","url":"https:\/\/www.notibras.com\/site\/wp-content\/uploads\/2026\/03\/WhatsApp-Image-2026-03-03-at-22.20.20.jpeg","contentUrl":"https:\/\/www.notibras.com\/site\/wp-content\/uploads\/2026\/03\/WhatsApp-Image-2026-03-03-at-22.20.20.jpeg","width":1024,"height":559},{"@type":"BreadcrumbList","@id":"https:\/\/www.notibras.com\/site\/seria-tao-bom-se-cada-um-cuidasse-so-da-sua-vida\/#breadcrumb","itemListElement":[{"@type":"ListItem","position":1,"name":"In\u00edcio","item":"https:\/\/www.notibras.com\/site\/"},{"@type":"ListItem","position":2,"name":"Seria t\u00e3o bom se cada um cuidasse s\u00f3 da sua vida&#8230;"}]},{"@type":"WebSite","@id":"https:\/\/www.notibras.com\/site\/#website","url":"https:\/\/www.notibras.com\/site\/","name":"Notibras","description":"Not\u00edcias de Bras\u00edlia, do Brasil e do Mundo","publisher":{"@id":"https:\/\/www.notibras.com\/site\/#organization"},"potentialAction":[{"@type":"SearchAction","target":{"@type":"EntryPoint","urlTemplate":"https:\/\/www.notibras.com\/site\/?s={search_term_string}"},"query-input":{"@type":"PropertyValueSpecification","valueRequired":true,"valueName":"search_term_string"}}],"inLanguage":"pt-BR"},{"@type":"Organization","@id":"https:\/\/www.notibras.com\/site\/#organization","name":"Grupo Notibras de Comunica\u00e7\u00e3o","url":"https:\/\/www.notibras.com\/site\/","logo":{"@type":"ImageObject","inLanguage":"pt-BR","@id":"https:\/\/www.notibras.com\/site\/#\/schema\/logo\/image\/","url":"https:\/\/www.notibras.com\/site\/wp-content\/uploads\/2023\/01\/notibras23.png","contentUrl":"https:\/\/www.notibras.com\/site\/wp-content\/uploads\/2023\/01\/notibras23.png","width":350,"height":87,"caption":"Grupo Notibras de Comunica\u00e7\u00e3o"},"image":{"@id":"https:\/\/www.notibras.com\/site\/#\/schema\/logo\/image\/"},"sameAs":["https:\/\/www.facebook.com\/notibras\/","https:\/\/x.com\/Notibras","https:\/\/www.instagram.com\/notibras\/"]},{"@type":"Person","@id":"https:\/\/www.notibras.com\/site\/#\/schema\/person\/5b7fabf2aedc3ada2105f03b22b4d3dd","name":"Eduardo Mart\u00ednez","image":{"@type":"ImageObject","inLanguage":"pt-BR","@id":"https:\/\/secure.gravatar.com\/avatar\/7902f906289926289cbcda644b5197c796b893c6ffd7b9a536a42d290f7704a0?s=96&d=mm&r=g","url":"https:\/\/secure.gravatar.com\/avatar\/7902f906289926289cbcda644b5197c796b893c6ffd7b9a536a42d290f7704a0?s=96&d=mm&r=g","contentUrl":"https:\/\/secure.gravatar.com\/avatar\/7902f906289926289cbcda644b5197c796b893c6ffd7b9a536a42d290f7704a0?s=96&d=mm&r=g","caption":"Eduardo Mart\u00ednez"}}]}},"amp_enabled":true,"_links":{"self":[{"href":"https:\/\/www.notibras.com\/site\/wp-json\/wp\/v2\/posts\/385450","targetHints":{"allow":["GET"]}}],"collection":[{"href":"https:\/\/www.notibras.com\/site\/wp-json\/wp\/v2\/posts"}],"about":[{"href":"https:\/\/www.notibras.com\/site\/wp-json\/wp\/v2\/types\/post"}],"author":[{"embeddable":true,"href":"https:\/\/www.notibras.com\/site\/wp-json\/wp\/v2\/users\/21"}],"replies":[{"embeddable":true,"href":"https:\/\/www.notibras.com\/site\/wp-json\/wp\/v2\/comments?post=385450"}],"version-history":[{"count":2,"href":"https:\/\/www.notibras.com\/site\/wp-json\/wp\/v2\/posts\/385450\/revisions"}],"predecessor-version":[{"id":385453,"href":"https:\/\/www.notibras.com\/site\/wp-json\/wp\/v2\/posts\/385450\/revisions\/385453"}],"wp:featuredmedia":[{"embeddable":true,"href":"https:\/\/www.notibras.com\/site\/wp-json\/wp\/v2\/media\/385451"}],"wp:attachment":[{"href":"https:\/\/www.notibras.com\/site\/wp-json\/wp\/v2\/media?parent=385450"}],"wp:term":[{"taxonomy":"category","embeddable":true,"href":"https:\/\/www.notibras.com\/site\/wp-json\/wp\/v2\/categories?post=385450"},{"taxonomy":"post_tag","embeddable":true,"href":"https:\/\/www.notibras.com\/site\/wp-json\/wp\/v2\/tags?post=385450"}],"curies":[{"name":"wp","href":"https:\/\/api.w.org\/{rel}","templated":true}]}}