{"id":385454,"date":"2026-03-07T02:15:56","date_gmt":"2026-03-07T05:15:56","guid":{"rendered":"https:\/\/www.notibras.com\/site\/?p=385454"},"modified":"2026-03-03T22:31:23","modified_gmt":"2026-03-04T01:31:23","slug":"imagine","status":"publish","type":"post","link":"https:\/\/www.notibras.com\/site\/imagine\/","title":{"rendered":"Imagine&#8230;"},"content":{"rendered":"<p>Um certo l\u00edder de uma certa pot\u00eancia mundial declarou que, por ter a maior das for\u00e7as armadas do planeta, controla a paz mundial. Suas armas lhe d\u00e3o o poder de manter a paz entre os povos, mesmo que para isso tenha que dar a estes a paz do cemit\u00e9rio&#8230; \u00e9 a mesma Pax Romana, de s\u00e9culos atr\u00e1s, e de outras potencias que se levantaram atrav\u00e9s dos tempo e, como fruta podre que eram, desapareceram na n\u00e9voa dos tempos&#8230;<\/p>\n<p>S\u00e3o lembrados? Sim. Com respeito? Por alguns. Sempre h\u00e1 pessoas que prezam o uso da for\u00e7a em detrimento ao di\u00e1logo. Sentem-se poderosos por dispor de algo que os outros n\u00e3o tem. E se tem, \u00e9 de menor poder ofensivo. E assim, por d\u00e9cadas, essas pessoas que se julgam superpoderosas dominam o mundo ao seu redor com m\u00e3o de ferro, sempre dourando a p\u00edlula para que seus vassalos n\u00e3o se rebelem&#8230;<\/p>\n<p>Mas o que d\u00e1 a esses personagens poder para dominarem popula\u00e7\u00f5es inteiras? Afinal, s\u00e3o seres humanos normais. N\u00e3o tem nenhum superpoder, exceto, \u00e9 claro, a megalomania. Mas isso n\u00e3o a faz imune das viol\u00eancias normais, n\u00e3o \u00e9 mesmo? E no entanto&#8230;<\/p>\n<p>Acredito que o que d\u00e1 a essas pessoas tanto poder \u00e9 algo transcendental. Mas como isso realmente acontece? Bem, vamos l\u00e1&#8230;<\/p>\n<p>O ser humano \u00e9 complexo. N\u00e3o existem duas pessoas iguais na face da Terra. Cada ser \u00e9 \u00fanico, um Universo \u00e0 parte. Cada pessoa tem sua vis\u00e3o particular da vida, e nada&#8230; nada mesmo&#8230; pode explicar porque isso acontece. A maneira de ver o mundo muda de pessoa para pessoa&#8230; por\u00e9m&#8230;<\/p>\n<p>Ao mesmo tempo que vivemos em nosso pr\u00f3prio mundo particular, acabamos por nos agregar a grupos que se formam ao nosso redor. \u00c9 uma forma de prote\u00e7\u00e3o. Se estamos ao lado de pessoas com objetivos semelhantes aos nossos, temos mais chances de alcan\u00e7ar a linha de chegada. Se n\u00e3o como vencedores, pelo menos entre os primeiros&#8230;<\/p>\n<p>Bem, um grupo social \u00e9 formado, como eu disse, por pessoas que seguem uma linha de pensamento semelhante. N\u00e3o seguem o mesmo par\u00e2metro, mas sim as converg\u00eancias que tal grupo possa ter em rela\u00e7\u00e3o \u00e0s pessoas ali reunidas. As ideias s\u00e3o discutidas e acabam chegando a um consenso&#8230;<\/p>\n<p>Ningu\u00e9m se d\u00e1 conta de que um grupo social \u00e9 um ser pensante e ativo. Ele se alimenta da energia despendida por seus seguidores. Ali\u00e1s, estes s\u00e3o o motivo de sua exist\u00eancia&#8230;<\/p>\n<p>Conforme esse grupo vai crescendo, suas ideias tamb\u00e9m v\u00e3o tomando outra dimens\u00e3o. E chega um momento em que o grupo segue suas pr\u00f3prias ideias, independentemente de haver ou n\u00e3o concord\u00e2ncia dos membros como um todo. Haver\u00e1 alguns membros que discordar\u00e3o do caminho tomado, mas ser\u00e3o voz passiva nas decis\u00f5es. Esse grupo simplesmente est\u00e1 vivo e segue suas pr\u00f3prias diretrizes. As pessoas? S\u00e3o meras c\u00e9lulas que comp\u00f5e o corpo desse ser invis\u00edvel que acaba por afetar a vida de todos&#8230;<\/p>\n<p>Mas mesmo esse corpo social ainda n\u00e3o \u00e9 aquele que determina o destino de tudo e de todos. Embora mantenha um certo controle sobre seus membros, ainda ser\u00e1 agregado a um corpo maior, que reza por uma cartilha semelhante \u00e0 sua. E assim, no final das contas, v\u00e1rios grupos acabam se reunindo, formando novos grupos que acabar\u00e3o dando forma a um grupo \u00fanico, o am\u00e1lgama onde uma mente pensante ir\u00e1 ditar o destino de todos. O paradoxo&#8230; nem todos os componentes deste corpo concordam com suas decis\u00f5es, mas ainda assim seguem suas instru\u00e7\u00f5es&#8230;<\/p>\n<p>Por que isso acontece? Porque, l\u00e1 no fundo, as pessoas se projetam nesse l\u00edder que elas escolheram. Afinal, suas ideias s\u00e3o aquelas que a maioria considera certas&#8230; s\u00e3o o caminho que conduz a um mundo onde, a despeito do medo dos outros seres sociais, todos se curvar\u00e3o \u00e0 vontade do ungido. Que representa o povo que o elegeu para tal posto&#8230;<\/p>\n<p>Existe uma forma de mudar tal situa\u00e7\u00e3o? Existe. \u00c9 f\u00e1cil? Nada nessa vida \u00e9 f\u00e1cil. O primeiro passo seria extirpar de nossa forma\u00e7\u00e3o todo tipo de xenofobia. Mas tal n\u00e3o \u00e9 t\u00e3o simples. Porque, inconscientemente, a xenofobia e o preconceito s\u00e3o vistos como mecanismos de defesa pelo indiv\u00edduo. E mesmo que haja puni\u00e7\u00e3o legal para aqueles que praticam um ou outro tipo de exclus\u00e3o social de seu semelhante, \u00e9 dif\u00edcil erradicar da forma\u00e7\u00e3o pessoal tal conceito. Porque essa \u00e9 uma daquelas regras n\u00e3o escritas, mas que todos seguem, mesmo que secretamente&#8230;<\/p>\n<p>Chegar\u00e1 o dia em que todos n\u00f3s conseguiremos caminhar por este mundo sem medo. Onde n\u00e3o seremos presas nem predadores. Um mundo onde apenas o Amor ir\u00e1 imperar. Um mundo onde \u00f3dio, rancor, desaven\u00e7as n\u00e3o ter\u00e1 lugar. Um mundo onde, no lugar de fabricar armas para erradicar a vida, trabalharemos ombro a ombro para que todos tenham em sua mesa uma refei\u00e7\u00e3o decente e um teto onde possam se proteger das intemp\u00e9ries do mundo. Um mundo onde a cobi\u00e7a n\u00e3o impere de forma alguma. Um mundo onde realmente as pessoas se sintam irm\u00e3s e uma ajude a outra em sua caminhada&#8230;<\/p>\n<p>Sim, parece utopia. E talvez seja. Mas, como j\u00e1 disse o Poeta, certa vez&#8230;&#8221;imagine um mundo em que todas as pessoas vivam em paz&#8230; Voc\u00ea pode at\u00e9 dizer que sou um sonhador, mas n\u00e3o sou o \u00fanico. Espero que algum dia voc\u00ea se junte a n\u00f3s&#8230; e ent\u00e3o todos n\u00f3s viveremos como um \u00fanico ser&#8230;&#8221;<\/p>\n","protected":false},"excerpt":{"rendered":"<p>Um certo l\u00edder de uma certa pot\u00eancia mundial declarou que, por ter a maior das for\u00e7as armadas do planeta, controla a paz mundial. Suas armas lhe d\u00e3o o poder de manter a paz entre os povos, mesmo que para isso tenha que dar a estes a paz do cemit\u00e9rio&#8230; \u00e9 a mesma Pax Romana, de [&hellip;]<\/p>\n","protected":false},"author":21,"featured_media":385455,"comment_status":"closed","ping_status":"closed","sticky":false,"template":"","format":"standard","meta":{"_acf_changed":false,"footnotes":""},"categories":[236],"tags":[],"class_list":["post-385454","post","type-post","status-publish","format-standard","has-post-thumbnail","hentry","category-ponto-de-vista"],"acf":[],"yoast_head":"<!-- This site is optimized with the Yoast SEO plugin v27.2 - https:\/\/yoast.com\/product\/yoast-seo-wordpress\/ -->\n<title>Imagine... - Notibras<\/title>\n<meta name=\"robots\" content=\"index, follow, max-snippet:-1, max-image-preview:large, max-video-preview:-1\" \/>\n<link rel=\"canonical\" href=\"https:\/\/www.notibras.com\/site\/imagine\/\" \/>\n<meta property=\"og:locale\" content=\"pt_BR\" \/>\n<meta property=\"og:type\" content=\"article\" \/>\n<meta property=\"og:title\" content=\"Imagine... - Notibras\" \/>\n<meta property=\"og:description\" content=\"Um certo l\u00edder de uma certa pot\u00eancia mundial declarou que, por ter a maior das for\u00e7as armadas do planeta, controla a paz mundial. Suas armas lhe d\u00e3o o poder de manter a paz entre os povos, mesmo que para isso tenha que dar a estes a paz do cemit\u00e9rio&#8230; \u00e9 a mesma Pax Romana, de [&hellip;]\" \/>\n<meta property=\"og:url\" content=\"https:\/\/www.notibras.com\/site\/imagine\/\" \/>\n<meta property=\"og:site_name\" content=\"Notibras\" \/>\n<meta property=\"article:publisher\" content=\"https:\/\/www.facebook.com\/notibras\/\" \/>\n<meta property=\"article:published_time\" content=\"2026-03-07T05:15:56+00:00\" \/>\n<meta property=\"og:image\" content=\"https:\/\/www.notibras.com\/site\/wp-content\/uploads\/2026\/03\/WhatsApp-Image-2026-03-03-at-22.29.07.jpeg\" \/>\n\t<meta property=\"og:image:width\" content=\"1024\" \/>\n\t<meta property=\"og:image:height\" content=\"559\" \/>\n\t<meta property=\"og:image:type\" content=\"image\/jpeg\" \/>\n<meta name=\"author\" content=\"Eduardo Mart\u00ednez\" \/>\n<meta name=\"twitter:card\" content=\"summary_large_image\" \/>\n<meta name=\"twitter:creator\" content=\"@Notibras\" \/>\n<meta name=\"twitter:site\" content=\"@Notibras\" \/>\n<meta name=\"twitter:label1\" content=\"Escrito por\" \/>\n\t<meta name=\"twitter:data1\" content=\"Eduardo Mart\u00ednez\" \/>\n\t<meta name=\"twitter:label2\" content=\"Est. tempo de leitura\" \/>\n\t<meta name=\"twitter:data2\" content=\"6 minutos\" \/>\n<script type=\"application\/ld+json\" class=\"yoast-schema-graph\">{\"@context\":\"https:\/\/schema.org\",\"@graph\":[{\"@type\":\"Article\",\"@id\":\"https:\/\/www.notibras.com\/site\/imagine\/#article\",\"isPartOf\":{\"@id\":\"https:\/\/www.notibras.com\/site\/imagine\/\"},\"author\":{\"name\":\"Eduardo Mart\u00ednez\",\"@id\":\"https:\/\/www.notibras.com\/site\/#\/schema\/person\/5b7fabf2aedc3ada2105f03b22b4d3dd\"},\"headline\":\"Imagine&#8230;\",\"datePublished\":\"2026-03-07T05:15:56+00:00\",\"mainEntityOfPage\":{\"@id\":\"https:\/\/www.notibras.com\/site\/imagine\/\"},\"wordCount\":949,\"publisher\":{\"@id\":\"https:\/\/www.notibras.com\/site\/#organization\"},\"image\":{\"@id\":\"https:\/\/www.notibras.com\/site\/imagine\/#primaryimage\"},\"thumbnailUrl\":\"https:\/\/www.notibras.com\/site\/wp-content\/uploads\/2026\/03\/WhatsApp-Image-2026-03-03-at-22.29.07.jpeg\",\"articleSection\":[\"Ponto de Vista\"],\"inLanguage\":\"pt-BR\"},{\"@type\":\"WebPage\",\"@id\":\"https:\/\/www.notibras.com\/site\/imagine\/\",\"url\":\"https:\/\/www.notibras.com\/site\/imagine\/\",\"name\":\"Imagine... - Notibras\",\"isPartOf\":{\"@id\":\"https:\/\/www.notibras.com\/site\/#website\"},\"primaryImageOfPage\":{\"@id\":\"https:\/\/www.notibras.com\/site\/imagine\/#primaryimage\"},\"image\":{\"@id\":\"https:\/\/www.notibras.com\/site\/imagine\/#primaryimage\"},\"thumbnailUrl\":\"https:\/\/www.notibras.com\/site\/wp-content\/uploads\/2026\/03\/WhatsApp-Image-2026-03-03-at-22.29.07.jpeg\",\"datePublished\":\"2026-03-07T05:15:56+00:00\",\"breadcrumb\":{\"@id\":\"https:\/\/www.notibras.com\/site\/imagine\/#breadcrumb\"},\"inLanguage\":\"pt-BR\",\"potentialAction\":[{\"@type\":\"ReadAction\",\"target\":[\"https:\/\/www.notibras.com\/site\/imagine\/\"]}]},{\"@type\":\"ImageObject\",\"inLanguage\":\"pt-BR\",\"@id\":\"https:\/\/www.notibras.com\/site\/imagine\/#primaryimage\",\"url\":\"https:\/\/www.notibras.com\/site\/wp-content\/uploads\/2026\/03\/WhatsApp-Image-2026-03-03-at-22.29.07.jpeg\",\"contentUrl\":\"https:\/\/www.notibras.com\/site\/wp-content\/uploads\/2026\/03\/WhatsApp-Image-2026-03-03-at-22.29.07.jpeg\",\"width\":1024,\"height\":559},{\"@type\":\"BreadcrumbList\",\"@id\":\"https:\/\/www.notibras.com\/site\/imagine\/#breadcrumb\",\"itemListElement\":[{\"@type\":\"ListItem\",\"position\":1,\"name\":\"In\u00edcio\",\"item\":\"https:\/\/www.notibras.com\/site\/\"},{\"@type\":\"ListItem\",\"position\":2,\"name\":\"Imagine&#8230;\"}]},{\"@type\":\"WebSite\",\"@id\":\"https:\/\/www.notibras.com\/site\/#website\",\"url\":\"https:\/\/www.notibras.com\/site\/\",\"name\":\"Notibras\",\"description\":\"Not\u00edcias de Bras\u00edlia, do Brasil e do Mundo\",\"publisher\":{\"@id\":\"https:\/\/www.notibras.com\/site\/#organization\"},\"potentialAction\":[{\"@type\":\"SearchAction\",\"target\":{\"@type\":\"EntryPoint\",\"urlTemplate\":\"https:\/\/www.notibras.com\/site\/?s={search_term_string}\"},\"query-input\":{\"@type\":\"PropertyValueSpecification\",\"valueRequired\":true,\"valueName\":\"search_term_string\"}}],\"inLanguage\":\"pt-BR\"},{\"@type\":\"Organization\",\"@id\":\"https:\/\/www.notibras.com\/site\/#organization\",\"name\":\"Grupo Notibras de Comunica\u00e7\u00e3o\",\"url\":\"https:\/\/www.notibras.com\/site\/\",\"logo\":{\"@type\":\"ImageObject\",\"inLanguage\":\"pt-BR\",\"@id\":\"https:\/\/www.notibras.com\/site\/#\/schema\/logo\/image\/\",\"url\":\"https:\/\/www.notibras.com\/site\/wp-content\/uploads\/2023\/01\/notibras23.png\",\"contentUrl\":\"https:\/\/www.notibras.com\/site\/wp-content\/uploads\/2023\/01\/notibras23.png\",\"width\":350,\"height\":87,\"caption\":\"Grupo Notibras de Comunica\u00e7\u00e3o\"},\"image\":{\"@id\":\"https:\/\/www.notibras.com\/site\/#\/schema\/logo\/image\/\"},\"sameAs\":[\"https:\/\/www.facebook.com\/notibras\/\",\"https:\/\/x.com\/Notibras\",\"https:\/\/www.instagram.com\/notibras\/\"]},{\"@type\":\"Person\",\"@id\":\"https:\/\/www.notibras.com\/site\/#\/schema\/person\/5b7fabf2aedc3ada2105f03b22b4d3dd\",\"name\":\"Eduardo Mart\u00ednez\",\"image\":{\"@type\":\"ImageObject\",\"inLanguage\":\"pt-BR\",\"@id\":\"https:\/\/secure.gravatar.com\/avatar\/7902f906289926289cbcda644b5197c796b893c6ffd7b9a536a42d290f7704a0?s=96&d=mm&r=g\",\"url\":\"https:\/\/secure.gravatar.com\/avatar\/7902f906289926289cbcda644b5197c796b893c6ffd7b9a536a42d290f7704a0?s=96&d=mm&r=g\",\"contentUrl\":\"https:\/\/secure.gravatar.com\/avatar\/7902f906289926289cbcda644b5197c796b893c6ffd7b9a536a42d290f7704a0?s=96&d=mm&r=g\",\"caption\":\"Eduardo Mart\u00ednez\"}}]}<\/script>\n<!-- \/ Yoast SEO plugin. -->","yoast_head_json":{"title":"Imagine... - Notibras","robots":{"index":"index","follow":"follow","max-snippet":"max-snippet:-1","max-image-preview":"max-image-preview:large","max-video-preview":"max-video-preview:-1"},"canonical":"https:\/\/www.notibras.com\/site\/imagine\/","og_locale":"pt_BR","og_type":"article","og_title":"Imagine... - Notibras","og_description":"Um certo l\u00edder de uma certa pot\u00eancia mundial declarou que, por ter a maior das for\u00e7as armadas do planeta, controla a paz mundial. Suas armas lhe d\u00e3o o poder de manter a paz entre os povos, mesmo que para isso tenha que dar a estes a paz do cemit\u00e9rio&#8230; \u00e9 a mesma Pax Romana, de [&hellip;]","og_url":"https:\/\/www.notibras.com\/site\/imagine\/","og_site_name":"Notibras","article_publisher":"https:\/\/www.facebook.com\/notibras\/","article_published_time":"2026-03-07T05:15:56+00:00","og_image":[{"width":1024,"height":559,"url":"https:\/\/www.notibras.com\/site\/wp-content\/uploads\/2026\/03\/WhatsApp-Image-2026-03-03-at-22.29.07.jpeg","type":"image\/jpeg"}],"author":"Eduardo Mart\u00ednez","twitter_card":"summary_large_image","twitter_creator":"@Notibras","twitter_site":"@Notibras","twitter_misc":{"Escrito por":"Eduardo Mart\u00ednez","Est. tempo de leitura":"6 minutos"},"schema":{"@context":"https:\/\/schema.org","@graph":[{"@type":"Article","@id":"https:\/\/www.notibras.com\/site\/imagine\/#article","isPartOf":{"@id":"https:\/\/www.notibras.com\/site\/imagine\/"},"author":{"name":"Eduardo Mart\u00ednez","@id":"https:\/\/www.notibras.com\/site\/#\/schema\/person\/5b7fabf2aedc3ada2105f03b22b4d3dd"},"headline":"Imagine&#8230;","datePublished":"2026-03-07T05:15:56+00:00","mainEntityOfPage":{"@id":"https:\/\/www.notibras.com\/site\/imagine\/"},"wordCount":949,"publisher":{"@id":"https:\/\/www.notibras.com\/site\/#organization"},"image":{"@id":"https:\/\/www.notibras.com\/site\/imagine\/#primaryimage"},"thumbnailUrl":"https:\/\/www.notibras.com\/site\/wp-content\/uploads\/2026\/03\/WhatsApp-Image-2026-03-03-at-22.29.07.jpeg","articleSection":["Ponto de Vista"],"inLanguage":"pt-BR"},{"@type":"WebPage","@id":"https:\/\/www.notibras.com\/site\/imagine\/","url":"https:\/\/www.notibras.com\/site\/imagine\/","name":"Imagine... - Notibras","isPartOf":{"@id":"https:\/\/www.notibras.com\/site\/#website"},"primaryImageOfPage":{"@id":"https:\/\/www.notibras.com\/site\/imagine\/#primaryimage"},"image":{"@id":"https:\/\/www.notibras.com\/site\/imagine\/#primaryimage"},"thumbnailUrl":"https:\/\/www.notibras.com\/site\/wp-content\/uploads\/2026\/03\/WhatsApp-Image-2026-03-03-at-22.29.07.jpeg","datePublished":"2026-03-07T05:15:56+00:00","breadcrumb":{"@id":"https:\/\/www.notibras.com\/site\/imagine\/#breadcrumb"},"inLanguage":"pt-BR","potentialAction":[{"@type":"ReadAction","target":["https:\/\/www.notibras.com\/site\/imagine\/"]}]},{"@type":"ImageObject","inLanguage":"pt-BR","@id":"https:\/\/www.notibras.com\/site\/imagine\/#primaryimage","url":"https:\/\/www.notibras.com\/site\/wp-content\/uploads\/2026\/03\/WhatsApp-Image-2026-03-03-at-22.29.07.jpeg","contentUrl":"https:\/\/www.notibras.com\/site\/wp-content\/uploads\/2026\/03\/WhatsApp-Image-2026-03-03-at-22.29.07.jpeg","width":1024,"height":559},{"@type":"BreadcrumbList","@id":"https:\/\/www.notibras.com\/site\/imagine\/#breadcrumb","itemListElement":[{"@type":"ListItem","position":1,"name":"In\u00edcio","item":"https:\/\/www.notibras.com\/site\/"},{"@type":"ListItem","position":2,"name":"Imagine&#8230;"}]},{"@type":"WebSite","@id":"https:\/\/www.notibras.com\/site\/#website","url":"https:\/\/www.notibras.com\/site\/","name":"Notibras","description":"Not\u00edcias de Bras\u00edlia, do Brasil e do Mundo","publisher":{"@id":"https:\/\/www.notibras.com\/site\/#organization"},"potentialAction":[{"@type":"SearchAction","target":{"@type":"EntryPoint","urlTemplate":"https:\/\/www.notibras.com\/site\/?s={search_term_string}"},"query-input":{"@type":"PropertyValueSpecification","valueRequired":true,"valueName":"search_term_string"}}],"inLanguage":"pt-BR"},{"@type":"Organization","@id":"https:\/\/www.notibras.com\/site\/#organization","name":"Grupo Notibras de Comunica\u00e7\u00e3o","url":"https:\/\/www.notibras.com\/site\/","logo":{"@type":"ImageObject","inLanguage":"pt-BR","@id":"https:\/\/www.notibras.com\/site\/#\/schema\/logo\/image\/","url":"https:\/\/www.notibras.com\/site\/wp-content\/uploads\/2023\/01\/notibras23.png","contentUrl":"https:\/\/www.notibras.com\/site\/wp-content\/uploads\/2023\/01\/notibras23.png","width":350,"height":87,"caption":"Grupo Notibras de Comunica\u00e7\u00e3o"},"image":{"@id":"https:\/\/www.notibras.com\/site\/#\/schema\/logo\/image\/"},"sameAs":["https:\/\/www.facebook.com\/notibras\/","https:\/\/x.com\/Notibras","https:\/\/www.instagram.com\/notibras\/"]},{"@type":"Person","@id":"https:\/\/www.notibras.com\/site\/#\/schema\/person\/5b7fabf2aedc3ada2105f03b22b4d3dd","name":"Eduardo Mart\u00ednez","image":{"@type":"ImageObject","inLanguage":"pt-BR","@id":"https:\/\/secure.gravatar.com\/avatar\/7902f906289926289cbcda644b5197c796b893c6ffd7b9a536a42d290f7704a0?s=96&d=mm&r=g","url":"https:\/\/secure.gravatar.com\/avatar\/7902f906289926289cbcda644b5197c796b893c6ffd7b9a536a42d290f7704a0?s=96&d=mm&r=g","contentUrl":"https:\/\/secure.gravatar.com\/avatar\/7902f906289926289cbcda644b5197c796b893c6ffd7b9a536a42d290f7704a0?s=96&d=mm&r=g","caption":"Eduardo Mart\u00ednez"}}]}},"amp_enabled":true,"_links":{"self":[{"href":"https:\/\/www.notibras.com\/site\/wp-json\/wp\/v2\/posts\/385454","targetHints":{"allow":["GET"]}}],"collection":[{"href":"https:\/\/www.notibras.com\/site\/wp-json\/wp\/v2\/posts"}],"about":[{"href":"https:\/\/www.notibras.com\/site\/wp-json\/wp\/v2\/types\/post"}],"author":[{"embeddable":true,"href":"https:\/\/www.notibras.com\/site\/wp-json\/wp\/v2\/users\/21"}],"replies":[{"embeddable":true,"href":"https:\/\/www.notibras.com\/site\/wp-json\/wp\/v2\/comments?post=385454"}],"version-history":[{"count":2,"href":"https:\/\/www.notibras.com\/site\/wp-json\/wp\/v2\/posts\/385454\/revisions"}],"predecessor-version":[{"id":385457,"href":"https:\/\/www.notibras.com\/site\/wp-json\/wp\/v2\/posts\/385454\/revisions\/385457"}],"wp:featuredmedia":[{"embeddable":true,"href":"https:\/\/www.notibras.com\/site\/wp-json\/wp\/v2\/media\/385455"}],"wp:attachment":[{"href":"https:\/\/www.notibras.com\/site\/wp-json\/wp\/v2\/media?parent=385454"}],"wp:term":[{"taxonomy":"category","embeddable":true,"href":"https:\/\/www.notibras.com\/site\/wp-json\/wp\/v2\/categories?post=385454"},{"taxonomy":"post_tag","embeddable":true,"href":"https:\/\/www.notibras.com\/site\/wp-json\/wp\/v2\/tags?post=385454"}],"curies":[{"name":"wp","href":"https:\/\/api.w.org\/{rel}","templated":true}]}}