{"id":385461,"date":"2026-03-09T02:15:34","date_gmt":"2026-03-09T05:15:34","guid":{"rendered":"https:\/\/www.notibras.com\/site\/?p=385461"},"modified":"2026-03-03T22:45:51","modified_gmt":"2026-03-04T01:45:51","slug":"um-dia-encontraremos-a-paz-verdadeira","status":"publish","type":"post","link":"https:\/\/www.notibras.com\/site\/um-dia-encontraremos-a-paz-verdadeira\/","title":{"rendered":"Um dia encontraremos a paz verdadeira"},"content":{"rendered":"<p>H\u00e1 algo de obscuro no ser humano. Regras n\u00e3o escritas determinam suas a\u00e7\u00f5es. E nem sempre conseguimos compreender seu real objetivo. No mesmo instante que algu\u00e9m \u00e9 a mais doce das criaturas, pode tornar-se o mais cruel dos algozes de sua pr\u00f3pria esp\u00e9cie&#8230; e n\u00e3o sentir nenhum tipo de sentimento por isso&#8230;<\/p>\n<p>Infelizmente essa marca vem de tempos remotos&#8230; desde que a humanidade iniciou o registro de sua hist\u00f3ria, temos relatos de viol\u00eancia gratuita, sempre embasada em conceitos que em nada modificariam a vida dos agressores, visto que a conduta daqueles que foram vitimados s\u00f3 dizia respeito a estes. Mas, ainda assim&#8230;<\/p>\n<p>N\u00e3o estou falando de tempos de guerra, quando a insanidade grassa sobre a terra. Nos momentos em que Marte caminha por nosso plano junto com seus dois filhos, Fobos e Deimos, a humanidade perde totalmente a raz\u00e3o e passa a fazer oferendas a estes que s\u00e3o os Emiss\u00e1rios da Inomin\u00e1vel&#8230;<\/p>\n<p>N\u00e3o. Se fal\u00e1ssemos da insanidade que \u00e9 um grupo de pessoas levantar-se contra outro, sob os mais variados argumentos, ainda ter\u00edamos um motivo justificado&#8230; n\u00e3o estou dizendo &#8220;justo&#8221;, veja bem&#8230; que explicaria essa contenda fraticida. Sim, pois no final, somos todos irm\u00e3os, n\u00e3o \u00e9 mesmo? Afinal, pertencemos todos \u00e0 mesma ra\u00e7a&#8230;<\/p>\n<p>Estou me referindo nesse momento \u00e0 viol\u00eancia a granel. Aquela que ocorre no dia a dia. Claro que esta n\u00e3o atinge a todos, apenas \u00e0queles que, por um motivo ou por outro, acabam dando o azar de cruzar o caminho de verdadeiras feras travestidas de pessoas&#8230; e o pior&#8230; s\u00e3o as que menos despertam suspeitas do grupo em geral que acabam por apresentar-se como predadoras vorazes&#8230;<\/p>\n<p>Sim, temos v\u00e1rios tipos de controle social, para que tal explos\u00e3o n\u00e3o ocorra&#8230; ao menos, n\u00e3o com tanta frequ\u00eancia. Mas mesmo usando desses artif\u00edcios ainda estamos sujeitas a sofrer com a viol\u00eancia gratuita. Porque, na verdade, toda viol\u00eancia \u00e9 gratuita, de certa forma. Nada justifica um ataque contra outra pessoa. N\u00e3o importa quais motivos alegados&#8230;<\/p>\n<p>Um dos problemas que enfrentamos \u00e9 quando a viol\u00eancia parte de uma institui\u00e7\u00e3o ou de uma pessoa cuja finalidade seria nos defender. E isso, infelizmente, \u00e9 algo mais comum do que poder\u00edamos desejar. N\u00e3o importa qual o tipo de Sociedade ao qual nos referimos, estamos sempre \u00e0 merc\u00ea de alguns lobos em pele de cordeiro&#8230;<\/p>\n<p>O pior nessa hist\u00f3ria \u00e9 que o agente causador de toda essa situa\u00e7\u00e3o n\u00e3o faz por mal. Sim, parece piada. Mas na cabe\u00e7a dessa pessoa suas a\u00e7\u00f5es est\u00e3o dentro da urbanidade. Ela simplesmente age de acordo com as regras sociais que foi incorporando durante seu processo evolucional&#8230;<\/p>\n<p>E a\u00ed ca\u00edmos naquela defini\u00e7\u00e3o que diz exatamente o que somos&#8230; bem, somos ilhas isoladas em um imenso Oceano&#8230; o Oceano da Vida, onde cada um percebe o mundo \u00e0 sua maneira. Onde cada um assimila o conhecimento de uma maneira muito pessoal. Onde cada um usa sua experi\u00eancia de vida para gui\u00e1-lo pelos caminhos que se abrem a sua frente&#8230;<\/p>\n<p>Felizmente as feras disfar\u00e7adas de humanos s\u00e3o uma pequena porcentagem da popula\u00e7\u00e3o. Mas, por serem predadores por natureza, se n\u00e3o forem controlados podem dizimar um grupo inteiro&#8230; isso no varejo&#8230;<\/p>\n<p>A solu\u00e7\u00e3o para mudar esse tipo de coisa? Erradicar de nossa cultura os preconceitos que vem de muito tempo atr\u00e1s&#8230; mas como faz\u00ea-lo, se ao nos deparar com as not\u00edcias do dia a dia somos informadas que muitos grupos sociais se radicalizam, normalizando atitudes preconceituosas sob a desculpa de estarem defendendo sua comunidade? Defendendo exatamente do que? Nem eles sabem&#8230;<\/p>\n<p>Oxal\u00e1 um dia possamos caminhar tranquilamente por esse plano, sem medo de sermos atacadas por estarmos &#8220;ofendendo cidad\u00e3os de bem&#8221; com a nossa presen\u00e7a. Sim, pois para algumas camadas da Sociedade, nossa simples exist\u00eancia \u00e9 um acinte contra a Natureza&#8230;<\/p>\n<p>Sonhar ainda \u00e9 poss\u00edvel. E eu sonho com o dia em que poderemos, realmente, afirmar que vivemos em um Mundo onde a Paz Mundial finalmente foi alcan\u00e7ada. N\u00e3o mais guerras, n\u00e3o mais atos de viol\u00eancia de uns contra os outros&#8230; nesse dia viveremos no Para\u00edso que \u00e9 este plano onde estamos&#8230; pois teremos alcan\u00e7ado a Gl\u00f3ria de iluminar o lado obscuro de nossa alma, e seremos aben\u00e7oados pelo Amor incondicional do Alt\u00edssimo&#8230;<\/p>\n","protected":false},"excerpt":{"rendered":"<p>H\u00e1 algo de obscuro no ser humano. Regras n\u00e3o escritas determinam suas a\u00e7\u00f5es. E nem sempre conseguimos compreender seu real objetivo. No mesmo instante que algu\u00e9m \u00e9 a mais doce das criaturas, pode tornar-se o mais cruel dos algozes de sua pr\u00f3pria esp\u00e9cie&#8230; e n\u00e3o sentir nenhum tipo de sentimento por isso&#8230; Infelizmente essa marca [&hellip;]<\/p>\n","protected":false},"author":21,"featured_media":385462,"comment_status":"closed","ping_status":"closed","sticky":false,"template":"","format":"standard","meta":{"_acf_changed":false,"footnotes":""},"categories":[236],"tags":[],"class_list":["post-385461","post","type-post","status-publish","format-standard","has-post-thumbnail","hentry","category-ponto-de-vista"],"acf":[],"yoast_head":"<!-- This site is optimized with the Yoast SEO plugin v27.2 - https:\/\/yoast.com\/product\/yoast-seo-wordpress\/ -->\n<title>Um dia encontraremos a paz verdadeira - Notibras<\/title>\n<meta name=\"robots\" content=\"index, follow, max-snippet:-1, max-image-preview:large, max-video-preview:-1\" \/>\n<link rel=\"canonical\" href=\"https:\/\/www.notibras.com\/site\/um-dia-encontraremos-a-paz-verdadeira\/\" \/>\n<meta property=\"og:locale\" content=\"pt_BR\" \/>\n<meta property=\"og:type\" content=\"article\" \/>\n<meta property=\"og:title\" content=\"Um dia encontraremos a paz verdadeira - Notibras\" \/>\n<meta property=\"og:description\" content=\"H\u00e1 algo de obscuro no ser humano. Regras n\u00e3o escritas determinam suas a\u00e7\u00f5es. E nem sempre conseguimos compreender seu real objetivo. No mesmo instante que algu\u00e9m \u00e9 a mais doce das criaturas, pode tornar-se o mais cruel dos algozes de sua pr\u00f3pria esp\u00e9cie&#8230; e n\u00e3o sentir nenhum tipo de sentimento por isso&#8230; Infelizmente essa marca [&hellip;]\" \/>\n<meta property=\"og:url\" content=\"https:\/\/www.notibras.com\/site\/um-dia-encontraremos-a-paz-verdadeira\/\" \/>\n<meta property=\"og:site_name\" content=\"Notibras\" \/>\n<meta property=\"article:publisher\" content=\"https:\/\/www.facebook.com\/notibras\/\" \/>\n<meta property=\"article:published_time\" content=\"2026-03-09T05:15:34+00:00\" \/>\n<meta property=\"og:image\" content=\"https:\/\/www.notibras.com\/site\/wp-content\/uploads\/2026\/03\/WhatsApp-Image-2026-03-03-at-22.37.44.jpeg\" \/>\n\t<meta property=\"og:image:width\" content=\"1024\" \/>\n\t<meta property=\"og:image:height\" content=\"559\" \/>\n\t<meta property=\"og:image:type\" content=\"image\/jpeg\" \/>\n<meta name=\"author\" content=\"Eduardo Mart\u00ednez\" \/>\n<meta name=\"twitter:card\" content=\"summary_large_image\" \/>\n<meta name=\"twitter:creator\" content=\"@Notibras\" \/>\n<meta name=\"twitter:site\" content=\"@Notibras\" \/>\n<meta name=\"twitter:label1\" content=\"Escrito por\" \/>\n\t<meta name=\"twitter:data1\" content=\"Eduardo Mart\u00ednez\" \/>\n\t<meta name=\"twitter:label2\" content=\"Est. tempo de leitura\" \/>\n\t<meta name=\"twitter:data2\" content=\"5 minutos\" \/>\n<script type=\"application\/ld+json\" class=\"yoast-schema-graph\">{\"@context\":\"https:\/\/schema.org\",\"@graph\":[{\"@type\":\"Article\",\"@id\":\"https:\/\/www.notibras.com\/site\/um-dia-encontraremos-a-paz-verdadeira\/#article\",\"isPartOf\":{\"@id\":\"https:\/\/www.notibras.com\/site\/um-dia-encontraremos-a-paz-verdadeira\/\"},\"author\":{\"name\":\"Eduardo Mart\u00ednez\",\"@id\":\"https:\/\/www.notibras.com\/site\/#\/schema\/person\/5b7fabf2aedc3ada2105f03b22b4d3dd\"},\"headline\":\"Um dia encontraremos a paz verdadeira\",\"datePublished\":\"2026-03-09T05:15:34+00:00\",\"mainEntityOfPage\":{\"@id\":\"https:\/\/www.notibras.com\/site\/um-dia-encontraremos-a-paz-verdadeira\/\"},\"wordCount\":748,\"publisher\":{\"@id\":\"https:\/\/www.notibras.com\/site\/#organization\"},\"image\":{\"@id\":\"https:\/\/www.notibras.com\/site\/um-dia-encontraremos-a-paz-verdadeira\/#primaryimage\"},\"thumbnailUrl\":\"https:\/\/www.notibras.com\/site\/wp-content\/uploads\/2026\/03\/WhatsApp-Image-2026-03-03-at-22.37.44.jpeg\",\"articleSection\":[\"Ponto de Vista\"],\"inLanguage\":\"pt-BR\"},{\"@type\":\"WebPage\",\"@id\":\"https:\/\/www.notibras.com\/site\/um-dia-encontraremos-a-paz-verdadeira\/\",\"url\":\"https:\/\/www.notibras.com\/site\/um-dia-encontraremos-a-paz-verdadeira\/\",\"name\":\"Um dia encontraremos a paz verdadeira - Notibras\",\"isPartOf\":{\"@id\":\"https:\/\/www.notibras.com\/site\/#website\"},\"primaryImageOfPage\":{\"@id\":\"https:\/\/www.notibras.com\/site\/um-dia-encontraremos-a-paz-verdadeira\/#primaryimage\"},\"image\":{\"@id\":\"https:\/\/www.notibras.com\/site\/um-dia-encontraremos-a-paz-verdadeira\/#primaryimage\"},\"thumbnailUrl\":\"https:\/\/www.notibras.com\/site\/wp-content\/uploads\/2026\/03\/WhatsApp-Image-2026-03-03-at-22.37.44.jpeg\",\"datePublished\":\"2026-03-09T05:15:34+00:00\",\"breadcrumb\":{\"@id\":\"https:\/\/www.notibras.com\/site\/um-dia-encontraremos-a-paz-verdadeira\/#breadcrumb\"},\"inLanguage\":\"pt-BR\",\"potentialAction\":[{\"@type\":\"ReadAction\",\"target\":[\"https:\/\/www.notibras.com\/site\/um-dia-encontraremos-a-paz-verdadeira\/\"]}]},{\"@type\":\"ImageObject\",\"inLanguage\":\"pt-BR\",\"@id\":\"https:\/\/www.notibras.com\/site\/um-dia-encontraremos-a-paz-verdadeira\/#primaryimage\",\"url\":\"https:\/\/www.notibras.com\/site\/wp-content\/uploads\/2026\/03\/WhatsApp-Image-2026-03-03-at-22.37.44.jpeg\",\"contentUrl\":\"https:\/\/www.notibras.com\/site\/wp-content\/uploads\/2026\/03\/WhatsApp-Image-2026-03-03-at-22.37.44.jpeg\",\"width\":1024,\"height\":559},{\"@type\":\"BreadcrumbList\",\"@id\":\"https:\/\/www.notibras.com\/site\/um-dia-encontraremos-a-paz-verdadeira\/#breadcrumb\",\"itemListElement\":[{\"@type\":\"ListItem\",\"position\":1,\"name\":\"In\u00edcio\",\"item\":\"https:\/\/www.notibras.com\/site\/\"},{\"@type\":\"ListItem\",\"position\":2,\"name\":\"Um dia encontraremos a paz verdadeira\"}]},{\"@type\":\"WebSite\",\"@id\":\"https:\/\/www.notibras.com\/site\/#website\",\"url\":\"https:\/\/www.notibras.com\/site\/\",\"name\":\"Notibras\",\"description\":\"Not\u00edcias de Bras\u00edlia, do Brasil e do Mundo\",\"publisher\":{\"@id\":\"https:\/\/www.notibras.com\/site\/#organization\"},\"potentialAction\":[{\"@type\":\"SearchAction\",\"target\":{\"@type\":\"EntryPoint\",\"urlTemplate\":\"https:\/\/www.notibras.com\/site\/?s={search_term_string}\"},\"query-input\":{\"@type\":\"PropertyValueSpecification\",\"valueRequired\":true,\"valueName\":\"search_term_string\"}}],\"inLanguage\":\"pt-BR\"},{\"@type\":\"Organization\",\"@id\":\"https:\/\/www.notibras.com\/site\/#organization\",\"name\":\"Grupo Notibras de Comunica\u00e7\u00e3o\",\"url\":\"https:\/\/www.notibras.com\/site\/\",\"logo\":{\"@type\":\"ImageObject\",\"inLanguage\":\"pt-BR\",\"@id\":\"https:\/\/www.notibras.com\/site\/#\/schema\/logo\/image\/\",\"url\":\"https:\/\/www.notibras.com\/site\/wp-content\/uploads\/2023\/01\/notibras23.png\",\"contentUrl\":\"https:\/\/www.notibras.com\/site\/wp-content\/uploads\/2023\/01\/notibras23.png\",\"width\":350,\"height\":87,\"caption\":\"Grupo Notibras de Comunica\u00e7\u00e3o\"},\"image\":{\"@id\":\"https:\/\/www.notibras.com\/site\/#\/schema\/logo\/image\/\"},\"sameAs\":[\"https:\/\/www.facebook.com\/notibras\/\",\"https:\/\/x.com\/Notibras\",\"https:\/\/www.instagram.com\/notibras\/\"]},{\"@type\":\"Person\",\"@id\":\"https:\/\/www.notibras.com\/site\/#\/schema\/person\/5b7fabf2aedc3ada2105f03b22b4d3dd\",\"name\":\"Eduardo Mart\u00ednez\",\"image\":{\"@type\":\"ImageObject\",\"inLanguage\":\"pt-BR\",\"@id\":\"https:\/\/secure.gravatar.com\/avatar\/7902f906289926289cbcda644b5197c796b893c6ffd7b9a536a42d290f7704a0?s=96&d=mm&r=g\",\"url\":\"https:\/\/secure.gravatar.com\/avatar\/7902f906289926289cbcda644b5197c796b893c6ffd7b9a536a42d290f7704a0?s=96&d=mm&r=g\",\"contentUrl\":\"https:\/\/secure.gravatar.com\/avatar\/7902f906289926289cbcda644b5197c796b893c6ffd7b9a536a42d290f7704a0?s=96&d=mm&r=g\",\"caption\":\"Eduardo Mart\u00ednez\"}}]}<\/script>\n<!-- \/ Yoast SEO plugin. -->","yoast_head_json":{"title":"Um dia encontraremos a paz verdadeira - Notibras","robots":{"index":"index","follow":"follow","max-snippet":"max-snippet:-1","max-image-preview":"max-image-preview:large","max-video-preview":"max-video-preview:-1"},"canonical":"https:\/\/www.notibras.com\/site\/um-dia-encontraremos-a-paz-verdadeira\/","og_locale":"pt_BR","og_type":"article","og_title":"Um dia encontraremos a paz verdadeira - Notibras","og_description":"H\u00e1 algo de obscuro no ser humano. Regras n\u00e3o escritas determinam suas a\u00e7\u00f5es. E nem sempre conseguimos compreender seu real objetivo. No mesmo instante que algu\u00e9m \u00e9 a mais doce das criaturas, pode tornar-se o mais cruel dos algozes de sua pr\u00f3pria esp\u00e9cie&#8230; e n\u00e3o sentir nenhum tipo de sentimento por isso&#8230; Infelizmente essa marca [&hellip;]","og_url":"https:\/\/www.notibras.com\/site\/um-dia-encontraremos-a-paz-verdadeira\/","og_site_name":"Notibras","article_publisher":"https:\/\/www.facebook.com\/notibras\/","article_published_time":"2026-03-09T05:15:34+00:00","og_image":[{"width":1024,"height":559,"url":"https:\/\/www.notibras.com\/site\/wp-content\/uploads\/2026\/03\/WhatsApp-Image-2026-03-03-at-22.37.44.jpeg","type":"image\/jpeg"}],"author":"Eduardo Mart\u00ednez","twitter_card":"summary_large_image","twitter_creator":"@Notibras","twitter_site":"@Notibras","twitter_misc":{"Escrito por":"Eduardo Mart\u00ednez","Est. tempo de leitura":"5 minutos"},"schema":{"@context":"https:\/\/schema.org","@graph":[{"@type":"Article","@id":"https:\/\/www.notibras.com\/site\/um-dia-encontraremos-a-paz-verdadeira\/#article","isPartOf":{"@id":"https:\/\/www.notibras.com\/site\/um-dia-encontraremos-a-paz-verdadeira\/"},"author":{"name":"Eduardo Mart\u00ednez","@id":"https:\/\/www.notibras.com\/site\/#\/schema\/person\/5b7fabf2aedc3ada2105f03b22b4d3dd"},"headline":"Um dia encontraremos a paz verdadeira","datePublished":"2026-03-09T05:15:34+00:00","mainEntityOfPage":{"@id":"https:\/\/www.notibras.com\/site\/um-dia-encontraremos-a-paz-verdadeira\/"},"wordCount":748,"publisher":{"@id":"https:\/\/www.notibras.com\/site\/#organization"},"image":{"@id":"https:\/\/www.notibras.com\/site\/um-dia-encontraremos-a-paz-verdadeira\/#primaryimage"},"thumbnailUrl":"https:\/\/www.notibras.com\/site\/wp-content\/uploads\/2026\/03\/WhatsApp-Image-2026-03-03-at-22.37.44.jpeg","articleSection":["Ponto de Vista"],"inLanguage":"pt-BR"},{"@type":"WebPage","@id":"https:\/\/www.notibras.com\/site\/um-dia-encontraremos-a-paz-verdadeira\/","url":"https:\/\/www.notibras.com\/site\/um-dia-encontraremos-a-paz-verdadeira\/","name":"Um dia encontraremos a paz verdadeira - Notibras","isPartOf":{"@id":"https:\/\/www.notibras.com\/site\/#website"},"primaryImageOfPage":{"@id":"https:\/\/www.notibras.com\/site\/um-dia-encontraremos-a-paz-verdadeira\/#primaryimage"},"image":{"@id":"https:\/\/www.notibras.com\/site\/um-dia-encontraremos-a-paz-verdadeira\/#primaryimage"},"thumbnailUrl":"https:\/\/www.notibras.com\/site\/wp-content\/uploads\/2026\/03\/WhatsApp-Image-2026-03-03-at-22.37.44.jpeg","datePublished":"2026-03-09T05:15:34+00:00","breadcrumb":{"@id":"https:\/\/www.notibras.com\/site\/um-dia-encontraremos-a-paz-verdadeira\/#breadcrumb"},"inLanguage":"pt-BR","potentialAction":[{"@type":"ReadAction","target":["https:\/\/www.notibras.com\/site\/um-dia-encontraremos-a-paz-verdadeira\/"]}]},{"@type":"ImageObject","inLanguage":"pt-BR","@id":"https:\/\/www.notibras.com\/site\/um-dia-encontraremos-a-paz-verdadeira\/#primaryimage","url":"https:\/\/www.notibras.com\/site\/wp-content\/uploads\/2026\/03\/WhatsApp-Image-2026-03-03-at-22.37.44.jpeg","contentUrl":"https:\/\/www.notibras.com\/site\/wp-content\/uploads\/2026\/03\/WhatsApp-Image-2026-03-03-at-22.37.44.jpeg","width":1024,"height":559},{"@type":"BreadcrumbList","@id":"https:\/\/www.notibras.com\/site\/um-dia-encontraremos-a-paz-verdadeira\/#breadcrumb","itemListElement":[{"@type":"ListItem","position":1,"name":"In\u00edcio","item":"https:\/\/www.notibras.com\/site\/"},{"@type":"ListItem","position":2,"name":"Um dia encontraremos a paz verdadeira"}]},{"@type":"WebSite","@id":"https:\/\/www.notibras.com\/site\/#website","url":"https:\/\/www.notibras.com\/site\/","name":"Notibras","description":"Not\u00edcias de Bras\u00edlia, do Brasil e do Mundo","publisher":{"@id":"https:\/\/www.notibras.com\/site\/#organization"},"potentialAction":[{"@type":"SearchAction","target":{"@type":"EntryPoint","urlTemplate":"https:\/\/www.notibras.com\/site\/?s={search_term_string}"},"query-input":{"@type":"PropertyValueSpecification","valueRequired":true,"valueName":"search_term_string"}}],"inLanguage":"pt-BR"},{"@type":"Organization","@id":"https:\/\/www.notibras.com\/site\/#organization","name":"Grupo Notibras de Comunica\u00e7\u00e3o","url":"https:\/\/www.notibras.com\/site\/","logo":{"@type":"ImageObject","inLanguage":"pt-BR","@id":"https:\/\/www.notibras.com\/site\/#\/schema\/logo\/image\/","url":"https:\/\/www.notibras.com\/site\/wp-content\/uploads\/2023\/01\/notibras23.png","contentUrl":"https:\/\/www.notibras.com\/site\/wp-content\/uploads\/2023\/01\/notibras23.png","width":350,"height":87,"caption":"Grupo Notibras de Comunica\u00e7\u00e3o"},"image":{"@id":"https:\/\/www.notibras.com\/site\/#\/schema\/logo\/image\/"},"sameAs":["https:\/\/www.facebook.com\/notibras\/","https:\/\/x.com\/Notibras","https:\/\/www.instagram.com\/notibras\/"]},{"@type":"Person","@id":"https:\/\/www.notibras.com\/site\/#\/schema\/person\/5b7fabf2aedc3ada2105f03b22b4d3dd","name":"Eduardo Mart\u00ednez","image":{"@type":"ImageObject","inLanguage":"pt-BR","@id":"https:\/\/secure.gravatar.com\/avatar\/7902f906289926289cbcda644b5197c796b893c6ffd7b9a536a42d290f7704a0?s=96&d=mm&r=g","url":"https:\/\/secure.gravatar.com\/avatar\/7902f906289926289cbcda644b5197c796b893c6ffd7b9a536a42d290f7704a0?s=96&d=mm&r=g","contentUrl":"https:\/\/secure.gravatar.com\/avatar\/7902f906289926289cbcda644b5197c796b893c6ffd7b9a536a42d290f7704a0?s=96&d=mm&r=g","caption":"Eduardo Mart\u00ednez"}}]}},"amp_enabled":true,"_links":{"self":[{"href":"https:\/\/www.notibras.com\/site\/wp-json\/wp\/v2\/posts\/385461","targetHints":{"allow":["GET"]}}],"collection":[{"href":"https:\/\/www.notibras.com\/site\/wp-json\/wp\/v2\/posts"}],"about":[{"href":"https:\/\/www.notibras.com\/site\/wp-json\/wp\/v2\/types\/post"}],"author":[{"embeddable":true,"href":"https:\/\/www.notibras.com\/site\/wp-json\/wp\/v2\/users\/21"}],"replies":[{"embeddable":true,"href":"https:\/\/www.notibras.com\/site\/wp-json\/wp\/v2\/comments?post=385461"}],"version-history":[{"count":2,"href":"https:\/\/www.notibras.com\/site\/wp-json\/wp\/v2\/posts\/385461\/revisions"}],"predecessor-version":[{"id":385464,"href":"https:\/\/www.notibras.com\/site\/wp-json\/wp\/v2\/posts\/385461\/revisions\/385464"}],"wp:featuredmedia":[{"embeddable":true,"href":"https:\/\/www.notibras.com\/site\/wp-json\/wp\/v2\/media\/385462"}],"wp:attachment":[{"href":"https:\/\/www.notibras.com\/site\/wp-json\/wp\/v2\/media?parent=385461"}],"wp:term":[{"taxonomy":"category","embeddable":true,"href":"https:\/\/www.notibras.com\/site\/wp-json\/wp\/v2\/categories?post=385461"},{"taxonomy":"post_tag","embeddable":true,"href":"https:\/\/www.notibras.com\/site\/wp-json\/wp\/v2\/tags?post=385461"}],"curies":[{"name":"wp","href":"https:\/\/api.w.org\/{rel}","templated":true}]}}