{"id":385465,"date":"2026-03-04T00:30:55","date_gmt":"2026-03-04T03:30:55","guid":{"rendered":"https:\/\/www.notibras.com\/site\/?p=385465"},"modified":"2026-03-03T22:51:40","modified_gmt":"2026-03-04T01:51:40","slug":"atencao-domiciliar-humaniza-assistencia-e-desocupa-leitos","status":"publish","type":"post","link":"https:\/\/www.notibras.com\/site\/atencao-domiciliar-humaniza-assistencia-e-desocupa-leitos\/","title":{"rendered":"Aten\u00e7\u00e3o Domiciliar humaniza assist\u00eancia e desocupa leitos"},"content":{"rendered":"<p>A Secretaria de Sa\u00fade do Distrito Federal (SES-DF) atua em m\u00faltiplos locais, seja nas unidades pr\u00f3prias, seja nas ruas e at\u00e9 na casa do cidad\u00e3o. Prova disso \u00e9 o servi\u00e7o de aten\u00e7\u00e3o domiciliar, uma maneira de oferecer assist\u00eancia humanizada e substituir a interna\u00e7\u00e3o hospitalar de pessoas com doen\u00e7as cr\u00f4nicas. Em 2025, foram realizados 70,5 mil atendimentos domiciliares em toda a capital.<\/p>\n<p>O trabalho de visita\u00e7\u00e3o inclui a\u00e7\u00f5es de preven\u00e7\u00e3o de agravos e promo\u00e7\u00e3o da sa\u00fade, assim como medidas de reabilita\u00e7\u00e3o, tratamento e at\u00e9 cuidados paliativos em ambiente dom\u00e9stico. S\u00e3o eleg\u00edveis para receber aten\u00e7\u00e3o domiciliar os pacientes totalmente acamados e que fa\u00e7am uso de dispositivos de ostomia, ou que possuam \u00falcera por press\u00e3o, as chamadas escaras.<\/p>\n<p>\u201cA aten\u00e7\u00e3o domiciliar existe em todas as regionais do DF e \u00e9 ligada ao programa Melhor em Casa, do Minist\u00e9rio da Sa\u00fade. Com essas a\u00e7\u00f5es, o paciente volta a seu lar e continua recebendo todo o suporte do hospital, s\u00f3 que em casa\u201d, explica a chefe do N\u00facleo Regional de Aten\u00e7\u00e3o Domiciliar da Regi\u00e3o de Sa\u00fade Centro-Sul, Andr\u00e9ia Brasil.<\/p>\n<p>O atendimento domiciliar, segundo a especialista, humaniza o cuidado destinado tanto a pacientes quanto a familiares e cuidadores, evitando reinterna\u00e7\u00f5es e potencializando a aplica\u00e7\u00e3o de recursos da SES-DF.<\/p>\n<p>A equipe do N\u00facleo Regional de Aten\u00e7\u00e3o Domiciliar (Nrad) \u00e9 formada por m\u00e9dicos, enfermeiros, t\u00e9cnicos de enfermagem, psic\u00f3logos, assistentes sociais, nutricionistas, fisioterapeutas e fonoaudi\u00f3logos. \u201cTodos s\u00e3o aliados no plano terap\u00eautico para melhorar o quadro de pacientes cr\u00f4nicos, que de outra forma ficariam longos per\u00edodos internados num leito ou mesmo em uma Unidade de Tratamento Intensivo (UTI)\u201d, assegura a gestora.<\/p>\n<p>O superintendente da Regi\u00e3o de Sa\u00fade Centro-Sul, Ronan Garcia, destaca o trabalho da equipe do Nrad, que atualmente acompanha 118 pacientes da Candangol\u00e2ndia, Estrutural, Guar\u00e1 I, Guar\u00e1 II, Park Way, N\u00facleo Bandeirante, Riacho Fundo, Riacho Fundo II, Setor de Ind\u00fastria e Abastecimento (SIA) e Setor Complementar de Ind\u00fastria e Abastecimento (SCIA).<\/p>\n<p>\u201cO servi\u00e7o prestado por essa equipe \u00e9 essencial para a popula\u00e7\u00e3o. N\u00f3s percebemos que o acolhimento de excel\u00eancia gera efeitos positivos na recupera\u00e7\u00e3o dos pacientes, na menor dura\u00e7\u00e3o das interna\u00e7\u00f5es e no tempo de giro dos leitos\u201d, avalia Garcia.<\/p>\n<p><strong>Atendimento e orienta\u00e7\u00f5es<\/strong><\/p>\n<p>Para Regina Cunha, 54 anos, a vida \u00e9 toda dedicada a cuidar da filha Nicole, 23. Quando tinha nove meses de idade, Nicole passou a sofrer com crises de epilepsia que acarretariam sequelas neurol\u00f3gicas irrevers\u00edveis. A situa\u00e7\u00e3o da filha se agravou h\u00e1 cerca de um ano, quando ela precisou fazer uma gastrostomia \u2014 coloca\u00e7\u00e3o de uma sonda alimentar diretamente no est\u00f4mago \u2014 e passou a receber atendimento domiciliar.<\/p>\n<p>\u201cA equipe do Nrad sempre foi muito importante para mim. Os profissionais vieram e me ensinaram a proceder no dia a dia da Nicole. Eu s\u00f3 tenho a agradecer. Quando eles chegam para examinar a minha filha, fico aliviada\u201d, conta Regina.<\/p>\n<p><strong>Acesso ao servi\u00e7o<\/strong><\/p>\n<p>O acesso a esse tipo de atendimento pode ocorrer de duas formas: durante a interna\u00e7\u00e3o hospitalar ou em acompanhamento na aten\u00e7\u00e3o prim\u00e1ria. No primeiro caso, a equipe assistencial da unidade de sa\u00fade preenche os formul\u00e1rios espec\u00edficos e direciona o paciente ao Nrad correspondente, para avalia\u00e7\u00e3o dos crit\u00e9rios do programa.<\/p>\n<p>J\u00e1 no acompanhamento da aten\u00e7\u00e3o prim\u00e1ria, a pessoa fica em casa sob responsabilidade da equipe da Unidade B\u00e1sica de Sa\u00fade (UBS). Nessa situa\u00e7\u00e3o, o encaminhamento tamb\u00e9m \u00e9 realizado mediante formul\u00e1rios padronizados.<\/p>\n<p>Ap\u00f3s o recebimento da documenta\u00e7\u00e3o, o n\u00facleo faz a avalia\u00e7\u00e3o t\u00e9cnica e, havendo crit\u00e9rios para a admiss\u00e3o, realiza a inclus\u00e3o do paciente no servi\u00e7o, com a elabora\u00e7\u00e3o de um plano terap\u00eautico.<\/p>\n","protected":false},"excerpt":{"rendered":"<p>A Secretaria de Sa\u00fade do Distrito Federal (SES-DF) atua em m\u00faltiplos locais, seja nas unidades pr\u00f3prias, seja nas ruas e at\u00e9 na casa do cidad\u00e3o. Prova disso \u00e9 o servi\u00e7o de aten\u00e7\u00e3o domiciliar, uma maneira de oferecer assist\u00eancia humanizada e substituir a interna\u00e7\u00e3o hospitalar de pessoas com doen\u00e7as cr\u00f4nicas. Em 2025, foram realizados 70,5 mil [&hellip;]<\/p>\n","protected":false},"author":21,"featured_media":385466,"comment_status":"closed","ping_status":"closed","sticky":false,"template":"","format":"standard","meta":{"_acf_changed":false,"footnotes":""},"categories":[161],"tags":[],"class_list":["post-385465","post","type-post","status-publish","format-standard","has-post-thumbnail","hentry","category-quadradinho-em-foco"],"acf":[],"yoast_head":"<!-- This site is optimized with the Yoast SEO plugin v27.2 - https:\/\/yoast.com\/product\/yoast-seo-wordpress\/ -->\n<title>Aten\u00e7\u00e3o Domiciliar humaniza assist\u00eancia e desocupa leitos - Notibras<\/title>\n<meta name=\"robots\" content=\"index, follow, max-snippet:-1, max-image-preview:large, max-video-preview:-1\" \/>\n<link rel=\"canonical\" href=\"https:\/\/www.notibras.com\/site\/atencao-domiciliar-humaniza-assistencia-e-desocupa-leitos\/\" \/>\n<meta property=\"og:locale\" content=\"pt_BR\" \/>\n<meta property=\"og:type\" content=\"article\" \/>\n<meta property=\"og:title\" content=\"Aten\u00e7\u00e3o Domiciliar humaniza assist\u00eancia e desocupa leitos - Notibras\" \/>\n<meta property=\"og:description\" content=\"A Secretaria de Sa\u00fade do Distrito Federal (SES-DF) atua em m\u00faltiplos locais, seja nas unidades pr\u00f3prias, seja nas ruas e at\u00e9 na casa do cidad\u00e3o. Prova disso \u00e9 o servi\u00e7o de aten\u00e7\u00e3o domiciliar, uma maneira de oferecer assist\u00eancia humanizada e substituir a interna\u00e7\u00e3o hospitalar de pessoas com doen\u00e7as cr\u00f4nicas. Em 2025, foram realizados 70,5 mil [&hellip;]\" \/>\n<meta property=\"og:url\" content=\"https:\/\/www.notibras.com\/site\/atencao-domiciliar-humaniza-assistencia-e-desocupa-leitos\/\" \/>\n<meta property=\"og:site_name\" content=\"Notibras\" \/>\n<meta property=\"article:publisher\" content=\"https:\/\/www.facebook.com\/notibras\/\" \/>\n<meta property=\"article:published_time\" content=\"2026-03-04T03:30:55+00:00\" \/>\n<meta property=\"og:image\" content=\"https:\/\/www.notibras.com\/site\/wp-content\/uploads\/2026\/03\/image_paste2334304.jpeg\" \/>\n\t<meta property=\"og:image:width\" content=\"2047\" \/>\n\t<meta property=\"og:image:height\" content=\"1457\" \/>\n\t<meta property=\"og:image:type\" content=\"image\/jpeg\" \/>\n<meta name=\"author\" content=\"Eduardo Mart\u00ednez\" \/>\n<meta name=\"twitter:card\" content=\"summary_large_image\" \/>\n<meta name=\"twitter:creator\" content=\"@Notibras\" \/>\n<meta name=\"twitter:site\" content=\"@Notibras\" \/>\n<meta name=\"twitter:label1\" content=\"Escrito por\" \/>\n\t<meta name=\"twitter:data1\" content=\"Eduardo Mart\u00ednez\" \/>\n\t<meta name=\"twitter:label2\" content=\"Est. tempo de leitura\" \/>\n\t<meta name=\"twitter:data2\" content=\"4 minutos\" \/>\n<script type=\"application\/ld+json\" class=\"yoast-schema-graph\">{\"@context\":\"https:\/\/schema.org\",\"@graph\":[{\"@type\":\"Article\",\"@id\":\"https:\/\/www.notibras.com\/site\/atencao-domiciliar-humaniza-assistencia-e-desocupa-leitos\/#article\",\"isPartOf\":{\"@id\":\"https:\/\/www.notibras.com\/site\/atencao-domiciliar-humaniza-assistencia-e-desocupa-leitos\/\"},\"author\":{\"name\":\"Eduardo Mart\u00ednez\",\"@id\":\"https:\/\/www.notibras.com\/site\/#\/schema\/person\/5b7fabf2aedc3ada2105f03b22b4d3dd\"},\"headline\":\"Aten\u00e7\u00e3o Domiciliar humaniza assist\u00eancia e desocupa leitos\",\"datePublished\":\"2026-03-04T03:30:55+00:00\",\"mainEntityOfPage\":{\"@id\":\"https:\/\/www.notibras.com\/site\/atencao-domiciliar-humaniza-assistencia-e-desocupa-leitos\/\"},\"wordCount\":662,\"publisher\":{\"@id\":\"https:\/\/www.notibras.com\/site\/#organization\"},\"image\":{\"@id\":\"https:\/\/www.notibras.com\/site\/atencao-domiciliar-humaniza-assistencia-e-desocupa-leitos\/#primaryimage\"},\"thumbnailUrl\":\"https:\/\/www.notibras.com\/site\/wp-content\/uploads\/2026\/03\/image_paste2334304.jpeg\",\"articleSection\":[\"Quadradinho em Foco\"],\"inLanguage\":\"pt-BR\"},{\"@type\":\"WebPage\",\"@id\":\"https:\/\/www.notibras.com\/site\/atencao-domiciliar-humaniza-assistencia-e-desocupa-leitos\/\",\"url\":\"https:\/\/www.notibras.com\/site\/atencao-domiciliar-humaniza-assistencia-e-desocupa-leitos\/\",\"name\":\"Aten\u00e7\u00e3o Domiciliar humaniza assist\u00eancia e desocupa leitos - Notibras\",\"isPartOf\":{\"@id\":\"https:\/\/www.notibras.com\/site\/#website\"},\"primaryImageOfPage\":{\"@id\":\"https:\/\/www.notibras.com\/site\/atencao-domiciliar-humaniza-assistencia-e-desocupa-leitos\/#primaryimage\"},\"image\":{\"@id\":\"https:\/\/www.notibras.com\/site\/atencao-domiciliar-humaniza-assistencia-e-desocupa-leitos\/#primaryimage\"},\"thumbnailUrl\":\"https:\/\/www.notibras.com\/site\/wp-content\/uploads\/2026\/03\/image_paste2334304.jpeg\",\"datePublished\":\"2026-03-04T03:30:55+00:00\",\"breadcrumb\":{\"@id\":\"https:\/\/www.notibras.com\/site\/atencao-domiciliar-humaniza-assistencia-e-desocupa-leitos\/#breadcrumb\"},\"inLanguage\":\"pt-BR\",\"potentialAction\":[{\"@type\":\"ReadAction\",\"target\":[\"https:\/\/www.notibras.com\/site\/atencao-domiciliar-humaniza-assistencia-e-desocupa-leitos\/\"]}]},{\"@type\":\"ImageObject\",\"inLanguage\":\"pt-BR\",\"@id\":\"https:\/\/www.notibras.com\/site\/atencao-domiciliar-humaniza-assistencia-e-desocupa-leitos\/#primaryimage\",\"url\":\"https:\/\/www.notibras.com\/site\/wp-content\/uploads\/2026\/03\/image_paste2334304.jpeg\",\"contentUrl\":\"https:\/\/www.notibras.com\/site\/wp-content\/uploads\/2026\/03\/image_paste2334304.jpeg\",\"width\":2047,\"height\":1457},{\"@type\":\"BreadcrumbList\",\"@id\":\"https:\/\/www.notibras.com\/site\/atencao-domiciliar-humaniza-assistencia-e-desocupa-leitos\/#breadcrumb\",\"itemListElement\":[{\"@type\":\"ListItem\",\"position\":1,\"name\":\"In\u00edcio\",\"item\":\"https:\/\/www.notibras.com\/site\/\"},{\"@type\":\"ListItem\",\"position\":2,\"name\":\"Aten\u00e7\u00e3o Domiciliar humaniza assist\u00eancia e desocupa leitos\"}]},{\"@type\":\"WebSite\",\"@id\":\"https:\/\/www.notibras.com\/site\/#website\",\"url\":\"https:\/\/www.notibras.com\/site\/\",\"name\":\"Notibras\",\"description\":\"Not\u00edcias de Bras\u00edlia, do Brasil e do Mundo\",\"publisher\":{\"@id\":\"https:\/\/www.notibras.com\/site\/#organization\"},\"potentialAction\":[{\"@type\":\"SearchAction\",\"target\":{\"@type\":\"EntryPoint\",\"urlTemplate\":\"https:\/\/www.notibras.com\/site\/?s={search_term_string}\"},\"query-input\":{\"@type\":\"PropertyValueSpecification\",\"valueRequired\":true,\"valueName\":\"search_term_string\"}}],\"inLanguage\":\"pt-BR\"},{\"@type\":\"Organization\",\"@id\":\"https:\/\/www.notibras.com\/site\/#organization\",\"name\":\"Grupo Notibras de Comunica\u00e7\u00e3o\",\"url\":\"https:\/\/www.notibras.com\/site\/\",\"logo\":{\"@type\":\"ImageObject\",\"inLanguage\":\"pt-BR\",\"@id\":\"https:\/\/www.notibras.com\/site\/#\/schema\/logo\/image\/\",\"url\":\"https:\/\/www.notibras.com\/site\/wp-content\/uploads\/2023\/01\/notibras23.png\",\"contentUrl\":\"https:\/\/www.notibras.com\/site\/wp-content\/uploads\/2023\/01\/notibras23.png\",\"width\":350,\"height\":87,\"caption\":\"Grupo Notibras de Comunica\u00e7\u00e3o\"},\"image\":{\"@id\":\"https:\/\/www.notibras.com\/site\/#\/schema\/logo\/image\/\"},\"sameAs\":[\"https:\/\/www.facebook.com\/notibras\/\",\"https:\/\/x.com\/Notibras\",\"https:\/\/www.instagram.com\/notibras\/\"]},{\"@type\":\"Person\",\"@id\":\"https:\/\/www.notibras.com\/site\/#\/schema\/person\/5b7fabf2aedc3ada2105f03b22b4d3dd\",\"name\":\"Eduardo Mart\u00ednez\",\"image\":{\"@type\":\"ImageObject\",\"inLanguage\":\"pt-BR\",\"@id\":\"https:\/\/secure.gravatar.com\/avatar\/7902f906289926289cbcda644b5197c796b893c6ffd7b9a536a42d290f7704a0?s=96&d=mm&r=g\",\"url\":\"https:\/\/secure.gravatar.com\/avatar\/7902f906289926289cbcda644b5197c796b893c6ffd7b9a536a42d290f7704a0?s=96&d=mm&r=g\",\"contentUrl\":\"https:\/\/secure.gravatar.com\/avatar\/7902f906289926289cbcda644b5197c796b893c6ffd7b9a536a42d290f7704a0?s=96&d=mm&r=g\",\"caption\":\"Eduardo Mart\u00ednez\"}}]}<\/script>\n<!-- \/ Yoast SEO plugin. -->","yoast_head_json":{"title":"Aten\u00e7\u00e3o Domiciliar humaniza assist\u00eancia e desocupa leitos - Notibras","robots":{"index":"index","follow":"follow","max-snippet":"max-snippet:-1","max-image-preview":"max-image-preview:large","max-video-preview":"max-video-preview:-1"},"canonical":"https:\/\/www.notibras.com\/site\/atencao-domiciliar-humaniza-assistencia-e-desocupa-leitos\/","og_locale":"pt_BR","og_type":"article","og_title":"Aten\u00e7\u00e3o Domiciliar humaniza assist\u00eancia e desocupa leitos - Notibras","og_description":"A Secretaria de Sa\u00fade do Distrito Federal (SES-DF) atua em m\u00faltiplos locais, seja nas unidades pr\u00f3prias, seja nas ruas e at\u00e9 na casa do cidad\u00e3o. Prova disso \u00e9 o servi\u00e7o de aten\u00e7\u00e3o domiciliar, uma maneira de oferecer assist\u00eancia humanizada e substituir a interna\u00e7\u00e3o hospitalar de pessoas com doen\u00e7as cr\u00f4nicas. Em 2025, foram realizados 70,5 mil [&hellip;]","og_url":"https:\/\/www.notibras.com\/site\/atencao-domiciliar-humaniza-assistencia-e-desocupa-leitos\/","og_site_name":"Notibras","article_publisher":"https:\/\/www.facebook.com\/notibras\/","article_published_time":"2026-03-04T03:30:55+00:00","og_image":[{"width":2047,"height":1457,"url":"https:\/\/www.notibras.com\/site\/wp-content\/uploads\/2026\/03\/image_paste2334304.jpeg","type":"image\/jpeg"}],"author":"Eduardo Mart\u00ednez","twitter_card":"summary_large_image","twitter_creator":"@Notibras","twitter_site":"@Notibras","twitter_misc":{"Escrito por":"Eduardo Mart\u00ednez","Est. tempo de leitura":"4 minutos"},"schema":{"@context":"https:\/\/schema.org","@graph":[{"@type":"Article","@id":"https:\/\/www.notibras.com\/site\/atencao-domiciliar-humaniza-assistencia-e-desocupa-leitos\/#article","isPartOf":{"@id":"https:\/\/www.notibras.com\/site\/atencao-domiciliar-humaniza-assistencia-e-desocupa-leitos\/"},"author":{"name":"Eduardo Mart\u00ednez","@id":"https:\/\/www.notibras.com\/site\/#\/schema\/person\/5b7fabf2aedc3ada2105f03b22b4d3dd"},"headline":"Aten\u00e7\u00e3o Domiciliar humaniza assist\u00eancia e desocupa leitos","datePublished":"2026-03-04T03:30:55+00:00","mainEntityOfPage":{"@id":"https:\/\/www.notibras.com\/site\/atencao-domiciliar-humaniza-assistencia-e-desocupa-leitos\/"},"wordCount":662,"publisher":{"@id":"https:\/\/www.notibras.com\/site\/#organization"},"image":{"@id":"https:\/\/www.notibras.com\/site\/atencao-domiciliar-humaniza-assistencia-e-desocupa-leitos\/#primaryimage"},"thumbnailUrl":"https:\/\/www.notibras.com\/site\/wp-content\/uploads\/2026\/03\/image_paste2334304.jpeg","articleSection":["Quadradinho em Foco"],"inLanguage":"pt-BR"},{"@type":"WebPage","@id":"https:\/\/www.notibras.com\/site\/atencao-domiciliar-humaniza-assistencia-e-desocupa-leitos\/","url":"https:\/\/www.notibras.com\/site\/atencao-domiciliar-humaniza-assistencia-e-desocupa-leitos\/","name":"Aten\u00e7\u00e3o Domiciliar humaniza assist\u00eancia e desocupa leitos - Notibras","isPartOf":{"@id":"https:\/\/www.notibras.com\/site\/#website"},"primaryImageOfPage":{"@id":"https:\/\/www.notibras.com\/site\/atencao-domiciliar-humaniza-assistencia-e-desocupa-leitos\/#primaryimage"},"image":{"@id":"https:\/\/www.notibras.com\/site\/atencao-domiciliar-humaniza-assistencia-e-desocupa-leitos\/#primaryimage"},"thumbnailUrl":"https:\/\/www.notibras.com\/site\/wp-content\/uploads\/2026\/03\/image_paste2334304.jpeg","datePublished":"2026-03-04T03:30:55+00:00","breadcrumb":{"@id":"https:\/\/www.notibras.com\/site\/atencao-domiciliar-humaniza-assistencia-e-desocupa-leitos\/#breadcrumb"},"inLanguage":"pt-BR","potentialAction":[{"@type":"ReadAction","target":["https:\/\/www.notibras.com\/site\/atencao-domiciliar-humaniza-assistencia-e-desocupa-leitos\/"]}]},{"@type":"ImageObject","inLanguage":"pt-BR","@id":"https:\/\/www.notibras.com\/site\/atencao-domiciliar-humaniza-assistencia-e-desocupa-leitos\/#primaryimage","url":"https:\/\/www.notibras.com\/site\/wp-content\/uploads\/2026\/03\/image_paste2334304.jpeg","contentUrl":"https:\/\/www.notibras.com\/site\/wp-content\/uploads\/2026\/03\/image_paste2334304.jpeg","width":2047,"height":1457},{"@type":"BreadcrumbList","@id":"https:\/\/www.notibras.com\/site\/atencao-domiciliar-humaniza-assistencia-e-desocupa-leitos\/#breadcrumb","itemListElement":[{"@type":"ListItem","position":1,"name":"In\u00edcio","item":"https:\/\/www.notibras.com\/site\/"},{"@type":"ListItem","position":2,"name":"Aten\u00e7\u00e3o Domiciliar humaniza assist\u00eancia e desocupa leitos"}]},{"@type":"WebSite","@id":"https:\/\/www.notibras.com\/site\/#website","url":"https:\/\/www.notibras.com\/site\/","name":"Notibras","description":"Not\u00edcias de Bras\u00edlia, do Brasil e do Mundo","publisher":{"@id":"https:\/\/www.notibras.com\/site\/#organization"},"potentialAction":[{"@type":"SearchAction","target":{"@type":"EntryPoint","urlTemplate":"https:\/\/www.notibras.com\/site\/?s={search_term_string}"},"query-input":{"@type":"PropertyValueSpecification","valueRequired":true,"valueName":"search_term_string"}}],"inLanguage":"pt-BR"},{"@type":"Organization","@id":"https:\/\/www.notibras.com\/site\/#organization","name":"Grupo Notibras de Comunica\u00e7\u00e3o","url":"https:\/\/www.notibras.com\/site\/","logo":{"@type":"ImageObject","inLanguage":"pt-BR","@id":"https:\/\/www.notibras.com\/site\/#\/schema\/logo\/image\/","url":"https:\/\/www.notibras.com\/site\/wp-content\/uploads\/2023\/01\/notibras23.png","contentUrl":"https:\/\/www.notibras.com\/site\/wp-content\/uploads\/2023\/01\/notibras23.png","width":350,"height":87,"caption":"Grupo Notibras de Comunica\u00e7\u00e3o"},"image":{"@id":"https:\/\/www.notibras.com\/site\/#\/schema\/logo\/image\/"},"sameAs":["https:\/\/www.facebook.com\/notibras\/","https:\/\/x.com\/Notibras","https:\/\/www.instagram.com\/notibras\/"]},{"@type":"Person","@id":"https:\/\/www.notibras.com\/site\/#\/schema\/person\/5b7fabf2aedc3ada2105f03b22b4d3dd","name":"Eduardo Mart\u00ednez","image":{"@type":"ImageObject","inLanguage":"pt-BR","@id":"https:\/\/secure.gravatar.com\/avatar\/7902f906289926289cbcda644b5197c796b893c6ffd7b9a536a42d290f7704a0?s=96&d=mm&r=g","url":"https:\/\/secure.gravatar.com\/avatar\/7902f906289926289cbcda644b5197c796b893c6ffd7b9a536a42d290f7704a0?s=96&d=mm&r=g","contentUrl":"https:\/\/secure.gravatar.com\/avatar\/7902f906289926289cbcda644b5197c796b893c6ffd7b9a536a42d290f7704a0?s=96&d=mm&r=g","caption":"Eduardo Mart\u00ednez"}}]}},"amp_enabled":true,"_links":{"self":[{"href":"https:\/\/www.notibras.com\/site\/wp-json\/wp\/v2\/posts\/385465","targetHints":{"allow":["GET"]}}],"collection":[{"href":"https:\/\/www.notibras.com\/site\/wp-json\/wp\/v2\/posts"}],"about":[{"href":"https:\/\/www.notibras.com\/site\/wp-json\/wp\/v2\/types\/post"}],"author":[{"embeddable":true,"href":"https:\/\/www.notibras.com\/site\/wp-json\/wp\/v2\/users\/21"}],"replies":[{"embeddable":true,"href":"https:\/\/www.notibras.com\/site\/wp-json\/wp\/v2\/comments?post=385465"}],"version-history":[{"count":4,"href":"https:\/\/www.notibras.com\/site\/wp-json\/wp\/v2\/posts\/385465\/revisions"}],"predecessor-version":[{"id":385470,"href":"https:\/\/www.notibras.com\/site\/wp-json\/wp\/v2\/posts\/385465\/revisions\/385470"}],"wp:featuredmedia":[{"embeddable":true,"href":"https:\/\/www.notibras.com\/site\/wp-json\/wp\/v2\/media\/385466"}],"wp:attachment":[{"href":"https:\/\/www.notibras.com\/site\/wp-json\/wp\/v2\/media?parent=385465"}],"wp:term":[{"taxonomy":"category","embeddable":true,"href":"https:\/\/www.notibras.com\/site\/wp-json\/wp\/v2\/categories?post=385465"},{"taxonomy":"post_tag","embeddable":true,"href":"https:\/\/www.notibras.com\/site\/wp-json\/wp\/v2\/tags?post=385465"}],"curies":[{"name":"wp","href":"https:\/\/api.w.org\/{rel}","templated":true}]}}